{"id":9018,"date":"2023-09-05T16:44:06","date_gmt":"2023-09-05T19:44:06","guid":{"rendered":"https:\/\/atlasgeoculturalafricaatual.com\/?p=9018"},"modified":"2023-09-05T17:01:50","modified_gmt":"2023-09-05T20:01:50","slug":"guaratingueta-incrementa-a-africa-em-seu-conteudo-curricular","status":"publish","type":"post","link":"https:\/\/atlasgeoculturalafricaatual.com\/index.php\/2023\/09\/05\/guaratingueta-incrementa-a-africa-em-seu-conteudo-curricular\/","title":{"rendered":"Guaratinguet\u00e1 incrementa a \u00c1frica em seu conte\u00fado curricular"},"content":{"rendered":"\t\t<div data-elementor-type=\"wp-post\" data-elementor-id=\"9018\" class=\"elementor elementor-9018\">\n\t\t\t\t\t\t\t<div class=\"elementor-element elementor-element-d2a665d e-flex e-con-boxed e-con\" data-id=\"d2a665d\" data-element_type=\"container\" data-settings=\"{&quot;content_width&quot;:&quot;boxed&quot;}\">\n\t\t\t\t\t<div class=\"e-con-inner\">\n\t\t\t\t<div class=\"elementor-element elementor-element-b8af4bf elementor-widget elementor-widget-text-editor\" data-id=\"b8af4bf\" data-element_type=\"widget\" data-widget_type=\"text-editor.default\">\n\t\t\t\t<div class=\"elementor-widget-container\">\n\t\t\t<style>\/*! elementor - v3.15.0 - 02-08-2023 *\/\n.elementor-widget-text-editor.elementor-drop-cap-view-stacked .elementor-drop-cap{background-color:#69727d;color:#fff}.elementor-widget-text-editor.elementor-drop-cap-view-framed .elementor-drop-cap{color:#69727d;border:3px solid;background-color:transparent}.elementor-widget-text-editor:not(.elementor-drop-cap-view-default) .elementor-drop-cap{margin-top:8px}.elementor-widget-text-editor:not(.elementor-drop-cap-view-default) .elementor-drop-cap-letter{width:1em;height:1em}.elementor-widget-text-editor .elementor-drop-cap{float:left;text-align:center;line-height:1;font-size:50px}.elementor-widget-text-editor .elementor-drop-cap-letter{display:inline-block}<\/style>\t\t\t\t<p><span style=\"font-weight: 400;\"><img loading=\"lazy\" decoding=\"async\" class=\"size-medium wp-image-9025 alignleft\" src=\"http:\/\/atlasgeoculturalafricaatual.com\/wp-content\/uploads\/2023\/09\/WhatsApp_Image_2023-09-04_at_11.23.11.jpeg-169x300.jpg\" alt=\"\" width=\"169\" height=\"300\" srcset=\"https:\/\/atlasgeoculturalafricaatual.com\/wp-content\/uploads\/2023\/09\/WhatsApp_Image_2023-09-04_at_11.23.11.jpeg-169x300.jpg 169w, https:\/\/atlasgeoculturalafricaatual.com\/wp-content\/uploads\/2023\/09\/WhatsApp_Image_2023-09-04_at_11.23.11.jpeg-576x1024.jpg 576w, https:\/\/atlasgeoculturalafricaatual.com\/wp-content\/uploads\/2023\/09\/WhatsApp_Image_2023-09-04_at_11.23.11.jpeg-768x1365.jpg 768w, https:\/\/atlasgeoculturalafricaatual.com\/wp-content\/uploads\/2023\/09\/WhatsApp_Image_2023-09-04_at_11.23.11.jpeg-864x1536.jpg 864w, https:\/\/atlasgeoculturalafricaatual.com\/wp-content\/uploads\/2023\/09\/WhatsApp_Image_2023-09-04_at_11.23.11.jpeg.jpg 900w\" sizes=\"auto, (max-width: 169px) 100vw, 169px\" \/>Em palestra para professores e coordenadores pedag\u00f3gicos, o Prof. Dr. Odair Marques da Silva enfatizou a riqueza que a amplia\u00e7\u00e3o do repert\u00f3rio cultural sobre o continente africano representa ao cotidiano vivencial dos estudantes. Este encontro realizou-se no Audit\u00f3rio da SME, em agosto\/2023\u00a0\u00a0<\/span><\/p><p><span style=\"font-weight: 400;\">Em depoimento, os presentes explicitaram v\u00e1rios momentos nas escolas que demonstram a amplia\u00e7\u00e3o da qualidade nos processos de ensino-aprendizagem e v\u00e1rias formula\u00e7\u00f5es inovadoras nos seus planos de aula, por onde os docentes perceberam a eleva\u00e7\u00e3o de autoestima e autoconhecimento nos estudantes, al\u00e9m da tend\u00eancia ao adensamento em rela\u00e7\u00e3o \u00e0 curiosidade sobre a hist\u00f3ria da cidade, do Brasil e da humanidade, constatando nas leituras o pertencimento enquanto nova refer\u00eancia \u00e0 perman\u00eancia no ambiente escolar.\u00a0<\/span><\/p><p><span style=\"font-weight: 400;\">Tamb\u00e9m apresentam que \u00e9 uma tem\u00e1tica complexa, pois implica em abordar quest\u00f5es sobre o preconceito e o racismo. Neste sentido, a secretaria de educa\u00e7\u00e3o de Guaratinguet\u00e1 est\u00e1 desenvolvendo um projeto pedag\u00f3gico espec\u00edfico, evoluindo da aplica\u00e7\u00e3o em escolas piloto, para a abrang\u00eancia em toda a rede municipal, como comenta o coordenador de rela\u00e7\u00f5es \u00e9tnico-raciais da rede, Prof. Felipe Nogueira.\u00a0<\/span><\/p><p><span style=\"font-weight: 400;\">H\u00e1 que se registrar nossa gratid\u00e3o \u00e0 Profa Elisabeth Sampaio, Secret\u00e1ria Municipal de Educa\u00e7\u00e3o, e ao Sr. Marcus Soliva, Prefeito Municipal, por proporcionarem t\u00e3o propositivo evento reflexivo sobre esta tem\u00e1tica, sens\u00edvel ao atual cen\u00e1rio internacional. Neste quesito frisa-se registrar a implementa\u00e7\u00e3o no munic\u00edpio da Lei 5338\/2022, que versa sobre o combate ao racismo e ao preconceito racial, doutra iniciativa a realiza\u00e7\u00e3o da 1\u00aa Confer\u00eancia de Educa\u00e7\u00e3o Antirracista, tamb\u00e9m realizada em 2022, tornando o munic\u00edpio um dos pioneiros na modalidade de vincular uma inova\u00e7\u00e3o legislativa nesta tem\u00e1tica aos projetos educacionais da rede municipal. \u00a0 <\/span><\/p>\t\t\t\t\t\t<\/div>\n\t\t\t\t<\/div>\n\t\t\t\t\t<\/div>\n\t\t\t\t<\/div>\n\t\t\t\t\t\t\t<\/div>\n\t\t","protected":false},"excerpt":{"rendered":"<p>Em palestra para professores e coordenadores pedag\u00f3gicos, o Prof. Dr. Odair Marques da Silva enfatizou a riqueza que a amplia\u00e7\u00e3o do repert\u00f3rio cultural sobre o continente africano representa ao cotidiano [&hellip;]<\/p>\n","protected":false},"author":2,"featured_media":9023,"comment_status":"open","ping_status":"open","sticky":false,"template":"elementor_theme","format":"standard","meta":{"content-type":"","footnotes":""},"categories":[1,35],"tags":[],"palavra-chave":[],"class_list":["post-9018","post","type-post","status-publish","format-standard","has-post-thumbnail","hentry","category-blog","category-educacao","entry","has-media"],"aioseo_notices":[],"yoast_head":"<!-- This site is optimized with the Yoast SEO plugin v20.13 - https:\/\/yoast.com\/wordpress\/plugins\/seo\/ -->\n<title>Guaratinguet\u00e1 incrementa a \u00c1frica em seu conte\u00fado curricular - atlasgeoculturalafricaatual.com<\/title>\n<meta name=\"robots\" content=\"index, follow, max-snippet:-1, max-image-preview:large, max-video-preview:-1\" \/>\n<link rel=\"canonical\" href=\"https:\/\/atlasgeoculturalafricaatual.com\/index.php\/2023\/09\/05\/guaratingueta-incrementa-a-africa-em-seu-conteudo-curricular\/\" \/>\n<meta property=\"og:locale\" content=\"pt_BR\" \/>\n<meta property=\"og:type\" content=\"article\" \/>\n<meta property=\"og:title\" content=\"Guaratinguet\u00e1 incrementa a \u00c1frica em seu conte\u00fado curricular - atlasgeoculturalafricaatual.com\" \/>\n<meta property=\"og:description\" content=\"Em palestra para professores e coordenadores pedag\u00f3gicos, o Prof. Dr. Odair Marques da Silva enfatizou a riqueza que a amplia\u00e7\u00e3o do repert\u00f3rio cultural sobre o continente africano representa ao cotidiano [&hellip;]\" \/>\n<meta property=\"og:url\" content=\"https:\/\/atlasgeoculturalafricaatual.com\/index.php\/2023\/09\/05\/guaratingueta-incrementa-a-africa-em-seu-conteudo-curricular\/\" \/>\n<meta property=\"og:site_name\" content=\"atlasgeoculturalafricaatual.com\" \/>\n<meta property=\"article:published_time\" content=\"2023-09-05T19:44:06+00:00\" \/>\n<meta property=\"article:modified_time\" content=\"2023-09-05T20:01:50+00:00\" \/>\n<meta property=\"og:image\" content=\"http:\/\/atlasgeoculturalafricaatual.com\/wp-content\/uploads\/2023\/09\/cardguaratingueta050923.jpg\" \/>\n\t<meta property=\"og:image:width\" content=\"1080\" \/>\n\t<meta property=\"og:image:height\" content=\"1080\" \/>\n\t<meta property=\"og:image:type\" content=\"image\/jpeg\" \/>\n<meta name=\"author\" content=\"Isabel Xavier\" \/>\n<meta name=\"twitter:card\" content=\"summary_large_image\" \/>\n<meta name=\"twitter:label1\" content=\"Escrito por\" \/>\n\t<meta name=\"twitter:data1\" content=\"Isabel Xavier\" \/>\n\t<meta name=\"twitter:label2\" content=\"Est. tempo de leitura\" \/>\n\t<meta name=\"twitter:data2\" content=\"2 minutos\" \/>\n<script type=\"application\/ld+json\" class=\"yoast-schema-graph\">{\"@context\":\"https:\/\/schema.org\",\"@graph\":[{\"@type\":\"Article\",\"@id\":\"https:\/\/atlasgeoculturalafricaatual.com\/index.php\/2023\/09\/05\/guaratingueta-incrementa-a-africa-em-seu-conteudo-curricular\/#article\",\"isPartOf\":{\"@id\":\"https:\/\/atlasgeoculturalafricaatual.com\/index.php\/2023\/09\/05\/guaratingueta-incrementa-a-africa-em-seu-conteudo-curricular\/\"},\"author\":{\"name\":\"Isabel Xavier\",\"@id\":\"https:\/\/atlasgeoculturalafricaatual.com\/#\/schema\/person\/275270ccd0d657af28fbd625ba218b9e\"},\"headline\":\"Guaratinguet\u00e1 incrementa a \u00c1frica em seu conte\u00fado curricular\",\"datePublished\":\"2023-09-05T19:44:06+00:00\",\"dateModified\":\"2023-09-05T20:01:50+00:00\",\"mainEntityOfPage\":{\"@id\":\"https:\/\/atlasgeoculturalafricaatual.com\/index.php\/2023\/09\/05\/guaratingueta-incrementa-a-africa-em-seu-conteudo-curricular\/\"},\"wordCount\":307,\"commentCount\":0,\"publisher\":{\"@id\":\"https:\/\/atlasgeoculturalafricaatual.com\/#organization\"},\"articleSection\":[\"Blog\",\"Educa\u00e7\u00e3o\"],\"inLanguage\":\"pt-BR\",\"potentialAction\":[{\"@type\":\"CommentAction\",\"name\":\"Comment\",\"target\":[\"https:\/\/atlasgeoculturalafricaatual.com\/index.php\/2023\/09\/05\/guaratingueta-incrementa-a-africa-em-seu-conteudo-curricular\/#respond\"]}]},{\"@type\":\"WebPage\",\"@id\":\"https:\/\/atlasgeoculturalafricaatual.com\/index.php\/2023\/09\/05\/guaratingueta-incrementa-a-africa-em-seu-conteudo-curricular\/\",\"url\":\"https:\/\/atlasgeoculturalafricaatual.com\/index.php\/2023\/09\/05\/guaratingueta-incrementa-a-africa-em-seu-conteudo-curricular\/\",\"name\":\"Guaratinguet\u00e1 incrementa a \u00c1frica em seu conte\u00fado curricular - atlasgeoculturalafricaatual.com\",\"isPartOf\":{\"@id\":\"https:\/\/atlasgeoculturalafricaatual.com\/#website\"},\"datePublished\":\"2023-09-05T19:44:06+00:00\",\"dateModified\":\"2023-09-05T20:01:50+00:00\",\"breadcrumb\":{\"@id\":\"https:\/\/atlasgeoculturalafricaatual.com\/index.php\/2023\/09\/05\/guaratingueta-incrementa-a-africa-em-seu-conteudo-curricular\/#breadcrumb\"},\"inLanguage\":\"pt-BR\",\"potentialAction\":[{\"@type\":\"ReadAction\",\"target\":[\"https:\/\/atlasgeoculturalafricaatual.com\/index.php\/2023\/09\/05\/guaratingueta-incrementa-a-africa-em-seu-conteudo-curricular\/\"]}]},{\"@type\":\"BreadcrumbList\",\"@id\":\"https:\/\/atlasgeoculturalafricaatual.com\/index.php\/2023\/09\/05\/guaratingueta-incrementa-a-africa-em-seu-conteudo-curricular\/#breadcrumb\",\"itemListElement\":[{\"@type\":\"ListItem\",\"position\":1,\"name\":\"In\u00edcio\",\"item\":\"https:\/\/atlasgeoculturalafricaatual.com\/\"},{\"@type\":\"ListItem\",\"position\":2,\"name\":\"Guaratinguet\u00e1 incrementa a \u00c1frica em seu conte\u00fado curricular\"}]},{\"@type\":\"WebSite\",\"@id\":\"https:\/\/atlasgeoculturalafricaatual.com\/#website\",\"url\":\"https:\/\/atlasgeoculturalafricaatual.com\/\",\"name\":\"atlasgeoculturalafricaatual.com\",\"description\":\"O Atlas Geocultural da \u00c1frica \u00e9 um rico material de leitura e pesquisa, que visa apresentar de forma atual os pa\u00edses africanos, ainda t\u00e3o pouco conhecidos.\",\"publisher\":{\"@id\":\"https:\/\/atlasgeoculturalafricaatual.com\/#organization\"},\"potentialAction\":[{\"@type\":\"SearchAction\",\"target\":{\"@type\":\"EntryPoint\",\"urlTemplate\":\"https:\/\/atlasgeoculturalafricaatual.com\/?s={search_term_string}\"},\"query-input\":\"required name=search_term_string\"}],\"inLanguage\":\"pt-BR\"},{\"@type\":\"Organization\",\"@id\":\"https:\/\/atlasgeoculturalafricaatual.com\/#organization\",\"name\":\"atlasgeoculturalafricaatual.com\",\"url\":\"https:\/\/atlasgeoculturalafricaatual.com\/\",\"logo\":{\"@type\":\"ImageObject\",\"inLanguage\":\"pt-BR\",\"@id\":\"https:\/\/atlasgeoculturalafricaatual.com\/#\/schema\/logo\/image\/\",\"url\":\"http:\/\/atlasgeoculturalafricaatual.com\/wp-content\/uploads\/2023\/06\/LOGOEIROS_Prancheta-1-tipo-preto.png\",\"contentUrl\":\"http:\/\/atlasgeoculturalafricaatual.com\/wp-content\/uploads\/2023\/06\/LOGOEIROS_Prancheta-1-tipo-preto.png\",\"width\":1667,\"height\":730,\"caption\":\"atlasgeoculturalafricaatual.com\"},\"image\":{\"@id\":\"https:\/\/atlasgeoculturalafricaatual.com\/#\/schema\/logo\/image\/\"}},{\"@type\":\"Person\",\"@id\":\"https:\/\/atlasgeoculturalafricaatual.com\/#\/schema\/person\/275270ccd0d657af28fbd625ba218b9e\",\"name\":\"Isabel Xavier\",\"image\":{\"@type\":\"ImageObject\",\"inLanguage\":\"pt-BR\",\"@id\":\"https:\/\/atlasgeoculturalafricaatual.com\/#\/schema\/person\/image\/\",\"url\":\"https:\/\/secure.gravatar.com\/avatar\/bad8abf40bea9333cf7c49e239456bd9?s=96&d=mm&r=g\",\"contentUrl\":\"https:\/\/secure.gravatar.com\/avatar\/bad8abf40bea9333cf7c49e239456bd9?s=96&d=mm&r=g\",\"caption\":\"Isabel Xavier\"},\"url\":\"https:\/\/atlasgeoculturalafricaatual.com\/index.php\/author\/webdesign-yta\/\"}]}<\/script>\n<!-- \/ Yoast SEO plugin. -->","yoast_head_json":{"title":"Guaratinguet\u00e1 incrementa a \u00c1frica em seu conte\u00fado curricular - atlasgeoculturalafricaatual.com","robots":{"index":"index","follow":"follow","max-snippet":"max-snippet:-1","max-image-preview":"max-image-preview:large","max-video-preview":"max-video-preview:-1"},"canonical":"https:\/\/atlasgeoculturalafricaatual.com\/index.php\/2023\/09\/05\/guaratingueta-incrementa-a-africa-em-seu-conteudo-curricular\/","og_locale":"pt_BR","og_type":"article","og_title":"Guaratinguet\u00e1 incrementa a \u00c1frica em seu conte\u00fado curricular - atlasgeoculturalafricaatual.com","og_description":"Em palestra para professores e coordenadores pedag\u00f3gicos, o Prof. Dr. Odair Marques da Silva enfatizou a riqueza que a amplia\u00e7\u00e3o do repert\u00f3rio cultural sobre o continente africano representa ao cotidiano [&hellip;]","og_url":"https:\/\/atlasgeoculturalafricaatual.com\/index.php\/2023\/09\/05\/guaratingueta-incrementa-a-africa-em-seu-conteudo-curricular\/","og_site_name":"atlasgeoculturalafricaatual.com","article_published_time":"2023-09-05T19:44:06+00:00","article_modified_time":"2023-09-05T20:01:50+00:00","og_image":[{"width":1080,"height":1080,"url":"http:\/\/atlasgeoculturalafricaatual.com\/wp-content\/uploads\/2023\/09\/cardguaratingueta050923.jpg","type":"image\/jpeg"}],"author":"Isabel Xavier","twitter_card":"summary_large_image","twitter_misc":{"Escrito por":"Isabel Xavier","Est. tempo de leitura":"2 minutos"},"schema":{"@context":"https:\/\/schema.org","@graph":[{"@type":"Article","@id":"https:\/\/atlasgeoculturalafricaatual.com\/index.php\/2023\/09\/05\/guaratingueta-incrementa-a-africa-em-seu-conteudo-curricular\/#article","isPartOf":{"@id":"https:\/\/atlasgeoculturalafricaatual.com\/index.php\/2023\/09\/05\/guaratingueta-incrementa-a-africa-em-seu-conteudo-curricular\/"},"author":{"name":"Isabel Xavier","@id":"https:\/\/atlasgeoculturalafricaatual.com\/#\/schema\/person\/275270ccd0d657af28fbd625ba218b9e"},"headline":"Guaratinguet\u00e1 incrementa a \u00c1frica em seu conte\u00fado curricular","datePublished":"2023-09-05T19:44:06+00:00","dateModified":"2023-09-05T20:01:50+00:00","mainEntityOfPage":{"@id":"https:\/\/atlasgeoculturalafricaatual.com\/index.php\/2023\/09\/05\/guaratingueta-incrementa-a-africa-em-seu-conteudo-curricular\/"},"wordCount":307,"commentCount":0,"publisher":{"@id":"https:\/\/atlasgeoculturalafricaatual.com\/#organization"},"articleSection":["Blog","Educa\u00e7\u00e3o"],"inLanguage":"pt-BR","potentialAction":[{"@type":"CommentAction","name":"Comment","target":["https:\/\/atlasgeoculturalafricaatual.com\/index.php\/2023\/09\/05\/guaratingueta-incrementa-a-africa-em-seu-conteudo-curricular\/#respond"]}]},{"@type":"WebPage","@id":"https:\/\/atlasgeoculturalafricaatual.com\/index.php\/2023\/09\/05\/guaratingueta-incrementa-a-africa-em-seu-conteudo-curricular\/","url":"https:\/\/atlasgeoculturalafricaatual.com\/index.php\/2023\/09\/05\/guaratingueta-incrementa-a-africa-em-seu-conteudo-curricular\/","name":"Guaratinguet\u00e1 incrementa a \u00c1frica em seu conte\u00fado curricular - atlasgeoculturalafricaatual.com","isPartOf":{"@id":"https:\/\/atlasgeoculturalafricaatual.com\/#website"},"datePublished":"2023-09-05T19:44:06+00:00","dateModified":"2023-09-05T20:01:50+00:00","breadcrumb":{"@id":"https:\/\/atlasgeoculturalafricaatual.com\/index.php\/2023\/09\/05\/guaratingueta-incrementa-a-africa-em-seu-conteudo-curricular\/#breadcrumb"},"inLanguage":"pt-BR","potentialAction":[{"@type":"ReadAction","target":["https:\/\/atlasgeoculturalafricaatual.com\/index.php\/2023\/09\/05\/guaratingueta-incrementa-a-africa-em-seu-conteudo-curricular\/"]}]},{"@type":"BreadcrumbList","@id":"https:\/\/atlasgeoculturalafricaatual.com\/index.php\/2023\/09\/05\/guaratingueta-incrementa-a-africa-em-seu-conteudo-curricular\/#breadcrumb","itemListElement":[{"@type":"ListItem","position":1,"name":"In\u00edcio","item":"https:\/\/atlasgeoculturalafricaatual.com\/"},{"@type":"ListItem","position":2,"name":"Guaratinguet\u00e1 incrementa a \u00c1frica em seu conte\u00fado curricular"}]},{"@type":"WebSite","@id":"https:\/\/atlasgeoculturalafricaatual.com\/#website","url":"https:\/\/atlasgeoculturalafricaatual.com\/","name":"atlasgeoculturalafricaatual.com","description":"O Atlas Geocultural da \u00c1frica \u00e9 um rico material de leitura e pesquisa, que visa apresentar de forma atual os pa\u00edses africanos, ainda t\u00e3o pouco conhecidos.","publisher":{"@id":"https:\/\/atlasgeoculturalafricaatual.com\/#organization"},"potentialAction":[{"@type":"SearchAction","target":{"@type":"EntryPoint","urlTemplate":"https:\/\/atlasgeoculturalafricaatual.com\/?s={search_term_string}"},"query-input":"required name=search_term_string"}],"inLanguage":"pt-BR"},{"@type":"Organization","@id":"https:\/\/atlasgeoculturalafricaatual.com\/#organization","name":"atlasgeoculturalafricaatual.com","url":"https:\/\/atlasgeoculturalafricaatual.com\/","logo":{"@type":"ImageObject","inLanguage":"pt-BR","@id":"https:\/\/atlasgeoculturalafricaatual.com\/#\/schema\/logo\/image\/","url":"http:\/\/atlasgeoculturalafricaatual.com\/wp-content\/uploads\/2023\/06\/LOGOEIROS_Prancheta-1-tipo-preto.png","contentUrl":"http:\/\/atlasgeoculturalafricaatual.com\/wp-content\/uploads\/2023\/06\/LOGOEIROS_Prancheta-1-tipo-preto.png","width":1667,"height":730,"caption":"atlasgeoculturalafricaatual.com"},"image":{"@id":"https:\/\/atlasgeoculturalafricaatual.com\/#\/schema\/logo\/image\/"}},{"@type":"Person","@id":"https:\/\/atlasgeoculturalafricaatual.com\/#\/schema\/person\/275270ccd0d657af28fbd625ba218b9e","name":"Isabel Xavier","image":{"@type":"ImageObject","inLanguage":"pt-BR","@id":"https:\/\/atlasgeoculturalafricaatual.com\/#\/schema\/person\/image\/","url":"https:\/\/secure.gravatar.com\/avatar\/bad8abf40bea9333cf7c49e239456bd9?s=96&d=mm&r=g","contentUrl":"https:\/\/secure.gravatar.com\/avatar\/bad8abf40bea9333cf7c49e239456bd9?s=96&d=mm&r=g","caption":"Isabel Xavier"},"url":"https:\/\/atlasgeoculturalafricaatual.com\/index.php\/author\/webdesign-yta\/"}]}},"_links":{"self":[{"href":"https:\/\/atlasgeoculturalafricaatual.com\/index.php\/wp-json\/wp\/v2\/posts\/9018","targetHints":{"allow":["GET"]}}],"collection":[{"href":"https:\/\/atlasgeoculturalafricaatual.com\/index.php\/wp-json\/wp\/v2\/posts"}],"about":[{"href":"https:\/\/atlasgeoculturalafricaatual.com\/index.php\/wp-json\/wp\/v2\/types\/post"}],"author":[{"embeddable":true,"href":"https:\/\/atlasgeoculturalafricaatual.com\/index.php\/wp-json\/wp\/v2\/users\/2"}],"replies":[{"embeddable":true,"href":"https:\/\/atlasgeoculturalafricaatual.com\/index.php\/wp-json\/wp\/v2\/comments?post=9018"}],"version-history":[{"count":8,"href":"https:\/\/atlasgeoculturalafricaatual.com\/index.php\/wp-json\/wp\/v2\/posts\/9018\/revisions"}],"predecessor-version":[{"id":9028,"href":"https:\/\/atlasgeoculturalafricaatual.com\/index.php\/wp-json\/wp\/v2\/posts\/9018\/revisions\/9028"}],"wp:featuredmedia":[{"embeddable":true,"href":"https:\/\/atlasgeoculturalafricaatual.com\/index.php\/wp-json\/wp\/v2\/media\/9023"}],"wp:attachment":[{"href":"https:\/\/atlasgeoculturalafricaatual.com\/index.php\/wp-json\/wp\/v2\/media?parent=9018"}],"wp:term":[{"taxonomy":"category","embeddable":true,"href":"https:\/\/atlasgeoculturalafricaatual.com\/index.php\/wp-json\/wp\/v2\/categories?post=9018"},{"taxonomy":"post_tag","embeddable":true,"href":"https:\/\/atlasgeoculturalafricaatual.com\/index.php\/wp-json\/wp\/v2\/tags?post=9018"},{"taxonomy":"palavra-chave","embeddable":true,"href":"https:\/\/atlasgeoculturalafricaatual.com\/index.php\/wp-json\/wp\/v2\/palavra-chave?post=9018"}],"curies":[{"name":"wp","href":"https:\/\/api.w.org\/{rel}","templated":true}]}}