{"id":8737,"date":"2023-08-22T14:55:03","date_gmt":"2023-08-22T17:55:03","guid":{"rendered":"https:\/\/atlasgeoculturalafricaatual.com\/?p=8737"},"modified":"2023-08-22T14:56:21","modified_gmt":"2023-08-22T17:56:21","slug":"puc-campinas-lancamento-de-centro-de-estudos-africanos-e-afro-brasileiros-dra-nicea-quintino-amauro","status":"publish","type":"post","link":"https:\/\/atlasgeoculturalafricaatual.com\/index.php\/2023\/08\/22\/puc-campinas-lancamento-de-centro-de-estudos-africanos-e-afro-brasileiros-dra-nicea-quintino-amauro\/","title":{"rendered":"Puc-Campinas: Lan\u00e7amento de Centro de Estudos Africanos e Afro-brasileiros &#8220;Dra Nic\u00e9a Quintino Amauro&#8221;"},"content":{"rendered":"\n<p>A PUC-Campinas inaugura, no pr\u00f3ximo dia&nbsp;<strong>23 de agosto<\/strong>,<strong>&nbsp;\u00e0s 19h<\/strong>, o&nbsp;<strong>Centro de Estudos Africanos e Afro-Brasileiros Dra. Nic\u00e9a Quintino Amauro<\/strong>, com o apoio e participa\u00e7\u00e3o do movimento negro.&nbsp;O Objetivo est\u00e1 em promover a conscientiza\u00e7\u00e3o e o di\u00e1logo contra o racismo e em desenvolver a forma\u00e7\u00e3o continuada da comunidade acad\u00eamica e dos profissionais da universidade. Atuando com atividades pr\u00e1ticas e sociais, al\u00e9m de eventos educativos.<\/p>\n\n\n\n<figure class=\"wp-block-image size-full\"><img loading=\"lazy\" decoding=\"async\" width=\"800\" height=\"533\" src=\"https:\/\/atlasgeoculturalafricaatual.com\/wp-content\/uploads\/2023\/08\/Centro-de-CUltura-1-1.jpg\" alt=\"\" class=\"wp-image-8739\" srcset=\"https:\/\/atlasgeoculturalafricaatual.com\/wp-content\/uploads\/2023\/08\/Centro-de-CUltura-1-1.jpg 800w, https:\/\/atlasgeoculturalafricaatual.com\/wp-content\/uploads\/2023\/08\/Centro-de-CUltura-1-1-300x200.jpg 300w, https:\/\/atlasgeoculturalafricaatual.com\/wp-content\/uploads\/2023\/08\/Centro-de-CUltura-1-1-768x512.jpg 768w\" sizes=\"auto, (max-width: 800px) 100vw, 800px\" \/><\/figure>\n","protected":false},"excerpt":{"rendered":"<p>A PUC-Campinas inaugura, no pr\u00f3ximo dia&nbsp;23 de agosto,&nbsp;\u00e0s 19h, o&nbsp;Centro de Estudos Africanos e Afro-Brasileiros Dra. Nic\u00e9a Quintino Amauro, com o apoio e participa\u00e7\u00e3o do movimento negro.&nbsp;O Objetivo est\u00e1 em [&hellip;]<\/p>\n","protected":false},"author":2,"featured_media":8738,"comment_status":"open","ping_status":"open","sticky":false,"template":"","format":"standard","meta":{"content-type":"","footnotes":""},"categories":[1,13,62],"tags":[],"palavra-chave":[],"class_list":["post-8737","post","type-post","status-publish","format-standard","has-post-thumbnail","hentry","category-blog","category-eventos","category-news","entry","has-media"],"aioseo_notices":[],"yoast_head":"<!-- This site is optimized with the Yoast SEO plugin v20.13 - https:\/\/yoast.com\/wordpress\/plugins\/seo\/ -->\n<title>Puc-Campinas: Lan\u00e7amento de Centro de Estudos Africanos e Afro-brasileiros &quot;Dra Nic\u00e9a Quintino Amauro&quot; - atlasgeoculturalafricaatual.com<\/title>\n<meta name=\"robots\" content=\"index, follow, max-snippet:-1, max-image-preview:large, max-video-preview:-1\" \/>\n<link rel=\"canonical\" href=\"https:\/\/atlasgeoculturalafricaatual.com\/index.php\/2023\/08\/22\/puc-campinas-lancamento-de-centro-de-estudos-africanos-e-afro-brasileiros-dra-nicea-quintino-amauro\/\" \/>\n<meta property=\"og:locale\" content=\"pt_BR\" \/>\n<meta property=\"og:type\" content=\"article\" \/>\n<meta property=\"og:title\" content=\"Puc-Campinas: Lan\u00e7amento de Centro de Estudos Africanos e Afro-brasileiros &quot;Dra Nic\u00e9a Quintino Amauro&quot; - atlasgeoculturalafricaatual.com\" \/>\n<meta property=\"og:description\" content=\"A PUC-Campinas inaugura, no pr\u00f3ximo dia&nbsp;23 de agosto,&nbsp;\u00e0s 19h, o&nbsp;Centro de Estudos Africanos e Afro-Brasileiros Dra. Nic\u00e9a Quintino Amauro, com o apoio e participa\u00e7\u00e3o do movimento negro.&nbsp;O Objetivo est\u00e1 em [&hellip;]\" \/>\n<meta property=\"og:url\" content=\"https:\/\/atlasgeoculturalafricaatual.com\/index.php\/2023\/08\/22\/puc-campinas-lancamento-de-centro-de-estudos-africanos-e-afro-brasileiros-dra-nicea-quintino-amauro\/\" \/>\n<meta property=\"og:site_name\" content=\"atlasgeoculturalafricaatual.com\" \/>\n<meta property=\"article:published_time\" content=\"2023-08-22T17:55:03+00:00\" \/>\n<meta property=\"article:modified_time\" content=\"2023-08-22T17:56:21+00:00\" \/>\n<meta property=\"og:image\" content=\"http:\/\/atlasgeoculturalafricaatual.com\/wp-content\/uploads\/2023\/08\/368121933_351254087234674_1008947159357865340_n-1.jpg\" \/>\n\t<meta property=\"og:image:width\" content=\"751\" \/>\n\t<meta property=\"og:image:height\" content=\"939\" \/>\n\t<meta property=\"og:image:type\" content=\"image\/jpeg\" \/>\n<meta name=\"author\" content=\"Isabel Xavier\" \/>\n<meta name=\"twitter:card\" content=\"summary_large_image\" \/>\n<meta name=\"twitter:label1\" content=\"Escrito por\" \/>\n\t<meta name=\"twitter:data1\" content=\"Isabel Xavier\" \/>\n\t<meta name=\"twitter:label2\" content=\"Est. tempo de leitura\" \/>\n\t<meta name=\"twitter:data2\" content=\"1 minuto\" \/>\n<script type=\"application\/ld+json\" class=\"yoast-schema-graph\">{\"@context\":\"https:\/\/schema.org\",\"@graph\":[{\"@type\":\"Article\",\"@id\":\"https:\/\/atlasgeoculturalafricaatual.com\/index.php\/2023\/08\/22\/puc-campinas-lancamento-de-centro-de-estudos-africanos-e-afro-brasileiros-dra-nicea-quintino-amauro\/#article\",\"isPartOf\":{\"@id\":\"https:\/\/atlasgeoculturalafricaatual.com\/index.php\/2023\/08\/22\/puc-campinas-lancamento-de-centro-de-estudos-africanos-e-afro-brasileiros-dra-nicea-quintino-amauro\/\"},\"author\":{\"name\":\"Isabel Xavier\",\"@id\":\"https:\/\/atlasgeoculturalafricaatual.com\/#\/schema\/person\/275270ccd0d657af28fbd625ba218b9e\"},\"headline\":\"Puc-Campinas: Lan\u00e7amento de Centro de Estudos Africanos e Afro-brasileiros &#8220;Dra Nic\u00e9a Quintino Amauro&#8221;\",\"datePublished\":\"2023-08-22T17:55:03+00:00\",\"dateModified\":\"2023-08-22T17:56:21+00:00\",\"mainEntityOfPage\":{\"@id\":\"https:\/\/atlasgeoculturalafricaatual.com\/index.php\/2023\/08\/22\/puc-campinas-lancamento-de-centro-de-estudos-africanos-e-afro-brasileiros-dra-nicea-quintino-amauro\/\"},\"wordCount\":94,\"commentCount\":0,\"publisher\":{\"@id\":\"https:\/\/atlasgeoculturalafricaatual.com\/#organization\"},\"articleSection\":[\"Blog\",\"Eventos\",\"News\"],\"inLanguage\":\"pt-BR\",\"potentialAction\":[{\"@type\":\"CommentAction\",\"name\":\"Comment\",\"target\":[\"https:\/\/atlasgeoculturalafricaatual.com\/index.php\/2023\/08\/22\/puc-campinas-lancamento-de-centro-de-estudos-africanos-e-afro-brasileiros-dra-nicea-quintino-amauro\/#respond\"]}]},{\"@type\":\"WebPage\",\"@id\":\"https:\/\/atlasgeoculturalafricaatual.com\/index.php\/2023\/08\/22\/puc-campinas-lancamento-de-centro-de-estudos-africanos-e-afro-brasileiros-dra-nicea-quintino-amauro\/\",\"url\":\"https:\/\/atlasgeoculturalafricaatual.com\/index.php\/2023\/08\/22\/puc-campinas-lancamento-de-centro-de-estudos-africanos-e-afro-brasileiros-dra-nicea-quintino-amauro\/\",\"name\":\"Puc-Campinas: Lan\u00e7amento de Centro de Estudos Africanos e Afro-brasileiros \\\"Dra Nic\u00e9a Quintino Amauro\\\" - atlasgeoculturalafricaatual.com\",\"isPartOf\":{\"@id\":\"https:\/\/atlasgeoculturalafricaatual.com\/#website\"},\"datePublished\":\"2023-08-22T17:55:03+00:00\",\"dateModified\":\"2023-08-22T17:56:21+00:00\",\"breadcrumb\":{\"@id\":\"https:\/\/atlasgeoculturalafricaatual.com\/index.php\/2023\/08\/22\/puc-campinas-lancamento-de-centro-de-estudos-africanos-e-afro-brasileiros-dra-nicea-quintino-amauro\/#breadcrumb\"},\"inLanguage\":\"pt-BR\",\"potentialAction\":[{\"@type\":\"ReadAction\",\"target\":[\"https:\/\/atlasgeoculturalafricaatual.com\/index.php\/2023\/08\/22\/puc-campinas-lancamento-de-centro-de-estudos-africanos-e-afro-brasileiros-dra-nicea-quintino-amauro\/\"]}]},{\"@type\":\"BreadcrumbList\",\"@id\":\"https:\/\/atlasgeoculturalafricaatual.com\/index.php\/2023\/08\/22\/puc-campinas-lancamento-de-centro-de-estudos-africanos-e-afro-brasileiros-dra-nicea-quintino-amauro\/#breadcrumb\",\"itemListElement\":[{\"@type\":\"ListItem\",\"position\":1,\"name\":\"In\u00edcio\",\"item\":\"https:\/\/atlasgeoculturalafricaatual.com\/\"},{\"@type\":\"ListItem\",\"position\":2,\"name\":\"Puc-Campinas: Lan\u00e7amento de Centro de Estudos Africanos e Afro-brasileiros &#8220;Dra Nic\u00e9a Quintino Amauro&#8221;\"}]},{\"@type\":\"WebSite\",\"@id\":\"https:\/\/atlasgeoculturalafricaatual.com\/#website\",\"url\":\"https:\/\/atlasgeoculturalafricaatual.com\/\",\"name\":\"atlasgeoculturalafricaatual.com\",\"description\":\"O Atlas Geocultural da \u00c1frica \u00e9 um rico material de leitura e pesquisa, que visa apresentar de forma atual os pa\u00edses africanos, ainda t\u00e3o pouco conhecidos.\",\"publisher\":{\"@id\":\"https:\/\/atlasgeoculturalafricaatual.com\/#organization\"},\"potentialAction\":[{\"@type\":\"SearchAction\",\"target\":{\"@type\":\"EntryPoint\",\"urlTemplate\":\"https:\/\/atlasgeoculturalafricaatual.com\/?s={search_term_string}\"},\"query-input\":\"required name=search_term_string\"}],\"inLanguage\":\"pt-BR\"},{\"@type\":\"Organization\",\"@id\":\"https:\/\/atlasgeoculturalafricaatual.com\/#organization\",\"name\":\"atlasgeoculturalafricaatual.com\",\"url\":\"https:\/\/atlasgeoculturalafricaatual.com\/\",\"logo\":{\"@type\":\"ImageObject\",\"inLanguage\":\"pt-BR\",\"@id\":\"https:\/\/atlasgeoculturalafricaatual.com\/#\/schema\/logo\/image\/\",\"url\":\"http:\/\/atlasgeoculturalafricaatual.com\/wp-content\/uploads\/2023\/06\/LOGOEIROS_Prancheta-1-tipo-preto.png\",\"contentUrl\":\"http:\/\/atlasgeoculturalafricaatual.com\/wp-content\/uploads\/2023\/06\/LOGOEIROS_Prancheta-1-tipo-preto.png\",\"width\":1667,\"height\":730,\"caption\":\"atlasgeoculturalafricaatual.com\"},\"image\":{\"@id\":\"https:\/\/atlasgeoculturalafricaatual.com\/#\/schema\/logo\/image\/\"}},{\"@type\":\"Person\",\"@id\":\"https:\/\/atlasgeoculturalafricaatual.com\/#\/schema\/person\/275270ccd0d657af28fbd625ba218b9e\",\"name\":\"Isabel Xavier\",\"image\":{\"@type\":\"ImageObject\",\"inLanguage\":\"pt-BR\",\"@id\":\"https:\/\/atlasgeoculturalafricaatual.com\/#\/schema\/person\/image\/\",\"url\":\"https:\/\/secure.gravatar.com\/avatar\/bad8abf40bea9333cf7c49e239456bd9?s=96&d=mm&r=g\",\"contentUrl\":\"https:\/\/secure.gravatar.com\/avatar\/bad8abf40bea9333cf7c49e239456bd9?s=96&d=mm&r=g\",\"caption\":\"Isabel Xavier\"},\"url\":\"https:\/\/atlasgeoculturalafricaatual.com\/index.php\/author\/webdesign-yta\/\"}]}<\/script>\n<!-- \/ Yoast SEO plugin. -->","yoast_head_json":{"title":"Puc-Campinas: Lan\u00e7amento de Centro de Estudos Africanos e Afro-brasileiros \"Dra Nic\u00e9a Quintino Amauro\" - atlasgeoculturalafricaatual.com","robots":{"index":"index","follow":"follow","max-snippet":"max-snippet:-1","max-image-preview":"max-image-preview:large","max-video-preview":"max-video-preview:-1"},"canonical":"https:\/\/atlasgeoculturalafricaatual.com\/index.php\/2023\/08\/22\/puc-campinas-lancamento-de-centro-de-estudos-africanos-e-afro-brasileiros-dra-nicea-quintino-amauro\/","og_locale":"pt_BR","og_type":"article","og_title":"Puc-Campinas: Lan\u00e7amento de Centro de Estudos Africanos e Afro-brasileiros \"Dra Nic\u00e9a Quintino Amauro\" - atlasgeoculturalafricaatual.com","og_description":"A PUC-Campinas inaugura, no pr\u00f3ximo dia&nbsp;23 de agosto,&nbsp;\u00e0s 19h, o&nbsp;Centro de Estudos Africanos e Afro-Brasileiros Dra. Nic\u00e9a Quintino Amauro, com o apoio e participa\u00e7\u00e3o do movimento negro.&nbsp;O Objetivo est\u00e1 em [&hellip;]","og_url":"https:\/\/atlasgeoculturalafricaatual.com\/index.php\/2023\/08\/22\/puc-campinas-lancamento-de-centro-de-estudos-africanos-e-afro-brasileiros-dra-nicea-quintino-amauro\/","og_site_name":"atlasgeoculturalafricaatual.com","article_published_time":"2023-08-22T17:55:03+00:00","article_modified_time":"2023-08-22T17:56:21+00:00","og_image":[{"width":751,"height":939,"url":"http:\/\/atlasgeoculturalafricaatual.com\/wp-content\/uploads\/2023\/08\/368121933_351254087234674_1008947159357865340_n-1.jpg","type":"image\/jpeg"}],"author":"Isabel Xavier","twitter_card":"summary_large_image","twitter_misc":{"Escrito por":"Isabel Xavier","Est. tempo de leitura":"1 minuto"},"schema":{"@context":"https:\/\/schema.org","@graph":[{"@type":"Article","@id":"https:\/\/atlasgeoculturalafricaatual.com\/index.php\/2023\/08\/22\/puc-campinas-lancamento-de-centro-de-estudos-africanos-e-afro-brasileiros-dra-nicea-quintino-amauro\/#article","isPartOf":{"@id":"https:\/\/atlasgeoculturalafricaatual.com\/index.php\/2023\/08\/22\/puc-campinas-lancamento-de-centro-de-estudos-africanos-e-afro-brasileiros-dra-nicea-quintino-amauro\/"},"author":{"name":"Isabel Xavier","@id":"https:\/\/atlasgeoculturalafricaatual.com\/#\/schema\/person\/275270ccd0d657af28fbd625ba218b9e"},"headline":"Puc-Campinas: Lan\u00e7amento de Centro de Estudos Africanos e Afro-brasileiros &#8220;Dra Nic\u00e9a Quintino Amauro&#8221;","datePublished":"2023-08-22T17:55:03+00:00","dateModified":"2023-08-22T17:56:21+00:00","mainEntityOfPage":{"@id":"https:\/\/atlasgeoculturalafricaatual.com\/index.php\/2023\/08\/22\/puc-campinas-lancamento-de-centro-de-estudos-africanos-e-afro-brasileiros-dra-nicea-quintino-amauro\/"},"wordCount":94,"commentCount":0,"publisher":{"@id":"https:\/\/atlasgeoculturalafricaatual.com\/#organization"},"articleSection":["Blog","Eventos","News"],"inLanguage":"pt-BR","potentialAction":[{"@type":"CommentAction","name":"Comment","target":["https:\/\/atlasgeoculturalafricaatual.com\/index.php\/2023\/08\/22\/puc-campinas-lancamento-de-centro-de-estudos-africanos-e-afro-brasileiros-dra-nicea-quintino-amauro\/#respond"]}]},{"@type":"WebPage","@id":"https:\/\/atlasgeoculturalafricaatual.com\/index.php\/2023\/08\/22\/puc-campinas-lancamento-de-centro-de-estudos-africanos-e-afro-brasileiros-dra-nicea-quintino-amauro\/","url":"https:\/\/atlasgeoculturalafricaatual.com\/index.php\/2023\/08\/22\/puc-campinas-lancamento-de-centro-de-estudos-africanos-e-afro-brasileiros-dra-nicea-quintino-amauro\/","name":"Puc-Campinas: Lan\u00e7amento de Centro de Estudos Africanos e Afro-brasileiros \"Dra Nic\u00e9a Quintino Amauro\" - atlasgeoculturalafricaatual.com","isPartOf":{"@id":"https:\/\/atlasgeoculturalafricaatual.com\/#website"},"datePublished":"2023-08-22T17:55:03+00:00","dateModified":"2023-08-22T17:56:21+00:00","breadcrumb":{"@id":"https:\/\/atlasgeoculturalafricaatual.com\/index.php\/2023\/08\/22\/puc-campinas-lancamento-de-centro-de-estudos-africanos-e-afro-brasileiros-dra-nicea-quintino-amauro\/#breadcrumb"},"inLanguage":"pt-BR","potentialAction":[{"@type":"ReadAction","target":["https:\/\/atlasgeoculturalafricaatual.com\/index.php\/2023\/08\/22\/puc-campinas-lancamento-de-centro-de-estudos-africanos-e-afro-brasileiros-dra-nicea-quintino-amauro\/"]}]},{"@type":"BreadcrumbList","@id":"https:\/\/atlasgeoculturalafricaatual.com\/index.php\/2023\/08\/22\/puc-campinas-lancamento-de-centro-de-estudos-africanos-e-afro-brasileiros-dra-nicea-quintino-amauro\/#breadcrumb","itemListElement":[{"@type":"ListItem","position":1,"name":"In\u00edcio","item":"https:\/\/atlasgeoculturalafricaatual.com\/"},{"@type":"ListItem","position":2,"name":"Puc-Campinas: Lan\u00e7amento de Centro de Estudos Africanos e Afro-brasileiros &#8220;Dra Nic\u00e9a Quintino Amauro&#8221;"}]},{"@type":"WebSite","@id":"https:\/\/atlasgeoculturalafricaatual.com\/#website","url":"https:\/\/atlasgeoculturalafricaatual.com\/","name":"atlasgeoculturalafricaatual.com","description":"O Atlas Geocultural da \u00c1frica \u00e9 um rico material de leitura e pesquisa, que visa apresentar de forma atual os pa\u00edses africanos, ainda t\u00e3o pouco conhecidos.","publisher":{"@id":"https:\/\/atlasgeoculturalafricaatual.com\/#organization"},"potentialAction":[{"@type":"SearchAction","target":{"@type":"EntryPoint","urlTemplate":"https:\/\/atlasgeoculturalafricaatual.com\/?s={search_term_string}"},"query-input":"required name=search_term_string"}],"inLanguage":"pt-BR"},{"@type":"Organization","@id":"https:\/\/atlasgeoculturalafricaatual.com\/#organization","name":"atlasgeoculturalafricaatual.com","url":"https:\/\/atlasgeoculturalafricaatual.com\/","logo":{"@type":"ImageObject","inLanguage":"pt-BR","@id":"https:\/\/atlasgeoculturalafricaatual.com\/#\/schema\/logo\/image\/","url":"http:\/\/atlasgeoculturalafricaatual.com\/wp-content\/uploads\/2023\/06\/LOGOEIROS_Prancheta-1-tipo-preto.png","contentUrl":"http:\/\/atlasgeoculturalafricaatual.com\/wp-content\/uploads\/2023\/06\/LOGOEIROS_Prancheta-1-tipo-preto.png","width":1667,"height":730,"caption":"atlasgeoculturalafricaatual.com"},"image":{"@id":"https:\/\/atlasgeoculturalafricaatual.com\/#\/schema\/logo\/image\/"}},{"@type":"Person","@id":"https:\/\/atlasgeoculturalafricaatual.com\/#\/schema\/person\/275270ccd0d657af28fbd625ba218b9e","name":"Isabel Xavier","image":{"@type":"ImageObject","inLanguage":"pt-BR","@id":"https:\/\/atlasgeoculturalafricaatual.com\/#\/schema\/person\/image\/","url":"https:\/\/secure.gravatar.com\/avatar\/bad8abf40bea9333cf7c49e239456bd9?s=96&d=mm&r=g","contentUrl":"https:\/\/secure.gravatar.com\/avatar\/bad8abf40bea9333cf7c49e239456bd9?s=96&d=mm&r=g","caption":"Isabel Xavier"},"url":"https:\/\/atlasgeoculturalafricaatual.com\/index.php\/author\/webdesign-yta\/"}]}},"_links":{"self":[{"href":"https:\/\/atlasgeoculturalafricaatual.com\/index.php\/wp-json\/wp\/v2\/posts\/8737","targetHints":{"allow":["GET"]}}],"collection":[{"href":"https:\/\/atlasgeoculturalafricaatual.com\/index.php\/wp-json\/wp\/v2\/posts"}],"about":[{"href":"https:\/\/atlasgeoculturalafricaatual.com\/index.php\/wp-json\/wp\/v2\/types\/post"}],"author":[{"embeddable":true,"href":"https:\/\/atlasgeoculturalafricaatual.com\/index.php\/wp-json\/wp\/v2\/users\/2"}],"replies":[{"embeddable":true,"href":"https:\/\/atlasgeoculturalafricaatual.com\/index.php\/wp-json\/wp\/v2\/comments?post=8737"}],"version-history":[{"count":2,"href":"https:\/\/atlasgeoculturalafricaatual.com\/index.php\/wp-json\/wp\/v2\/posts\/8737\/revisions"}],"predecessor-version":[{"id":8741,"href":"https:\/\/atlasgeoculturalafricaatual.com\/index.php\/wp-json\/wp\/v2\/posts\/8737\/revisions\/8741"}],"wp:featuredmedia":[{"embeddable":true,"href":"https:\/\/atlasgeoculturalafricaatual.com\/index.php\/wp-json\/wp\/v2\/media\/8738"}],"wp:attachment":[{"href":"https:\/\/atlasgeoculturalafricaatual.com\/index.php\/wp-json\/wp\/v2\/media?parent=8737"}],"wp:term":[{"taxonomy":"category","embeddable":true,"href":"https:\/\/atlasgeoculturalafricaatual.com\/index.php\/wp-json\/wp\/v2\/categories?post=8737"},{"taxonomy":"post_tag","embeddable":true,"href":"https:\/\/atlasgeoculturalafricaatual.com\/index.php\/wp-json\/wp\/v2\/tags?post=8737"},{"taxonomy":"palavra-chave","embeddable":true,"href":"https:\/\/atlasgeoculturalafricaatual.com\/index.php\/wp-json\/wp\/v2\/palavra-chave?post=8737"}],"curies":[{"name":"wp","href":"https:\/\/api.w.org\/{rel}","templated":true}]}}