{"id":8701,"date":"2023-08-18T09:08:03","date_gmt":"2023-08-18T12:08:03","guid":{"rendered":"https:\/\/atlasgeoculturalafricaatual.com\/?p=8701"},"modified":"2023-08-18T09:24:22","modified_gmt":"2023-08-18T12:24:22","slug":"editora-eiros-na-futuro-expo-sao-paulo","status":"publish","type":"post","link":"https:\/\/atlasgeoculturalafricaatual.com\/index.php\/2023\/08\/18\/editora-eiros-na-futuro-expo-sao-paulo\/","title":{"rendered":"Editora Eiros na Futuro Expo &#8211; S\u00e3o Paulo"},"content":{"rendered":"\n<p>A Editora Eiros esteve presente na 2\u00b0 Edi\u00e7\u00e3o FuturoExpo, maior comunidade de educa\u00e7\u00e3o Internacional dedicada ao futuro da educa\u00e7\u00e3o brasileira. O evento aconteceu nos dias 14 ao 17 de agosto de 2023, em S\u00e3o Paulo.<br><br><\/p>\n\n\n\n\n\n<figure class=\"wp-block-image size-large\"><img loading=\"lazy\" decoding=\"async\" width=\"1024\" height=\"1024\" src=\"https:\/\/atlasgeoculturalafricaatual.com\/wp-content\/uploads\/2023\/08\/367387315_348090864210467_2578273143721079335_n-1024x1024.jpg\" alt=\"\" class=\"wp-image-8702\" srcset=\"https:\/\/atlasgeoculturalafricaatual.com\/wp-content\/uploads\/2023\/08\/367387315_348090864210467_2578273143721079335_n-1024x1024.jpg 1024w, https:\/\/atlasgeoculturalafricaatual.com\/wp-content\/uploads\/2023\/08\/367387315_348090864210467_2578273143721079335_n-300x300.jpg 300w, https:\/\/atlasgeoculturalafricaatual.com\/wp-content\/uploads\/2023\/08\/367387315_348090864210467_2578273143721079335_n-150x150.jpg 150w, https:\/\/atlasgeoculturalafricaatual.com\/wp-content\/uploads\/2023\/08\/367387315_348090864210467_2578273143721079335_n-768x768.jpg 768w, https:\/\/atlasgeoculturalafricaatual.com\/wp-content\/uploads\/2023\/08\/367387315_348090864210467_2578273143721079335_n-600x600.jpg 600w, https:\/\/atlasgeoculturalafricaatual.com\/wp-content\/uploads\/2023\/08\/367387315_348090864210467_2578273143721079335_n.jpg 1080w\" sizes=\"auto, (max-width: 1024px) 100vw, 1024px\" \/><\/figure>\n\n\n\n<h1 class=\"wp-block-heading\"><\/h1>\n","protected":false},"excerpt":{"rendered":"<p>A Editora Eiros esteve presente na 2\u00b0 Edi\u00e7\u00e3o FuturoExpo, maior comunidade de educa\u00e7\u00e3o Internacional dedicada ao futuro da educa\u00e7\u00e3o brasileira. O evento aconteceu nos dias 14 ao 17 de agosto [&hellip;]<\/p>\n","protected":false},"author":2,"featured_media":8704,"comment_status":"open","ping_status":"open","sticky":false,"template":"","format":"standard","meta":{"content-type":"","footnotes":""},"categories":[1,13,62],"tags":[],"palavra-chave":[],"class_list":["post-8701","post","type-post","status-publish","format-standard","has-post-thumbnail","hentry","category-blog","category-eventos","category-news","entry","has-media"],"aioseo_notices":[],"yoast_head":"<!-- This site is optimized with the Yoast SEO plugin v20.13 - https:\/\/yoast.com\/wordpress\/plugins\/seo\/ -->\n<title>Editora Eiros na Futuro Expo - S\u00e3o Paulo - atlasgeoculturalafricaatual.com<\/title>\n<meta name=\"robots\" content=\"index, follow, max-snippet:-1, max-image-preview:large, max-video-preview:-1\" \/>\n<link rel=\"canonical\" href=\"https:\/\/atlasgeoculturalafricaatual.com\/index.php\/2023\/08\/18\/editora-eiros-na-futuro-expo-sao-paulo\/\" \/>\n<meta property=\"og:locale\" content=\"pt_BR\" \/>\n<meta property=\"og:type\" content=\"article\" \/>\n<meta property=\"og:title\" content=\"Editora Eiros na Futuro Expo - S\u00e3o Paulo - atlasgeoculturalafricaatual.com\" \/>\n<meta property=\"og:description\" content=\"A Editora Eiros esteve presente na 2\u00b0 Edi\u00e7\u00e3o FuturoExpo, maior comunidade de educa\u00e7\u00e3o Internacional dedicada ao futuro da educa\u00e7\u00e3o brasileira. O evento aconteceu nos dias 14 ao 17 de agosto [&hellip;]\" \/>\n<meta property=\"og:url\" content=\"https:\/\/atlasgeoculturalafricaatual.com\/index.php\/2023\/08\/18\/editora-eiros-na-futuro-expo-sao-paulo\/\" \/>\n<meta property=\"og:site_name\" content=\"atlasgeoculturalafricaatual.com\" \/>\n<meta property=\"article:published_time\" content=\"2023-08-18T12:08:03+00:00\" \/>\n<meta property=\"article:modified_time\" content=\"2023-08-18T12:24:22+00:00\" \/>\n<meta property=\"og:image\" content=\"http:\/\/atlasgeoculturalafricaatual.com\/wp-content\/uploads\/2023\/08\/@atlasgeoculturaldaafrica-9.jpg\" \/>\n\t<meta property=\"og:image:width\" content=\"1080\" \/>\n\t<meta property=\"og:image:height\" content=\"1080\" \/>\n\t<meta property=\"og:image:type\" content=\"image\/jpeg\" \/>\n<meta name=\"author\" content=\"Isabel Xavier\" \/>\n<meta name=\"twitter:card\" content=\"summary_large_image\" \/>\n<meta name=\"twitter:label1\" content=\"Escrito por\" \/>\n\t<meta name=\"twitter:data1\" content=\"Isabel Xavier\" \/>\n\t<meta name=\"twitter:label2\" content=\"Est. tempo de leitura\" \/>\n\t<meta name=\"twitter:data2\" content=\"1 minuto\" \/>\n<script type=\"application\/ld+json\" class=\"yoast-schema-graph\">{\"@context\":\"https:\/\/schema.org\",\"@graph\":[{\"@type\":\"Article\",\"@id\":\"https:\/\/atlasgeoculturalafricaatual.com\/index.php\/2023\/08\/18\/editora-eiros-na-futuro-expo-sao-paulo\/#article\",\"isPartOf\":{\"@id\":\"https:\/\/atlasgeoculturalafricaatual.com\/index.php\/2023\/08\/18\/editora-eiros-na-futuro-expo-sao-paulo\/\"},\"author\":{\"name\":\"Isabel Xavier\",\"@id\":\"https:\/\/atlasgeoculturalafricaatual.com\/#\/schema\/person\/275270ccd0d657af28fbd625ba218b9e\"},\"headline\":\"Editora Eiros na Futuro Expo &#8211; S\u00e3o Paulo\",\"datePublished\":\"2023-08-18T12:08:03+00:00\",\"dateModified\":\"2023-08-18T12:24:22+00:00\",\"mainEntityOfPage\":{\"@id\":\"https:\/\/atlasgeoculturalafricaatual.com\/index.php\/2023\/08\/18\/editora-eiros-na-futuro-expo-sao-paulo\/\"},\"wordCount\":44,\"commentCount\":0,\"publisher\":{\"@id\":\"https:\/\/atlasgeoculturalafricaatual.com\/#organization\"},\"articleSection\":[\"Blog\",\"Eventos\",\"News\"],\"inLanguage\":\"pt-BR\",\"potentialAction\":[{\"@type\":\"CommentAction\",\"name\":\"Comment\",\"target\":[\"https:\/\/atlasgeoculturalafricaatual.com\/index.php\/2023\/08\/18\/editora-eiros-na-futuro-expo-sao-paulo\/#respond\"]}]},{\"@type\":\"WebPage\",\"@id\":\"https:\/\/atlasgeoculturalafricaatual.com\/index.php\/2023\/08\/18\/editora-eiros-na-futuro-expo-sao-paulo\/\",\"url\":\"https:\/\/atlasgeoculturalafricaatual.com\/index.php\/2023\/08\/18\/editora-eiros-na-futuro-expo-sao-paulo\/\",\"name\":\"Editora Eiros na Futuro Expo - S\u00e3o Paulo - atlasgeoculturalafricaatual.com\",\"isPartOf\":{\"@id\":\"https:\/\/atlasgeoculturalafricaatual.com\/#website\"},\"datePublished\":\"2023-08-18T12:08:03+00:00\",\"dateModified\":\"2023-08-18T12:24:22+00:00\",\"breadcrumb\":{\"@id\":\"https:\/\/atlasgeoculturalafricaatual.com\/index.php\/2023\/08\/18\/editora-eiros-na-futuro-expo-sao-paulo\/#breadcrumb\"},\"inLanguage\":\"pt-BR\",\"potentialAction\":[{\"@type\":\"ReadAction\",\"target\":[\"https:\/\/atlasgeoculturalafricaatual.com\/index.php\/2023\/08\/18\/editora-eiros-na-futuro-expo-sao-paulo\/\"]}]},{\"@type\":\"BreadcrumbList\",\"@id\":\"https:\/\/atlasgeoculturalafricaatual.com\/index.php\/2023\/08\/18\/editora-eiros-na-futuro-expo-sao-paulo\/#breadcrumb\",\"itemListElement\":[{\"@type\":\"ListItem\",\"position\":1,\"name\":\"In\u00edcio\",\"item\":\"https:\/\/atlasgeoculturalafricaatual.com\/\"},{\"@type\":\"ListItem\",\"position\":2,\"name\":\"Editora Eiros na Futuro Expo &#8211; S\u00e3o Paulo\"}]},{\"@type\":\"WebSite\",\"@id\":\"https:\/\/atlasgeoculturalafricaatual.com\/#website\",\"url\":\"https:\/\/atlasgeoculturalafricaatual.com\/\",\"name\":\"atlasgeoculturalafricaatual.com\",\"description\":\"O Atlas Geocultural da \u00c1frica \u00e9 um rico material de leitura e pesquisa, que visa apresentar de forma atual os pa\u00edses africanos, ainda t\u00e3o pouco conhecidos.\",\"publisher\":{\"@id\":\"https:\/\/atlasgeoculturalafricaatual.com\/#organization\"},\"potentialAction\":[{\"@type\":\"SearchAction\",\"target\":{\"@type\":\"EntryPoint\",\"urlTemplate\":\"https:\/\/atlasgeoculturalafricaatual.com\/?s={search_term_string}\"},\"query-input\":\"required name=search_term_string\"}],\"inLanguage\":\"pt-BR\"},{\"@type\":\"Organization\",\"@id\":\"https:\/\/atlasgeoculturalafricaatual.com\/#organization\",\"name\":\"atlasgeoculturalafricaatual.com\",\"url\":\"https:\/\/atlasgeoculturalafricaatual.com\/\",\"logo\":{\"@type\":\"ImageObject\",\"inLanguage\":\"pt-BR\",\"@id\":\"https:\/\/atlasgeoculturalafricaatual.com\/#\/schema\/logo\/image\/\",\"url\":\"http:\/\/atlasgeoculturalafricaatual.com\/wp-content\/uploads\/2023\/06\/LOGOEIROS_Prancheta-1-tipo-preto.png\",\"contentUrl\":\"http:\/\/atlasgeoculturalafricaatual.com\/wp-content\/uploads\/2023\/06\/LOGOEIROS_Prancheta-1-tipo-preto.png\",\"width\":1667,\"height\":730,\"caption\":\"atlasgeoculturalafricaatual.com\"},\"image\":{\"@id\":\"https:\/\/atlasgeoculturalafricaatual.com\/#\/schema\/logo\/image\/\"}},{\"@type\":\"Person\",\"@id\":\"https:\/\/atlasgeoculturalafricaatual.com\/#\/schema\/person\/275270ccd0d657af28fbd625ba218b9e\",\"name\":\"Isabel Xavier\",\"image\":{\"@type\":\"ImageObject\",\"inLanguage\":\"pt-BR\",\"@id\":\"https:\/\/atlasgeoculturalafricaatual.com\/#\/schema\/person\/image\/\",\"url\":\"https:\/\/secure.gravatar.com\/avatar\/bad8abf40bea9333cf7c49e239456bd9?s=96&d=mm&r=g\",\"contentUrl\":\"https:\/\/secure.gravatar.com\/avatar\/bad8abf40bea9333cf7c49e239456bd9?s=96&d=mm&r=g\",\"caption\":\"Isabel Xavier\"},\"url\":\"https:\/\/atlasgeoculturalafricaatual.com\/index.php\/author\/webdesign-yta\/\"}]}<\/script>\n<!-- \/ Yoast SEO plugin. -->","yoast_head_json":{"title":"Editora Eiros na Futuro Expo - S\u00e3o Paulo - atlasgeoculturalafricaatual.com","robots":{"index":"index","follow":"follow","max-snippet":"max-snippet:-1","max-image-preview":"max-image-preview:large","max-video-preview":"max-video-preview:-1"},"canonical":"https:\/\/atlasgeoculturalafricaatual.com\/index.php\/2023\/08\/18\/editora-eiros-na-futuro-expo-sao-paulo\/","og_locale":"pt_BR","og_type":"article","og_title":"Editora Eiros na Futuro Expo - S\u00e3o Paulo - atlasgeoculturalafricaatual.com","og_description":"A Editora Eiros esteve presente na 2\u00b0 Edi\u00e7\u00e3o FuturoExpo, maior comunidade de educa\u00e7\u00e3o Internacional dedicada ao futuro da educa\u00e7\u00e3o brasileira. O evento aconteceu nos dias 14 ao 17 de agosto [&hellip;]","og_url":"https:\/\/atlasgeoculturalafricaatual.com\/index.php\/2023\/08\/18\/editora-eiros-na-futuro-expo-sao-paulo\/","og_site_name":"atlasgeoculturalafricaatual.com","article_published_time":"2023-08-18T12:08:03+00:00","article_modified_time":"2023-08-18T12:24:22+00:00","og_image":[{"width":1080,"height":1080,"url":"http:\/\/atlasgeoculturalafricaatual.com\/wp-content\/uploads\/2023\/08\/@atlasgeoculturaldaafrica-9.jpg","type":"image\/jpeg"}],"author":"Isabel Xavier","twitter_card":"summary_large_image","twitter_misc":{"Escrito por":"Isabel Xavier","Est. tempo de leitura":"1 minuto"},"schema":{"@context":"https:\/\/schema.org","@graph":[{"@type":"Article","@id":"https:\/\/atlasgeoculturalafricaatual.com\/index.php\/2023\/08\/18\/editora-eiros-na-futuro-expo-sao-paulo\/#article","isPartOf":{"@id":"https:\/\/atlasgeoculturalafricaatual.com\/index.php\/2023\/08\/18\/editora-eiros-na-futuro-expo-sao-paulo\/"},"author":{"name":"Isabel Xavier","@id":"https:\/\/atlasgeoculturalafricaatual.com\/#\/schema\/person\/275270ccd0d657af28fbd625ba218b9e"},"headline":"Editora Eiros na Futuro Expo &#8211; S\u00e3o Paulo","datePublished":"2023-08-18T12:08:03+00:00","dateModified":"2023-08-18T12:24:22+00:00","mainEntityOfPage":{"@id":"https:\/\/atlasgeoculturalafricaatual.com\/index.php\/2023\/08\/18\/editora-eiros-na-futuro-expo-sao-paulo\/"},"wordCount":44,"commentCount":0,"publisher":{"@id":"https:\/\/atlasgeoculturalafricaatual.com\/#organization"},"articleSection":["Blog","Eventos","News"],"inLanguage":"pt-BR","potentialAction":[{"@type":"CommentAction","name":"Comment","target":["https:\/\/atlasgeoculturalafricaatual.com\/index.php\/2023\/08\/18\/editora-eiros-na-futuro-expo-sao-paulo\/#respond"]}]},{"@type":"WebPage","@id":"https:\/\/atlasgeoculturalafricaatual.com\/index.php\/2023\/08\/18\/editora-eiros-na-futuro-expo-sao-paulo\/","url":"https:\/\/atlasgeoculturalafricaatual.com\/index.php\/2023\/08\/18\/editora-eiros-na-futuro-expo-sao-paulo\/","name":"Editora Eiros na Futuro Expo - S\u00e3o Paulo - atlasgeoculturalafricaatual.com","isPartOf":{"@id":"https:\/\/atlasgeoculturalafricaatual.com\/#website"},"datePublished":"2023-08-18T12:08:03+00:00","dateModified":"2023-08-18T12:24:22+00:00","breadcrumb":{"@id":"https:\/\/atlasgeoculturalafricaatual.com\/index.php\/2023\/08\/18\/editora-eiros-na-futuro-expo-sao-paulo\/#breadcrumb"},"inLanguage":"pt-BR","potentialAction":[{"@type":"ReadAction","target":["https:\/\/atlasgeoculturalafricaatual.com\/index.php\/2023\/08\/18\/editora-eiros-na-futuro-expo-sao-paulo\/"]}]},{"@type":"BreadcrumbList","@id":"https:\/\/atlasgeoculturalafricaatual.com\/index.php\/2023\/08\/18\/editora-eiros-na-futuro-expo-sao-paulo\/#breadcrumb","itemListElement":[{"@type":"ListItem","position":1,"name":"In\u00edcio","item":"https:\/\/atlasgeoculturalafricaatual.com\/"},{"@type":"ListItem","position":2,"name":"Editora Eiros na Futuro Expo &#8211; S\u00e3o Paulo"}]},{"@type":"WebSite","@id":"https:\/\/atlasgeoculturalafricaatual.com\/#website","url":"https:\/\/atlasgeoculturalafricaatual.com\/","name":"atlasgeoculturalafricaatual.com","description":"O Atlas Geocultural da \u00c1frica \u00e9 um rico material de leitura e pesquisa, que visa apresentar de forma atual os pa\u00edses africanos, ainda t\u00e3o pouco conhecidos.","publisher":{"@id":"https:\/\/atlasgeoculturalafricaatual.com\/#organization"},"potentialAction":[{"@type":"SearchAction","target":{"@type":"EntryPoint","urlTemplate":"https:\/\/atlasgeoculturalafricaatual.com\/?s={search_term_string}"},"query-input":"required name=search_term_string"}],"inLanguage":"pt-BR"},{"@type":"Organization","@id":"https:\/\/atlasgeoculturalafricaatual.com\/#organization","name":"atlasgeoculturalafricaatual.com","url":"https:\/\/atlasgeoculturalafricaatual.com\/","logo":{"@type":"ImageObject","inLanguage":"pt-BR","@id":"https:\/\/atlasgeoculturalafricaatual.com\/#\/schema\/logo\/image\/","url":"http:\/\/atlasgeoculturalafricaatual.com\/wp-content\/uploads\/2023\/06\/LOGOEIROS_Prancheta-1-tipo-preto.png","contentUrl":"http:\/\/atlasgeoculturalafricaatual.com\/wp-content\/uploads\/2023\/06\/LOGOEIROS_Prancheta-1-tipo-preto.png","width":1667,"height":730,"caption":"atlasgeoculturalafricaatual.com"},"image":{"@id":"https:\/\/atlasgeoculturalafricaatual.com\/#\/schema\/logo\/image\/"}},{"@type":"Person","@id":"https:\/\/atlasgeoculturalafricaatual.com\/#\/schema\/person\/275270ccd0d657af28fbd625ba218b9e","name":"Isabel Xavier","image":{"@type":"ImageObject","inLanguage":"pt-BR","@id":"https:\/\/atlasgeoculturalafricaatual.com\/#\/schema\/person\/image\/","url":"https:\/\/secure.gravatar.com\/avatar\/bad8abf40bea9333cf7c49e239456bd9?s=96&d=mm&r=g","contentUrl":"https:\/\/secure.gravatar.com\/avatar\/bad8abf40bea9333cf7c49e239456bd9?s=96&d=mm&r=g","caption":"Isabel Xavier"},"url":"https:\/\/atlasgeoculturalafricaatual.com\/index.php\/author\/webdesign-yta\/"}]}},"_links":{"self":[{"href":"https:\/\/atlasgeoculturalafricaatual.com\/index.php\/wp-json\/wp\/v2\/posts\/8701","targetHints":{"allow":["GET"]}}],"collection":[{"href":"https:\/\/atlasgeoculturalafricaatual.com\/index.php\/wp-json\/wp\/v2\/posts"}],"about":[{"href":"https:\/\/atlasgeoculturalafricaatual.com\/index.php\/wp-json\/wp\/v2\/types\/post"}],"author":[{"embeddable":true,"href":"https:\/\/atlasgeoculturalafricaatual.com\/index.php\/wp-json\/wp\/v2\/users\/2"}],"replies":[{"embeddable":true,"href":"https:\/\/atlasgeoculturalafricaatual.com\/index.php\/wp-json\/wp\/v2\/comments?post=8701"}],"version-history":[{"count":1,"href":"https:\/\/atlasgeoculturalafricaatual.com\/index.php\/wp-json\/wp\/v2\/posts\/8701\/revisions"}],"predecessor-version":[{"id":8703,"href":"https:\/\/atlasgeoculturalafricaatual.com\/index.php\/wp-json\/wp\/v2\/posts\/8701\/revisions\/8703"}],"wp:featuredmedia":[{"embeddable":true,"href":"https:\/\/atlasgeoculturalafricaatual.com\/index.php\/wp-json\/wp\/v2\/media\/8704"}],"wp:attachment":[{"href":"https:\/\/atlasgeoculturalafricaatual.com\/index.php\/wp-json\/wp\/v2\/media?parent=8701"}],"wp:term":[{"taxonomy":"category","embeddable":true,"href":"https:\/\/atlasgeoculturalafricaatual.com\/index.php\/wp-json\/wp\/v2\/categories?post=8701"},{"taxonomy":"post_tag","embeddable":true,"href":"https:\/\/atlasgeoculturalafricaatual.com\/index.php\/wp-json\/wp\/v2\/tags?post=8701"},{"taxonomy":"palavra-chave","embeddable":true,"href":"https:\/\/atlasgeoculturalafricaatual.com\/index.php\/wp-json\/wp\/v2\/palavra-chave?post=8701"}],"curies":[{"name":"wp","href":"https:\/\/api.w.org\/{rel}","templated":true}]}}