{"id":8601,"date":"2023-08-11T18:11:34","date_gmt":"2023-08-11T21:11:34","guid":{"rendered":"https:\/\/atlasgeoculturalafricaatual.com\/?p=8601"},"modified":"2023-08-11T18:18:28","modified_gmt":"2023-08-11T21:18:28","slug":"dia-dos-pais","status":"publish","type":"post","link":"https:\/\/atlasgeoculturalafricaatual.com\/index.php\/2023\/08\/11\/dia-dos-pais\/","title":{"rendered":"Dia dos Pais"},"content":{"rendered":"\n<p>\ud83d\udcab\ud835\udfed3 \ud835\ude59\ud835\ude5a \ud835\ude56\ud835\ude5c\ud835\ude64\ud835\ude68\ud835\ude69\ud835\ude64 &#8211; \ud835\ude3f\ud835\ude5e\ud835\ude56 \ud835\ude59\ud835\ude64\ud835\ude68 \ud835\ude4b\ud835\ude56\ud835\ude5e\ud835\ude68<\/p>\n\n\n\n<p>\ud83d\udda4 Exercer a paternidade afetuosa \u00e9 um ato de amor!<\/p>\n\n\n\n<p>\ud83d\udc90Parab\u00e9ns aos Pais!<\/p>\n","protected":false},"excerpt":{"rendered":"<p>\ud83d\udcab\ud835\udfed3 \ud835\ude59\ud835\ude5a \ud835\ude56\ud835\ude5c\ud835\ude64\ud835\ude68\ud835\ude69\ud835\ude64 &#8211; \ud835\ude3f\ud835\ude5e\ud835\ude56 \ud835\ude59\ud835\ude64\ud835\ude68 \ud835\ude4b\ud835\ude56\ud835\ude5e\ud835\ude68 \ud83d\udda4 Exercer a paternidade afetuosa \u00e9 um ato de amor! \ud83d\udc90Parab\u00e9ns aos Pais!<\/p>\n","protected":false},"author":2,"featured_media":8603,"comment_status":"open","ping_status":"open","sticky":false,"template":"","format":"standard","meta":{"content-type":"","footnotes":""},"categories":[1,93],"tags":[],"palavra-chave":[],"class_list":["post-8601","post","type-post","status-publish","format-standard","has-post-thumbnail","hentry","category-blog","category-datas-importantes","entry","has-media"],"aioseo_notices":[],"yoast_head":"<!-- This site is optimized with the Yoast SEO plugin v20.13 - https:\/\/yoast.com\/wordpress\/plugins\/seo\/ -->\n<title>Dia dos Pais - atlasgeoculturalafricaatual.com<\/title>\n<meta name=\"robots\" content=\"index, follow, max-snippet:-1, max-image-preview:large, max-video-preview:-1\" \/>\n<link rel=\"canonical\" href=\"https:\/\/atlasgeoculturalafricaatual.com\/index.php\/2023\/08\/11\/dia-dos-pais\/\" \/>\n<meta property=\"og:locale\" content=\"pt_BR\" \/>\n<meta property=\"og:type\" content=\"article\" \/>\n<meta property=\"og:title\" content=\"Dia dos Pais - atlasgeoculturalafricaatual.com\" \/>\n<meta property=\"og:description\" content=\"\ud83d\udcab\ud835\udfed3 \ud835\ude59\ud835\ude5a \ud835\ude56\ud835\ude5c\ud835\ude64\ud835\ude68\ud835\ude69\ud835\ude64 &#8211; \ud835\ude3f\ud835\ude5e\ud835\ude56 \ud835\ude59\ud835\ude64\ud835\ude68 \ud835\ude4b\ud835\ude56\ud835\ude5e\ud835\ude68 \ud83d\udda4 Exercer a paternidade afetuosa \u00e9 um ato de amor! \ud83d\udc90Parab\u00e9ns aos Pais!\" \/>\n<meta property=\"og:url\" content=\"https:\/\/atlasgeoculturalafricaatual.com\/index.php\/2023\/08\/11\/dia-dos-pais\/\" \/>\n<meta property=\"og:site_name\" content=\"atlasgeoculturalafricaatual.com\" \/>\n<meta property=\"article:published_time\" content=\"2023-08-11T21:11:34+00:00\" \/>\n<meta property=\"article:modified_time\" content=\"2023-08-11T21:18:28+00:00\" \/>\n<meta property=\"og:image\" content=\"http:\/\/atlasgeoculturalafricaatual.com\/wp-content\/uploads\/2023\/08\/Instagram-post-Feliz-dia-dos-pais-gradiente-azul-1.jpg\" \/>\n\t<meta property=\"og:image:width\" content=\"1080\" \/>\n\t<meta property=\"og:image:height\" content=\"1080\" \/>\n\t<meta property=\"og:image:type\" content=\"image\/jpeg\" \/>\n<meta name=\"author\" content=\"Isabel Xavier\" \/>\n<meta name=\"twitter:card\" content=\"summary_large_image\" \/>\n<meta name=\"twitter:label1\" content=\"Escrito por\" \/>\n\t<meta name=\"twitter:data1\" content=\"Isabel Xavier\" \/>\n\t<meta name=\"twitter:label2\" content=\"Est. tempo de leitura\" \/>\n\t<meta name=\"twitter:data2\" content=\"1 minuto\" \/>\n<script type=\"application\/ld+json\" class=\"yoast-schema-graph\">{\"@context\":\"https:\/\/schema.org\",\"@graph\":[{\"@type\":\"Article\",\"@id\":\"https:\/\/atlasgeoculturalafricaatual.com\/index.php\/2023\/08\/11\/dia-dos-pais\/#article\",\"isPartOf\":{\"@id\":\"https:\/\/atlasgeoculturalafricaatual.com\/index.php\/2023\/08\/11\/dia-dos-pais\/\"},\"author\":{\"name\":\"Isabel Xavier\",\"@id\":\"https:\/\/atlasgeoculturalafricaatual.com\/#\/schema\/person\/275270ccd0d657af28fbd625ba218b9e\"},\"headline\":\"Dia dos Pais\",\"datePublished\":\"2023-08-11T21:11:34+00:00\",\"dateModified\":\"2023-08-11T21:18:28+00:00\",\"mainEntityOfPage\":{\"@id\":\"https:\/\/atlasgeoculturalafricaatual.com\/index.php\/2023\/08\/11\/dia-dos-pais\/\"},\"wordCount\":16,\"commentCount\":0,\"publisher\":{\"@id\":\"https:\/\/atlasgeoculturalafricaatual.com\/#organization\"},\"articleSection\":[\"Blog\",\"Datas importantes\"],\"inLanguage\":\"pt-BR\",\"potentialAction\":[{\"@type\":\"CommentAction\",\"name\":\"Comment\",\"target\":[\"https:\/\/atlasgeoculturalafricaatual.com\/index.php\/2023\/08\/11\/dia-dos-pais\/#respond\"]}]},{\"@type\":\"WebPage\",\"@id\":\"https:\/\/atlasgeoculturalafricaatual.com\/index.php\/2023\/08\/11\/dia-dos-pais\/\",\"url\":\"https:\/\/atlasgeoculturalafricaatual.com\/index.php\/2023\/08\/11\/dia-dos-pais\/\",\"name\":\"Dia dos Pais - atlasgeoculturalafricaatual.com\",\"isPartOf\":{\"@id\":\"https:\/\/atlasgeoculturalafricaatual.com\/#website\"},\"datePublished\":\"2023-08-11T21:11:34+00:00\",\"dateModified\":\"2023-08-11T21:18:28+00:00\",\"breadcrumb\":{\"@id\":\"https:\/\/atlasgeoculturalafricaatual.com\/index.php\/2023\/08\/11\/dia-dos-pais\/#breadcrumb\"},\"inLanguage\":\"pt-BR\",\"potentialAction\":[{\"@type\":\"ReadAction\",\"target\":[\"https:\/\/atlasgeoculturalafricaatual.com\/index.php\/2023\/08\/11\/dia-dos-pais\/\"]}]},{\"@type\":\"BreadcrumbList\",\"@id\":\"https:\/\/atlasgeoculturalafricaatual.com\/index.php\/2023\/08\/11\/dia-dos-pais\/#breadcrumb\",\"itemListElement\":[{\"@type\":\"ListItem\",\"position\":1,\"name\":\"In\u00edcio\",\"item\":\"https:\/\/atlasgeoculturalafricaatual.com\/\"},{\"@type\":\"ListItem\",\"position\":2,\"name\":\"Dia dos Pais\"}]},{\"@type\":\"WebSite\",\"@id\":\"https:\/\/atlasgeoculturalafricaatual.com\/#website\",\"url\":\"https:\/\/atlasgeoculturalafricaatual.com\/\",\"name\":\"atlasgeoculturalafricaatual.com\",\"description\":\"O Atlas Geocultural da \u00c1frica \u00e9 um rico material de leitura e pesquisa, que visa apresentar de forma atual os pa\u00edses africanos, ainda t\u00e3o pouco conhecidos.\",\"publisher\":{\"@id\":\"https:\/\/atlasgeoculturalafricaatual.com\/#organization\"},\"potentialAction\":[{\"@type\":\"SearchAction\",\"target\":{\"@type\":\"EntryPoint\",\"urlTemplate\":\"https:\/\/atlasgeoculturalafricaatual.com\/?s={search_term_string}\"},\"query-input\":\"required name=search_term_string\"}],\"inLanguage\":\"pt-BR\"},{\"@type\":\"Organization\",\"@id\":\"https:\/\/atlasgeoculturalafricaatual.com\/#organization\",\"name\":\"atlasgeoculturalafricaatual.com\",\"url\":\"https:\/\/atlasgeoculturalafricaatual.com\/\",\"logo\":{\"@type\":\"ImageObject\",\"inLanguage\":\"pt-BR\",\"@id\":\"https:\/\/atlasgeoculturalafricaatual.com\/#\/schema\/logo\/image\/\",\"url\":\"http:\/\/atlasgeoculturalafricaatual.com\/wp-content\/uploads\/2023\/06\/LOGOEIROS_Prancheta-1-tipo-preto.png\",\"contentUrl\":\"http:\/\/atlasgeoculturalafricaatual.com\/wp-content\/uploads\/2023\/06\/LOGOEIROS_Prancheta-1-tipo-preto.png\",\"width\":1667,\"height\":730,\"caption\":\"atlasgeoculturalafricaatual.com\"},\"image\":{\"@id\":\"https:\/\/atlasgeoculturalafricaatual.com\/#\/schema\/logo\/image\/\"}},{\"@type\":\"Person\",\"@id\":\"https:\/\/atlasgeoculturalafricaatual.com\/#\/schema\/person\/275270ccd0d657af28fbd625ba218b9e\",\"name\":\"Isabel Xavier\",\"image\":{\"@type\":\"ImageObject\",\"inLanguage\":\"pt-BR\",\"@id\":\"https:\/\/atlasgeoculturalafricaatual.com\/#\/schema\/person\/image\/\",\"url\":\"https:\/\/secure.gravatar.com\/avatar\/bad8abf40bea9333cf7c49e239456bd9?s=96&d=mm&r=g\",\"contentUrl\":\"https:\/\/secure.gravatar.com\/avatar\/bad8abf40bea9333cf7c49e239456bd9?s=96&d=mm&r=g\",\"caption\":\"Isabel Xavier\"},\"url\":\"https:\/\/atlasgeoculturalafricaatual.com\/index.php\/author\/webdesign-yta\/\"}]}<\/script>\n<!-- \/ Yoast SEO plugin. -->","yoast_head_json":{"title":"Dia dos Pais - atlasgeoculturalafricaatual.com","robots":{"index":"index","follow":"follow","max-snippet":"max-snippet:-1","max-image-preview":"max-image-preview:large","max-video-preview":"max-video-preview:-1"},"canonical":"https:\/\/atlasgeoculturalafricaatual.com\/index.php\/2023\/08\/11\/dia-dos-pais\/","og_locale":"pt_BR","og_type":"article","og_title":"Dia dos Pais - atlasgeoculturalafricaatual.com","og_description":"\ud83d\udcab\ud835\udfed3 \ud835\ude59\ud835\ude5a \ud835\ude56\ud835\ude5c\ud835\ude64\ud835\ude68\ud835\ude69\ud835\ude64 &#8211; \ud835\ude3f\ud835\ude5e\ud835\ude56 \ud835\ude59\ud835\ude64\ud835\ude68 \ud835\ude4b\ud835\ude56\ud835\ude5e\ud835\ude68 \ud83d\udda4 Exercer a paternidade afetuosa \u00e9 um ato de amor! \ud83d\udc90Parab\u00e9ns aos Pais!","og_url":"https:\/\/atlasgeoculturalafricaatual.com\/index.php\/2023\/08\/11\/dia-dos-pais\/","og_site_name":"atlasgeoculturalafricaatual.com","article_published_time":"2023-08-11T21:11:34+00:00","article_modified_time":"2023-08-11T21:18:28+00:00","og_image":[{"width":1080,"height":1080,"url":"http:\/\/atlasgeoculturalafricaatual.com\/wp-content\/uploads\/2023\/08\/Instagram-post-Feliz-dia-dos-pais-gradiente-azul-1.jpg","type":"image\/jpeg"}],"author":"Isabel Xavier","twitter_card":"summary_large_image","twitter_misc":{"Escrito por":"Isabel Xavier","Est. tempo de leitura":"1 minuto"},"schema":{"@context":"https:\/\/schema.org","@graph":[{"@type":"Article","@id":"https:\/\/atlasgeoculturalafricaatual.com\/index.php\/2023\/08\/11\/dia-dos-pais\/#article","isPartOf":{"@id":"https:\/\/atlasgeoculturalafricaatual.com\/index.php\/2023\/08\/11\/dia-dos-pais\/"},"author":{"name":"Isabel Xavier","@id":"https:\/\/atlasgeoculturalafricaatual.com\/#\/schema\/person\/275270ccd0d657af28fbd625ba218b9e"},"headline":"Dia dos Pais","datePublished":"2023-08-11T21:11:34+00:00","dateModified":"2023-08-11T21:18:28+00:00","mainEntityOfPage":{"@id":"https:\/\/atlasgeoculturalafricaatual.com\/index.php\/2023\/08\/11\/dia-dos-pais\/"},"wordCount":16,"commentCount":0,"publisher":{"@id":"https:\/\/atlasgeoculturalafricaatual.com\/#organization"},"articleSection":["Blog","Datas importantes"],"inLanguage":"pt-BR","potentialAction":[{"@type":"CommentAction","name":"Comment","target":["https:\/\/atlasgeoculturalafricaatual.com\/index.php\/2023\/08\/11\/dia-dos-pais\/#respond"]}]},{"@type":"WebPage","@id":"https:\/\/atlasgeoculturalafricaatual.com\/index.php\/2023\/08\/11\/dia-dos-pais\/","url":"https:\/\/atlasgeoculturalafricaatual.com\/index.php\/2023\/08\/11\/dia-dos-pais\/","name":"Dia dos Pais - atlasgeoculturalafricaatual.com","isPartOf":{"@id":"https:\/\/atlasgeoculturalafricaatual.com\/#website"},"datePublished":"2023-08-11T21:11:34+00:00","dateModified":"2023-08-11T21:18:28+00:00","breadcrumb":{"@id":"https:\/\/atlasgeoculturalafricaatual.com\/index.php\/2023\/08\/11\/dia-dos-pais\/#breadcrumb"},"inLanguage":"pt-BR","potentialAction":[{"@type":"ReadAction","target":["https:\/\/atlasgeoculturalafricaatual.com\/index.php\/2023\/08\/11\/dia-dos-pais\/"]}]},{"@type":"BreadcrumbList","@id":"https:\/\/atlasgeoculturalafricaatual.com\/index.php\/2023\/08\/11\/dia-dos-pais\/#breadcrumb","itemListElement":[{"@type":"ListItem","position":1,"name":"In\u00edcio","item":"https:\/\/atlasgeoculturalafricaatual.com\/"},{"@type":"ListItem","position":2,"name":"Dia dos Pais"}]},{"@type":"WebSite","@id":"https:\/\/atlasgeoculturalafricaatual.com\/#website","url":"https:\/\/atlasgeoculturalafricaatual.com\/","name":"atlasgeoculturalafricaatual.com","description":"O Atlas Geocultural da \u00c1frica \u00e9 um rico material de leitura e pesquisa, que visa apresentar de forma atual os pa\u00edses africanos, ainda t\u00e3o pouco conhecidos.","publisher":{"@id":"https:\/\/atlasgeoculturalafricaatual.com\/#organization"},"potentialAction":[{"@type":"SearchAction","target":{"@type":"EntryPoint","urlTemplate":"https:\/\/atlasgeoculturalafricaatual.com\/?s={search_term_string}"},"query-input":"required name=search_term_string"}],"inLanguage":"pt-BR"},{"@type":"Organization","@id":"https:\/\/atlasgeoculturalafricaatual.com\/#organization","name":"atlasgeoculturalafricaatual.com","url":"https:\/\/atlasgeoculturalafricaatual.com\/","logo":{"@type":"ImageObject","inLanguage":"pt-BR","@id":"https:\/\/atlasgeoculturalafricaatual.com\/#\/schema\/logo\/image\/","url":"http:\/\/atlasgeoculturalafricaatual.com\/wp-content\/uploads\/2023\/06\/LOGOEIROS_Prancheta-1-tipo-preto.png","contentUrl":"http:\/\/atlasgeoculturalafricaatual.com\/wp-content\/uploads\/2023\/06\/LOGOEIROS_Prancheta-1-tipo-preto.png","width":1667,"height":730,"caption":"atlasgeoculturalafricaatual.com"},"image":{"@id":"https:\/\/atlasgeoculturalafricaatual.com\/#\/schema\/logo\/image\/"}},{"@type":"Person","@id":"https:\/\/atlasgeoculturalafricaatual.com\/#\/schema\/person\/275270ccd0d657af28fbd625ba218b9e","name":"Isabel Xavier","image":{"@type":"ImageObject","inLanguage":"pt-BR","@id":"https:\/\/atlasgeoculturalafricaatual.com\/#\/schema\/person\/image\/","url":"https:\/\/secure.gravatar.com\/avatar\/bad8abf40bea9333cf7c49e239456bd9?s=96&d=mm&r=g","contentUrl":"https:\/\/secure.gravatar.com\/avatar\/bad8abf40bea9333cf7c49e239456bd9?s=96&d=mm&r=g","caption":"Isabel Xavier"},"url":"https:\/\/atlasgeoculturalafricaatual.com\/index.php\/author\/webdesign-yta\/"}]}},"_links":{"self":[{"href":"https:\/\/atlasgeoculturalafricaatual.com\/index.php\/wp-json\/wp\/v2\/posts\/8601","targetHints":{"allow":["GET"]}}],"collection":[{"href":"https:\/\/atlasgeoculturalafricaatual.com\/index.php\/wp-json\/wp\/v2\/posts"}],"about":[{"href":"https:\/\/atlasgeoculturalafricaatual.com\/index.php\/wp-json\/wp\/v2\/types\/post"}],"author":[{"embeddable":true,"href":"https:\/\/atlasgeoculturalafricaatual.com\/index.php\/wp-json\/wp\/v2\/users\/2"}],"replies":[{"embeddable":true,"href":"https:\/\/atlasgeoculturalafricaatual.com\/index.php\/wp-json\/wp\/v2\/comments?post=8601"}],"version-history":[{"count":3,"href":"https:\/\/atlasgeoculturalafricaatual.com\/index.php\/wp-json\/wp\/v2\/posts\/8601\/revisions"}],"predecessor-version":[{"id":8605,"href":"https:\/\/atlasgeoculturalafricaatual.com\/index.php\/wp-json\/wp\/v2\/posts\/8601\/revisions\/8605"}],"wp:featuredmedia":[{"embeddable":true,"href":"https:\/\/atlasgeoculturalafricaatual.com\/index.php\/wp-json\/wp\/v2\/media\/8603"}],"wp:attachment":[{"href":"https:\/\/atlasgeoculturalafricaatual.com\/index.php\/wp-json\/wp\/v2\/media?parent=8601"}],"wp:term":[{"taxonomy":"category","embeddable":true,"href":"https:\/\/atlasgeoculturalafricaatual.com\/index.php\/wp-json\/wp\/v2\/categories?post=8601"},{"taxonomy":"post_tag","embeddable":true,"href":"https:\/\/atlasgeoculturalafricaatual.com\/index.php\/wp-json\/wp\/v2\/tags?post=8601"},{"taxonomy":"palavra-chave","embeddable":true,"href":"https:\/\/atlasgeoculturalafricaatual.com\/index.php\/wp-json\/wp\/v2\/palavra-chave?post=8601"}],"curies":[{"name":"wp","href":"https:\/\/api.w.org\/{rel}","templated":true}]}}