{"id":814,"date":"2020-04-21T15:16:18","date_gmt":"2020-04-21T18:16:18","guid":{"rendered":"https:\/\/atlasgeoculturalafricaatual.com\/index.php\/2020\/04\/21\/empreende-jovem-em-sao-tome-e-principe\/"},"modified":"2020-04-21T15:16:18","modified_gmt":"2020-04-21T18:16:18","slug":"empreende-jovem-em-sao-tome-e-principe","status":"publish","type":"post","link":"https:\/\/atlasgeoculturalafricaatual.com\/index.php\/2020\/04\/21\/empreende-jovem-em-sao-tome-e-principe\/","title":{"rendered":"Empreende Jovem em S\u00e3o Tom\u00e9 e Pr\u00edncipe"},"content":{"rendered":"\t\t<div data-elementor-type=\"wp-post\" data-elementor-id=\"814\" class=\"elementor elementor-814\">\n\t\t\t\t\t\t\t\t\t<section class=\"elementor-section elementor-top-section elementor-element elementor-element-9ee3416 elementor-section-boxed elementor-section-height-default elementor-section-height-default\" data-id=\"9ee3416\" data-element_type=\"section\">\n\t\t\t\t\t\t<div class=\"elementor-container elementor-column-gap-default\">\n\t\t\t\t\t<div class=\"elementor-column elementor-col-100 elementor-top-column elementor-element elementor-element-05ad79c\" data-id=\"05ad79c\" data-element_type=\"column\">\n\t\t\t<div class=\"elementor-widget-wrap elementor-element-populated\">\n\t\t\t\t\t\t\t\t<div class=\"elementor-element elementor-element-9f721a0 elementor-widget elementor-widget-text-editor\" data-id=\"9f721a0\" data-element_type=\"widget\" data-widget_type=\"text-editor.default\">\n\t\t\t\t<div class=\"elementor-widget-container\">\n\t\t\t<style>\/*! elementor - v3.15.0 - 02-08-2023 *\/\n.elementor-widget-text-editor.elementor-drop-cap-view-stacked .elementor-drop-cap{background-color:#69727d;color:#fff}.elementor-widget-text-editor.elementor-drop-cap-view-framed .elementor-drop-cap{color:#69727d;border:3px solid;background-color:transparent}.elementor-widget-text-editor:not(.elementor-drop-cap-view-default) .elementor-drop-cap{margin-top:8px}.elementor-widget-text-editor:not(.elementor-drop-cap-view-default) .elementor-drop-cap-letter{width:1em;height:1em}.elementor-widget-text-editor .elementor-drop-cap{float:left;text-align:center;line-height:1;font-size:50px}.elementor-widget-text-editor .elementor-drop-cap-letter{display:inline-block}<\/style>\t\t\t\t<p>Governo lan\u00e7a projecto para Jovens.<\/p><p>&#8220;Empreende Jovem&#8221; \u00e9 uma iniciativa do Programa das Na\u00e7\u00f5es Unidas para o Desenvolvimento, PNUD, cuja lideran\u00e7a institucional ser\u00e1 do Minist\u00e9rio da Juventude, Desporto e Empreendedorismo. O projecto \u00e9 dirigido a apoiar o sector privado, \u00e0 cria\u00e7\u00e3o de emprego e, atrav\u00e9s disto, \u00e0 melhoria das economias familiares de todos aqueles que sejam envolvidos, tanto os empreendedores como os que trabalhem nas empresas que o projecto ir\u00e1 apoiar.<\/p><p>O \u201cEmpr<span class=\"text_exposed_show\">eende Jovem\u201d, visa ser um espa\u00e7o de di\u00e1logo entre os jovens empreendedores, Governo, sociedade civil, di\u00e1spora, parceiros de desenvolvimento, no apoio as start-up e os neg\u00f3cios j\u00e1 existentes.<\/span><\/p><div class=\"text_exposed_show\"><p>O foco ser\u00e1 na procura de solu\u00e7\u00f5es competitivas e inovadoras, adaptadas ao contexto, que promovam o crescimento econ\u00f3mico sustent\u00e1vel e inclusivo no pa\u00eds.<\/p><p>Mat\u00e9ria publicada no sitio: <a href=\"httpsss:\/\/www.facebook.com\/governostp\/?__tn__=kC-R&amp;eid=ARABlp5HKyATNc3e-gAivOulBn6Z7d2mwmxr7gEScJiCrlSogIYWpQLJ_SJyASDg6ZIhJnIDsgDZ9dCJ&amp;hc_ref=ARRAgC5PtEx54dg3oWTq-crhKVYlhOe6IMepYr1oee8T7CdnmIc-hce4wIR9VjkdB7U&amp;fref=nf&amp;__xts__[0]=68.ARAidmroRpA2lRL4LuMho15WC-UBuiuCFJDjhzEtPAhSk3PaSpZD5GyZhPyVxAhybvuyeu1qftqHIUuYOka2Dyjpp1hYIkxUnk5v0JKxYa324bxn_3GBqY3pVkiXEScnO1sPIH5EQm5ndFloODBp__49w_QE7rP9acMKZsQsjwQYM44fzHgvizGQwgopt06y6je5Ne-f4kGAv9Uz0o8g7_SwbTy6saeXVpztKqY_rARfKMri7PFQjGRGxFaiCeor_EfXut5pK1QHNVkCTYCMde1l6njimYY2G_ktWolwSs8I8mZlcaY0tAKUln7NJka3hDXFRGIWHJABe1zK6-tDbdAbfAENknTY\">httpsss:\/\/www.facebook.com\/governostp\/?__tn__=kC-R&amp;eid=ARABlp5HKyATNc3e-gAivOulBn6Z7d2mwmxr7gEScJiCrlSogIYWpQLJ_SJyASDg6ZIhJnIDsgDZ9dCJ&amp;hc_ref=ARRAgC5PtEx54dg3oWTq-crhKVYlhOe6IMepYr1oee8T7CdnmIc-hce4wIR9VjkdB7U&amp;fref=nf&amp;__xts__[0]=68.ARAidmroRpA2lRL4LuMho15WC-UBuiuCFJDjhzEtPAhSk3PaSpZD5GyZhPyVxAhybvuyeu1qftqHIUuYOka2Dyjpp1hYIkxUnk5v0JKxYa324bxn_3GBqY3pVkiXEScnO1sPIH5EQm5ndFloODBp__49w_QE7rP9acMKZsQsjwQYM44fzHgvizGQwgopt06y6je5Ne-f4kGAv9Uz0o8g7_SwbTy6saeXVpztKqY_rARfKMri7PFQjGRGxFaiCeor_EfXut5pK1QHNVkCTYCMde1l6njimYY2G_ktWolwSs8I8mZlcaY0tAKUln7NJka3hDXFRGIWHJABe1zK6-tDbdAbfAENknTY<\/a><\/p><\/div>\t\t\t\t\t\t<\/div>\n\t\t\t\t<\/div>\n\t\t\t\t\t<\/div>\n\t\t<\/div>\n\t\t\t\t\t\t\t<\/div>\n\t\t<\/section>\n\t\t\t\t\t\t\t<\/div>\n\t\t","protected":false},"excerpt":{"rendered":"<p>Governo lan\u00e7a projecto para Jovens. &#8220;Empreende Jovem&#8221; \u00e9 uma iniciativa do Programa das Na\u00e7\u00f5es Unidas para o Desenvolvimento, PNUD, cuja lideran\u00e7a institucional ser\u00e1 do Minist\u00e9rio da Juventude, Desporto e Empreendedorismo. [&hellip;]<\/p>\n","protected":false},"author":1,"featured_media":815,"comment_status":"open","ping_status":"open","sticky":false,"template":"","format":"standard","meta":{"content-type":"","footnotes":""},"categories":[48],"tags":[],"palavra-chave":[],"class_list":["post-814","post","type-post","status-publish","format-standard","has-post-thumbnail","hentry","category-sem-categoria","entry","has-media"],"aioseo_notices":[],"yoast_head":"<!-- This site is optimized with the Yoast SEO plugin v20.13 - https:\/\/yoast.com\/wordpress\/plugins\/seo\/ -->\n<title>Empreende Jovem em S\u00e3o Tom\u00e9 e Pr\u00edncipe - atlasgeoculturalafricaatual.com<\/title>\n<meta name=\"robots\" content=\"index, follow, max-snippet:-1, max-image-preview:large, max-video-preview:-1\" \/>\n<link rel=\"canonical\" href=\"https:\/\/atlasgeoculturalafricaatual.com\/index.php\/2020\/04\/21\/empreende-jovem-em-sao-tome-e-principe\/\" \/>\n<meta property=\"og:locale\" content=\"pt_BR\" \/>\n<meta property=\"og:type\" content=\"article\" \/>\n<meta property=\"og:title\" content=\"Empreende Jovem em S\u00e3o Tom\u00e9 e Pr\u00edncipe - atlasgeoculturalafricaatual.com\" \/>\n<meta property=\"og:description\" content=\"Governo lan\u00e7a projecto para Jovens. &#8220;Empreende Jovem&#8221; \u00e9 uma iniciativa do Programa das Na\u00e7\u00f5es Unidas para o Desenvolvimento, PNUD, cuja lideran\u00e7a institucional ser\u00e1 do Minist\u00e9rio da Juventude, Desporto e Empreendedorismo. [&hellip;]\" \/>\n<meta property=\"og:url\" content=\"https:\/\/atlasgeoculturalafricaatual.com\/index.php\/2020\/04\/21\/empreende-jovem-em-sao-tome-e-principe\/\" \/>\n<meta property=\"og:site_name\" content=\"atlasgeoculturalafricaatual.com\" \/>\n<meta property=\"article:published_time\" content=\"2020-04-21T18:16:18+00:00\" \/>\n<meta name=\"author\" content=\"atlasgeoculturalafricaatual.com\" \/>\n<meta name=\"twitter:card\" content=\"summary_large_image\" \/>\n<meta name=\"twitter:label1\" content=\"Escrito por\" \/>\n\t<meta name=\"twitter:data1\" content=\"atlasgeoculturalafricaatual.com\" \/>\n\t<meta name=\"twitter:label2\" content=\"Est. tempo de leitura\" \/>\n\t<meta name=\"twitter:data2\" content=\"1 minuto\" \/>\n<script type=\"application\/ld+json\" class=\"yoast-schema-graph\">{\"@context\":\"https:\/\/schema.org\",\"@graph\":[{\"@type\":\"Article\",\"@id\":\"https:\/\/atlasgeoculturalafricaatual.com\/index.php\/2020\/04\/21\/empreende-jovem-em-sao-tome-e-principe\/#article\",\"isPartOf\":{\"@id\":\"https:\/\/atlasgeoculturalafricaatual.com\/index.php\/2020\/04\/21\/empreende-jovem-em-sao-tome-e-principe\/\"},\"author\":{\"name\":\"atlasgeoculturalafricaatual.com\",\"@id\":\"https:\/\/atlasgeoculturalafricaatual.com\/#\/schema\/person\/eeee269288097965a8c6f963043e4062\"},\"headline\":\"Empreende Jovem em S\u00e3o Tom\u00e9 e Pr\u00edncipe\",\"datePublished\":\"2020-04-21T18:16:18+00:00\",\"dateModified\":\"2020-04-21T18:16:18+00:00\",\"mainEntityOfPage\":{\"@id\":\"https:\/\/atlasgeoculturalafricaatual.com\/index.php\/2020\/04\/21\/empreende-jovem-em-sao-tome-e-principe\/\"},\"wordCount\":232,\"commentCount\":1,\"publisher\":{\"@id\":\"https:\/\/atlasgeoculturalafricaatual.com\/#organization\"},\"articleSection\":[\"A Africa\"],\"inLanguage\":\"pt-BR\",\"potentialAction\":[{\"@type\":\"CommentAction\",\"name\":\"Comment\",\"target\":[\"https:\/\/atlasgeoculturalafricaatual.com\/index.php\/2020\/04\/21\/empreende-jovem-em-sao-tome-e-principe\/#respond\"]}]},{\"@type\":\"WebPage\",\"@id\":\"https:\/\/atlasgeoculturalafricaatual.com\/index.php\/2020\/04\/21\/empreende-jovem-em-sao-tome-e-principe\/\",\"url\":\"https:\/\/atlasgeoculturalafricaatual.com\/index.php\/2020\/04\/21\/empreende-jovem-em-sao-tome-e-principe\/\",\"name\":\"Empreende Jovem em S\u00e3o Tom\u00e9 e Pr\u00edncipe - atlasgeoculturalafricaatual.com\",\"isPartOf\":{\"@id\":\"https:\/\/atlasgeoculturalafricaatual.com\/#website\"},\"datePublished\":\"2020-04-21T18:16:18+00:00\",\"dateModified\":\"2020-04-21T18:16:18+00:00\",\"breadcrumb\":{\"@id\":\"https:\/\/atlasgeoculturalafricaatual.com\/index.php\/2020\/04\/21\/empreende-jovem-em-sao-tome-e-principe\/#breadcrumb\"},\"inLanguage\":\"pt-BR\",\"potentialAction\":[{\"@type\":\"ReadAction\",\"target\":[\"https:\/\/atlasgeoculturalafricaatual.com\/index.php\/2020\/04\/21\/empreende-jovem-em-sao-tome-e-principe\/\"]}]},{\"@type\":\"BreadcrumbList\",\"@id\":\"https:\/\/atlasgeoculturalafricaatual.com\/index.php\/2020\/04\/21\/empreende-jovem-em-sao-tome-e-principe\/#breadcrumb\",\"itemListElement\":[{\"@type\":\"ListItem\",\"position\":1,\"name\":\"In\u00edcio\",\"item\":\"https:\/\/atlasgeoculturalafricaatual.com\/\"},{\"@type\":\"ListItem\",\"position\":2,\"name\":\"Empreende Jovem em S\u00e3o Tom\u00e9 e Pr\u00edncipe\"}]},{\"@type\":\"WebSite\",\"@id\":\"https:\/\/atlasgeoculturalafricaatual.com\/#website\",\"url\":\"https:\/\/atlasgeoculturalafricaatual.com\/\",\"name\":\"atlasgeoculturalafricaatual.com\",\"description\":\"O Atlas Geocultural da \u00c1frica \u00e9 um rico material de leitura e pesquisa, que visa apresentar de forma atual os pa\u00edses africanos, ainda t\u00e3o pouco conhecidos.\",\"publisher\":{\"@id\":\"https:\/\/atlasgeoculturalafricaatual.com\/#organization\"},\"potentialAction\":[{\"@type\":\"SearchAction\",\"target\":{\"@type\":\"EntryPoint\",\"urlTemplate\":\"https:\/\/atlasgeoculturalafricaatual.com\/?s={search_term_string}\"},\"query-input\":\"required name=search_term_string\"}],\"inLanguage\":\"pt-BR\"},{\"@type\":\"Organization\",\"@id\":\"https:\/\/atlasgeoculturalafricaatual.com\/#organization\",\"name\":\"atlasgeoculturalafricaatual.com\",\"url\":\"https:\/\/atlasgeoculturalafricaatual.com\/\",\"logo\":{\"@type\":\"ImageObject\",\"inLanguage\":\"pt-BR\",\"@id\":\"https:\/\/atlasgeoculturalafricaatual.com\/#\/schema\/logo\/image\/\",\"url\":\"http:\/\/atlasgeoculturalafricaatual.com\/wp-content\/uploads\/2023\/06\/LOGOEIROS_Prancheta-1-tipo-preto.png\",\"contentUrl\":\"http:\/\/atlasgeoculturalafricaatual.com\/wp-content\/uploads\/2023\/06\/LOGOEIROS_Prancheta-1-tipo-preto.png\",\"width\":1667,\"height\":730,\"caption\":\"atlasgeoculturalafricaatual.com\"},\"image\":{\"@id\":\"https:\/\/atlasgeoculturalafricaatual.com\/#\/schema\/logo\/image\/\"}},{\"@type\":\"Person\",\"@id\":\"https:\/\/atlasgeoculturalafricaatual.com\/#\/schema\/person\/eeee269288097965a8c6f963043e4062\",\"name\":\"atlasgeoculturalafricaatual.com\",\"image\":{\"@type\":\"ImageObject\",\"inLanguage\":\"pt-BR\",\"@id\":\"https:\/\/atlasgeoculturalafricaatual.com\/#\/schema\/person\/image\/\",\"url\":\"https:\/\/secure.gravatar.com\/avatar\/7af55f21031d350b316a54060d50821f?s=96&d=mm&r=g\",\"contentUrl\":\"https:\/\/secure.gravatar.com\/avatar\/7af55f21031d350b316a54060d50821f?s=96&d=mm&r=g\",\"caption\":\"atlasgeoculturalafricaatual.com\"},\"sameAs\":[\"http:\/\/atlasgeoculturalafricaatual.com\"],\"url\":\"https:\/\/atlasgeoculturalafricaatual.com\/index.php\/author\/atlasgeoculturalafricaatual-com\/\"}]}<\/script>\n<!-- \/ Yoast SEO plugin. -->","yoast_head_json":{"title":"Empreende Jovem em S\u00e3o Tom\u00e9 e Pr\u00edncipe - atlasgeoculturalafricaatual.com","robots":{"index":"index","follow":"follow","max-snippet":"max-snippet:-1","max-image-preview":"max-image-preview:large","max-video-preview":"max-video-preview:-1"},"canonical":"https:\/\/atlasgeoculturalafricaatual.com\/index.php\/2020\/04\/21\/empreende-jovem-em-sao-tome-e-principe\/","og_locale":"pt_BR","og_type":"article","og_title":"Empreende Jovem em S\u00e3o Tom\u00e9 e Pr\u00edncipe - atlasgeoculturalafricaatual.com","og_description":"Governo lan\u00e7a projecto para Jovens. &#8220;Empreende Jovem&#8221; \u00e9 uma iniciativa do Programa das Na\u00e7\u00f5es Unidas para o Desenvolvimento, PNUD, cuja lideran\u00e7a institucional ser\u00e1 do Minist\u00e9rio da Juventude, Desporto e Empreendedorismo. [&hellip;]","og_url":"https:\/\/atlasgeoculturalafricaatual.com\/index.php\/2020\/04\/21\/empreende-jovem-em-sao-tome-e-principe\/","og_site_name":"atlasgeoculturalafricaatual.com","article_published_time":"2020-04-21T18:16:18+00:00","author":"atlasgeoculturalafricaatual.com","twitter_card":"summary_large_image","twitter_misc":{"Escrito por":"atlasgeoculturalafricaatual.com","Est. tempo de leitura":"1 minuto"},"schema":{"@context":"https:\/\/schema.org","@graph":[{"@type":"Article","@id":"https:\/\/atlasgeoculturalafricaatual.com\/index.php\/2020\/04\/21\/empreende-jovem-em-sao-tome-e-principe\/#article","isPartOf":{"@id":"https:\/\/atlasgeoculturalafricaatual.com\/index.php\/2020\/04\/21\/empreende-jovem-em-sao-tome-e-principe\/"},"author":{"name":"atlasgeoculturalafricaatual.com","@id":"https:\/\/atlasgeoculturalafricaatual.com\/#\/schema\/person\/eeee269288097965a8c6f963043e4062"},"headline":"Empreende Jovem em S\u00e3o Tom\u00e9 e Pr\u00edncipe","datePublished":"2020-04-21T18:16:18+00:00","dateModified":"2020-04-21T18:16:18+00:00","mainEntityOfPage":{"@id":"https:\/\/atlasgeoculturalafricaatual.com\/index.php\/2020\/04\/21\/empreende-jovem-em-sao-tome-e-principe\/"},"wordCount":232,"commentCount":1,"publisher":{"@id":"https:\/\/atlasgeoculturalafricaatual.com\/#organization"},"articleSection":["A Africa"],"inLanguage":"pt-BR","potentialAction":[{"@type":"CommentAction","name":"Comment","target":["https:\/\/atlasgeoculturalafricaatual.com\/index.php\/2020\/04\/21\/empreende-jovem-em-sao-tome-e-principe\/#respond"]}]},{"@type":"WebPage","@id":"https:\/\/atlasgeoculturalafricaatual.com\/index.php\/2020\/04\/21\/empreende-jovem-em-sao-tome-e-principe\/","url":"https:\/\/atlasgeoculturalafricaatual.com\/index.php\/2020\/04\/21\/empreende-jovem-em-sao-tome-e-principe\/","name":"Empreende Jovem em S\u00e3o Tom\u00e9 e Pr\u00edncipe - atlasgeoculturalafricaatual.com","isPartOf":{"@id":"https:\/\/atlasgeoculturalafricaatual.com\/#website"},"datePublished":"2020-04-21T18:16:18+00:00","dateModified":"2020-04-21T18:16:18+00:00","breadcrumb":{"@id":"https:\/\/atlasgeoculturalafricaatual.com\/index.php\/2020\/04\/21\/empreende-jovem-em-sao-tome-e-principe\/#breadcrumb"},"inLanguage":"pt-BR","potentialAction":[{"@type":"ReadAction","target":["https:\/\/atlasgeoculturalafricaatual.com\/index.php\/2020\/04\/21\/empreende-jovem-em-sao-tome-e-principe\/"]}]},{"@type":"BreadcrumbList","@id":"https:\/\/atlasgeoculturalafricaatual.com\/index.php\/2020\/04\/21\/empreende-jovem-em-sao-tome-e-principe\/#breadcrumb","itemListElement":[{"@type":"ListItem","position":1,"name":"In\u00edcio","item":"https:\/\/atlasgeoculturalafricaatual.com\/"},{"@type":"ListItem","position":2,"name":"Empreende Jovem em S\u00e3o Tom\u00e9 e Pr\u00edncipe"}]},{"@type":"WebSite","@id":"https:\/\/atlasgeoculturalafricaatual.com\/#website","url":"https:\/\/atlasgeoculturalafricaatual.com\/","name":"atlasgeoculturalafricaatual.com","description":"O Atlas Geocultural da \u00c1frica \u00e9 um rico material de leitura e pesquisa, que visa apresentar de forma atual os pa\u00edses africanos, ainda t\u00e3o pouco conhecidos.","publisher":{"@id":"https:\/\/atlasgeoculturalafricaatual.com\/#organization"},"potentialAction":[{"@type":"SearchAction","target":{"@type":"EntryPoint","urlTemplate":"https:\/\/atlasgeoculturalafricaatual.com\/?s={search_term_string}"},"query-input":"required name=search_term_string"}],"inLanguage":"pt-BR"},{"@type":"Organization","@id":"https:\/\/atlasgeoculturalafricaatual.com\/#organization","name":"atlasgeoculturalafricaatual.com","url":"https:\/\/atlasgeoculturalafricaatual.com\/","logo":{"@type":"ImageObject","inLanguage":"pt-BR","@id":"https:\/\/atlasgeoculturalafricaatual.com\/#\/schema\/logo\/image\/","url":"http:\/\/atlasgeoculturalafricaatual.com\/wp-content\/uploads\/2023\/06\/LOGOEIROS_Prancheta-1-tipo-preto.png","contentUrl":"http:\/\/atlasgeoculturalafricaatual.com\/wp-content\/uploads\/2023\/06\/LOGOEIROS_Prancheta-1-tipo-preto.png","width":1667,"height":730,"caption":"atlasgeoculturalafricaatual.com"},"image":{"@id":"https:\/\/atlasgeoculturalafricaatual.com\/#\/schema\/logo\/image\/"}},{"@type":"Person","@id":"https:\/\/atlasgeoculturalafricaatual.com\/#\/schema\/person\/eeee269288097965a8c6f963043e4062","name":"atlasgeoculturalafricaatual.com","image":{"@type":"ImageObject","inLanguage":"pt-BR","@id":"https:\/\/atlasgeoculturalafricaatual.com\/#\/schema\/person\/image\/","url":"https:\/\/secure.gravatar.com\/avatar\/7af55f21031d350b316a54060d50821f?s=96&d=mm&r=g","contentUrl":"https:\/\/secure.gravatar.com\/avatar\/7af55f21031d350b316a54060d50821f?s=96&d=mm&r=g","caption":"atlasgeoculturalafricaatual.com"},"sameAs":["http:\/\/atlasgeoculturalafricaatual.com"],"url":"https:\/\/atlasgeoculturalafricaatual.com\/index.php\/author\/atlasgeoculturalafricaatual-com\/"}]}},"_links":{"self":[{"href":"https:\/\/atlasgeoculturalafricaatual.com\/index.php\/wp-json\/wp\/v2\/posts\/814","targetHints":{"allow":["GET"]}}],"collection":[{"href":"https:\/\/atlasgeoculturalafricaatual.com\/index.php\/wp-json\/wp\/v2\/posts"}],"about":[{"href":"https:\/\/atlasgeoculturalafricaatual.com\/index.php\/wp-json\/wp\/v2\/types\/post"}],"author":[{"embeddable":true,"href":"https:\/\/atlasgeoculturalafricaatual.com\/index.php\/wp-json\/wp\/v2\/users\/1"}],"replies":[{"embeddable":true,"href":"https:\/\/atlasgeoculturalafricaatual.com\/index.php\/wp-json\/wp\/v2\/comments?post=814"}],"version-history":[{"count":0,"href":"https:\/\/atlasgeoculturalafricaatual.com\/index.php\/wp-json\/wp\/v2\/posts\/814\/revisions"}],"wp:featuredmedia":[{"embeddable":true,"href":"https:\/\/atlasgeoculturalafricaatual.com\/index.php\/wp-json\/wp\/v2\/media\/815"}],"wp:attachment":[{"href":"https:\/\/atlasgeoculturalafricaatual.com\/index.php\/wp-json\/wp\/v2\/media?parent=814"}],"wp:term":[{"taxonomy":"category","embeddable":true,"href":"https:\/\/atlasgeoculturalafricaatual.com\/index.php\/wp-json\/wp\/v2\/categories?post=814"},{"taxonomy":"post_tag","embeddable":true,"href":"https:\/\/atlasgeoculturalafricaatual.com\/index.php\/wp-json\/wp\/v2\/tags?post=814"},{"taxonomy":"palavra-chave","embeddable":true,"href":"https:\/\/atlasgeoculturalafricaatual.com\/index.php\/wp-json\/wp\/v2\/palavra-chave?post=814"}],"curies":[{"name":"wp","href":"https:\/\/api.w.org\/{rel}","templated":true}]}}