{"id":8109,"date":"2023-08-02T21:11:42","date_gmt":"2023-08-03T00:11:42","guid":{"rendered":"https:\/\/atlasgeoculturalafricaatual.com\/?p=8109"},"modified":"2023-08-02T21:11:42","modified_gmt":"2023-08-03T00:11:42","slug":"exposicao-inedita-memoria-do-imperio","status":"publish","type":"post","link":"https:\/\/atlasgeoculturalafricaatual.com\/index.php\/2023\/08\/02\/exposicao-inedita-memoria-do-imperio\/","title":{"rendered":"Exposi\u00e7\u00e3o in\u00e9dita &#8220;Mem\u00f3ria do Imp\u00e9rio&#8221;"},"content":{"rendered":"\n<p>A exposi\u00e7\u00e3o in\u00e9dita &#8220;Mem\u00f3ria do Imp\u00e9rio&#8221; acontece na Casa de Vidro do Museu de Campinas, com entrada gratuita. Confira a programa\u00e7\u00e3o e presitigie esse trabalho enriquecedor!<\/p>\n\n\n\n<figure class=\"wp-block-image size-large\"><img loading=\"lazy\" decoding=\"async\" width=\"819\" height=\"1024\" src=\"https:\/\/atlasgeoculturalafricaatual.com\/wp-content\/uploads\/2023\/08\/362627585_1469657173858311_7668616763558498288_n-819x1024.jpg\" alt=\"\" class=\"wp-image-8110\" srcset=\"https:\/\/atlasgeoculturalafricaatual.com\/wp-content\/uploads\/2023\/08\/362627585_1469657173858311_7668616763558498288_n-819x1024.jpg 819w, https:\/\/atlasgeoculturalafricaatual.com\/wp-content\/uploads\/2023\/08\/362627585_1469657173858311_7668616763558498288_n-240x300.jpg 240w, https:\/\/atlasgeoculturalafricaatual.com\/wp-content\/uploads\/2023\/08\/362627585_1469657173858311_7668616763558498288_n-768x960.jpg 768w, https:\/\/atlasgeoculturalafricaatual.com\/wp-content\/uploads\/2023\/08\/362627585_1469657173858311_7668616763558498288_n.jpg 1080w\" sizes=\"auto, (max-width: 819px) 100vw, 819px\" \/><\/figure>\n","protected":false},"excerpt":{"rendered":"<p>A exposi\u00e7\u00e3o in\u00e9dita &#8220;Mem\u00f3ria do Imp\u00e9rio&#8221; acontece na Casa de Vidro do Museu de Campinas, com entrada gratuita. Confira a programa\u00e7\u00e3o e presitigie esse trabalho enriquecedor!<\/p>\n","protected":false},"author":2,"featured_media":0,"comment_status":"open","ping_status":"open","sticky":false,"template":"","format":"standard","meta":{"content-type":"","footnotes":""},"categories":[1],"tags":[],"palavra-chave":[],"class_list":["post-8109","post","type-post","status-publish","format-standard","hentry","category-blog","entry"],"aioseo_notices":[],"yoast_head":"<!-- This site is optimized with the Yoast SEO plugin v20.13 - https:\/\/yoast.com\/wordpress\/plugins\/seo\/ -->\n<title>Exposi\u00e7\u00e3o in\u00e9dita &quot;Mem\u00f3ria do Imp\u00e9rio&quot; - atlasgeoculturalafricaatual.com<\/title>\n<meta name=\"robots\" content=\"index, follow, max-snippet:-1, max-image-preview:large, max-video-preview:-1\" \/>\n<link rel=\"canonical\" href=\"https:\/\/atlasgeoculturalafricaatual.com\/index.php\/2023\/08\/02\/exposicao-inedita-memoria-do-imperio\/\" \/>\n<meta property=\"og:locale\" content=\"pt_BR\" \/>\n<meta property=\"og:type\" content=\"article\" \/>\n<meta property=\"og:title\" content=\"Exposi\u00e7\u00e3o in\u00e9dita &quot;Mem\u00f3ria do Imp\u00e9rio&quot; - atlasgeoculturalafricaatual.com\" \/>\n<meta property=\"og:description\" content=\"A exposi\u00e7\u00e3o in\u00e9dita &#8220;Mem\u00f3ria do Imp\u00e9rio&#8221; acontece na Casa de Vidro do Museu de Campinas, com entrada gratuita. Confira a programa\u00e7\u00e3o e presitigie esse trabalho enriquecedor!\" \/>\n<meta property=\"og:url\" content=\"https:\/\/atlasgeoculturalafricaatual.com\/index.php\/2023\/08\/02\/exposicao-inedita-memoria-do-imperio\/\" \/>\n<meta property=\"og:site_name\" content=\"atlasgeoculturalafricaatual.com\" \/>\n<meta property=\"article:published_time\" content=\"2023-08-03T00:11:42+00:00\" \/>\n<meta property=\"og:image\" content=\"https:\/\/atlasgeoculturalafricaatual.com\/wp-content\/uploads\/2023\/08\/362627585_1469657173858311_7668616763558498288_n-819x1024.jpg\" \/>\n<meta name=\"author\" content=\"Isabel Xavier\" \/>\n<meta name=\"twitter:card\" content=\"summary_large_image\" \/>\n<meta name=\"twitter:label1\" content=\"Escrito por\" \/>\n\t<meta name=\"twitter:data1\" content=\"Isabel Xavier\" \/>\n<script type=\"application\/ld+json\" class=\"yoast-schema-graph\">{\"@context\":\"https:\/\/schema.org\",\"@graph\":[{\"@type\":\"Article\",\"@id\":\"https:\/\/atlasgeoculturalafricaatual.com\/index.php\/2023\/08\/02\/exposicao-inedita-memoria-do-imperio\/#article\",\"isPartOf\":{\"@id\":\"https:\/\/atlasgeoculturalafricaatual.com\/index.php\/2023\/08\/02\/exposicao-inedita-memoria-do-imperio\/\"},\"author\":{\"name\":\"Isabel Xavier\",\"@id\":\"https:\/\/atlasgeoculturalafricaatual.com\/#\/schema\/person\/275270ccd0d657af28fbd625ba218b9e\"},\"headline\":\"Exposi\u00e7\u00e3o in\u00e9dita &#8220;Mem\u00f3ria do Imp\u00e9rio&#8221;\",\"datePublished\":\"2023-08-03T00:11:42+00:00\",\"dateModified\":\"2023-08-03T00:11:42+00:00\",\"mainEntityOfPage\":{\"@id\":\"https:\/\/atlasgeoculturalafricaatual.com\/index.php\/2023\/08\/02\/exposicao-inedita-memoria-do-imperio\/\"},\"wordCount\":40,\"commentCount\":0,\"publisher\":{\"@id\":\"https:\/\/atlasgeoculturalafricaatual.com\/#organization\"},\"articleSection\":[\"Blog\"],\"inLanguage\":\"pt-BR\",\"potentialAction\":[{\"@type\":\"CommentAction\",\"name\":\"Comment\",\"target\":[\"https:\/\/atlasgeoculturalafricaatual.com\/index.php\/2023\/08\/02\/exposicao-inedita-memoria-do-imperio\/#respond\"]}]},{\"@type\":\"WebPage\",\"@id\":\"https:\/\/atlasgeoculturalafricaatual.com\/index.php\/2023\/08\/02\/exposicao-inedita-memoria-do-imperio\/\",\"url\":\"https:\/\/atlasgeoculturalafricaatual.com\/index.php\/2023\/08\/02\/exposicao-inedita-memoria-do-imperio\/\",\"name\":\"Exposi\u00e7\u00e3o in\u00e9dita \\\"Mem\u00f3ria do Imp\u00e9rio\\\" - atlasgeoculturalafricaatual.com\",\"isPartOf\":{\"@id\":\"https:\/\/atlasgeoculturalafricaatual.com\/#website\"},\"datePublished\":\"2023-08-03T00:11:42+00:00\",\"dateModified\":\"2023-08-03T00:11:42+00:00\",\"breadcrumb\":{\"@id\":\"https:\/\/atlasgeoculturalafricaatual.com\/index.php\/2023\/08\/02\/exposicao-inedita-memoria-do-imperio\/#breadcrumb\"},\"inLanguage\":\"pt-BR\",\"potentialAction\":[{\"@type\":\"ReadAction\",\"target\":[\"https:\/\/atlasgeoculturalafricaatual.com\/index.php\/2023\/08\/02\/exposicao-inedita-memoria-do-imperio\/\"]}]},{\"@type\":\"BreadcrumbList\",\"@id\":\"https:\/\/atlasgeoculturalafricaatual.com\/index.php\/2023\/08\/02\/exposicao-inedita-memoria-do-imperio\/#breadcrumb\",\"itemListElement\":[{\"@type\":\"ListItem\",\"position\":1,\"name\":\"In\u00edcio\",\"item\":\"https:\/\/atlasgeoculturalafricaatual.com\/\"},{\"@type\":\"ListItem\",\"position\":2,\"name\":\"Exposi\u00e7\u00e3o in\u00e9dita &#8220;Mem\u00f3ria do Imp\u00e9rio&#8221;\"}]},{\"@type\":\"WebSite\",\"@id\":\"https:\/\/atlasgeoculturalafricaatual.com\/#website\",\"url\":\"https:\/\/atlasgeoculturalafricaatual.com\/\",\"name\":\"atlasgeoculturalafricaatual.com\",\"description\":\"O Atlas Geocultural da \u00c1frica \u00e9 um rico material de leitura e pesquisa, que visa apresentar de forma atual os pa\u00edses africanos, ainda t\u00e3o pouco conhecidos.\",\"publisher\":{\"@id\":\"https:\/\/atlasgeoculturalafricaatual.com\/#organization\"},\"potentialAction\":[{\"@type\":\"SearchAction\",\"target\":{\"@type\":\"EntryPoint\",\"urlTemplate\":\"https:\/\/atlasgeoculturalafricaatual.com\/?s={search_term_string}\"},\"query-input\":\"required name=search_term_string\"}],\"inLanguage\":\"pt-BR\"},{\"@type\":\"Organization\",\"@id\":\"https:\/\/atlasgeoculturalafricaatual.com\/#organization\",\"name\":\"atlasgeoculturalafricaatual.com\",\"url\":\"https:\/\/atlasgeoculturalafricaatual.com\/\",\"logo\":{\"@type\":\"ImageObject\",\"inLanguage\":\"pt-BR\",\"@id\":\"https:\/\/atlasgeoculturalafricaatual.com\/#\/schema\/logo\/image\/\",\"url\":\"http:\/\/atlasgeoculturalafricaatual.com\/wp-content\/uploads\/2023\/06\/LOGOEIROS_Prancheta-1-tipo-preto.png\",\"contentUrl\":\"http:\/\/atlasgeoculturalafricaatual.com\/wp-content\/uploads\/2023\/06\/LOGOEIROS_Prancheta-1-tipo-preto.png\",\"width\":1667,\"height\":730,\"caption\":\"atlasgeoculturalafricaatual.com\"},\"image\":{\"@id\":\"https:\/\/atlasgeoculturalafricaatual.com\/#\/schema\/logo\/image\/\"}},{\"@type\":\"Person\",\"@id\":\"https:\/\/atlasgeoculturalafricaatual.com\/#\/schema\/person\/275270ccd0d657af28fbd625ba218b9e\",\"name\":\"Isabel Xavier\",\"image\":{\"@type\":\"ImageObject\",\"inLanguage\":\"pt-BR\",\"@id\":\"https:\/\/atlasgeoculturalafricaatual.com\/#\/schema\/person\/image\/\",\"url\":\"https:\/\/secure.gravatar.com\/avatar\/bad8abf40bea9333cf7c49e239456bd9?s=96&d=mm&r=g\",\"contentUrl\":\"https:\/\/secure.gravatar.com\/avatar\/bad8abf40bea9333cf7c49e239456bd9?s=96&d=mm&r=g\",\"caption\":\"Isabel Xavier\"},\"url\":\"https:\/\/atlasgeoculturalafricaatual.com\/index.php\/author\/webdesign-yta\/\"}]}<\/script>\n<!-- \/ Yoast SEO plugin. -->","yoast_head_json":{"title":"Exposi\u00e7\u00e3o in\u00e9dita \"Mem\u00f3ria do Imp\u00e9rio\" - atlasgeoculturalafricaatual.com","robots":{"index":"index","follow":"follow","max-snippet":"max-snippet:-1","max-image-preview":"max-image-preview:large","max-video-preview":"max-video-preview:-1"},"canonical":"https:\/\/atlasgeoculturalafricaatual.com\/index.php\/2023\/08\/02\/exposicao-inedita-memoria-do-imperio\/","og_locale":"pt_BR","og_type":"article","og_title":"Exposi\u00e7\u00e3o in\u00e9dita \"Mem\u00f3ria do Imp\u00e9rio\" - atlasgeoculturalafricaatual.com","og_description":"A exposi\u00e7\u00e3o in\u00e9dita &#8220;Mem\u00f3ria do Imp\u00e9rio&#8221; acontece na Casa de Vidro do Museu de Campinas, com entrada gratuita. Confira a programa\u00e7\u00e3o e presitigie esse trabalho enriquecedor!","og_url":"https:\/\/atlasgeoculturalafricaatual.com\/index.php\/2023\/08\/02\/exposicao-inedita-memoria-do-imperio\/","og_site_name":"atlasgeoculturalafricaatual.com","article_published_time":"2023-08-03T00:11:42+00:00","og_image":[{"url":"https:\/\/atlasgeoculturalafricaatual.com\/wp-content\/uploads\/2023\/08\/362627585_1469657173858311_7668616763558498288_n-819x1024.jpg"}],"author":"Isabel Xavier","twitter_card":"summary_large_image","twitter_misc":{"Escrito por":"Isabel Xavier"},"schema":{"@context":"https:\/\/schema.org","@graph":[{"@type":"Article","@id":"https:\/\/atlasgeoculturalafricaatual.com\/index.php\/2023\/08\/02\/exposicao-inedita-memoria-do-imperio\/#article","isPartOf":{"@id":"https:\/\/atlasgeoculturalafricaatual.com\/index.php\/2023\/08\/02\/exposicao-inedita-memoria-do-imperio\/"},"author":{"name":"Isabel Xavier","@id":"https:\/\/atlasgeoculturalafricaatual.com\/#\/schema\/person\/275270ccd0d657af28fbd625ba218b9e"},"headline":"Exposi\u00e7\u00e3o in\u00e9dita &#8220;Mem\u00f3ria do Imp\u00e9rio&#8221;","datePublished":"2023-08-03T00:11:42+00:00","dateModified":"2023-08-03T00:11:42+00:00","mainEntityOfPage":{"@id":"https:\/\/atlasgeoculturalafricaatual.com\/index.php\/2023\/08\/02\/exposicao-inedita-memoria-do-imperio\/"},"wordCount":40,"commentCount":0,"publisher":{"@id":"https:\/\/atlasgeoculturalafricaatual.com\/#organization"},"articleSection":["Blog"],"inLanguage":"pt-BR","potentialAction":[{"@type":"CommentAction","name":"Comment","target":["https:\/\/atlasgeoculturalafricaatual.com\/index.php\/2023\/08\/02\/exposicao-inedita-memoria-do-imperio\/#respond"]}]},{"@type":"WebPage","@id":"https:\/\/atlasgeoculturalafricaatual.com\/index.php\/2023\/08\/02\/exposicao-inedita-memoria-do-imperio\/","url":"https:\/\/atlasgeoculturalafricaatual.com\/index.php\/2023\/08\/02\/exposicao-inedita-memoria-do-imperio\/","name":"Exposi\u00e7\u00e3o in\u00e9dita \"Mem\u00f3ria do Imp\u00e9rio\" - atlasgeoculturalafricaatual.com","isPartOf":{"@id":"https:\/\/atlasgeoculturalafricaatual.com\/#website"},"datePublished":"2023-08-03T00:11:42+00:00","dateModified":"2023-08-03T00:11:42+00:00","breadcrumb":{"@id":"https:\/\/atlasgeoculturalafricaatual.com\/index.php\/2023\/08\/02\/exposicao-inedita-memoria-do-imperio\/#breadcrumb"},"inLanguage":"pt-BR","potentialAction":[{"@type":"ReadAction","target":["https:\/\/atlasgeoculturalafricaatual.com\/index.php\/2023\/08\/02\/exposicao-inedita-memoria-do-imperio\/"]}]},{"@type":"BreadcrumbList","@id":"https:\/\/atlasgeoculturalafricaatual.com\/index.php\/2023\/08\/02\/exposicao-inedita-memoria-do-imperio\/#breadcrumb","itemListElement":[{"@type":"ListItem","position":1,"name":"In\u00edcio","item":"https:\/\/atlasgeoculturalafricaatual.com\/"},{"@type":"ListItem","position":2,"name":"Exposi\u00e7\u00e3o in\u00e9dita &#8220;Mem\u00f3ria do Imp\u00e9rio&#8221;"}]},{"@type":"WebSite","@id":"https:\/\/atlasgeoculturalafricaatual.com\/#website","url":"https:\/\/atlasgeoculturalafricaatual.com\/","name":"atlasgeoculturalafricaatual.com","description":"O Atlas Geocultural da \u00c1frica \u00e9 um rico material de leitura e pesquisa, que visa apresentar de forma atual os pa\u00edses africanos, ainda t\u00e3o pouco conhecidos.","publisher":{"@id":"https:\/\/atlasgeoculturalafricaatual.com\/#organization"},"potentialAction":[{"@type":"SearchAction","target":{"@type":"EntryPoint","urlTemplate":"https:\/\/atlasgeoculturalafricaatual.com\/?s={search_term_string}"},"query-input":"required name=search_term_string"}],"inLanguage":"pt-BR"},{"@type":"Organization","@id":"https:\/\/atlasgeoculturalafricaatual.com\/#organization","name":"atlasgeoculturalafricaatual.com","url":"https:\/\/atlasgeoculturalafricaatual.com\/","logo":{"@type":"ImageObject","inLanguage":"pt-BR","@id":"https:\/\/atlasgeoculturalafricaatual.com\/#\/schema\/logo\/image\/","url":"http:\/\/atlasgeoculturalafricaatual.com\/wp-content\/uploads\/2023\/06\/LOGOEIROS_Prancheta-1-tipo-preto.png","contentUrl":"http:\/\/atlasgeoculturalafricaatual.com\/wp-content\/uploads\/2023\/06\/LOGOEIROS_Prancheta-1-tipo-preto.png","width":1667,"height":730,"caption":"atlasgeoculturalafricaatual.com"},"image":{"@id":"https:\/\/atlasgeoculturalafricaatual.com\/#\/schema\/logo\/image\/"}},{"@type":"Person","@id":"https:\/\/atlasgeoculturalafricaatual.com\/#\/schema\/person\/275270ccd0d657af28fbd625ba218b9e","name":"Isabel Xavier","image":{"@type":"ImageObject","inLanguage":"pt-BR","@id":"https:\/\/atlasgeoculturalafricaatual.com\/#\/schema\/person\/image\/","url":"https:\/\/secure.gravatar.com\/avatar\/bad8abf40bea9333cf7c49e239456bd9?s=96&d=mm&r=g","contentUrl":"https:\/\/secure.gravatar.com\/avatar\/bad8abf40bea9333cf7c49e239456bd9?s=96&d=mm&r=g","caption":"Isabel Xavier"},"url":"https:\/\/atlasgeoculturalafricaatual.com\/index.php\/author\/webdesign-yta\/"}]}},"_links":{"self":[{"href":"https:\/\/atlasgeoculturalafricaatual.com\/index.php\/wp-json\/wp\/v2\/posts\/8109","targetHints":{"allow":["GET"]}}],"collection":[{"href":"https:\/\/atlasgeoculturalafricaatual.com\/index.php\/wp-json\/wp\/v2\/posts"}],"about":[{"href":"https:\/\/atlasgeoculturalafricaatual.com\/index.php\/wp-json\/wp\/v2\/types\/post"}],"author":[{"embeddable":true,"href":"https:\/\/atlasgeoculturalafricaatual.com\/index.php\/wp-json\/wp\/v2\/users\/2"}],"replies":[{"embeddable":true,"href":"https:\/\/atlasgeoculturalafricaatual.com\/index.php\/wp-json\/wp\/v2\/comments?post=8109"}],"version-history":[{"count":1,"href":"https:\/\/atlasgeoculturalafricaatual.com\/index.php\/wp-json\/wp\/v2\/posts\/8109\/revisions"}],"predecessor-version":[{"id":8111,"href":"https:\/\/atlasgeoculturalafricaatual.com\/index.php\/wp-json\/wp\/v2\/posts\/8109\/revisions\/8111"}],"wp:attachment":[{"href":"https:\/\/atlasgeoculturalafricaatual.com\/index.php\/wp-json\/wp\/v2\/media?parent=8109"}],"wp:term":[{"taxonomy":"category","embeddable":true,"href":"https:\/\/atlasgeoculturalafricaatual.com\/index.php\/wp-json\/wp\/v2\/categories?post=8109"},{"taxonomy":"post_tag","embeddable":true,"href":"https:\/\/atlasgeoculturalafricaatual.com\/index.php\/wp-json\/wp\/v2\/tags?post=8109"},{"taxonomy":"palavra-chave","embeddable":true,"href":"https:\/\/atlasgeoculturalafricaatual.com\/index.php\/wp-json\/wp\/v2\/palavra-chave?post=8109"}],"curies":[{"name":"wp","href":"https:\/\/api.w.org\/{rel}","templated":true}]}}