{"id":7768,"date":"2023-05-08T09:57:16","date_gmt":"2023-05-08T12:57:16","guid":{"rendered":"https:\/\/atlasgeoculturalafricaatual.com\/index.php\/2023\/05\/08\/mostra-cultural-afrofuturista-em-campinas\/"},"modified":"2023-05-08T09:57:16","modified_gmt":"2023-05-08T12:57:16","slug":"mostra-cultural-afrofuturista-em-campinas","status":"publish","type":"post","link":"https:\/\/atlasgeoculturalafricaatual.com\/index.php\/2023\/05\/08\/mostra-cultural-afrofuturista-em-campinas\/","title":{"rendered":"Mostra Cultural Afrofuturista em Campinas!"},"content":{"rendered":"\n<p>No m\u00eas que \u00e9 comemorado o dia internacional da \u00c1frica, a C\u00e2mara Municipal de Campinas recebe obras de arte em parceira com o Prof. Dr. Odair Marques da Silva, curador da Mostra Cultural Afrofuturista.<br>A exposi\u00e7\u00e3o foi viabilizada pelo vereador Prof. Alberto com o objetivo de divulgar a\u00e7\u00f5es que valorizam a \u00c1frica no Brasil.<br>J\u00e1 est\u00e1 em exposi\u00e7\u00e3o a partir do dia 03 de maio, um grande mapa do continente africano feito \u00e1 m\u00e3o com diversos recortes em tecido (capulanas) que representam os 54 pa\u00edses do continente. Obra \u00fanica no pa\u00eds, que faz parte do acervo de pe\u00e7as de curadoria do professor Odair.<br><br>No dia 23 de maio, mais 06 pe\u00e7as exclusivas ir\u00e3o compor a exposi\u00e7\u00e3o, que ficar\u00e1 dispon\u00edvel para o p\u00fablico durante uma semana.<br><br><br><br><\/p>\n\n\n\n<figure class=\"wp-block-gallery has-nested-images columns-default is-cropped wp-block-gallery-1 is-layout-flex wp-block-gallery-is-layout-flex\">\n<figure class=\"wp-block-image size-large\"><img decoding=\"async\" data-id=\"7771\" src=\"httpsss:\/\/africaatual.com.br\/wp-content\/uploads\/2023\/05\/WhatsApp_Image_2023-05-03_at_12.36.07_1.jpeg.jpg\" alt=\"\" class=\"wp-image-7771\"\/><\/figure>\n\n\n\n<figure class=\"wp-block-image size-large\"><img decoding=\"async\" data-id=\"7770\" src=\"httpsss:\/\/africaatual.com.br\/wp-content\/uploads\/2023\/05\/WhatsApp_Image_2023-05-03_at_12.36.07.jpeg.jpg\" alt=\"\" class=\"wp-image-7770\"\/><\/figure>\n\n\n\n<figure class=\"wp-block-image size-large\"><img decoding=\"async\" data-id=\"7769\" src=\"httpsss:\/\/africaatual.com.br\/wp-content\/uploads\/2023\/05\/WhatsApp_Image_2023-05-03_at_12.36.06.jpeg.jpg\" alt=\"\" class=\"wp-image-7769\"\/><\/figure>\n<\/figure>\n","protected":false},"excerpt":{"rendered":"<p>No m\u00eas que \u00e9 comemorado o dia internacional da \u00c1frica, a C\u00e2mara Municipal de Campinas recebe obras de arte em parceira com o Prof. Dr. Odair Marques da Silva, curador [&hellip;]<\/p>\n","protected":false},"author":1,"featured_media":7769,"comment_status":"open","ping_status":"open","sticky":false,"template":"","format":"standard","meta":{"content-type":"","footnotes":""},"categories":[48,66],"tags":[76],"palavra-chave":[],"class_list":["post-7768","post","type-post","status-publish","format-standard","has-post-thumbnail","hentry","category-sem-categoria","category-arte-e-cultura","tag-mostra-cultural","entry","has-media"],"aioseo_notices":[],"yoast_head":"<!-- This site is optimized with the Yoast SEO plugin v20.13 - https:\/\/yoast.com\/wordpress\/plugins\/seo\/ -->\n<title>Mostra Cultural Afrofuturista em Campinas! - atlasgeoculturalafricaatual.com<\/title>\n<meta name=\"description\" content=\"No m\u00eas que \u00e9 comemorado o dia internacional da \u00c1frica, a C\u00e2mara Municipal de Campinas recebe obras de arte em parceira com o Prof. Dr. Odair Marques da Silva, curador da Mostra Cultural Afrofuturista.A exposi\u00e7\u00e3o foi viabilizada pelo vereador Prof. Alberto com o objetivo de divulgar a\u00e7\u00f5es que valorizam a \u00c1frica no Brasil.J\u00e1 est\u00e1 em exposi\u00e7\u00e3o a partir do dia 03 de maio, um grande mapa do continente africano feito \u00e1 m\u00e3o com diversos recortes em tecido (capulanas) que representam os 54 pa\u00edses do continente. Obra \u00fanica no pa\u00eds, que faz parte do acervo de pe\u00e7as de curadoria do professor Odair.No dia 23 de maio, mais 06 pe\u00e7as exclusivas ir\u00e3o compor a exposi\u00e7\u00e3o, que ficar\u00e1 dispon\u00edvel para o p\u00fablico durante uma semana.\" \/>\n<meta name=\"robots\" content=\"index, follow, max-snippet:-1, max-image-preview:large, max-video-preview:-1\" \/>\n<link rel=\"canonical\" href=\"https:\/\/atlasgeoculturalafricaatual.com\/index.php\/2023\/05\/08\/mostra-cultural-afrofuturista-em-campinas\/\" \/>\n<meta property=\"og:locale\" content=\"pt_BR\" \/>\n<meta property=\"og:type\" content=\"article\" \/>\n<meta property=\"og:title\" content=\"Mostra Cultural Afrofuturista em Campinas! - atlasgeoculturalafricaatual.com\" \/>\n<meta property=\"og:description\" content=\"No m\u00eas que \u00e9 comemorado o dia internacional da \u00c1frica, a C\u00e2mara Municipal de Campinas recebe obras de arte em parceira com o Prof. Dr. Odair Marques da Silva, curador da Mostra Cultural Afrofuturista.A exposi\u00e7\u00e3o foi viabilizada pelo vereador Prof. Alberto com o objetivo de divulgar a\u00e7\u00f5es que valorizam a \u00c1frica no Brasil.J\u00e1 est\u00e1 em exposi\u00e7\u00e3o a partir do dia 03 de maio, um grande mapa do continente africano feito \u00e1 m\u00e3o com diversos recortes em tecido (capulanas) que representam os 54 pa\u00edses do continente. Obra \u00fanica no pa\u00eds, que faz parte do acervo de pe\u00e7as de curadoria do professor Odair.No dia 23 de maio, mais 06 pe\u00e7as exclusivas ir\u00e3o compor a exposi\u00e7\u00e3o, que ficar\u00e1 dispon\u00edvel para o p\u00fablico durante uma semana.\" \/>\n<meta property=\"og:url\" content=\"https:\/\/atlasgeoculturalafricaatual.com\/index.php\/2023\/05\/08\/mostra-cultural-afrofuturista-em-campinas\/\" \/>\n<meta property=\"og:site_name\" content=\"atlasgeoculturalafricaatual.com\" \/>\n<meta property=\"article:published_time\" content=\"2023-05-08T12:57:16+00:00\" \/>\n<meta name=\"author\" content=\"atlasgeoculturalafricaatual.com\" \/>\n<meta name=\"twitter:card\" content=\"summary_large_image\" \/>\n<meta name=\"twitter:label1\" content=\"Escrito por\" \/>\n\t<meta name=\"twitter:data1\" content=\"atlasgeoculturalafricaatual.com\" \/>\n\t<meta name=\"twitter:label2\" content=\"Est. tempo de leitura\" \/>\n\t<meta name=\"twitter:data2\" content=\"2 minutos\" \/>\n<script type=\"application\/ld+json\" class=\"yoast-schema-graph\">{\"@context\":\"https:\/\/schema.org\",\"@graph\":[{\"@type\":\"Article\",\"@id\":\"https:\/\/atlasgeoculturalafricaatual.com\/index.php\/2023\/05\/08\/mostra-cultural-afrofuturista-em-campinas\/#article\",\"isPartOf\":{\"@id\":\"https:\/\/atlasgeoculturalafricaatual.com\/index.php\/2023\/05\/08\/mostra-cultural-afrofuturista-em-campinas\/\"},\"author\":{\"name\":\"atlasgeoculturalafricaatual.com\",\"@id\":\"https:\/\/atlasgeoculturalafricaatual.com\/#\/schema\/person\/eeee269288097965a8c6f963043e4062\"},\"headline\":\"Mostra Cultural Afrofuturista em Campinas!\",\"datePublished\":\"2023-05-08T12:57:16+00:00\",\"dateModified\":\"2023-05-08T12:57:16+00:00\",\"mainEntityOfPage\":{\"@id\":\"https:\/\/atlasgeoculturalafricaatual.com\/index.php\/2023\/05\/08\/mostra-cultural-afrofuturista-em-campinas\/\"},\"wordCount\":138,\"commentCount\":0,\"publisher\":{\"@id\":\"https:\/\/atlasgeoculturalafricaatual.com\/#organization\"},\"keywords\":[\"Mostra Cultural\"],\"articleSection\":[\"A Africa\",\"Arte e Cultura\"],\"inLanguage\":\"pt-BR\",\"potentialAction\":[{\"@type\":\"CommentAction\",\"name\":\"Comment\",\"target\":[\"https:\/\/atlasgeoculturalafricaatual.com\/index.php\/2023\/05\/08\/mostra-cultural-afrofuturista-em-campinas\/#respond\"]}]},{\"@type\":\"WebPage\",\"@id\":\"https:\/\/atlasgeoculturalafricaatual.com\/index.php\/2023\/05\/08\/mostra-cultural-afrofuturista-em-campinas\/\",\"url\":\"https:\/\/atlasgeoculturalafricaatual.com\/index.php\/2023\/05\/08\/mostra-cultural-afrofuturista-em-campinas\/\",\"name\":\"Mostra Cultural Afrofuturista em Campinas! - atlasgeoculturalafricaatual.com\",\"isPartOf\":{\"@id\":\"https:\/\/atlasgeoculturalafricaatual.com\/#website\"},\"datePublished\":\"2023-05-08T12:57:16+00:00\",\"dateModified\":\"2023-05-08T12:57:16+00:00\",\"description\":\"No m\u00eas que \u00e9 comemorado o dia internacional da \u00c1frica, a C\u00e2mara Municipal de Campinas recebe obras de arte em parceira com o Prof. Dr. Odair Marques da Silva, curador da Mostra Cultural Afrofuturista.A exposi\u00e7\u00e3o foi viabilizada pelo vereador Prof. Alberto com o objetivo de divulgar a\u00e7\u00f5es que valorizam a \u00c1frica no Brasil.J\u00e1 est\u00e1 em exposi\u00e7\u00e3o a partir do dia 03 de maio, um grande mapa do continente africano feito \u00e1 m\u00e3o com diversos recortes em tecido (capulanas) que representam os 54 pa\u00edses do continente. Obra \u00fanica no pa\u00eds, que faz parte do acervo de pe\u00e7as de curadoria do professor Odair.No dia 23 de maio, mais 06 pe\u00e7as exclusivas ir\u00e3o compor a exposi\u00e7\u00e3o, que ficar\u00e1 dispon\u00edvel para o p\u00fablico durante uma semana.\",\"breadcrumb\":{\"@id\":\"https:\/\/atlasgeoculturalafricaatual.com\/index.php\/2023\/05\/08\/mostra-cultural-afrofuturista-em-campinas\/#breadcrumb\"},\"inLanguage\":\"pt-BR\",\"potentialAction\":[{\"@type\":\"ReadAction\",\"target\":[\"https:\/\/atlasgeoculturalafricaatual.com\/index.php\/2023\/05\/08\/mostra-cultural-afrofuturista-em-campinas\/\"]}]},{\"@type\":\"BreadcrumbList\",\"@id\":\"https:\/\/atlasgeoculturalafricaatual.com\/index.php\/2023\/05\/08\/mostra-cultural-afrofuturista-em-campinas\/#breadcrumb\",\"itemListElement\":[{\"@type\":\"ListItem\",\"position\":1,\"name\":\"In\u00edcio\",\"item\":\"https:\/\/atlasgeoculturalafricaatual.com\/\"},{\"@type\":\"ListItem\",\"position\":2,\"name\":\"Mostra Cultural Afrofuturista em Campinas!\"}]},{\"@type\":\"WebSite\",\"@id\":\"https:\/\/atlasgeoculturalafricaatual.com\/#website\",\"url\":\"https:\/\/atlasgeoculturalafricaatual.com\/\",\"name\":\"atlasgeoculturalafricaatual.com\",\"description\":\"O Atlas Geocultural da \u00c1frica \u00e9 um rico material de leitura e pesquisa, que visa apresentar de forma atual os pa\u00edses africanos, ainda t\u00e3o pouco conhecidos.\",\"publisher\":{\"@id\":\"https:\/\/atlasgeoculturalafricaatual.com\/#organization\"},\"potentialAction\":[{\"@type\":\"SearchAction\",\"target\":{\"@type\":\"EntryPoint\",\"urlTemplate\":\"https:\/\/atlasgeoculturalafricaatual.com\/?s={search_term_string}\"},\"query-input\":\"required name=search_term_string\"}],\"inLanguage\":\"pt-BR\"},{\"@type\":\"Organization\",\"@id\":\"https:\/\/atlasgeoculturalafricaatual.com\/#organization\",\"name\":\"atlasgeoculturalafricaatual.com\",\"url\":\"https:\/\/atlasgeoculturalafricaatual.com\/\",\"logo\":{\"@type\":\"ImageObject\",\"inLanguage\":\"pt-BR\",\"@id\":\"https:\/\/atlasgeoculturalafricaatual.com\/#\/schema\/logo\/image\/\",\"url\":\"http:\/\/atlasgeoculturalafricaatual.com\/wp-content\/uploads\/2023\/06\/LOGOEIROS_Prancheta-1-tipo-preto.png\",\"contentUrl\":\"http:\/\/atlasgeoculturalafricaatual.com\/wp-content\/uploads\/2023\/06\/LOGOEIROS_Prancheta-1-tipo-preto.png\",\"width\":1667,\"height\":730,\"caption\":\"atlasgeoculturalafricaatual.com\"},\"image\":{\"@id\":\"https:\/\/atlasgeoculturalafricaatual.com\/#\/schema\/logo\/image\/\"}},{\"@type\":\"Person\",\"@id\":\"https:\/\/atlasgeoculturalafricaatual.com\/#\/schema\/person\/eeee269288097965a8c6f963043e4062\",\"name\":\"atlasgeoculturalafricaatual.com\",\"image\":{\"@type\":\"ImageObject\",\"inLanguage\":\"pt-BR\",\"@id\":\"https:\/\/atlasgeoculturalafricaatual.com\/#\/schema\/person\/image\/\",\"url\":\"https:\/\/secure.gravatar.com\/avatar\/7af55f21031d350b316a54060d50821f?s=96&d=mm&r=g\",\"contentUrl\":\"https:\/\/secure.gravatar.com\/avatar\/7af55f21031d350b316a54060d50821f?s=96&d=mm&r=g\",\"caption\":\"atlasgeoculturalafricaatual.com\"},\"sameAs\":[\"http:\/\/atlasgeoculturalafricaatual.com\"],\"url\":\"https:\/\/atlasgeoculturalafricaatual.com\/index.php\/author\/atlasgeoculturalafricaatual-com\/\"}]}<\/script>\n<!-- \/ Yoast SEO plugin. -->","yoast_head_json":{"title":"Mostra Cultural Afrofuturista em Campinas! - atlasgeoculturalafricaatual.com","description":"No m\u00eas que \u00e9 comemorado o dia internacional da \u00c1frica, a C\u00e2mara Municipal de Campinas recebe obras de arte em parceira com o Prof. Dr. Odair Marques da Silva, curador da Mostra Cultural Afrofuturista.A exposi\u00e7\u00e3o foi viabilizada pelo vereador Prof. Alberto com o objetivo de divulgar a\u00e7\u00f5es que valorizam a \u00c1frica no Brasil.J\u00e1 est\u00e1 em exposi\u00e7\u00e3o a partir do dia 03 de maio, um grande mapa do continente africano feito \u00e1 m\u00e3o com diversos recortes em tecido (capulanas) que representam os 54 pa\u00edses do continente. Obra \u00fanica no pa\u00eds, que faz parte do acervo de pe\u00e7as de curadoria do professor Odair.No dia 23 de maio, mais 06 pe\u00e7as exclusivas ir\u00e3o compor a exposi\u00e7\u00e3o, que ficar\u00e1 dispon\u00edvel para o p\u00fablico durante uma semana.","robots":{"index":"index","follow":"follow","max-snippet":"max-snippet:-1","max-image-preview":"max-image-preview:large","max-video-preview":"max-video-preview:-1"},"canonical":"https:\/\/atlasgeoculturalafricaatual.com\/index.php\/2023\/05\/08\/mostra-cultural-afrofuturista-em-campinas\/","og_locale":"pt_BR","og_type":"article","og_title":"Mostra Cultural Afrofuturista em Campinas! - atlasgeoculturalafricaatual.com","og_description":"No m\u00eas que \u00e9 comemorado o dia internacional da \u00c1frica, a C\u00e2mara Municipal de Campinas recebe obras de arte em parceira com o Prof. Dr. Odair Marques da Silva, curador da Mostra Cultural Afrofuturista.A exposi\u00e7\u00e3o foi viabilizada pelo vereador Prof. Alberto com o objetivo de divulgar a\u00e7\u00f5es que valorizam a \u00c1frica no Brasil.J\u00e1 est\u00e1 em exposi\u00e7\u00e3o a partir do dia 03 de maio, um grande mapa do continente africano feito \u00e1 m\u00e3o com diversos recortes em tecido (capulanas) que representam os 54 pa\u00edses do continente. Obra \u00fanica no pa\u00eds, que faz parte do acervo de pe\u00e7as de curadoria do professor Odair.No dia 23 de maio, mais 06 pe\u00e7as exclusivas ir\u00e3o compor a exposi\u00e7\u00e3o, que ficar\u00e1 dispon\u00edvel para o p\u00fablico durante uma semana.","og_url":"https:\/\/atlasgeoculturalafricaatual.com\/index.php\/2023\/05\/08\/mostra-cultural-afrofuturista-em-campinas\/","og_site_name":"atlasgeoculturalafricaatual.com","article_published_time":"2023-05-08T12:57:16+00:00","author":"atlasgeoculturalafricaatual.com","twitter_card":"summary_large_image","twitter_misc":{"Escrito por":"atlasgeoculturalafricaatual.com","Est. tempo de leitura":"2 minutos"},"schema":{"@context":"https:\/\/schema.org","@graph":[{"@type":"Article","@id":"https:\/\/atlasgeoculturalafricaatual.com\/index.php\/2023\/05\/08\/mostra-cultural-afrofuturista-em-campinas\/#article","isPartOf":{"@id":"https:\/\/atlasgeoculturalafricaatual.com\/index.php\/2023\/05\/08\/mostra-cultural-afrofuturista-em-campinas\/"},"author":{"name":"atlasgeoculturalafricaatual.com","@id":"https:\/\/atlasgeoculturalafricaatual.com\/#\/schema\/person\/eeee269288097965a8c6f963043e4062"},"headline":"Mostra Cultural Afrofuturista em Campinas!","datePublished":"2023-05-08T12:57:16+00:00","dateModified":"2023-05-08T12:57:16+00:00","mainEntityOfPage":{"@id":"https:\/\/atlasgeoculturalafricaatual.com\/index.php\/2023\/05\/08\/mostra-cultural-afrofuturista-em-campinas\/"},"wordCount":138,"commentCount":0,"publisher":{"@id":"https:\/\/atlasgeoculturalafricaatual.com\/#organization"},"keywords":["Mostra Cultural"],"articleSection":["A Africa","Arte e Cultura"],"inLanguage":"pt-BR","potentialAction":[{"@type":"CommentAction","name":"Comment","target":["https:\/\/atlasgeoculturalafricaatual.com\/index.php\/2023\/05\/08\/mostra-cultural-afrofuturista-em-campinas\/#respond"]}]},{"@type":"WebPage","@id":"https:\/\/atlasgeoculturalafricaatual.com\/index.php\/2023\/05\/08\/mostra-cultural-afrofuturista-em-campinas\/","url":"https:\/\/atlasgeoculturalafricaatual.com\/index.php\/2023\/05\/08\/mostra-cultural-afrofuturista-em-campinas\/","name":"Mostra Cultural Afrofuturista em Campinas! - atlasgeoculturalafricaatual.com","isPartOf":{"@id":"https:\/\/atlasgeoculturalafricaatual.com\/#website"},"datePublished":"2023-05-08T12:57:16+00:00","dateModified":"2023-05-08T12:57:16+00:00","description":"No m\u00eas que \u00e9 comemorado o dia internacional da \u00c1frica, a C\u00e2mara Municipal de Campinas recebe obras de arte em parceira com o Prof. Dr. Odair Marques da Silva, curador da Mostra Cultural Afrofuturista.A exposi\u00e7\u00e3o foi viabilizada pelo vereador Prof. Alberto com o objetivo de divulgar a\u00e7\u00f5es que valorizam a \u00c1frica no Brasil.J\u00e1 est\u00e1 em exposi\u00e7\u00e3o a partir do dia 03 de maio, um grande mapa do continente africano feito \u00e1 m\u00e3o com diversos recortes em tecido (capulanas) que representam os 54 pa\u00edses do continente. Obra \u00fanica no pa\u00eds, que faz parte do acervo de pe\u00e7as de curadoria do professor Odair.No dia 23 de maio, mais 06 pe\u00e7as exclusivas ir\u00e3o compor a exposi\u00e7\u00e3o, que ficar\u00e1 dispon\u00edvel para o p\u00fablico durante uma semana.","breadcrumb":{"@id":"https:\/\/atlasgeoculturalafricaatual.com\/index.php\/2023\/05\/08\/mostra-cultural-afrofuturista-em-campinas\/#breadcrumb"},"inLanguage":"pt-BR","potentialAction":[{"@type":"ReadAction","target":["https:\/\/atlasgeoculturalafricaatual.com\/index.php\/2023\/05\/08\/mostra-cultural-afrofuturista-em-campinas\/"]}]},{"@type":"BreadcrumbList","@id":"https:\/\/atlasgeoculturalafricaatual.com\/index.php\/2023\/05\/08\/mostra-cultural-afrofuturista-em-campinas\/#breadcrumb","itemListElement":[{"@type":"ListItem","position":1,"name":"In\u00edcio","item":"https:\/\/atlasgeoculturalafricaatual.com\/"},{"@type":"ListItem","position":2,"name":"Mostra Cultural Afrofuturista em Campinas!"}]},{"@type":"WebSite","@id":"https:\/\/atlasgeoculturalafricaatual.com\/#website","url":"https:\/\/atlasgeoculturalafricaatual.com\/","name":"atlasgeoculturalafricaatual.com","description":"O Atlas Geocultural da \u00c1frica \u00e9 um rico material de leitura e pesquisa, que visa apresentar de forma atual os pa\u00edses africanos, ainda t\u00e3o pouco conhecidos.","publisher":{"@id":"https:\/\/atlasgeoculturalafricaatual.com\/#organization"},"potentialAction":[{"@type":"SearchAction","target":{"@type":"EntryPoint","urlTemplate":"https:\/\/atlasgeoculturalafricaatual.com\/?s={search_term_string}"},"query-input":"required name=search_term_string"}],"inLanguage":"pt-BR"},{"@type":"Organization","@id":"https:\/\/atlasgeoculturalafricaatual.com\/#organization","name":"atlasgeoculturalafricaatual.com","url":"https:\/\/atlasgeoculturalafricaatual.com\/","logo":{"@type":"ImageObject","inLanguage":"pt-BR","@id":"https:\/\/atlasgeoculturalafricaatual.com\/#\/schema\/logo\/image\/","url":"http:\/\/atlasgeoculturalafricaatual.com\/wp-content\/uploads\/2023\/06\/LOGOEIROS_Prancheta-1-tipo-preto.png","contentUrl":"http:\/\/atlasgeoculturalafricaatual.com\/wp-content\/uploads\/2023\/06\/LOGOEIROS_Prancheta-1-tipo-preto.png","width":1667,"height":730,"caption":"atlasgeoculturalafricaatual.com"},"image":{"@id":"https:\/\/atlasgeoculturalafricaatual.com\/#\/schema\/logo\/image\/"}},{"@type":"Person","@id":"https:\/\/atlasgeoculturalafricaatual.com\/#\/schema\/person\/eeee269288097965a8c6f963043e4062","name":"atlasgeoculturalafricaatual.com","image":{"@type":"ImageObject","inLanguage":"pt-BR","@id":"https:\/\/atlasgeoculturalafricaatual.com\/#\/schema\/person\/image\/","url":"https:\/\/secure.gravatar.com\/avatar\/7af55f21031d350b316a54060d50821f?s=96&d=mm&r=g","contentUrl":"https:\/\/secure.gravatar.com\/avatar\/7af55f21031d350b316a54060d50821f?s=96&d=mm&r=g","caption":"atlasgeoculturalafricaatual.com"},"sameAs":["http:\/\/atlasgeoculturalafricaatual.com"],"url":"https:\/\/atlasgeoculturalafricaatual.com\/index.php\/author\/atlasgeoculturalafricaatual-com\/"}]}},"_links":{"self":[{"href":"https:\/\/atlasgeoculturalafricaatual.com\/index.php\/wp-json\/wp\/v2\/posts\/7768","targetHints":{"allow":["GET"]}}],"collection":[{"href":"https:\/\/atlasgeoculturalafricaatual.com\/index.php\/wp-json\/wp\/v2\/posts"}],"about":[{"href":"https:\/\/atlasgeoculturalafricaatual.com\/index.php\/wp-json\/wp\/v2\/types\/post"}],"author":[{"embeddable":true,"href":"https:\/\/atlasgeoculturalafricaatual.com\/index.php\/wp-json\/wp\/v2\/users\/1"}],"replies":[{"embeddable":true,"href":"https:\/\/atlasgeoculturalafricaatual.com\/index.php\/wp-json\/wp\/v2\/comments?post=7768"}],"version-history":[{"count":0,"href":"https:\/\/atlasgeoculturalafricaatual.com\/index.php\/wp-json\/wp\/v2\/posts\/7768\/revisions"}],"wp:featuredmedia":[{"embeddable":true,"href":"https:\/\/atlasgeoculturalafricaatual.com\/index.php\/wp-json\/"}],"wp:attachment":[{"href":"https:\/\/atlasgeoculturalafricaatual.com\/index.php\/wp-json\/wp\/v2\/media?parent=7768"}],"wp:term":[{"taxonomy":"category","embeddable":true,"href":"https:\/\/atlasgeoculturalafricaatual.com\/index.php\/wp-json\/wp\/v2\/categories?post=7768"},{"taxonomy":"post_tag","embeddable":true,"href":"https:\/\/atlasgeoculturalafricaatual.com\/index.php\/wp-json\/wp\/v2\/tags?post=7768"},{"taxonomy":"palavra-chave","embeddable":true,"href":"https:\/\/atlasgeoculturalafricaatual.com\/index.php\/wp-json\/wp\/v2\/palavra-chave?post=7768"}],"curies":[{"name":"wp","href":"https:\/\/api.w.org\/{rel}","templated":true}]}}