{"id":7704,"date":"2023-04-28T16:56:34","date_gmt":"2023-04-28T19:56:34","guid":{"rendered":"https:\/\/atlasgeoculturalafricaatual.com\/index.php\/2023\/04\/28\/historia-1994-africa-do-sul-elege-mandela-em-primeiras-eleicoes-multirraciais\/"},"modified":"2023-04-28T16:56:34","modified_gmt":"2023-04-28T19:56:34","slug":"historia-1994-africa-do-sul-elege-mandela-em-primeiras-eleicoes-multirraciais","status":"publish","type":"post","link":"https:\/\/atlasgeoculturalafricaatual.com\/index.php\/2023\/04\/28\/historia-1994-africa-do-sul-elege-mandela-em-primeiras-eleicoes-multirraciais\/","title":{"rendered":"Hist\u00f3ria: 1994 &#8211; \u00c1frica do Sul elege Mandela em primeiras elei\u00e7\u00f5es multirraciais"},"content":{"rendered":"\n<p>Publicado originalmente no <a href=\"httpsss:\/\/operamundi.uol.com.br\/hoje-na-historia\/3833\/hoje-na-historia-1994-africa-do-sul-elege-mandela-em-primeiras-eleicoes-multirraciais\">Opera Mundi <\/a><br><br>Nelson Mandela foi eleito presidente da \u00c1frica do Sul nas primeiras elei\u00e7\u00f5es democr\u00e1ticas levadas a efeito ap\u00f3s a derrocada do sistema do apartheid, em 27 de abril de 1994.\u00a0<\/p>\n\n\n\n<p>Em 1964, o l\u00edder do Congresso Nacional Africano (CNA), havia sido condenado \u00e0 pris\u00e3o perp\u00e9tua. Passara a ser ent\u00e3o um dos prisioneiros pol\u00edticos mais c\u00e9lebres do mundo e numerosas campanhas em todos os quadrantes do globo eram levadas a cabo pela sua liberta\u00e7\u00e3o.&nbsp;<\/p>\n\n\n\n<p>Em 1990, depois de 27 anos de reclus\u00e3o, foi libertado pelo presidente De Klerk, com o qual viria a se aliar pela instaura\u00e7\u00e3o de um regime democr\u00e1tico. Ap\u00f3s as elei\u00e7\u00f5es, De Klerk ocuparia o posto de vice-presidente at\u00e9 1996.<\/p>\n\n\n\n<h2 class=\"wp-block-heading\">Como foi o apartheid na \u00c1frica do Sul&nbsp;<\/h2>\n\n\n\n<p>Colonizado pelos holandeses a partir do s\u00e9culo 17, a \u00c1frica do Sul tornou-se dom\u00ednio brit\u00e2nico em 1910. O pa\u00eds possu\u00eda j\u00e1 um pesado passado de discrimina\u00e7\u00e3o racial quando adotou o apartheid.&nbsp;<\/p>\n\n\n\n<p>Aplicado desde 1948, esta pol\u00edtica, que segundo seus autores pretendia favorecer o desenvolvimento do pa\u00eds e a preserva\u00e7\u00e3o das culturas de cada etnia, visava, sobretudo preservar a supremacia branca.&nbsp;<\/p>\n\n\n\n<p>Ao multiplicar as medidas de segrega\u00e7\u00e3o racial, o apartheid atra\u00eda cada vez mais as iras da opini\u00e3o p\u00fablica internacional especialmente porque se iniciava em todo o continente o processo de descoloniza\u00e7\u00e3o. Finalmente, o regime n\u00e3o resistiu nem \u00e0s manifesta\u00e7\u00f5es pol\u00edticas e sociais internas nem \u00e0 evolu\u00e7\u00e3o das ideias.<\/p>\n\n\n\n<p>Em 1949, uma lei que se destinava a separar categoricamente as diferentes etnias proibia o casamento misto. Mais tarde seria complementada pela proibi\u00e7\u00e3o formal de rela\u00e7\u00f5es sexuais mistas.<\/p>\n\n\n\n<p>Em 1950 \u00e9 promulgada a&nbsp;<strong>Lei de Registro Populacional<\/strong>&nbsp;a fim de distinguir as diferentes etnias, divididas em quatro grande grupos populacionais: negros (nove etnias), mesti\u00e7os, \u00edndios e brancos de origem europeia.&nbsp;<\/p>\n\n\n\n<p>Ainda neste ano, o governo sul-africano proscreve o comunismo. A lei tinha como finalidade barrar os protestos contra o apartheid. Mas a defini\u00e7\u00e3o de comunismo era t\u00e3o vaga que poderia facilmente se aplicar a indiv\u00edduos que se opunham ao regime, embora afastados dessa tend\u00eancia pol\u00edtica.<\/p>\n\n\n\n<p>No mesmo ano de 1950, em abril, \u00e9 sancionada a\u00a0<strong>Lei de \u00c1reas de Grupos<\/strong>\u00a0que objetivava repartir a popula\u00e7\u00e3o em zonas residenciais segundo crit\u00e9rios raciais. Como regra, as grandes zonas urbanas foram reservadas aos brancos. Os n\u00e3o-brancos passaram a morar em guetos urbanos, chamados de \u2018townships\u2019.<\/p>\n\n\n\n\n\n<figure class=\"wp-block-image size-full\"><img decoding=\"async\" src=\"httpsss:\/\/africaatual.com.br\/wp-content\/uploads\/2023\/04\/f05f07f1749f0e9c488e591957fed811_522d4a6b6164ff60d7615595c522c38e.png\" alt=\"\" class=\"wp-image-7712\"\/><figcaption class=\"wp-element-caption\">Wikipedia Commons<br><em>Mandela foi presidente da \u00c1frica do Sul entre 1994 e 1999<\/em><\/figcaption><\/figure>\n\n\n\n<p>Em 1952 \u00e9 aprovada a&nbsp;<strong>Lei do Passe Obrigat\u00f3rio<\/strong>&nbsp;que obrigava a todos os jovens n\u00e3o-brancos a portar uma esp\u00e9cie de passaporte. Esse documento deveria indicar a ra\u00e7a, lugar de resid\u00eancia e nome de seu patr\u00e3o. Deslocar-se para \u00e1reas proibidas poderia levar o transgressor \u00e0 pris\u00e3o.<\/p>\n\n\n\n<p>Em 1953 \u00e9 promulgada a<strong>&nbsp;Lei de Reserva de Servi\u00e7os Separados<\/strong>. Todos os lugares e servi\u00e7os p\u00fablicos seriam doravante objeto de segrega\u00e7\u00e3o racial \u2013 transportes, sanit\u00e1rios p\u00fablicos, educa\u00e7\u00e3o, parques, praias e locais p\u00fablicos em geral.&nbsp;<\/p>\n\n\n\n<p>Em 1953 ainda \u00e9 aprovada a&nbsp;<strong>Lei de Educa\u00e7\u00e3o Bantu&nbsp;<\/strong>a fim de diferenciar a educa\u00e7\u00e3o dos brancos e dos negros. As crian\u00e7as bantus seguiriam uma escolaridade em sua l\u00edngua de origem. Este ensino se apresenta menos completo do que aquele dispensado aos brancos.<\/p>\n\n\n\n<p>Em 1959 \u00e9 promulgada a&nbsp;<strong>Lei de Promo\u00e7\u00e3o do Auto-governo Bantu<\/strong>. Esta lei tinha por finalidade supostamente favorecer a autonomia das regi\u00f5es bantust\u00f5es reservada unicamente aos bantus e destinadas a se tornar independentes. Na realidade suprimia, para os n\u00e3o-brancos, qualquer possibilidade de participa\u00e7\u00e3o na vida pol\u00edtica nacional e da cidadania sul-africana.<\/p>\n\n\n\n<p>Em 1961 a Uni\u00e3o Sul-africana passa a se chamar Rep\u00fablica Sul-africana ou \u00c1frica do Sul e por decreto do primeiro-ministro&nbsp;<strong>Verwoerd&nbsp;<\/strong>sai da Commonwealth. Essa transforma\u00e7\u00e3o foi motivada pela intensifica\u00e7\u00e3o dos protestos internacionais.<\/p>\n\n\n\n<p>Em 1962, as Na\u00e7\u00f5es Unidas, diante das crescentes e sangrentas manifesta\u00e7\u00f5es internas e da rea\u00e7\u00e3o internacional, preconiza a interrup\u00e7\u00e3o de toda rela\u00e7\u00e3o diplom\u00e1tica ou comercial com o pa\u00eds.<\/p>\n\n\n\n<p>Em 1964, Nelson Mandela \u00e9 condenado \u00e0 pris\u00e3o perp\u00e9tua por trai\u00e7\u00e3o, terrorismo, assassinato, assalto a bancos e atentado \u00e0 bomba, ap\u00f3s ter se recusado a ser deixado livre em troca da ren\u00fancia \u00e0 luta armada contra o apartheid.<\/p>\n\n\n\n<p>Em 1968, a \u00c1frica do Sul \u00e9 exclu\u00edda dos Jogos Ol\u00edmpicos do M\u00e9xico.<\/p>\n\n\n\n<p>Em agosto de 1978 eclodem violentas manifesta\u00e7\u00f5es em Soweto, gueto de negros nos sub\u00farbios de Johannesburg. Outras sangrentas manifesta\u00e7\u00f5es se seguiram provocando centenas de mortos.<\/p>\n\n\n\n<p>Em setembro de 1977 morre nas masmorras de Pretoria Steven Biko, l\u00edder do Movimento da Consci\u00eancia Negra, em decorr\u00eancia de maus-tratos na pris\u00e3o. As autoridades invocaram uma greve de fome como respons\u00e1vel pela sua morte.<\/p>\n\n\n\n<p>Em seguida \u00e0 demiss\u00e3o do primeiro-ministro Balthazar Vorster, assume o poder em setembro de 1978, como presidente da Rep\u00fablica, Willem Botha, partid\u00e1rio do apartheid, quem radicaliza a exclus\u00e3o dos negros. Em 1989 daria lugar a&nbsp;<strong>Frederik de Klerk.<\/strong><\/p>\n\n\n\n<p>Face ao isolamento internacional crescente e as revoltas cada vez mais frequentes da popula\u00e7\u00e3o negra, De Klerk abole oficialmente o apartheid em junho de 1991.<\/p>\n\n\n\n<p>Antes em fevereiro de 1990 o Congresso Nacional Africano recobra a legalidade. Alguns dias mais tarde, Mandela \u00e9 posto em liberdade. Em abril de 1994, seria eleito presidente da Rep\u00fablica, logo ap\u00f3s ter recebido o&nbsp;<strong>Pr\u00eamio Nobel da Paz<\/strong>&nbsp;junto com De Klerk.<\/p>\n\n\n\n<h2 class=\"wp-block-heading\">Tamb\u00e9m nesta data:<\/h2>\n\n\n\n<p><a href=\"\/\/operamundi.uol.com.br\/conteudo\/noticias\/11495\/hoje+na+historia+1937++avioes+alemaes+bombardeiam+a+cidade+basca+de+guernica+.shtml\" target=\"_blank\" rel=\"noreferrer noopener\">1937 &#8211; Avi\u00f5es alem\u00e3es bombardeiam a cidade basca de Guernica<\/a><br><a href=\"\/\/operamundi.uol.com.br\/conteudo\/historia\/28578\/\" target=\"_blank\" rel=\"noreferrer noopener\">1960 &#8211; Togo obt\u00e9m independ\u00eancia da Fran\u00e7a<\/a><br><a href=\"\/\/operamundi.uol.com.br\/conteudo\/noticias\/21460\/hoje+na+historia+1978++com+apoio+sovietico+golpe+poe+fim+ao+governo+de+daoud+kahn+no+afeganistao.shtml\" target=\"_blank\" rel=\"noreferrer noopener\">1978 \u2013 Com apoio sovi\u00e9tico, golpe p\u00f5e fim ao governo de Daoud Kahn no Afeganist\u00e3o<\/a><br><a href=\"\/\/operamundi.uol.com.br\/conteudo\/historia\/35008\/hoje+na+historia+2007+%96+morre+mstislav+rostropovich+o+maior+violoncelista+de+sua+geracao.shtml\" target=\"_blank\" rel=\"noreferrer noopener\">2007 \u2013 Morre Mstislav Rostrop\u00f3vich, o maior violoncelista de sua gera\u00e7\u00e3o<\/a><\/p>\n\n\n\n<p><\/p>\n","protected":false},"excerpt":{"rendered":"<p>Nelson Mandela foi primeiro presidente eleito ap\u00f3s derrocada do sistema de apartheid na \u00c1frica do Sul, que era dominada pelo Reino Unido desde 1910<\/p>\n","protected":false},"author":1,"featured_media":7711,"comment_status":"open","ping_status":"open","sticky":false,"template":"elementor_theme","format":"standard","meta":{"content-type":"","footnotes":""},"categories":[48],"tags":[],"palavra-chave":[],"class_list":["post-7704","post","type-post","status-publish","format-standard","has-post-thumbnail","hentry","category-sem-categoria","entry","has-media"],"aioseo_notices":[],"yoast_head":"<!-- This site is optimized with the Yoast SEO plugin v20.13 - https:\/\/yoast.com\/wordpress\/plugins\/seo\/ -->\n<title>Hist\u00f3ria: 1994 - \u00c1frica do Sul elege Mandela em primeiras elei\u00e7\u00f5es multirraciais - atlasgeoculturalafricaatual.com<\/title>\n<meta name=\"description\" content=\"Nelson Mandela foi primeiro presidente eleito ap\u00f3s derrocada do sistema de apartheid na \u00c1frica do Sul, que era dominada pelo Reino Unido desde 1910\" \/>\n<meta name=\"robots\" content=\"index, follow, max-snippet:-1, max-image-preview:large, max-video-preview:-1\" \/>\n<link rel=\"canonical\" href=\"https:\/\/atlasgeoculturalafricaatual.com\/index.php\/2023\/04\/28\/historia-1994-africa-do-sul-elege-mandela-em-primeiras-eleicoes-multirraciais\/\" \/>\n<meta property=\"og:locale\" content=\"pt_BR\" \/>\n<meta property=\"og:type\" content=\"article\" \/>\n<meta property=\"og:title\" content=\"Hist\u00f3ria: 1994 - \u00c1frica do Sul elege Mandela em primeiras elei\u00e7\u00f5es multirraciais - atlasgeoculturalafricaatual.com\" \/>\n<meta property=\"og:description\" content=\"Nelson Mandela foi primeiro presidente eleito ap\u00f3s derrocada do sistema de apartheid na \u00c1frica do Sul, que era dominada pelo Reino Unido desde 1910\" \/>\n<meta property=\"og:url\" content=\"https:\/\/atlasgeoculturalafricaatual.com\/index.php\/2023\/04\/28\/historia-1994-africa-do-sul-elege-mandela-em-primeiras-eleicoes-multirraciais\/\" \/>\n<meta property=\"og:site_name\" content=\"atlasgeoculturalafricaatual.com\" \/>\n<meta property=\"article:published_time\" content=\"2023-04-28T19:56:34+00:00\" \/>\n<meta name=\"author\" content=\"atlasgeoculturalafricaatual.com\" \/>\n<meta name=\"twitter:card\" content=\"summary_large_image\" \/>\n<meta name=\"twitter:label1\" content=\"Escrito por\" \/>\n\t<meta name=\"twitter:data1\" content=\"atlasgeoculturalafricaatual.com\" \/>\n\t<meta name=\"twitter:label2\" content=\"Est. tempo de leitura\" \/>\n\t<meta name=\"twitter:data2\" content=\"6 minutos\" \/>\n<script type=\"application\/ld+json\" class=\"yoast-schema-graph\">{\"@context\":\"https:\/\/schema.org\",\"@graph\":[{\"@type\":\"Article\",\"@id\":\"https:\/\/atlasgeoculturalafricaatual.com\/index.php\/2023\/04\/28\/historia-1994-africa-do-sul-elege-mandela-em-primeiras-eleicoes-multirraciais\/#article\",\"isPartOf\":{\"@id\":\"https:\/\/atlasgeoculturalafricaatual.com\/index.php\/2023\/04\/28\/historia-1994-africa-do-sul-elege-mandela-em-primeiras-eleicoes-multirraciais\/\"},\"author\":{\"name\":\"atlasgeoculturalafricaatual.com\",\"@id\":\"https:\/\/atlasgeoculturalafricaatual.com\/#\/schema\/person\/eeee269288097965a8c6f963043e4062\"},\"headline\":\"Hist\u00f3ria: 1994 &#8211; \u00c1frica do Sul elege Mandela em primeiras elei\u00e7\u00f5es multirraciais\",\"datePublished\":\"2023-04-28T19:56:34+00:00\",\"dateModified\":\"2023-04-28T19:56:34+00:00\",\"mainEntityOfPage\":{\"@id\":\"https:\/\/atlasgeoculturalafricaatual.com\/index.php\/2023\/04\/28\/historia-1994-africa-do-sul-elege-mandela-em-primeiras-eleicoes-multirraciais\/\"},\"wordCount\":992,\"commentCount\":0,\"publisher\":{\"@id\":\"https:\/\/atlasgeoculturalafricaatual.com\/#organization\"},\"articleSection\":[\"A Africa\"],\"inLanguage\":\"pt-BR\",\"potentialAction\":[{\"@type\":\"CommentAction\",\"name\":\"Comment\",\"target\":[\"https:\/\/atlasgeoculturalafricaatual.com\/index.php\/2023\/04\/28\/historia-1994-africa-do-sul-elege-mandela-em-primeiras-eleicoes-multirraciais\/#respond\"]}]},{\"@type\":\"WebPage\",\"@id\":\"https:\/\/atlasgeoculturalafricaatual.com\/index.php\/2023\/04\/28\/historia-1994-africa-do-sul-elege-mandela-em-primeiras-eleicoes-multirraciais\/\",\"url\":\"https:\/\/atlasgeoculturalafricaatual.com\/index.php\/2023\/04\/28\/historia-1994-africa-do-sul-elege-mandela-em-primeiras-eleicoes-multirraciais\/\",\"name\":\"Hist\u00f3ria: 1994 - \u00c1frica do Sul elege Mandela em primeiras elei\u00e7\u00f5es multirraciais - atlasgeoculturalafricaatual.com\",\"isPartOf\":{\"@id\":\"https:\/\/atlasgeoculturalafricaatual.com\/#website\"},\"datePublished\":\"2023-04-28T19:56:34+00:00\",\"dateModified\":\"2023-04-28T19:56:34+00:00\",\"description\":\"Nelson Mandela foi primeiro presidente eleito ap\u00f3s derrocada do sistema de apartheid na \u00c1frica do Sul, que era dominada pelo Reino Unido desde 1910\",\"breadcrumb\":{\"@id\":\"https:\/\/atlasgeoculturalafricaatual.com\/index.php\/2023\/04\/28\/historia-1994-africa-do-sul-elege-mandela-em-primeiras-eleicoes-multirraciais\/#breadcrumb\"},\"inLanguage\":\"pt-BR\",\"potentialAction\":[{\"@type\":\"ReadAction\",\"target\":[\"https:\/\/atlasgeoculturalafricaatual.com\/index.php\/2023\/04\/28\/historia-1994-africa-do-sul-elege-mandela-em-primeiras-eleicoes-multirraciais\/\"]}]},{\"@type\":\"BreadcrumbList\",\"@id\":\"https:\/\/atlasgeoculturalafricaatual.com\/index.php\/2023\/04\/28\/historia-1994-africa-do-sul-elege-mandela-em-primeiras-eleicoes-multirraciais\/#breadcrumb\",\"itemListElement\":[{\"@type\":\"ListItem\",\"position\":1,\"name\":\"In\u00edcio\",\"item\":\"https:\/\/atlasgeoculturalafricaatual.com\/\"},{\"@type\":\"ListItem\",\"position\":2,\"name\":\"Hist\u00f3ria: 1994 &#8211; \u00c1frica do Sul elege Mandela em primeiras elei\u00e7\u00f5es multirraciais\"}]},{\"@type\":\"WebSite\",\"@id\":\"https:\/\/atlasgeoculturalafricaatual.com\/#website\",\"url\":\"https:\/\/atlasgeoculturalafricaatual.com\/\",\"name\":\"atlasgeoculturalafricaatual.com\",\"description\":\"O Atlas Geocultural da \u00c1frica \u00e9 um rico material de leitura e pesquisa, que visa apresentar de forma atual os pa\u00edses africanos, ainda t\u00e3o pouco conhecidos.\",\"publisher\":{\"@id\":\"https:\/\/atlasgeoculturalafricaatual.com\/#organization\"},\"potentialAction\":[{\"@type\":\"SearchAction\",\"target\":{\"@type\":\"EntryPoint\",\"urlTemplate\":\"https:\/\/atlasgeoculturalafricaatual.com\/?s={search_term_string}\"},\"query-input\":\"required name=search_term_string\"}],\"inLanguage\":\"pt-BR\"},{\"@type\":\"Organization\",\"@id\":\"https:\/\/atlasgeoculturalafricaatual.com\/#organization\",\"name\":\"atlasgeoculturalafricaatual.com\",\"url\":\"https:\/\/atlasgeoculturalafricaatual.com\/\",\"logo\":{\"@type\":\"ImageObject\",\"inLanguage\":\"pt-BR\",\"@id\":\"https:\/\/atlasgeoculturalafricaatual.com\/#\/schema\/logo\/image\/\",\"url\":\"http:\/\/atlasgeoculturalafricaatual.com\/wp-content\/uploads\/2023\/06\/LOGOEIROS_Prancheta-1-tipo-preto.png\",\"contentUrl\":\"http:\/\/atlasgeoculturalafricaatual.com\/wp-content\/uploads\/2023\/06\/LOGOEIROS_Prancheta-1-tipo-preto.png\",\"width\":1667,\"height\":730,\"caption\":\"atlasgeoculturalafricaatual.com\"},\"image\":{\"@id\":\"https:\/\/atlasgeoculturalafricaatual.com\/#\/schema\/logo\/image\/\"}},{\"@type\":\"Person\",\"@id\":\"https:\/\/atlasgeoculturalafricaatual.com\/#\/schema\/person\/eeee269288097965a8c6f963043e4062\",\"name\":\"atlasgeoculturalafricaatual.com\",\"image\":{\"@type\":\"ImageObject\",\"inLanguage\":\"pt-BR\",\"@id\":\"https:\/\/atlasgeoculturalafricaatual.com\/#\/schema\/person\/image\/\",\"url\":\"https:\/\/secure.gravatar.com\/avatar\/7af55f21031d350b316a54060d50821f?s=96&d=mm&r=g\",\"contentUrl\":\"https:\/\/secure.gravatar.com\/avatar\/7af55f21031d350b316a54060d50821f?s=96&d=mm&r=g\",\"caption\":\"atlasgeoculturalafricaatual.com\"},\"sameAs\":[\"http:\/\/atlasgeoculturalafricaatual.com\"],\"url\":\"https:\/\/atlasgeoculturalafricaatual.com\/index.php\/author\/atlasgeoculturalafricaatual-com\/\"}]}<\/script>\n<!-- \/ Yoast SEO plugin. -->","yoast_head_json":{"title":"Hist\u00f3ria: 1994 - \u00c1frica do Sul elege Mandela em primeiras elei\u00e7\u00f5es multirraciais - atlasgeoculturalafricaatual.com","description":"Nelson Mandela foi primeiro presidente eleito ap\u00f3s derrocada do sistema de apartheid na \u00c1frica do Sul, que era dominada pelo Reino Unido desde 1910","robots":{"index":"index","follow":"follow","max-snippet":"max-snippet:-1","max-image-preview":"max-image-preview:large","max-video-preview":"max-video-preview:-1"},"canonical":"https:\/\/atlasgeoculturalafricaatual.com\/index.php\/2023\/04\/28\/historia-1994-africa-do-sul-elege-mandela-em-primeiras-eleicoes-multirraciais\/","og_locale":"pt_BR","og_type":"article","og_title":"Hist\u00f3ria: 1994 - \u00c1frica do Sul elege Mandela em primeiras elei\u00e7\u00f5es multirraciais - atlasgeoculturalafricaatual.com","og_description":"Nelson Mandela foi primeiro presidente eleito ap\u00f3s derrocada do sistema de apartheid na \u00c1frica do Sul, que era dominada pelo Reino Unido desde 1910","og_url":"https:\/\/atlasgeoculturalafricaatual.com\/index.php\/2023\/04\/28\/historia-1994-africa-do-sul-elege-mandela-em-primeiras-eleicoes-multirraciais\/","og_site_name":"atlasgeoculturalafricaatual.com","article_published_time":"2023-04-28T19:56:34+00:00","author":"atlasgeoculturalafricaatual.com","twitter_card":"summary_large_image","twitter_misc":{"Escrito por":"atlasgeoculturalafricaatual.com","Est. tempo de leitura":"6 minutos"},"schema":{"@context":"https:\/\/schema.org","@graph":[{"@type":"Article","@id":"https:\/\/atlasgeoculturalafricaatual.com\/index.php\/2023\/04\/28\/historia-1994-africa-do-sul-elege-mandela-em-primeiras-eleicoes-multirraciais\/#article","isPartOf":{"@id":"https:\/\/atlasgeoculturalafricaatual.com\/index.php\/2023\/04\/28\/historia-1994-africa-do-sul-elege-mandela-em-primeiras-eleicoes-multirraciais\/"},"author":{"name":"atlasgeoculturalafricaatual.com","@id":"https:\/\/atlasgeoculturalafricaatual.com\/#\/schema\/person\/eeee269288097965a8c6f963043e4062"},"headline":"Hist\u00f3ria: 1994 &#8211; \u00c1frica do Sul elege Mandela em primeiras elei\u00e7\u00f5es multirraciais","datePublished":"2023-04-28T19:56:34+00:00","dateModified":"2023-04-28T19:56:34+00:00","mainEntityOfPage":{"@id":"https:\/\/atlasgeoculturalafricaatual.com\/index.php\/2023\/04\/28\/historia-1994-africa-do-sul-elege-mandela-em-primeiras-eleicoes-multirraciais\/"},"wordCount":992,"commentCount":0,"publisher":{"@id":"https:\/\/atlasgeoculturalafricaatual.com\/#organization"},"articleSection":["A Africa"],"inLanguage":"pt-BR","potentialAction":[{"@type":"CommentAction","name":"Comment","target":["https:\/\/atlasgeoculturalafricaatual.com\/index.php\/2023\/04\/28\/historia-1994-africa-do-sul-elege-mandela-em-primeiras-eleicoes-multirraciais\/#respond"]}]},{"@type":"WebPage","@id":"https:\/\/atlasgeoculturalafricaatual.com\/index.php\/2023\/04\/28\/historia-1994-africa-do-sul-elege-mandela-em-primeiras-eleicoes-multirraciais\/","url":"https:\/\/atlasgeoculturalafricaatual.com\/index.php\/2023\/04\/28\/historia-1994-africa-do-sul-elege-mandela-em-primeiras-eleicoes-multirraciais\/","name":"Hist\u00f3ria: 1994 - \u00c1frica do Sul elege Mandela em primeiras elei\u00e7\u00f5es multirraciais - atlasgeoculturalafricaatual.com","isPartOf":{"@id":"https:\/\/atlasgeoculturalafricaatual.com\/#website"},"datePublished":"2023-04-28T19:56:34+00:00","dateModified":"2023-04-28T19:56:34+00:00","description":"Nelson Mandela foi primeiro presidente eleito ap\u00f3s derrocada do sistema de apartheid na \u00c1frica do Sul, que era dominada pelo Reino Unido desde 1910","breadcrumb":{"@id":"https:\/\/atlasgeoculturalafricaatual.com\/index.php\/2023\/04\/28\/historia-1994-africa-do-sul-elege-mandela-em-primeiras-eleicoes-multirraciais\/#breadcrumb"},"inLanguage":"pt-BR","potentialAction":[{"@type":"ReadAction","target":["https:\/\/atlasgeoculturalafricaatual.com\/index.php\/2023\/04\/28\/historia-1994-africa-do-sul-elege-mandela-em-primeiras-eleicoes-multirraciais\/"]}]},{"@type":"BreadcrumbList","@id":"https:\/\/atlasgeoculturalafricaatual.com\/index.php\/2023\/04\/28\/historia-1994-africa-do-sul-elege-mandela-em-primeiras-eleicoes-multirraciais\/#breadcrumb","itemListElement":[{"@type":"ListItem","position":1,"name":"In\u00edcio","item":"https:\/\/atlasgeoculturalafricaatual.com\/"},{"@type":"ListItem","position":2,"name":"Hist\u00f3ria: 1994 &#8211; \u00c1frica do Sul elege Mandela em primeiras elei\u00e7\u00f5es multirraciais"}]},{"@type":"WebSite","@id":"https:\/\/atlasgeoculturalafricaatual.com\/#website","url":"https:\/\/atlasgeoculturalafricaatual.com\/","name":"atlasgeoculturalafricaatual.com","description":"O Atlas Geocultural da \u00c1frica \u00e9 um rico material de leitura e pesquisa, que visa apresentar de forma atual os pa\u00edses africanos, ainda t\u00e3o pouco conhecidos.","publisher":{"@id":"https:\/\/atlasgeoculturalafricaatual.com\/#organization"},"potentialAction":[{"@type":"SearchAction","target":{"@type":"EntryPoint","urlTemplate":"https:\/\/atlasgeoculturalafricaatual.com\/?s={search_term_string}"},"query-input":"required name=search_term_string"}],"inLanguage":"pt-BR"},{"@type":"Organization","@id":"https:\/\/atlasgeoculturalafricaatual.com\/#organization","name":"atlasgeoculturalafricaatual.com","url":"https:\/\/atlasgeoculturalafricaatual.com\/","logo":{"@type":"ImageObject","inLanguage":"pt-BR","@id":"https:\/\/atlasgeoculturalafricaatual.com\/#\/schema\/logo\/image\/","url":"http:\/\/atlasgeoculturalafricaatual.com\/wp-content\/uploads\/2023\/06\/LOGOEIROS_Prancheta-1-tipo-preto.png","contentUrl":"http:\/\/atlasgeoculturalafricaatual.com\/wp-content\/uploads\/2023\/06\/LOGOEIROS_Prancheta-1-tipo-preto.png","width":1667,"height":730,"caption":"atlasgeoculturalafricaatual.com"},"image":{"@id":"https:\/\/atlasgeoculturalafricaatual.com\/#\/schema\/logo\/image\/"}},{"@type":"Person","@id":"https:\/\/atlasgeoculturalafricaatual.com\/#\/schema\/person\/eeee269288097965a8c6f963043e4062","name":"atlasgeoculturalafricaatual.com","image":{"@type":"ImageObject","inLanguage":"pt-BR","@id":"https:\/\/atlasgeoculturalafricaatual.com\/#\/schema\/person\/image\/","url":"https:\/\/secure.gravatar.com\/avatar\/7af55f21031d350b316a54060d50821f?s=96&d=mm&r=g","contentUrl":"https:\/\/secure.gravatar.com\/avatar\/7af55f21031d350b316a54060d50821f?s=96&d=mm&r=g","caption":"atlasgeoculturalafricaatual.com"},"sameAs":["http:\/\/atlasgeoculturalafricaatual.com"],"url":"https:\/\/atlasgeoculturalafricaatual.com\/index.php\/author\/atlasgeoculturalafricaatual-com\/"}]}},"_links":{"self":[{"href":"https:\/\/atlasgeoculturalafricaatual.com\/index.php\/wp-json\/wp\/v2\/posts\/7704","targetHints":{"allow":["GET"]}}],"collection":[{"href":"https:\/\/atlasgeoculturalafricaatual.com\/index.php\/wp-json\/wp\/v2\/posts"}],"about":[{"href":"https:\/\/atlasgeoculturalafricaatual.com\/index.php\/wp-json\/wp\/v2\/types\/post"}],"author":[{"embeddable":true,"href":"https:\/\/atlasgeoculturalafricaatual.com\/index.php\/wp-json\/wp\/v2\/users\/1"}],"replies":[{"embeddable":true,"href":"https:\/\/atlasgeoculturalafricaatual.com\/index.php\/wp-json\/wp\/v2\/comments?post=7704"}],"version-history":[{"count":0,"href":"https:\/\/atlasgeoculturalafricaatual.com\/index.php\/wp-json\/wp\/v2\/posts\/7704\/revisions"}],"wp:featuredmedia":[{"embeddable":true,"href":"https:\/\/atlasgeoculturalafricaatual.com\/index.php\/wp-json\/"}],"wp:attachment":[{"href":"https:\/\/atlasgeoculturalafricaatual.com\/index.php\/wp-json\/wp\/v2\/media?parent=7704"}],"wp:term":[{"taxonomy":"category","embeddable":true,"href":"https:\/\/atlasgeoculturalafricaatual.com\/index.php\/wp-json\/wp\/v2\/categories?post=7704"},{"taxonomy":"post_tag","embeddable":true,"href":"https:\/\/atlasgeoculturalafricaatual.com\/index.php\/wp-json\/wp\/v2\/tags?post=7704"},{"taxonomy":"palavra-chave","embeddable":true,"href":"https:\/\/atlasgeoculturalafricaatual.com\/index.php\/wp-json\/wp\/v2\/palavra-chave?post=7704"}],"curies":[{"name":"wp","href":"https:\/\/api.w.org\/{rel}","templated":true}]}}