{"id":7672,"date":"2023-04-25T14:35:21","date_gmt":"2023-04-25T17:35:21","guid":{"rendered":"https:\/\/atlasgeoculturalafricaatual.com\/index.php\/2023\/04\/25\/finalmente-a-vacina-contra-a-malaria\/"},"modified":"2023-04-25T14:35:21","modified_gmt":"2023-04-25T17:35:21","slug":"finalmente-a-vacina-contra-a-malaria","status":"publish","type":"post","link":"https:\/\/atlasgeoculturalafricaatual.com\/index.php\/2023\/04\/25\/finalmente-a-vacina-contra-a-malaria\/","title":{"rendered":"Finalmente: a vacina contra a Mal\u00e1ria"},"content":{"rendered":"\t\t<div data-elementor-type=\"wp-post\" data-elementor-id=\"7672\" class=\"elementor elementor-7672\">\n\t\t\t\t\t\t\t<div class=\"elementor-element elementor-element-7c01a48 e-flex e-con-boxed e-con\" data-id=\"7c01a48\" data-element_type=\"container\" data-settings=\"{&quot;content_width&quot;:&quot;boxed&quot;}\">\n\t\t\t\t\t<div class=\"e-con-inner\">\n\t\t\t\t<div class=\"elementor-element elementor-element-c1ba534 elementor-widget elementor-widget-image\" data-id=\"c1ba534\" data-element_type=\"widget\" data-widget_type=\"image.default\">\n\t\t\t\t<div class=\"elementor-widget-container\">\n\t\t\t<style>\/*! elementor - v3.15.0 - 02-08-2023 *\/\n.elementor-widget-image{text-align:center}.elementor-widget-image a{display:inline-block}.elementor-widget-image a img[src$=\".svg\"]{width:48px}.elementor-widget-image img{vertical-align:middle;display:inline-block}<\/style>\t\t\t\t\t\t\t\t\t\t\t\t<img decoding=\"async\" src=\"\/\/africaatual.com.br\/wp-content\/uploads\/2023\/04\/vacina.webp\" title=\"\" alt=\"\" loading=\"lazy\" \/>\t\t\t\t\t\t\t\t\t\t\t\t\t\t\t<\/div>\n\t\t\t\t<\/div>\n\t\t\t\t\t<\/div>\n\t\t\t\t<\/div>\n\t\t<div class=\"elementor-element elementor-element-a03106b e-flex e-con-boxed e-con\" data-id=\"a03106b\" data-element_type=\"container\" data-settings=\"{&quot;content_width&quot;:&quot;boxed&quot;}\">\n\t\t\t\t\t<div class=\"e-con-inner\">\n\t\t\t\t<div class=\"elementor-element elementor-element-531af7f elementor-widget elementor-widget-text-editor\" data-id=\"531af7f\" data-element_type=\"widget\" data-widget_type=\"text-editor.default\">\n\t\t\t\t<div class=\"elementor-widget-container\">\n\t\t\t<style>\/*! elementor - v3.15.0 - 02-08-2023 *\/\n.elementor-widget-text-editor.elementor-drop-cap-view-stacked .elementor-drop-cap{background-color:#69727d;color:#fff}.elementor-widget-text-editor.elementor-drop-cap-view-framed .elementor-drop-cap{color:#69727d;border:3px solid;background-color:transparent}.elementor-widget-text-editor:not(.elementor-drop-cap-view-default) .elementor-drop-cap{margin-top:8px}.elementor-widget-text-editor:not(.elementor-drop-cap-view-default) .elementor-drop-cap-letter{width:1em;height:1em}.elementor-widget-text-editor .elementor-drop-cap{float:left;text-align:center;line-height:1;font-size:50px}.elementor-widget-text-editor .elementor-drop-cap-letter{display:inline-block}<\/style>\t\t\t\t<p>A Nig\u00e9ria aprovou provisoriamente a vacina contra a mal\u00e1ria R21\/Matrix-M desenvolvida por cientistas da Universidade de Oxford, menos de uma semana depois de Gana se tornar o primeiro pa\u00eds a&nbsp;<a href=\"httpsss:\/\/qz.com\/ghana-first-country-to-approve-oxfords-malaria-vaccine-1850331494\" data-ga=\"[[&quot;Embedded Url&quot;,&quot;External link&quot;,&quot;httpsss:\/\/qz.com\/ghana-first-country-to-approve-oxfords-malaria-vaccine-1850331494&quot;,{&quot;metric25&quot;:1}]]\">aprovar a vacina<\/a>.<\/p>\n<p>O diretor-geral da Ag\u00eancia Nacional de Administra\u00e7\u00e3o e Controle de Alimentos e Medicamentos (NAFDAC), Mojisola Adeyeye,&nbsp;<a href=\"httpsss:\/\/guardian.ng\/news\/nigeria-approves-oxford-malaria-vaccine-to-action-immunisation\/\" data-ga=\"[[&quot;Embedded Url&quot;,&quot;External link&quot;,&quot;httpsss:\/\/guardian.ng\/news\/nigeria-approves-oxford-malaria-vaccine-to-action-immunisation\/&quot;,{&quot;metric25&quot;:1}]]\">disse que a ag\u00eancia&nbsp;<\/a>&#8220;est\u00e1 concedendo aprova\u00e7\u00e3o de registro para a vacina contra a mal\u00e1ria R21&#8221;. Como Gana, disse Adeyeye, a vacina &#8220;\u00e9 indicada para a preven\u00e7\u00e3o da mal\u00e1ria cl\u00ednica em crian\u00e7as de cinco meses a 36 meses de idade. A temperatura de armazenamento da vacina \u00e9 de 2-8 \u00b0C.&#8221;<\/p>\n<p>A aprova\u00e7\u00e3o passar\u00e1 por testes apropriados para imuniza\u00e7\u00e3o no \u00e2mbito do Minist\u00e9rio da Sa\u00fade e da Ag\u00eancia Nacional de Desenvolvimento da Aten\u00e7\u00e3o Prim\u00e1ria \u00e0 Sa\u00fade. &#8220;Uma aprova\u00e7\u00e3o provis\u00f3ria da vacina contra a mal\u00e1ria R21 foi recomendada e isso deve ser feito de acordo com a diretriz de implementa\u00e7\u00e3o da vacina contra a mal\u00e1ria da OMS&#8221;,&nbsp;<a href=\"httpsss:\/\/www.reuters.com\/world\/africa\/nigeria-regulator-grants-approval-oxfords-malaria-vaccine-2023-04-17\/\" data-ga=\"[[&quot;Embedded Url&quot;,&quot;External link&quot;,&quot;httpsss:\/\/www.reuters.com\/world\/africa\/nigeria-regulator-grants-approval-oxfords-malaria-vaccine-2023-04-17\/&quot;,{&quot;metric25&quot;:1}]]\">disse o NAFDAC.&nbsp;<\/a>&nbsp;<\/p>\n<p><strong>A efic\u00e1cia do R21 \u00e9 de 77%<\/strong><\/p>\n<p>Apesar da aprova\u00e7\u00e3o, Adeyeye explicou que ainda h\u00e1 necessidade de mais ensaios cl\u00ednicos de Fase 4 da vacina na Nig\u00e9ria. A vacina mostrou&nbsp;<a href=\"httpsss:\/\/www.theguardian.com\/global-development\/2023\/apr\/13\/ghana-is-first-country-to-approve-oxford-r21-malaria-vaccine\">n\u00edveis de efic\u00e1cia de 77%,<\/a>&nbsp;excedendo o&nbsp;<a href=\"httpsss:\/\/www.ox.ac.uk\/news\/2022-09-08-malaria-booster-vaccine-continues-meet-who-specified-75-efficacy-goal\">limiar da OMS de 75%.<\/a><\/p>\n<p>Os resultados de um ensaio cl\u00ednico de fase 3 em andamento da vacina envolvendo&nbsp;<a href=\"httpsss:\/\/www.gavi.org\/vaccineswork\/five-things-you-need-know-about-new-r21-malaria-vaccine\">4.800 crian\u00e7as<\/a>&nbsp;em Burkina Faso, Qu\u00eania, Mali e Tanz\u00e2nia ainda n\u00e3o foram publicados.<\/p>\n<p><\/p>\n<p>A na\u00e7\u00e3o mais populosa da \u00c1frica tamb\u00e9m \u00e9 a mais afetada pela mal\u00e1ria do mundo, respondendo por 32% das mortes globais, de acordo com o&nbsp;<a href=\"httpsss:\/\/www.afro.who.int\/sites\/default\/files\/2022-08\/WHO%20Nigeria%202021%20annual%20report_single%20paged.pdf\" data-ga=\"[[&quot;Embedded Url&quot;,&quot;External link&quot;,&quot;httpsss:\/\/www.afro.who.int\/sites\/default\/files\/2022-08\/WHO%20Nigeria%202021%20annual%20report_single%20paged.pdf&quot;,{&quot;metric25&quot;:1}]]\">relat\u00f3rio de 2021 da Organiza\u00e7\u00e3o Mundial da Sa\u00fade (OMS).<\/a>&nbsp;O pa\u00eds registra&nbsp;<a href=\"httpsss:\/\/malariajournal.biomedcentral.com\/articles\/10.1186\/s12936-022-04113-w#:~:text=Under%2Dfive%20malaria%20in%20Nigeria%20is%20a%20leading%20cause%20of,malarials%20in%20the%20poorest%20households.\" data-ga=\"[[&quot;Embedded Url&quot;,&quot;External link&quot;,&quot;httpsss:\/\/malariajournal.biomedcentral.com\/articles\/10.1186\/s12936-022-04113-w#:~:text=Under%2Dfive%20malaria%20in%20Nigeria%20is%20a%20leading%20cause%20of,malarials%20in%20the%20poorest%20households.&quot;,{&quot;metric25&quot;:1}]]\">95.000 mortes por mal\u00e1ria<\/a>&nbsp;em crian\u00e7as menores de cinco anos a cada ano, em grande parte devido ao alto custo do tratamento da doen\u00e7a.<\/p>\n<p>Estima-se que a doen\u00e7a custe \u00e0 economia da Nig\u00e9ria, a maior da \u00c1frica,&nbsp;<a href=\"httpsss:\/\/www.premiumtimesng.com\/news\/top-news\/457401-malaria-contributes-to-reduced-economic-growth-in-nigeria-other-african-countries-who.html?tztc=1\" data-ga=\"[[&quot;Embedded Url&quot;,&quot;External link&quot;,&quot;httpsss:\/\/www.premiumtimesng.com\/news\/top-news\/457401-malaria-contributes-to-reduced-economic-growth-in-nigeria-other-african-countries-who.html?tztc=1&quot;,{&quot;metric25&quot;:1}]]\">US $ 1,1 bilh\u00e3o<\/a>&nbsp;por ano.<\/p>\n<p>Fonte (mat\u00e9ria e imagem):<\/p>\n<p><a href=\"httpsss:\/\/qz.com\/nigeria-malaria-vaccine-r21-oxford-ghana-1850347118\">Nig\u00e9ria segue Gana na aprova\u00e7\u00e3o da vacina contra a mal\u00e1ria R21 de Oxford (qz.com)<\/a><\/p>\n<p>httpsss:\/\/qz.com\/nigeria-malaria-vaccine-r21-oxford-ghana-1850347118&nbsp;<br><\/p>\t\t\t\t\t\t<\/div>\n\t\t\t\t<\/div>\n\t\t\t\t\t<\/div>\n\t\t\t\t<\/div>\n\t\t\t\t\t\t\t<\/div>\n\t\t","protected":false},"excerpt":{"rendered":"<p>A Nig\u00e9ria aprovou provisoriamente a vacina contra a mal\u00e1ria R21\/Matrix-M desenvolvida por cientistas da Universidade de Oxford, menos de uma semana depois de Gana se tornar o primeiro pa\u00eds a&nbsp;aprovar [&hellip;]<\/p>\n","protected":false},"author":1,"featured_media":7673,"comment_status":"open","ping_status":"open","sticky":false,"template":"elementor_theme","format":"standard","meta":{"content-type":"","footnotes":""},"categories":[48],"tags":[],"palavra-chave":[],"class_list":["post-7672","post","type-post","status-publish","format-standard","has-post-thumbnail","hentry","category-sem-categoria","entry","has-media"],"aioseo_notices":[],"yoast_head":"<!-- This site is optimized with the Yoast SEO plugin v20.13 - https:\/\/yoast.com\/wordpress\/plugins\/seo\/ -->\n<title>Finalmente: a vacina contra a Mal\u00e1ria - atlasgeoculturalafricaatual.com<\/title>\n<meta name=\"robots\" content=\"index, follow, max-snippet:-1, max-image-preview:large, max-video-preview:-1\" \/>\n<link rel=\"canonical\" href=\"https:\/\/atlasgeoculturalafricaatual.com\/index.php\/2023\/04\/25\/finalmente-a-vacina-contra-a-malaria\/\" \/>\n<meta property=\"og:locale\" content=\"pt_BR\" \/>\n<meta property=\"og:type\" content=\"article\" \/>\n<meta property=\"og:title\" content=\"Finalmente: a vacina contra a Mal\u00e1ria - atlasgeoculturalafricaatual.com\" \/>\n<meta property=\"og:description\" content=\"A Nig\u00e9ria aprovou provisoriamente a vacina contra a mal\u00e1ria R21\/Matrix-M desenvolvida por cientistas da Universidade de Oxford, menos de uma semana depois de Gana se tornar o primeiro pa\u00eds a&nbsp;aprovar [&hellip;]\" \/>\n<meta property=\"og:url\" content=\"https:\/\/atlasgeoculturalafricaatual.com\/index.php\/2023\/04\/25\/finalmente-a-vacina-contra-a-malaria\/\" \/>\n<meta property=\"og:site_name\" content=\"atlasgeoculturalafricaatual.com\" \/>\n<meta property=\"article:published_time\" content=\"2023-04-25T17:35:21+00:00\" \/>\n<meta name=\"author\" content=\"atlasgeoculturalafricaatual.com\" \/>\n<meta name=\"twitter:card\" content=\"summary_large_image\" \/>\n<meta name=\"twitter:label1\" content=\"Escrito por\" \/>\n\t<meta name=\"twitter:data1\" content=\"atlasgeoculturalafricaatual.com\" \/>\n\t<meta name=\"twitter:label2\" content=\"Est. tempo de leitura\" \/>\n\t<meta name=\"twitter:data2\" content=\"2 minutos\" \/>\n<script type=\"application\/ld+json\" class=\"yoast-schema-graph\">{\"@context\":\"https:\/\/schema.org\",\"@graph\":[{\"@type\":\"Article\",\"@id\":\"https:\/\/atlasgeoculturalafricaatual.com\/index.php\/2023\/04\/25\/finalmente-a-vacina-contra-a-malaria\/#article\",\"isPartOf\":{\"@id\":\"https:\/\/atlasgeoculturalafricaatual.com\/index.php\/2023\/04\/25\/finalmente-a-vacina-contra-a-malaria\/\"},\"author\":{\"name\":\"atlasgeoculturalafricaatual.com\",\"@id\":\"https:\/\/atlasgeoculturalafricaatual.com\/#\/schema\/person\/eeee269288097965a8c6f963043e4062\"},\"headline\":\"Finalmente: a vacina contra a Mal\u00e1ria\",\"datePublished\":\"2023-04-25T17:35:21+00:00\",\"dateModified\":\"2023-04-25T17:35:21+00:00\",\"mainEntityOfPage\":{\"@id\":\"https:\/\/atlasgeoculturalafricaatual.com\/index.php\/2023\/04\/25\/finalmente-a-vacina-contra-a-malaria\/\"},\"wordCount\":391,\"commentCount\":0,\"publisher\":{\"@id\":\"https:\/\/atlasgeoculturalafricaatual.com\/#organization\"},\"articleSection\":[\"A Africa\"],\"inLanguage\":\"pt-BR\",\"potentialAction\":[{\"@type\":\"CommentAction\",\"name\":\"Comment\",\"target\":[\"https:\/\/atlasgeoculturalafricaatual.com\/index.php\/2023\/04\/25\/finalmente-a-vacina-contra-a-malaria\/#respond\"]}]},{\"@type\":\"WebPage\",\"@id\":\"https:\/\/atlasgeoculturalafricaatual.com\/index.php\/2023\/04\/25\/finalmente-a-vacina-contra-a-malaria\/\",\"url\":\"https:\/\/atlasgeoculturalafricaatual.com\/index.php\/2023\/04\/25\/finalmente-a-vacina-contra-a-malaria\/\",\"name\":\"Finalmente: a vacina contra a Mal\u00e1ria - atlasgeoculturalafricaatual.com\",\"isPartOf\":{\"@id\":\"https:\/\/atlasgeoculturalafricaatual.com\/#website\"},\"datePublished\":\"2023-04-25T17:35:21+00:00\",\"dateModified\":\"2023-04-25T17:35:21+00:00\",\"breadcrumb\":{\"@id\":\"https:\/\/atlasgeoculturalafricaatual.com\/index.php\/2023\/04\/25\/finalmente-a-vacina-contra-a-malaria\/#breadcrumb\"},\"inLanguage\":\"pt-BR\",\"potentialAction\":[{\"@type\":\"ReadAction\",\"target\":[\"https:\/\/atlasgeoculturalafricaatual.com\/index.php\/2023\/04\/25\/finalmente-a-vacina-contra-a-malaria\/\"]}]},{\"@type\":\"BreadcrumbList\",\"@id\":\"https:\/\/atlasgeoculturalafricaatual.com\/index.php\/2023\/04\/25\/finalmente-a-vacina-contra-a-malaria\/#breadcrumb\",\"itemListElement\":[{\"@type\":\"ListItem\",\"position\":1,\"name\":\"In\u00edcio\",\"item\":\"https:\/\/atlasgeoculturalafricaatual.com\/\"},{\"@type\":\"ListItem\",\"position\":2,\"name\":\"Finalmente: a vacina contra a Mal\u00e1ria\"}]},{\"@type\":\"WebSite\",\"@id\":\"https:\/\/atlasgeoculturalafricaatual.com\/#website\",\"url\":\"https:\/\/atlasgeoculturalafricaatual.com\/\",\"name\":\"atlasgeoculturalafricaatual.com\",\"description\":\"O Atlas Geocultural da \u00c1frica \u00e9 um rico material de leitura e pesquisa, que visa apresentar de forma atual os pa\u00edses africanos, ainda t\u00e3o pouco conhecidos.\",\"publisher\":{\"@id\":\"https:\/\/atlasgeoculturalafricaatual.com\/#organization\"},\"potentialAction\":[{\"@type\":\"SearchAction\",\"target\":{\"@type\":\"EntryPoint\",\"urlTemplate\":\"https:\/\/atlasgeoculturalafricaatual.com\/?s={search_term_string}\"},\"query-input\":\"required name=search_term_string\"}],\"inLanguage\":\"pt-BR\"},{\"@type\":\"Organization\",\"@id\":\"https:\/\/atlasgeoculturalafricaatual.com\/#organization\",\"name\":\"atlasgeoculturalafricaatual.com\",\"url\":\"https:\/\/atlasgeoculturalafricaatual.com\/\",\"logo\":{\"@type\":\"ImageObject\",\"inLanguage\":\"pt-BR\",\"@id\":\"https:\/\/atlasgeoculturalafricaatual.com\/#\/schema\/logo\/image\/\",\"url\":\"http:\/\/atlasgeoculturalafricaatual.com\/wp-content\/uploads\/2023\/06\/LOGOEIROS_Prancheta-1-tipo-preto.png\",\"contentUrl\":\"http:\/\/atlasgeoculturalafricaatual.com\/wp-content\/uploads\/2023\/06\/LOGOEIROS_Prancheta-1-tipo-preto.png\",\"width\":1667,\"height\":730,\"caption\":\"atlasgeoculturalafricaatual.com\"},\"image\":{\"@id\":\"https:\/\/atlasgeoculturalafricaatual.com\/#\/schema\/logo\/image\/\"}},{\"@type\":\"Person\",\"@id\":\"https:\/\/atlasgeoculturalafricaatual.com\/#\/schema\/person\/eeee269288097965a8c6f963043e4062\",\"name\":\"atlasgeoculturalafricaatual.com\",\"image\":{\"@type\":\"ImageObject\",\"inLanguage\":\"pt-BR\",\"@id\":\"https:\/\/atlasgeoculturalafricaatual.com\/#\/schema\/person\/image\/\",\"url\":\"https:\/\/secure.gravatar.com\/avatar\/7af55f21031d350b316a54060d50821f?s=96&d=mm&r=g\",\"contentUrl\":\"https:\/\/secure.gravatar.com\/avatar\/7af55f21031d350b316a54060d50821f?s=96&d=mm&r=g\",\"caption\":\"atlasgeoculturalafricaatual.com\"},\"sameAs\":[\"http:\/\/atlasgeoculturalafricaatual.com\"],\"url\":\"https:\/\/atlasgeoculturalafricaatual.com\/index.php\/author\/atlasgeoculturalafricaatual-com\/\"}]}<\/script>\n<!-- \/ Yoast SEO plugin. -->","yoast_head_json":{"title":"Finalmente: a vacina contra a Mal\u00e1ria - atlasgeoculturalafricaatual.com","robots":{"index":"index","follow":"follow","max-snippet":"max-snippet:-1","max-image-preview":"max-image-preview:large","max-video-preview":"max-video-preview:-1"},"canonical":"https:\/\/atlasgeoculturalafricaatual.com\/index.php\/2023\/04\/25\/finalmente-a-vacina-contra-a-malaria\/","og_locale":"pt_BR","og_type":"article","og_title":"Finalmente: a vacina contra a Mal\u00e1ria - atlasgeoculturalafricaatual.com","og_description":"A Nig\u00e9ria aprovou provisoriamente a vacina contra a mal\u00e1ria R21\/Matrix-M desenvolvida por cientistas da Universidade de Oxford, menos de uma semana depois de Gana se tornar o primeiro pa\u00eds a&nbsp;aprovar [&hellip;]","og_url":"https:\/\/atlasgeoculturalafricaatual.com\/index.php\/2023\/04\/25\/finalmente-a-vacina-contra-a-malaria\/","og_site_name":"atlasgeoculturalafricaatual.com","article_published_time":"2023-04-25T17:35:21+00:00","author":"atlasgeoculturalafricaatual.com","twitter_card":"summary_large_image","twitter_misc":{"Escrito por":"atlasgeoculturalafricaatual.com","Est. tempo de leitura":"2 minutos"},"schema":{"@context":"https:\/\/schema.org","@graph":[{"@type":"Article","@id":"https:\/\/atlasgeoculturalafricaatual.com\/index.php\/2023\/04\/25\/finalmente-a-vacina-contra-a-malaria\/#article","isPartOf":{"@id":"https:\/\/atlasgeoculturalafricaatual.com\/index.php\/2023\/04\/25\/finalmente-a-vacina-contra-a-malaria\/"},"author":{"name":"atlasgeoculturalafricaatual.com","@id":"https:\/\/atlasgeoculturalafricaatual.com\/#\/schema\/person\/eeee269288097965a8c6f963043e4062"},"headline":"Finalmente: a vacina contra a Mal\u00e1ria","datePublished":"2023-04-25T17:35:21+00:00","dateModified":"2023-04-25T17:35:21+00:00","mainEntityOfPage":{"@id":"https:\/\/atlasgeoculturalafricaatual.com\/index.php\/2023\/04\/25\/finalmente-a-vacina-contra-a-malaria\/"},"wordCount":391,"commentCount":0,"publisher":{"@id":"https:\/\/atlasgeoculturalafricaatual.com\/#organization"},"articleSection":["A Africa"],"inLanguage":"pt-BR","potentialAction":[{"@type":"CommentAction","name":"Comment","target":["https:\/\/atlasgeoculturalafricaatual.com\/index.php\/2023\/04\/25\/finalmente-a-vacina-contra-a-malaria\/#respond"]}]},{"@type":"WebPage","@id":"https:\/\/atlasgeoculturalafricaatual.com\/index.php\/2023\/04\/25\/finalmente-a-vacina-contra-a-malaria\/","url":"https:\/\/atlasgeoculturalafricaatual.com\/index.php\/2023\/04\/25\/finalmente-a-vacina-contra-a-malaria\/","name":"Finalmente: a vacina contra a Mal\u00e1ria - atlasgeoculturalafricaatual.com","isPartOf":{"@id":"https:\/\/atlasgeoculturalafricaatual.com\/#website"},"datePublished":"2023-04-25T17:35:21+00:00","dateModified":"2023-04-25T17:35:21+00:00","breadcrumb":{"@id":"https:\/\/atlasgeoculturalafricaatual.com\/index.php\/2023\/04\/25\/finalmente-a-vacina-contra-a-malaria\/#breadcrumb"},"inLanguage":"pt-BR","potentialAction":[{"@type":"ReadAction","target":["https:\/\/atlasgeoculturalafricaatual.com\/index.php\/2023\/04\/25\/finalmente-a-vacina-contra-a-malaria\/"]}]},{"@type":"BreadcrumbList","@id":"https:\/\/atlasgeoculturalafricaatual.com\/index.php\/2023\/04\/25\/finalmente-a-vacina-contra-a-malaria\/#breadcrumb","itemListElement":[{"@type":"ListItem","position":1,"name":"In\u00edcio","item":"https:\/\/atlasgeoculturalafricaatual.com\/"},{"@type":"ListItem","position":2,"name":"Finalmente: a vacina contra a Mal\u00e1ria"}]},{"@type":"WebSite","@id":"https:\/\/atlasgeoculturalafricaatual.com\/#website","url":"https:\/\/atlasgeoculturalafricaatual.com\/","name":"atlasgeoculturalafricaatual.com","description":"O Atlas Geocultural da \u00c1frica \u00e9 um rico material de leitura e pesquisa, que visa apresentar de forma atual os pa\u00edses africanos, ainda t\u00e3o pouco conhecidos.","publisher":{"@id":"https:\/\/atlasgeoculturalafricaatual.com\/#organization"},"potentialAction":[{"@type":"SearchAction","target":{"@type":"EntryPoint","urlTemplate":"https:\/\/atlasgeoculturalafricaatual.com\/?s={search_term_string}"},"query-input":"required name=search_term_string"}],"inLanguage":"pt-BR"},{"@type":"Organization","@id":"https:\/\/atlasgeoculturalafricaatual.com\/#organization","name":"atlasgeoculturalafricaatual.com","url":"https:\/\/atlasgeoculturalafricaatual.com\/","logo":{"@type":"ImageObject","inLanguage":"pt-BR","@id":"https:\/\/atlasgeoculturalafricaatual.com\/#\/schema\/logo\/image\/","url":"http:\/\/atlasgeoculturalafricaatual.com\/wp-content\/uploads\/2023\/06\/LOGOEIROS_Prancheta-1-tipo-preto.png","contentUrl":"http:\/\/atlasgeoculturalafricaatual.com\/wp-content\/uploads\/2023\/06\/LOGOEIROS_Prancheta-1-tipo-preto.png","width":1667,"height":730,"caption":"atlasgeoculturalafricaatual.com"},"image":{"@id":"https:\/\/atlasgeoculturalafricaatual.com\/#\/schema\/logo\/image\/"}},{"@type":"Person","@id":"https:\/\/atlasgeoculturalafricaatual.com\/#\/schema\/person\/eeee269288097965a8c6f963043e4062","name":"atlasgeoculturalafricaatual.com","image":{"@type":"ImageObject","inLanguage":"pt-BR","@id":"https:\/\/atlasgeoculturalafricaatual.com\/#\/schema\/person\/image\/","url":"https:\/\/secure.gravatar.com\/avatar\/7af55f21031d350b316a54060d50821f?s=96&d=mm&r=g","contentUrl":"https:\/\/secure.gravatar.com\/avatar\/7af55f21031d350b316a54060d50821f?s=96&d=mm&r=g","caption":"atlasgeoculturalafricaatual.com"},"sameAs":["http:\/\/atlasgeoculturalafricaatual.com"],"url":"https:\/\/atlasgeoculturalafricaatual.com\/index.php\/author\/atlasgeoculturalafricaatual-com\/"}]}},"_links":{"self":[{"href":"https:\/\/atlasgeoculturalafricaatual.com\/index.php\/wp-json\/wp\/v2\/posts\/7672","targetHints":{"allow":["GET"]}}],"collection":[{"href":"https:\/\/atlasgeoculturalafricaatual.com\/index.php\/wp-json\/wp\/v2\/posts"}],"about":[{"href":"https:\/\/atlasgeoculturalafricaatual.com\/index.php\/wp-json\/wp\/v2\/types\/post"}],"author":[{"embeddable":true,"href":"https:\/\/atlasgeoculturalafricaatual.com\/index.php\/wp-json\/wp\/v2\/users\/1"}],"replies":[{"embeddable":true,"href":"https:\/\/atlasgeoculturalafricaatual.com\/index.php\/wp-json\/wp\/v2\/comments?post=7672"}],"version-history":[{"count":0,"href":"https:\/\/atlasgeoculturalafricaatual.com\/index.php\/wp-json\/wp\/v2\/posts\/7672\/revisions"}],"wp:featuredmedia":[{"embeddable":true,"href":"https:\/\/atlasgeoculturalafricaatual.com\/index.php\/wp-json\/"}],"wp:attachment":[{"href":"https:\/\/atlasgeoculturalafricaatual.com\/index.php\/wp-json\/wp\/v2\/media?parent=7672"}],"wp:term":[{"taxonomy":"category","embeddable":true,"href":"https:\/\/atlasgeoculturalafricaatual.com\/index.php\/wp-json\/wp\/v2\/categories?post=7672"},{"taxonomy":"post_tag","embeddable":true,"href":"https:\/\/atlasgeoculturalafricaatual.com\/index.php\/wp-json\/wp\/v2\/tags?post=7672"},{"taxonomy":"palavra-chave","embeddable":true,"href":"https:\/\/atlasgeoculturalafricaatual.com\/index.php\/wp-json\/wp\/v2\/palavra-chave?post=7672"}],"curies":[{"name":"wp","href":"https:\/\/api.w.org\/{rel}","templated":true}]}}