{"id":7615,"date":"2023-04-11T10:33:39","date_gmt":"2023-04-11T13:33:39","guid":{"rendered":"https:\/\/atlasgeoculturalafricaatual.com\/index.php\/2023\/04\/11\/lancamento-no-dia-internacional-do-livro\/"},"modified":"2023-04-11T10:33:39","modified_gmt":"2023-04-11T13:33:39","slug":"lancamento-no-dia-internacional-do-livro","status":"publish","type":"post","link":"https:\/\/atlasgeoculturalafricaatual.com\/index.php\/2023\/04\/11\/lancamento-no-dia-internacional-do-livro\/","title":{"rendered":"Lan\u00e7amento do Livro &#8220;\u00c1frica, um passeio pelo Antigo Continente&#8221; no Dia Internacional do Livro"},"content":{"rendered":"\n<p>Novidade: pr\u00f3xima semana no RJ lan\u00e7ando com tem\u00e1tica sobre as \u00c1fricas.<br><br>Dia 18\/04<br>09h30 no Museu do Samba<br>Mangueira<\/p>\n\n\n\n<figure class=\"wp-block-embed is-type-video is-provider-youtube wp-block-embed-youtube wp-embed-aspect-16-9 wp-has-aspect-ratio\"><div class=\"wp-block-embed__wrapper\">\nhttpsss:\/\/youtu.be\/QedMsr3zNCY\n<\/div><figcaption class=\"wp-element-caption\">Vamos relembrar juntos a roda de leitura e conversa que aconteceu no dia 18\/4 com Odair Marques da Silva? <br><br>Nesse encontro, tivemos a honra de conhecer um pouco mais sobre o livro &#8220;Africa: um passeio pelo antigo continente&#8221;, escrito pelo autor.<br><br>Odair Marques compartilhou conosco suas experi\u00eancias e aprendizados, al\u00e9m de nos apresentar sua obra liter\u00e1ria.<br><br>Foi uma verdadeira inspira\u00e7\u00e3o poder ouvir as hist\u00f3rias e aprendizados e aprender um pouco mais sobre a \u00c1frica e sua cultura. Obrigado por compartilhar tudo isso conosco!\u00a0<a href=\"httpsss:\/\/www.instagram.com\/explore\/tags\/tbt\/\">#TBT<\/a>\u00a0<a href=\"httpsss:\/\/www.instagram.com\/explore\/tags\/rodadeleitura\/\">#RodadeLeitura<\/a>\u00a0<a href=\"httpsss:\/\/www.instagram.com\/explore\/tags\/odairmarques\/\">#OdairMarques<\/a><br><br>.<br><br>.<br><br><a href=\"httpsss:\/\/www.instagram.com\/explore\/tags\/abraceomuseu\/\">#abraceomuseu<\/a>\u00a0<a href=\"httpsss:\/\/www.instagram.com\/explore\/tags\/museudosamba\/\">#museudosamba<\/a>\u00a0<a href=\"httpsss:\/\/www.instagram.com\/explore\/tags\/riodejaneiro\/\">#riodejaneiro<\/a>\u00a0<a href=\"httpsss:\/\/www.instagram.com\/explore\/tags\/museusnorio\/\">#museusnorio<\/a>\u00a0<a href=\"httpsss:\/\/www.instagram.com\/explore\/tags\/museu\/\">#museu<\/a>\u00a0<a href=\"httpsss:\/\/www.instagram.com\/explore\/tags\/samba\/\">#samba<\/a>\u00a0<a href=\"httpsss:\/\/www.instagram.com\/explore\/tags\/carioca\/\">#carioca<\/a>\u00a0<a href=\"httpsss:\/\/www.instagram.com\/explore\/tags\/exposicaonorio\/\">#exposicaonorio<\/a>\u00a0<a href=\"httpsss:\/\/www.instagram.com\/explore\/tags\/exposicao\/\">#exposicao<\/a>\u00a0<a href=\"httpsss:\/\/www.instagram.com\/explore\/tags\/sambaenredo\/\">#sambaenredo<\/a>\u00a0<a href=\"httpsss:\/\/www.instagram.com\/explore\/tags\/art\/\">#art<\/a>\u00a0<a href=\"httpsss:\/\/www.instagram.com\/explore\/tags\/museum\/\">#museum<\/a>\u00a0<a href=\"httpsss:\/\/www.instagram.com\/explore\/tags\/heroisdaliberdade\/\">#heroisdaliberdade<\/a>\u00a0<a href=\"httpsss:\/\/www.instagram.com\/explore\/tags\/for%C3%A7afeminina\/\">#for\u00e7afeminina<\/a><\/figcaption><\/figure>\n","protected":false},"excerpt":{"rendered":"<p>Novidade: pr\u00f3xima semana no RJ lan\u00e7ando livro com tem\u00e1tica sobre as \u00c1fricas.<\/p>\n<p>Dia 18\/04<br \/>\n09h30 no Museu do Samba<br \/>\nMangueira<\/p>\n","protected":false},"author":1,"featured_media":7616,"comment_status":"open","ping_status":"open","sticky":false,"template":"elementor_theme","format":"standard","meta":{"content-type":"","footnotes":""},"categories":[48,62],"tags":[95,96,97],"palavra-chave":[],"class_list":["post-7615","post","type-post","status-publish","format-standard","has-post-thumbnail","hentry","category-sem-categoria","category-news","tag-africa","tag-lancamento","tag-livro","entry","has-media"],"aioseo_notices":[],"yoast_head":"<!-- This site is optimized with the Yoast SEO plugin v20.13 - https:\/\/yoast.com\/wordpress\/plugins\/seo\/ -->\n<title>Lan\u00e7amento do Livro &quot;\u00c1frica, um passeio pelo Antigo Continente&quot; no Dia Internacional do Livro - atlasgeoculturalafricaatual.com<\/title>\n<meta name=\"description\" content=\"Lan\u00e7amento do Livro. Dia 18\/0409h30 no Museu do Samba - Mangueira\" \/>\n<meta name=\"robots\" content=\"index, follow, max-snippet:-1, max-image-preview:large, max-video-preview:-1\" \/>\n<link rel=\"canonical\" href=\"https:\/\/atlasgeoculturalafricaatual.com\/index.php\/2023\/04\/11\/lancamento-no-dia-internacional-do-livro\/\" \/>\n<meta property=\"og:locale\" content=\"pt_BR\" \/>\n<meta property=\"og:type\" content=\"article\" \/>\n<meta property=\"og:title\" content=\"Lan\u00e7amento do Livro &quot;\u00c1frica, um passeio pelo Antigo Continente&quot; no Dia Internacional do Livro - atlasgeoculturalafricaatual.com\" \/>\n<meta property=\"og:description\" content=\"Lan\u00e7amento do Livro. Dia 18\/0409h30 no Museu do Samba - Mangueira\" \/>\n<meta property=\"og:url\" content=\"https:\/\/atlasgeoculturalafricaatual.com\/index.php\/2023\/04\/11\/lancamento-no-dia-internacional-do-livro\/\" \/>\n<meta property=\"og:site_name\" content=\"atlasgeoculturalafricaatual.com\" \/>\n<meta property=\"article:published_time\" content=\"2023-04-11T13:33:39+00:00\" \/>\n<meta name=\"author\" content=\"atlasgeoculturalafricaatual.com\" \/>\n<meta name=\"twitter:card\" content=\"summary_large_image\" \/>\n<meta name=\"twitter:label1\" content=\"Escrito por\" \/>\n\t<meta name=\"twitter:data1\" content=\"atlasgeoculturalafricaatual.com\" \/>\n\t<meta name=\"twitter:label2\" content=\"Est. tempo de leitura\" \/>\n\t<meta name=\"twitter:data2\" content=\"1 minuto\" \/>\n<script type=\"application\/ld+json\" class=\"yoast-schema-graph\">{\"@context\":\"https:\/\/schema.org\",\"@graph\":[{\"@type\":\"Article\",\"@id\":\"https:\/\/atlasgeoculturalafricaatual.com\/index.php\/2023\/04\/11\/lancamento-no-dia-internacional-do-livro\/#article\",\"isPartOf\":{\"@id\":\"https:\/\/atlasgeoculturalafricaatual.com\/index.php\/2023\/04\/11\/lancamento-no-dia-internacional-do-livro\/\"},\"author\":{\"name\":\"atlasgeoculturalafricaatual.com\",\"@id\":\"https:\/\/atlasgeoculturalafricaatual.com\/#\/schema\/person\/eeee269288097965a8c6f963043e4062\"},\"headline\":\"Lan\u00e7amento do Livro &#8220;\u00c1frica, um passeio pelo Antigo Continente&#8221; no Dia Internacional do Livro\",\"datePublished\":\"2023-04-11T13:33:39+00:00\",\"dateModified\":\"2023-04-11T13:33:39+00:00\",\"mainEntityOfPage\":{\"@id\":\"https:\/\/atlasgeoculturalafricaatual.com\/index.php\/2023\/04\/11\/lancamento-no-dia-internacional-do-livro\/\"},\"wordCount\":145,\"commentCount\":0,\"publisher\":{\"@id\":\"https:\/\/atlasgeoculturalafricaatual.com\/#organization\"},\"keywords\":[\"\u00c1frica\",\"Lan\u00e7amento\",\"Livro\"],\"articleSection\":[\"A Africa\",\"News\"],\"inLanguage\":\"pt-BR\",\"potentialAction\":[{\"@type\":\"CommentAction\",\"name\":\"Comment\",\"target\":[\"https:\/\/atlasgeoculturalafricaatual.com\/index.php\/2023\/04\/11\/lancamento-no-dia-internacional-do-livro\/#respond\"]}]},{\"@type\":\"WebPage\",\"@id\":\"https:\/\/atlasgeoculturalafricaatual.com\/index.php\/2023\/04\/11\/lancamento-no-dia-internacional-do-livro\/\",\"url\":\"https:\/\/atlasgeoculturalafricaatual.com\/index.php\/2023\/04\/11\/lancamento-no-dia-internacional-do-livro\/\",\"name\":\"Lan\u00e7amento do Livro \\\"\u00c1frica, um passeio pelo Antigo Continente\\\" no Dia Internacional do Livro - atlasgeoculturalafricaatual.com\",\"isPartOf\":{\"@id\":\"https:\/\/atlasgeoculturalafricaatual.com\/#website\"},\"datePublished\":\"2023-04-11T13:33:39+00:00\",\"dateModified\":\"2023-04-11T13:33:39+00:00\",\"description\":\"Lan\u00e7amento do Livro. Dia 18\/0409h30 no Museu do Samba - Mangueira\",\"breadcrumb\":{\"@id\":\"https:\/\/atlasgeoculturalafricaatual.com\/index.php\/2023\/04\/11\/lancamento-no-dia-internacional-do-livro\/#breadcrumb\"},\"inLanguage\":\"pt-BR\",\"potentialAction\":[{\"@type\":\"ReadAction\",\"target\":[\"https:\/\/atlasgeoculturalafricaatual.com\/index.php\/2023\/04\/11\/lancamento-no-dia-internacional-do-livro\/\"]}]},{\"@type\":\"BreadcrumbList\",\"@id\":\"https:\/\/atlasgeoculturalafricaatual.com\/index.php\/2023\/04\/11\/lancamento-no-dia-internacional-do-livro\/#breadcrumb\",\"itemListElement\":[{\"@type\":\"ListItem\",\"position\":1,\"name\":\"In\u00edcio\",\"item\":\"https:\/\/atlasgeoculturalafricaatual.com\/\"},{\"@type\":\"ListItem\",\"position\":2,\"name\":\"Lan\u00e7amento do Livro &#8220;\u00c1frica, um passeio pelo Antigo Continente&#8221; no Dia Internacional do Livro\"}]},{\"@type\":\"WebSite\",\"@id\":\"https:\/\/atlasgeoculturalafricaatual.com\/#website\",\"url\":\"https:\/\/atlasgeoculturalafricaatual.com\/\",\"name\":\"atlasgeoculturalafricaatual.com\",\"description\":\"O Atlas Geocultural da \u00c1frica \u00e9 um rico material de leitura e pesquisa, que visa apresentar de forma atual os pa\u00edses africanos, ainda t\u00e3o pouco conhecidos.\",\"publisher\":{\"@id\":\"https:\/\/atlasgeoculturalafricaatual.com\/#organization\"},\"potentialAction\":[{\"@type\":\"SearchAction\",\"target\":{\"@type\":\"EntryPoint\",\"urlTemplate\":\"https:\/\/atlasgeoculturalafricaatual.com\/?s={search_term_string}\"},\"query-input\":\"required name=search_term_string\"}],\"inLanguage\":\"pt-BR\"},{\"@type\":\"Organization\",\"@id\":\"https:\/\/atlasgeoculturalafricaatual.com\/#organization\",\"name\":\"atlasgeoculturalafricaatual.com\",\"url\":\"https:\/\/atlasgeoculturalafricaatual.com\/\",\"logo\":{\"@type\":\"ImageObject\",\"inLanguage\":\"pt-BR\",\"@id\":\"https:\/\/atlasgeoculturalafricaatual.com\/#\/schema\/logo\/image\/\",\"url\":\"http:\/\/atlasgeoculturalafricaatual.com\/wp-content\/uploads\/2023\/06\/LOGOEIROS_Prancheta-1-tipo-preto.png\",\"contentUrl\":\"http:\/\/atlasgeoculturalafricaatual.com\/wp-content\/uploads\/2023\/06\/LOGOEIROS_Prancheta-1-tipo-preto.png\",\"width\":1667,\"height\":730,\"caption\":\"atlasgeoculturalafricaatual.com\"},\"image\":{\"@id\":\"https:\/\/atlasgeoculturalafricaatual.com\/#\/schema\/logo\/image\/\"}},{\"@type\":\"Person\",\"@id\":\"https:\/\/atlasgeoculturalafricaatual.com\/#\/schema\/person\/eeee269288097965a8c6f963043e4062\",\"name\":\"atlasgeoculturalafricaatual.com\",\"image\":{\"@type\":\"ImageObject\",\"inLanguage\":\"pt-BR\",\"@id\":\"https:\/\/atlasgeoculturalafricaatual.com\/#\/schema\/person\/image\/\",\"url\":\"https:\/\/secure.gravatar.com\/avatar\/7af55f21031d350b316a54060d50821f?s=96&d=mm&r=g\",\"contentUrl\":\"https:\/\/secure.gravatar.com\/avatar\/7af55f21031d350b316a54060d50821f?s=96&d=mm&r=g\",\"caption\":\"atlasgeoculturalafricaatual.com\"},\"sameAs\":[\"http:\/\/atlasgeoculturalafricaatual.com\"],\"url\":\"https:\/\/atlasgeoculturalafricaatual.com\/index.php\/author\/atlasgeoculturalafricaatual-com\/\"}]}<\/script>\n<!-- \/ Yoast SEO plugin. -->","yoast_head_json":{"title":"Lan\u00e7amento do Livro \"\u00c1frica, um passeio pelo Antigo Continente\" no Dia Internacional do Livro - atlasgeoculturalafricaatual.com","description":"Lan\u00e7amento do Livro. Dia 18\/0409h30 no Museu do Samba - Mangueira","robots":{"index":"index","follow":"follow","max-snippet":"max-snippet:-1","max-image-preview":"max-image-preview:large","max-video-preview":"max-video-preview:-1"},"canonical":"https:\/\/atlasgeoculturalafricaatual.com\/index.php\/2023\/04\/11\/lancamento-no-dia-internacional-do-livro\/","og_locale":"pt_BR","og_type":"article","og_title":"Lan\u00e7amento do Livro \"\u00c1frica, um passeio pelo Antigo Continente\" no Dia Internacional do Livro - atlasgeoculturalafricaatual.com","og_description":"Lan\u00e7amento do Livro. Dia 18\/0409h30 no Museu do Samba - Mangueira","og_url":"https:\/\/atlasgeoculturalafricaatual.com\/index.php\/2023\/04\/11\/lancamento-no-dia-internacional-do-livro\/","og_site_name":"atlasgeoculturalafricaatual.com","article_published_time":"2023-04-11T13:33:39+00:00","author":"atlasgeoculturalafricaatual.com","twitter_card":"summary_large_image","twitter_misc":{"Escrito por":"atlasgeoculturalafricaatual.com","Est. tempo de leitura":"1 minuto"},"schema":{"@context":"https:\/\/schema.org","@graph":[{"@type":"Article","@id":"https:\/\/atlasgeoculturalafricaatual.com\/index.php\/2023\/04\/11\/lancamento-no-dia-internacional-do-livro\/#article","isPartOf":{"@id":"https:\/\/atlasgeoculturalafricaatual.com\/index.php\/2023\/04\/11\/lancamento-no-dia-internacional-do-livro\/"},"author":{"name":"atlasgeoculturalafricaatual.com","@id":"https:\/\/atlasgeoculturalafricaatual.com\/#\/schema\/person\/eeee269288097965a8c6f963043e4062"},"headline":"Lan\u00e7amento do Livro &#8220;\u00c1frica, um passeio pelo Antigo Continente&#8221; no Dia Internacional do Livro","datePublished":"2023-04-11T13:33:39+00:00","dateModified":"2023-04-11T13:33:39+00:00","mainEntityOfPage":{"@id":"https:\/\/atlasgeoculturalafricaatual.com\/index.php\/2023\/04\/11\/lancamento-no-dia-internacional-do-livro\/"},"wordCount":145,"commentCount":0,"publisher":{"@id":"https:\/\/atlasgeoculturalafricaatual.com\/#organization"},"keywords":["\u00c1frica","Lan\u00e7amento","Livro"],"articleSection":["A Africa","News"],"inLanguage":"pt-BR","potentialAction":[{"@type":"CommentAction","name":"Comment","target":["https:\/\/atlasgeoculturalafricaatual.com\/index.php\/2023\/04\/11\/lancamento-no-dia-internacional-do-livro\/#respond"]}]},{"@type":"WebPage","@id":"https:\/\/atlasgeoculturalafricaatual.com\/index.php\/2023\/04\/11\/lancamento-no-dia-internacional-do-livro\/","url":"https:\/\/atlasgeoculturalafricaatual.com\/index.php\/2023\/04\/11\/lancamento-no-dia-internacional-do-livro\/","name":"Lan\u00e7amento do Livro \"\u00c1frica, um passeio pelo Antigo Continente\" no Dia Internacional do Livro - atlasgeoculturalafricaatual.com","isPartOf":{"@id":"https:\/\/atlasgeoculturalafricaatual.com\/#website"},"datePublished":"2023-04-11T13:33:39+00:00","dateModified":"2023-04-11T13:33:39+00:00","description":"Lan\u00e7amento do Livro. Dia 18\/0409h30 no Museu do Samba - Mangueira","breadcrumb":{"@id":"https:\/\/atlasgeoculturalafricaatual.com\/index.php\/2023\/04\/11\/lancamento-no-dia-internacional-do-livro\/#breadcrumb"},"inLanguage":"pt-BR","potentialAction":[{"@type":"ReadAction","target":["https:\/\/atlasgeoculturalafricaatual.com\/index.php\/2023\/04\/11\/lancamento-no-dia-internacional-do-livro\/"]}]},{"@type":"BreadcrumbList","@id":"https:\/\/atlasgeoculturalafricaatual.com\/index.php\/2023\/04\/11\/lancamento-no-dia-internacional-do-livro\/#breadcrumb","itemListElement":[{"@type":"ListItem","position":1,"name":"In\u00edcio","item":"https:\/\/atlasgeoculturalafricaatual.com\/"},{"@type":"ListItem","position":2,"name":"Lan\u00e7amento do Livro &#8220;\u00c1frica, um passeio pelo Antigo Continente&#8221; no Dia Internacional do Livro"}]},{"@type":"WebSite","@id":"https:\/\/atlasgeoculturalafricaatual.com\/#website","url":"https:\/\/atlasgeoculturalafricaatual.com\/","name":"atlasgeoculturalafricaatual.com","description":"O Atlas Geocultural da \u00c1frica \u00e9 um rico material de leitura e pesquisa, que visa apresentar de forma atual os pa\u00edses africanos, ainda t\u00e3o pouco conhecidos.","publisher":{"@id":"https:\/\/atlasgeoculturalafricaatual.com\/#organization"},"potentialAction":[{"@type":"SearchAction","target":{"@type":"EntryPoint","urlTemplate":"https:\/\/atlasgeoculturalafricaatual.com\/?s={search_term_string}"},"query-input":"required name=search_term_string"}],"inLanguage":"pt-BR"},{"@type":"Organization","@id":"https:\/\/atlasgeoculturalafricaatual.com\/#organization","name":"atlasgeoculturalafricaatual.com","url":"https:\/\/atlasgeoculturalafricaatual.com\/","logo":{"@type":"ImageObject","inLanguage":"pt-BR","@id":"https:\/\/atlasgeoculturalafricaatual.com\/#\/schema\/logo\/image\/","url":"http:\/\/atlasgeoculturalafricaatual.com\/wp-content\/uploads\/2023\/06\/LOGOEIROS_Prancheta-1-tipo-preto.png","contentUrl":"http:\/\/atlasgeoculturalafricaatual.com\/wp-content\/uploads\/2023\/06\/LOGOEIROS_Prancheta-1-tipo-preto.png","width":1667,"height":730,"caption":"atlasgeoculturalafricaatual.com"},"image":{"@id":"https:\/\/atlasgeoculturalafricaatual.com\/#\/schema\/logo\/image\/"}},{"@type":"Person","@id":"https:\/\/atlasgeoculturalafricaatual.com\/#\/schema\/person\/eeee269288097965a8c6f963043e4062","name":"atlasgeoculturalafricaatual.com","image":{"@type":"ImageObject","inLanguage":"pt-BR","@id":"https:\/\/atlasgeoculturalafricaatual.com\/#\/schema\/person\/image\/","url":"https:\/\/secure.gravatar.com\/avatar\/7af55f21031d350b316a54060d50821f?s=96&d=mm&r=g","contentUrl":"https:\/\/secure.gravatar.com\/avatar\/7af55f21031d350b316a54060d50821f?s=96&d=mm&r=g","caption":"atlasgeoculturalafricaatual.com"},"sameAs":["http:\/\/atlasgeoculturalafricaatual.com"],"url":"https:\/\/atlasgeoculturalafricaatual.com\/index.php\/author\/atlasgeoculturalafricaatual-com\/"}]}},"_links":{"self":[{"href":"https:\/\/atlasgeoculturalafricaatual.com\/index.php\/wp-json\/wp\/v2\/posts\/7615","targetHints":{"allow":["GET"]}}],"collection":[{"href":"https:\/\/atlasgeoculturalafricaatual.com\/index.php\/wp-json\/wp\/v2\/posts"}],"about":[{"href":"https:\/\/atlasgeoculturalafricaatual.com\/index.php\/wp-json\/wp\/v2\/types\/post"}],"author":[{"embeddable":true,"href":"https:\/\/atlasgeoculturalafricaatual.com\/index.php\/wp-json\/wp\/v2\/users\/1"}],"replies":[{"embeddable":true,"href":"https:\/\/atlasgeoculturalafricaatual.com\/index.php\/wp-json\/wp\/v2\/comments?post=7615"}],"version-history":[{"count":0,"href":"https:\/\/atlasgeoculturalafricaatual.com\/index.php\/wp-json\/wp\/v2\/posts\/7615\/revisions"}],"wp:featuredmedia":[{"embeddable":true,"href":"https:\/\/atlasgeoculturalafricaatual.com\/index.php\/wp-json\/"}],"wp:attachment":[{"href":"https:\/\/atlasgeoculturalafricaatual.com\/index.php\/wp-json\/wp\/v2\/media?parent=7615"}],"wp:term":[{"taxonomy":"category","embeddable":true,"href":"https:\/\/atlasgeoculturalafricaatual.com\/index.php\/wp-json\/wp\/v2\/categories?post=7615"},{"taxonomy":"post_tag","embeddable":true,"href":"https:\/\/atlasgeoculturalafricaatual.com\/index.php\/wp-json\/wp\/v2\/tags?post=7615"},{"taxonomy":"palavra-chave","embeddable":true,"href":"https:\/\/atlasgeoculturalafricaatual.com\/index.php\/wp-json\/wp\/v2\/palavra-chave?post=7615"}],"curies":[{"name":"wp","href":"https:\/\/api.w.org\/{rel}","templated":true}]}}