{"id":720,"date":"2020-03-30T11:48:22","date_gmt":"2020-03-30T14:48:22","guid":{"rendered":"https:\/\/atlasgeoculturalafricaatual.com\/index.php\/2020\/03\/30\/senegal-e-o-combate-ao-coronavirus\/"},"modified":"2020-03-30T11:48:22","modified_gmt":"2020-03-30T14:48:22","slug":"senegal-e-o-combate-ao-coronavirus","status":"publish","type":"post","link":"https:\/\/atlasgeoculturalafricaatual.com\/index.php\/2020\/03\/30\/senegal-e-o-combate-ao-coronavirus\/","title":{"rendered":"Senegal e o combate ao Coronav\u00edrus"},"content":{"rendered":"\n<div class=\"wp-block-image\"><figure class=\"alignright size-large\"><img loading=\"lazy\" decoding=\"async\" width=\"220\" height=\"268\" src=\"httpsss:\/\/africaatual.com.br\/wp-content\/uploads\/2020\/03\/220px-Monument_de_la_Renaissance_africaine_cropped.jpg\" alt=\"\" class=\"wp-image-721\"\/><\/figure><\/div>\n\n\n\n<p> Teste do v\u00edrus em 10 minutos por 1 (um) dolar. &#8221; Para detectar o maior n\u00famero poss\u00edvel de pessoas, Fitchett diz que o teste ser\u00e1 vendido a pre\u00e7o de custo &#8211; que \u00e9 de aproximadamente US $ 1 &#8211; gra\u00e7as ao apoio do governo do Reino Unido e da Funda\u00e7\u00e3o Bill e Melinda Gates.&#8221; Fonte ALJAZEERA: <a href=\"httpsss:\/\/www.aljazeera.com\/news\/2020\/03\/senegal-10-minute-coronavirus-test-1-200327053901231.html?fbclid=IwAR0uxpmlGzr6sR9E4BRBlUyxQ7_hKA_lI7nX5OlUc_IU_EmZqisp3SnI0eI\">httpsss:\/\/www.aljazeera.com\/news\/2020\/03\/senegal-10-minute-coronavirus-test-1-200327053901231.html?fbclid=IwAR0uxpmlGzr6sR9E4BRBlUyxQ7_hKA_lI7nX5OlUc_IU_EmZqisp3SnI0eI  <\/a><\/p>\n\n\n\n<p><\/p>\n","protected":false},"excerpt":{"rendered":"<p>Teste do v\u00edrus em 10 minutos por 1 (um) dolar. &#8221; Para detectar o maior n\u00famero poss\u00edvel de pessoas, Fitchett diz que o teste ser\u00e1 vendido a pre\u00e7o de custo [&hellip;]<\/p>\n","protected":false},"author":1,"featured_media":721,"comment_status":"open","ping_status":"open","sticky":false,"template":"","format":"standard","meta":{"content-type":"","footnotes":""},"categories":[48],"tags":[],"palavra-chave":[],"class_list":["post-720","post","type-post","status-publish","format-standard","has-post-thumbnail","hentry","category-sem-categoria","entry","has-media"],"aioseo_notices":[],"yoast_head":"<!-- This site is optimized with the Yoast SEO plugin v20.13 - https:\/\/yoast.com\/wordpress\/plugins\/seo\/ -->\n<title>Senegal e o combate ao Coronav\u00edrus - atlasgeoculturalafricaatual.com<\/title>\n<meta name=\"robots\" content=\"index, follow, max-snippet:-1, max-image-preview:large, max-video-preview:-1\" \/>\n<link rel=\"canonical\" href=\"https:\/\/atlasgeoculturalafricaatual.com\/index.php\/2020\/03\/30\/senegal-e-o-combate-ao-coronavirus\/\" \/>\n<meta property=\"og:locale\" content=\"pt_BR\" \/>\n<meta property=\"og:type\" content=\"article\" \/>\n<meta property=\"og:title\" content=\"Senegal e o combate ao Coronav\u00edrus - atlasgeoculturalafricaatual.com\" \/>\n<meta property=\"og:description\" content=\"Teste do v\u00edrus em 10 minutos por 1 (um) dolar. &#8221; Para detectar o maior n\u00famero poss\u00edvel de pessoas, Fitchett diz que o teste ser\u00e1 vendido a pre\u00e7o de custo [&hellip;]\" \/>\n<meta property=\"og:url\" content=\"https:\/\/atlasgeoculturalafricaatual.com\/index.php\/2020\/03\/30\/senegal-e-o-combate-ao-coronavirus\/\" \/>\n<meta property=\"og:site_name\" content=\"atlasgeoculturalafricaatual.com\" \/>\n<meta property=\"article:published_time\" content=\"2020-03-30T14:48:22+00:00\" \/>\n<meta property=\"og:image\" content=\"\" \/>\n<meta name=\"author\" content=\"atlasgeoculturalafricaatual.com\" \/>\n<meta name=\"twitter:card\" content=\"summary_large_image\" \/>\n<meta name=\"twitter:label1\" content=\"Escrito por\" \/>\n\t<meta name=\"twitter:data1\" content=\"atlasgeoculturalafricaatual.com\" \/>\n<script type=\"application\/ld+json\" class=\"yoast-schema-graph\">{\"@context\":\"https:\/\/schema.org\",\"@graph\":[{\"@type\":\"Article\",\"@id\":\"https:\/\/atlasgeoculturalafricaatual.com\/index.php\/2020\/03\/30\/senegal-e-o-combate-ao-coronavirus\/#article\",\"isPartOf\":{\"@id\":\"https:\/\/atlasgeoculturalafricaatual.com\/index.php\/2020\/03\/30\/senegal-e-o-combate-ao-coronavirus\/\"},\"author\":{\"name\":\"atlasgeoculturalafricaatual.com\",\"@id\":\"https:\/\/atlasgeoculturalafricaatual.com\/#\/schema\/person\/eeee269288097965a8c6f963043e4062\"},\"headline\":\"Senegal e o combate ao Coronav\u00edrus\",\"datePublished\":\"2020-03-30T14:48:22+00:00\",\"dateModified\":\"2020-03-30T14:48:22+00:00\",\"mainEntityOfPage\":{\"@id\":\"https:\/\/atlasgeoculturalafricaatual.com\/index.php\/2020\/03\/30\/senegal-e-o-combate-ao-coronavirus\/\"},\"wordCount\":86,\"commentCount\":0,\"publisher\":{\"@id\":\"https:\/\/atlasgeoculturalafricaatual.com\/#organization\"},\"articleSection\":[\"A Africa\"],\"inLanguage\":\"pt-BR\",\"potentialAction\":[{\"@type\":\"CommentAction\",\"name\":\"Comment\",\"target\":[\"https:\/\/atlasgeoculturalafricaatual.com\/index.php\/2020\/03\/30\/senegal-e-o-combate-ao-coronavirus\/#respond\"]}]},{\"@type\":\"WebPage\",\"@id\":\"https:\/\/atlasgeoculturalafricaatual.com\/index.php\/2020\/03\/30\/senegal-e-o-combate-ao-coronavirus\/\",\"url\":\"https:\/\/atlasgeoculturalafricaatual.com\/index.php\/2020\/03\/30\/senegal-e-o-combate-ao-coronavirus\/\",\"name\":\"Senegal e o combate ao Coronav\u00edrus - atlasgeoculturalafricaatual.com\",\"isPartOf\":{\"@id\":\"https:\/\/atlasgeoculturalafricaatual.com\/#website\"},\"datePublished\":\"2020-03-30T14:48:22+00:00\",\"dateModified\":\"2020-03-30T14:48:22+00:00\",\"breadcrumb\":{\"@id\":\"https:\/\/atlasgeoculturalafricaatual.com\/index.php\/2020\/03\/30\/senegal-e-o-combate-ao-coronavirus\/#breadcrumb\"},\"inLanguage\":\"pt-BR\",\"potentialAction\":[{\"@type\":\"ReadAction\",\"target\":[\"https:\/\/atlasgeoculturalafricaatual.com\/index.php\/2020\/03\/30\/senegal-e-o-combate-ao-coronavirus\/\"]}]},{\"@type\":\"BreadcrumbList\",\"@id\":\"https:\/\/atlasgeoculturalafricaatual.com\/index.php\/2020\/03\/30\/senegal-e-o-combate-ao-coronavirus\/#breadcrumb\",\"itemListElement\":[{\"@type\":\"ListItem\",\"position\":1,\"name\":\"In\u00edcio\",\"item\":\"https:\/\/atlasgeoculturalafricaatual.com\/\"},{\"@type\":\"ListItem\",\"position\":2,\"name\":\"Senegal e o combate ao Coronav\u00edrus\"}]},{\"@type\":\"WebSite\",\"@id\":\"https:\/\/atlasgeoculturalafricaatual.com\/#website\",\"url\":\"https:\/\/atlasgeoculturalafricaatual.com\/\",\"name\":\"atlasgeoculturalafricaatual.com\",\"description\":\"O Atlas Geocultural da \u00c1frica \u00e9 um rico material de leitura e pesquisa, que visa apresentar de forma atual os pa\u00edses africanos, ainda t\u00e3o pouco conhecidos.\",\"publisher\":{\"@id\":\"https:\/\/atlasgeoculturalafricaatual.com\/#organization\"},\"potentialAction\":[{\"@type\":\"SearchAction\",\"target\":{\"@type\":\"EntryPoint\",\"urlTemplate\":\"https:\/\/atlasgeoculturalafricaatual.com\/?s={search_term_string}\"},\"query-input\":\"required name=search_term_string\"}],\"inLanguage\":\"pt-BR\"},{\"@type\":\"Organization\",\"@id\":\"https:\/\/atlasgeoculturalafricaatual.com\/#organization\",\"name\":\"atlasgeoculturalafricaatual.com\",\"url\":\"https:\/\/atlasgeoculturalafricaatual.com\/\",\"logo\":{\"@type\":\"ImageObject\",\"inLanguage\":\"pt-BR\",\"@id\":\"https:\/\/atlasgeoculturalafricaatual.com\/#\/schema\/logo\/image\/\",\"url\":\"http:\/\/atlasgeoculturalafricaatual.com\/wp-content\/uploads\/2023\/06\/LOGOEIROS_Prancheta-1-tipo-preto.png\",\"contentUrl\":\"http:\/\/atlasgeoculturalafricaatual.com\/wp-content\/uploads\/2023\/06\/LOGOEIROS_Prancheta-1-tipo-preto.png\",\"width\":1667,\"height\":730,\"caption\":\"atlasgeoculturalafricaatual.com\"},\"image\":{\"@id\":\"https:\/\/atlasgeoculturalafricaatual.com\/#\/schema\/logo\/image\/\"}},{\"@type\":\"Person\",\"@id\":\"https:\/\/atlasgeoculturalafricaatual.com\/#\/schema\/person\/eeee269288097965a8c6f963043e4062\",\"name\":\"atlasgeoculturalafricaatual.com\",\"image\":{\"@type\":\"ImageObject\",\"inLanguage\":\"pt-BR\",\"@id\":\"https:\/\/atlasgeoculturalafricaatual.com\/#\/schema\/person\/image\/\",\"url\":\"https:\/\/secure.gravatar.com\/avatar\/7af55f21031d350b316a54060d50821f?s=96&d=mm&r=g\",\"contentUrl\":\"https:\/\/secure.gravatar.com\/avatar\/7af55f21031d350b316a54060d50821f?s=96&d=mm&r=g\",\"caption\":\"atlasgeoculturalafricaatual.com\"},\"sameAs\":[\"http:\/\/atlasgeoculturalafricaatual.com\"],\"url\":\"https:\/\/atlasgeoculturalafricaatual.com\/index.php\/author\/atlasgeoculturalafricaatual-com\/\"}]}<\/script>\n<!-- \/ Yoast SEO plugin. -->","yoast_head_json":{"title":"Senegal e o combate ao Coronav\u00edrus - atlasgeoculturalafricaatual.com","robots":{"index":"index","follow":"follow","max-snippet":"max-snippet:-1","max-image-preview":"max-image-preview:large","max-video-preview":"max-video-preview:-1"},"canonical":"https:\/\/atlasgeoculturalafricaatual.com\/index.php\/2020\/03\/30\/senegal-e-o-combate-ao-coronavirus\/","og_locale":"pt_BR","og_type":"article","og_title":"Senegal e o combate ao Coronav\u00edrus - atlasgeoculturalafricaatual.com","og_description":"Teste do v\u00edrus em 10 minutos por 1 (um) dolar. &#8221; Para detectar o maior n\u00famero poss\u00edvel de pessoas, Fitchett diz que o teste ser\u00e1 vendido a pre\u00e7o de custo [&hellip;]","og_url":"https:\/\/atlasgeoculturalafricaatual.com\/index.php\/2020\/03\/30\/senegal-e-o-combate-ao-coronavirus\/","og_site_name":"atlasgeoculturalafricaatual.com","article_published_time":"2020-03-30T14:48:22+00:00","og_image":[{"url":"httpsss:\/\/africaatual.com.br\/wp-content\/uploads\/2020\/03\/220px-Monument_de_la_Renaissance_africaine_cropped.jpg"}],"author":"atlasgeoculturalafricaatual.com","twitter_card":"summary_large_image","twitter_misc":{"Escrito por":"atlasgeoculturalafricaatual.com"},"schema":{"@context":"https:\/\/schema.org","@graph":[{"@type":"Article","@id":"https:\/\/atlasgeoculturalafricaatual.com\/index.php\/2020\/03\/30\/senegal-e-o-combate-ao-coronavirus\/#article","isPartOf":{"@id":"https:\/\/atlasgeoculturalafricaatual.com\/index.php\/2020\/03\/30\/senegal-e-o-combate-ao-coronavirus\/"},"author":{"name":"atlasgeoculturalafricaatual.com","@id":"https:\/\/atlasgeoculturalafricaatual.com\/#\/schema\/person\/eeee269288097965a8c6f963043e4062"},"headline":"Senegal e o combate ao Coronav\u00edrus","datePublished":"2020-03-30T14:48:22+00:00","dateModified":"2020-03-30T14:48:22+00:00","mainEntityOfPage":{"@id":"https:\/\/atlasgeoculturalafricaatual.com\/index.php\/2020\/03\/30\/senegal-e-o-combate-ao-coronavirus\/"},"wordCount":86,"commentCount":0,"publisher":{"@id":"https:\/\/atlasgeoculturalafricaatual.com\/#organization"},"articleSection":["A Africa"],"inLanguage":"pt-BR","potentialAction":[{"@type":"CommentAction","name":"Comment","target":["https:\/\/atlasgeoculturalafricaatual.com\/index.php\/2020\/03\/30\/senegal-e-o-combate-ao-coronavirus\/#respond"]}]},{"@type":"WebPage","@id":"https:\/\/atlasgeoculturalafricaatual.com\/index.php\/2020\/03\/30\/senegal-e-o-combate-ao-coronavirus\/","url":"https:\/\/atlasgeoculturalafricaatual.com\/index.php\/2020\/03\/30\/senegal-e-o-combate-ao-coronavirus\/","name":"Senegal e o combate ao Coronav\u00edrus - atlasgeoculturalafricaatual.com","isPartOf":{"@id":"https:\/\/atlasgeoculturalafricaatual.com\/#website"},"datePublished":"2020-03-30T14:48:22+00:00","dateModified":"2020-03-30T14:48:22+00:00","breadcrumb":{"@id":"https:\/\/atlasgeoculturalafricaatual.com\/index.php\/2020\/03\/30\/senegal-e-o-combate-ao-coronavirus\/#breadcrumb"},"inLanguage":"pt-BR","potentialAction":[{"@type":"ReadAction","target":["https:\/\/atlasgeoculturalafricaatual.com\/index.php\/2020\/03\/30\/senegal-e-o-combate-ao-coronavirus\/"]}]},{"@type":"BreadcrumbList","@id":"https:\/\/atlasgeoculturalafricaatual.com\/index.php\/2020\/03\/30\/senegal-e-o-combate-ao-coronavirus\/#breadcrumb","itemListElement":[{"@type":"ListItem","position":1,"name":"In\u00edcio","item":"https:\/\/atlasgeoculturalafricaatual.com\/"},{"@type":"ListItem","position":2,"name":"Senegal e o combate ao Coronav\u00edrus"}]},{"@type":"WebSite","@id":"https:\/\/atlasgeoculturalafricaatual.com\/#website","url":"https:\/\/atlasgeoculturalafricaatual.com\/","name":"atlasgeoculturalafricaatual.com","description":"O Atlas Geocultural da \u00c1frica \u00e9 um rico material de leitura e pesquisa, que visa apresentar de forma atual os pa\u00edses africanos, ainda t\u00e3o pouco conhecidos.","publisher":{"@id":"https:\/\/atlasgeoculturalafricaatual.com\/#organization"},"potentialAction":[{"@type":"SearchAction","target":{"@type":"EntryPoint","urlTemplate":"https:\/\/atlasgeoculturalafricaatual.com\/?s={search_term_string}"},"query-input":"required name=search_term_string"}],"inLanguage":"pt-BR"},{"@type":"Organization","@id":"https:\/\/atlasgeoculturalafricaatual.com\/#organization","name":"atlasgeoculturalafricaatual.com","url":"https:\/\/atlasgeoculturalafricaatual.com\/","logo":{"@type":"ImageObject","inLanguage":"pt-BR","@id":"https:\/\/atlasgeoculturalafricaatual.com\/#\/schema\/logo\/image\/","url":"http:\/\/atlasgeoculturalafricaatual.com\/wp-content\/uploads\/2023\/06\/LOGOEIROS_Prancheta-1-tipo-preto.png","contentUrl":"http:\/\/atlasgeoculturalafricaatual.com\/wp-content\/uploads\/2023\/06\/LOGOEIROS_Prancheta-1-tipo-preto.png","width":1667,"height":730,"caption":"atlasgeoculturalafricaatual.com"},"image":{"@id":"https:\/\/atlasgeoculturalafricaatual.com\/#\/schema\/logo\/image\/"}},{"@type":"Person","@id":"https:\/\/atlasgeoculturalafricaatual.com\/#\/schema\/person\/eeee269288097965a8c6f963043e4062","name":"atlasgeoculturalafricaatual.com","image":{"@type":"ImageObject","inLanguage":"pt-BR","@id":"https:\/\/atlasgeoculturalafricaatual.com\/#\/schema\/person\/image\/","url":"https:\/\/secure.gravatar.com\/avatar\/7af55f21031d350b316a54060d50821f?s=96&d=mm&r=g","contentUrl":"https:\/\/secure.gravatar.com\/avatar\/7af55f21031d350b316a54060d50821f?s=96&d=mm&r=g","caption":"atlasgeoculturalafricaatual.com"},"sameAs":["http:\/\/atlasgeoculturalafricaatual.com"],"url":"https:\/\/atlasgeoculturalafricaatual.com\/index.php\/author\/atlasgeoculturalafricaatual-com\/"}]}},"_links":{"self":[{"href":"https:\/\/atlasgeoculturalafricaatual.com\/index.php\/wp-json\/wp\/v2\/posts\/720","targetHints":{"allow":["GET"]}}],"collection":[{"href":"https:\/\/atlasgeoculturalafricaatual.com\/index.php\/wp-json\/wp\/v2\/posts"}],"about":[{"href":"https:\/\/atlasgeoculturalafricaatual.com\/index.php\/wp-json\/wp\/v2\/types\/post"}],"author":[{"embeddable":true,"href":"https:\/\/atlasgeoculturalafricaatual.com\/index.php\/wp-json\/wp\/v2\/users\/1"}],"replies":[{"embeddable":true,"href":"https:\/\/atlasgeoculturalafricaatual.com\/index.php\/wp-json\/wp\/v2\/comments?post=720"}],"version-history":[{"count":0,"href":"https:\/\/atlasgeoculturalafricaatual.com\/index.php\/wp-json\/wp\/v2\/posts\/720\/revisions"}],"wp:featuredmedia":[{"embeddable":true,"href":"https:\/\/atlasgeoculturalafricaatual.com\/index.php\/wp-json\/wp\/v2\/media\/721"}],"wp:attachment":[{"href":"https:\/\/atlasgeoculturalafricaatual.com\/index.php\/wp-json\/wp\/v2\/media?parent=720"}],"wp:term":[{"taxonomy":"category","embeddable":true,"href":"https:\/\/atlasgeoculturalafricaatual.com\/index.php\/wp-json\/wp\/v2\/categories?post=720"},{"taxonomy":"post_tag","embeddable":true,"href":"https:\/\/atlasgeoculturalafricaatual.com\/index.php\/wp-json\/wp\/v2\/tags?post=720"},{"taxonomy":"palavra-chave","embeddable":true,"href":"https:\/\/atlasgeoculturalafricaatual.com\/index.php\/wp-json\/wp\/v2\/palavra-chave?post=720"}],"curies":[{"name":"wp","href":"https:\/\/api.w.org\/{rel}","templated":true}]}}