{"id":7127,"date":"2023-01-13T14:27:12","date_gmt":"2023-01-13T17:27:12","guid":{"rendered":"https:\/\/atlasgeoculturalafricaatual.com\/index.php\/2023\/01\/13\/vinte-anos-da-lei-10639-2003\/"},"modified":"2023-01-13T14:27:12","modified_gmt":"2023-01-13T17:27:12","slug":"vinte-anos-da-lei-10639-2003","status":"publish","type":"post","link":"https:\/\/atlasgeoculturalafricaatual.com\/index.php\/2023\/01\/13\/vinte-anos-da-lei-10639-2003\/","title":{"rendered":"VINTE ANOS DA LEI 10639\/2003"},"content":{"rendered":"\n<p>Em 09 de janeiro de 2023, completam-se 20 anos de aprova\u00e7\u00e3o da Lei <a href=\"\/\/www.planalto.gov.br\/ccivil_03\/leis\/2003\/l10.639.htm\" target=\"_blank\" rel=\"noreferrer noopener\">10639\/2003 <\/a>que instituiu a obrigatoriedade do Ensino de Hist\u00f3ria e Cultura Afro-brasileira nos curr\u00edculos oficiais.<\/p>\n\n\n\n<p>Complementada posteriormente pelas <a href=\"httpsss:\/\/www.gov.br\/inep\/pt-br\/centrais-de-conteudo\/acervo-linha-editorial\/publicacoes-diversas\/temas-interdisciplinares\/diretrizes-curriculares-nacionais-para-a-educacao-das-relacoes-etnico-raciais-e-para-o-ensino-de-historia-e-cultura-afro-brasileira-e-africana\">Diretrizes Curriculares Nacionais para a Educa\u00e7\u00e3o das Rela\u00e7\u00f5es \u00c9tnico- Raciais e para o Ensino de Hist\u00f3ria e Cultura Afro-Brasileira e Africanas (2004)<\/a>, pela Lei 11645\/2008, que institui o Ensino de Hist\u00f3ria e Culturas \u00cdnd\u00edgenas, dentre outros documentos. Este marco legal simboliza uma mudan\u00e7a hist\u00f3rica e estrutural para os campos disciplinares. Ao longo dos \u00faltimos 20 anos, estimuila e promove significativas mudan\u00e7as nos curr\u00edculos da educa\u00e7\u00e3o b\u00e1sica e ensino superior, impactando a forma\u00e7\u00e3o inicial e continuada de professores, profissionais da educa\u00e7\u00e3o e comunidades, inclusos os movimentos sociais, tanto nos materiais did\u00e1ticos, como nas pr\u00e1ticas de educadores e docentes cotidianas.<\/p>\n\n\n\n<p><strong>Nesta dire\u00e7\u00e3o, convidamos voc\u00ea a estimular a celebra\u00e7\u00e3o e a inclus\u00e3o do dia 25\/maio, Dia Internacional da \u00c1frica, nos calend\u00e1rios escolares e nas agendas de vossa organiza\u00e7\u00e3o, se poss\u00edvel expandindo-a para Semana da \u00c1frica, ou M\u00eas da \u00c1frica, de maneira saud\u00e1vel e sustent\u00e1vel, \u00e0 ambientar nossas ra\u00edzes com este t\u00e3o belo e importante continente.<\/strong><\/p>\n\n\n\n<p>Ainda s\u00e3o in\u00fameros os desafios que precisamos enfrentar, sobretudo pelos imensos desafios que tivemos nos \u00faltimos anos. A Editora Eiros e a equipe do projeto \u201cAtlas GeoCultural da \u00c1frica\u201d endossam esse movimento coletivo, da sociedade brasileira, e adenda que precisamos fortalec\u00ea-lo, objetivando um Ensino que inclua novas informa\u00e7\u00f5es sobre o continente africano, principalmente em seu contexto moderno e contempor\u00e2neo, t\u00e3o ausente do conte\u00fado curricular escolar, e que subsidie tamb\u00e9m uma educa\u00e7\u00e3o socialmente comprometida, emancipadora, e engajada com o antirracismo em suas metodologias e pr\u00e1ticas pedag\u00f3gicas. (Texto adaptado de publica\u00e7\u00e3o da ANPUH).<\/p>\n\n\n\n<p>#africa #atlasgeoculturaldaafrica #africaatual #lei10639\/03<\/p>\n","protected":false},"excerpt":{"rendered":"<p>Em 09 de janeiro de 2023, completam-se 20 anos de aprova\u00e7\u00e3o da Lei 10639\/2003 que instituiu a obrigatoriedade do Ensino de Hist\u00f3ria e Cultura Afro-brasileira nos curr\u00edculos oficiais. Complementada posteriormente [&hellip;]<\/p>\n","protected":false},"author":1,"featured_media":7128,"comment_status":"open","ping_status":"open","sticky":false,"template":"elementor_theme","format":"standard","meta":{"content-type":"","footnotes":""},"categories":[87,35],"tags":[90,91,92],"palavra-chave":[],"class_list":["post-7127","post","type-post","status-publish","format-standard","has-post-thumbnail","hentry","category-atlas-geocultural","category-educacao","tag-atlas-geocultural-da-africa","tag-dia-internacional-da-africa","tag-lei-10-639-03","entry","has-media"],"aioseo_notices":[],"yoast_head":"<!-- This site is optimized with the Yoast SEO plugin v20.13 - https:\/\/yoast.com\/wordpress\/plugins\/seo\/ -->\n<title>VINTE ANOS DA LEI 10639\/2003 - atlasgeoculturalafricaatual.com<\/title>\n<meta name=\"description\" content=\"Celebra\u00e7\u00e3o dos 20 anos da Lei 10.639\/03\" \/>\n<meta name=\"robots\" content=\"index, follow, max-snippet:-1, max-image-preview:large, max-video-preview:-1\" \/>\n<link rel=\"canonical\" href=\"https:\/\/atlasgeoculturalafricaatual.com\/index.php\/2023\/01\/13\/vinte-anos-da-lei-10639-2003\/\" \/>\n<meta property=\"og:locale\" content=\"pt_BR\" \/>\n<meta property=\"og:type\" content=\"article\" \/>\n<meta property=\"og:title\" content=\"VINTE ANOS DA LEI 10639\/2003 - atlasgeoculturalafricaatual.com\" \/>\n<meta property=\"og:description\" content=\"Celebra\u00e7\u00e3o dos 20 anos da Lei 10.639\/03\" \/>\n<meta property=\"og:url\" content=\"https:\/\/atlasgeoculturalafricaatual.com\/index.php\/2023\/01\/13\/vinte-anos-da-lei-10639-2003\/\" \/>\n<meta property=\"og:site_name\" content=\"atlasgeoculturalafricaatual.com\" \/>\n<meta property=\"article:published_time\" content=\"2023-01-13T17:27:12+00:00\" \/>\n<meta name=\"author\" content=\"atlasgeoculturalafricaatual.com\" \/>\n<meta name=\"twitter:card\" content=\"summary_large_image\" \/>\n<meta name=\"twitter:label1\" content=\"Escrito por\" \/>\n\t<meta name=\"twitter:data1\" content=\"atlasgeoculturalafricaatual.com\" \/>\n\t<meta name=\"twitter:label2\" content=\"Est. tempo de leitura\" \/>\n\t<meta name=\"twitter:data2\" content=\"2 minutos\" \/>\n<script type=\"application\/ld+json\" class=\"yoast-schema-graph\">{\"@context\":\"https:\/\/schema.org\",\"@graph\":[{\"@type\":\"Article\",\"@id\":\"https:\/\/atlasgeoculturalafricaatual.com\/index.php\/2023\/01\/13\/vinte-anos-da-lei-10639-2003\/#article\",\"isPartOf\":{\"@id\":\"https:\/\/atlasgeoculturalafricaatual.com\/index.php\/2023\/01\/13\/vinte-anos-da-lei-10639-2003\/\"},\"author\":{\"name\":\"atlasgeoculturalafricaatual.com\",\"@id\":\"https:\/\/atlasgeoculturalafricaatual.com\/#\/schema\/person\/eeee269288097965a8c6f963043e4062\"},\"headline\":\"VINTE ANOS DA LEI 10639\/2003\",\"datePublished\":\"2023-01-13T17:27:12+00:00\",\"dateModified\":\"2023-01-13T17:27:12+00:00\",\"mainEntityOfPage\":{\"@id\":\"https:\/\/atlasgeoculturalafricaatual.com\/index.php\/2023\/01\/13\/vinte-anos-da-lei-10639-2003\/\"},\"wordCount\":315,\"commentCount\":0,\"publisher\":{\"@id\":\"https:\/\/atlasgeoculturalafricaatual.com\/#organization\"},\"keywords\":[\"Atlas Geocultural da \u00c1frica\",\"Dia Internacional da \u00c1frica\",\"Lei 10.639\/03\"],\"articleSection\":[\"Atlas Geocultural\",\"Educa\u00e7\u00e3o\"],\"inLanguage\":\"pt-BR\",\"potentialAction\":[{\"@type\":\"CommentAction\",\"name\":\"Comment\",\"target\":[\"https:\/\/atlasgeoculturalafricaatual.com\/index.php\/2023\/01\/13\/vinte-anos-da-lei-10639-2003\/#respond\"]}]},{\"@type\":\"WebPage\",\"@id\":\"https:\/\/atlasgeoculturalafricaatual.com\/index.php\/2023\/01\/13\/vinte-anos-da-lei-10639-2003\/\",\"url\":\"https:\/\/atlasgeoculturalafricaatual.com\/index.php\/2023\/01\/13\/vinte-anos-da-lei-10639-2003\/\",\"name\":\"VINTE ANOS DA LEI 10639\/2003 - atlasgeoculturalafricaatual.com\",\"isPartOf\":{\"@id\":\"https:\/\/atlasgeoculturalafricaatual.com\/#website\"},\"datePublished\":\"2023-01-13T17:27:12+00:00\",\"dateModified\":\"2023-01-13T17:27:12+00:00\",\"description\":\"Celebra\u00e7\u00e3o dos 20 anos da Lei 10.639\/03\",\"breadcrumb\":{\"@id\":\"https:\/\/atlasgeoculturalafricaatual.com\/index.php\/2023\/01\/13\/vinte-anos-da-lei-10639-2003\/#breadcrumb\"},\"inLanguage\":\"pt-BR\",\"potentialAction\":[{\"@type\":\"ReadAction\",\"target\":[\"https:\/\/atlasgeoculturalafricaatual.com\/index.php\/2023\/01\/13\/vinte-anos-da-lei-10639-2003\/\"]}]},{\"@type\":\"BreadcrumbList\",\"@id\":\"https:\/\/atlasgeoculturalafricaatual.com\/index.php\/2023\/01\/13\/vinte-anos-da-lei-10639-2003\/#breadcrumb\",\"itemListElement\":[{\"@type\":\"ListItem\",\"position\":1,\"name\":\"In\u00edcio\",\"item\":\"https:\/\/atlasgeoculturalafricaatual.com\/\"},{\"@type\":\"ListItem\",\"position\":2,\"name\":\"VINTE ANOS DA LEI 10639\/2003\"}]},{\"@type\":\"WebSite\",\"@id\":\"https:\/\/atlasgeoculturalafricaatual.com\/#website\",\"url\":\"https:\/\/atlasgeoculturalafricaatual.com\/\",\"name\":\"atlasgeoculturalafricaatual.com\",\"description\":\"O Atlas Geocultural da \u00c1frica \u00e9 um rico material de leitura e pesquisa, que visa apresentar de forma atual os pa\u00edses africanos, ainda t\u00e3o pouco conhecidos.\",\"publisher\":{\"@id\":\"https:\/\/atlasgeoculturalafricaatual.com\/#organization\"},\"potentialAction\":[{\"@type\":\"SearchAction\",\"target\":{\"@type\":\"EntryPoint\",\"urlTemplate\":\"https:\/\/atlasgeoculturalafricaatual.com\/?s={search_term_string}\"},\"query-input\":\"required name=search_term_string\"}],\"inLanguage\":\"pt-BR\"},{\"@type\":\"Organization\",\"@id\":\"https:\/\/atlasgeoculturalafricaatual.com\/#organization\",\"name\":\"atlasgeoculturalafricaatual.com\",\"url\":\"https:\/\/atlasgeoculturalafricaatual.com\/\",\"logo\":{\"@type\":\"ImageObject\",\"inLanguage\":\"pt-BR\",\"@id\":\"https:\/\/atlasgeoculturalafricaatual.com\/#\/schema\/logo\/image\/\",\"url\":\"http:\/\/atlasgeoculturalafricaatual.com\/wp-content\/uploads\/2023\/06\/LOGOEIROS_Prancheta-1-tipo-preto.png\",\"contentUrl\":\"http:\/\/atlasgeoculturalafricaatual.com\/wp-content\/uploads\/2023\/06\/LOGOEIROS_Prancheta-1-tipo-preto.png\",\"width\":1667,\"height\":730,\"caption\":\"atlasgeoculturalafricaatual.com\"},\"image\":{\"@id\":\"https:\/\/atlasgeoculturalafricaatual.com\/#\/schema\/logo\/image\/\"}},{\"@type\":\"Person\",\"@id\":\"https:\/\/atlasgeoculturalafricaatual.com\/#\/schema\/person\/eeee269288097965a8c6f963043e4062\",\"name\":\"atlasgeoculturalafricaatual.com\",\"image\":{\"@type\":\"ImageObject\",\"inLanguage\":\"pt-BR\",\"@id\":\"https:\/\/atlasgeoculturalafricaatual.com\/#\/schema\/person\/image\/\",\"url\":\"https:\/\/secure.gravatar.com\/avatar\/7af55f21031d350b316a54060d50821f?s=96&d=mm&r=g\",\"contentUrl\":\"https:\/\/secure.gravatar.com\/avatar\/7af55f21031d350b316a54060d50821f?s=96&d=mm&r=g\",\"caption\":\"atlasgeoculturalafricaatual.com\"},\"sameAs\":[\"http:\/\/atlasgeoculturalafricaatual.com\"],\"url\":\"https:\/\/atlasgeoculturalafricaatual.com\/index.php\/author\/atlasgeoculturalafricaatual-com\/\"}]}<\/script>\n<!-- \/ Yoast SEO plugin. -->","yoast_head_json":{"title":"VINTE ANOS DA LEI 10639\/2003 - atlasgeoculturalafricaatual.com","description":"Celebra\u00e7\u00e3o dos 20 anos da Lei 10.639\/03","robots":{"index":"index","follow":"follow","max-snippet":"max-snippet:-1","max-image-preview":"max-image-preview:large","max-video-preview":"max-video-preview:-1"},"canonical":"https:\/\/atlasgeoculturalafricaatual.com\/index.php\/2023\/01\/13\/vinte-anos-da-lei-10639-2003\/","og_locale":"pt_BR","og_type":"article","og_title":"VINTE ANOS DA LEI 10639\/2003 - atlasgeoculturalafricaatual.com","og_description":"Celebra\u00e7\u00e3o dos 20 anos da Lei 10.639\/03","og_url":"https:\/\/atlasgeoculturalafricaatual.com\/index.php\/2023\/01\/13\/vinte-anos-da-lei-10639-2003\/","og_site_name":"atlasgeoculturalafricaatual.com","article_published_time":"2023-01-13T17:27:12+00:00","author":"atlasgeoculturalafricaatual.com","twitter_card":"summary_large_image","twitter_misc":{"Escrito por":"atlasgeoculturalafricaatual.com","Est. tempo de leitura":"2 minutos"},"schema":{"@context":"https:\/\/schema.org","@graph":[{"@type":"Article","@id":"https:\/\/atlasgeoculturalafricaatual.com\/index.php\/2023\/01\/13\/vinte-anos-da-lei-10639-2003\/#article","isPartOf":{"@id":"https:\/\/atlasgeoculturalafricaatual.com\/index.php\/2023\/01\/13\/vinte-anos-da-lei-10639-2003\/"},"author":{"name":"atlasgeoculturalafricaatual.com","@id":"https:\/\/atlasgeoculturalafricaatual.com\/#\/schema\/person\/eeee269288097965a8c6f963043e4062"},"headline":"VINTE ANOS DA LEI 10639\/2003","datePublished":"2023-01-13T17:27:12+00:00","dateModified":"2023-01-13T17:27:12+00:00","mainEntityOfPage":{"@id":"https:\/\/atlasgeoculturalafricaatual.com\/index.php\/2023\/01\/13\/vinte-anos-da-lei-10639-2003\/"},"wordCount":315,"commentCount":0,"publisher":{"@id":"https:\/\/atlasgeoculturalafricaatual.com\/#organization"},"keywords":["Atlas Geocultural da \u00c1frica","Dia Internacional da \u00c1frica","Lei 10.639\/03"],"articleSection":["Atlas Geocultural","Educa\u00e7\u00e3o"],"inLanguage":"pt-BR","potentialAction":[{"@type":"CommentAction","name":"Comment","target":["https:\/\/atlasgeoculturalafricaatual.com\/index.php\/2023\/01\/13\/vinte-anos-da-lei-10639-2003\/#respond"]}]},{"@type":"WebPage","@id":"https:\/\/atlasgeoculturalafricaatual.com\/index.php\/2023\/01\/13\/vinte-anos-da-lei-10639-2003\/","url":"https:\/\/atlasgeoculturalafricaatual.com\/index.php\/2023\/01\/13\/vinte-anos-da-lei-10639-2003\/","name":"VINTE ANOS DA LEI 10639\/2003 - atlasgeoculturalafricaatual.com","isPartOf":{"@id":"https:\/\/atlasgeoculturalafricaatual.com\/#website"},"datePublished":"2023-01-13T17:27:12+00:00","dateModified":"2023-01-13T17:27:12+00:00","description":"Celebra\u00e7\u00e3o dos 20 anos da Lei 10.639\/03","breadcrumb":{"@id":"https:\/\/atlasgeoculturalafricaatual.com\/index.php\/2023\/01\/13\/vinte-anos-da-lei-10639-2003\/#breadcrumb"},"inLanguage":"pt-BR","potentialAction":[{"@type":"ReadAction","target":["https:\/\/atlasgeoculturalafricaatual.com\/index.php\/2023\/01\/13\/vinte-anos-da-lei-10639-2003\/"]}]},{"@type":"BreadcrumbList","@id":"https:\/\/atlasgeoculturalafricaatual.com\/index.php\/2023\/01\/13\/vinte-anos-da-lei-10639-2003\/#breadcrumb","itemListElement":[{"@type":"ListItem","position":1,"name":"In\u00edcio","item":"https:\/\/atlasgeoculturalafricaatual.com\/"},{"@type":"ListItem","position":2,"name":"VINTE ANOS DA LEI 10639\/2003"}]},{"@type":"WebSite","@id":"https:\/\/atlasgeoculturalafricaatual.com\/#website","url":"https:\/\/atlasgeoculturalafricaatual.com\/","name":"atlasgeoculturalafricaatual.com","description":"O Atlas Geocultural da \u00c1frica \u00e9 um rico material de leitura e pesquisa, que visa apresentar de forma atual os pa\u00edses africanos, ainda t\u00e3o pouco conhecidos.","publisher":{"@id":"https:\/\/atlasgeoculturalafricaatual.com\/#organization"},"potentialAction":[{"@type":"SearchAction","target":{"@type":"EntryPoint","urlTemplate":"https:\/\/atlasgeoculturalafricaatual.com\/?s={search_term_string}"},"query-input":"required name=search_term_string"}],"inLanguage":"pt-BR"},{"@type":"Organization","@id":"https:\/\/atlasgeoculturalafricaatual.com\/#organization","name":"atlasgeoculturalafricaatual.com","url":"https:\/\/atlasgeoculturalafricaatual.com\/","logo":{"@type":"ImageObject","inLanguage":"pt-BR","@id":"https:\/\/atlasgeoculturalafricaatual.com\/#\/schema\/logo\/image\/","url":"http:\/\/atlasgeoculturalafricaatual.com\/wp-content\/uploads\/2023\/06\/LOGOEIROS_Prancheta-1-tipo-preto.png","contentUrl":"http:\/\/atlasgeoculturalafricaatual.com\/wp-content\/uploads\/2023\/06\/LOGOEIROS_Prancheta-1-tipo-preto.png","width":1667,"height":730,"caption":"atlasgeoculturalafricaatual.com"},"image":{"@id":"https:\/\/atlasgeoculturalafricaatual.com\/#\/schema\/logo\/image\/"}},{"@type":"Person","@id":"https:\/\/atlasgeoculturalafricaatual.com\/#\/schema\/person\/eeee269288097965a8c6f963043e4062","name":"atlasgeoculturalafricaatual.com","image":{"@type":"ImageObject","inLanguage":"pt-BR","@id":"https:\/\/atlasgeoculturalafricaatual.com\/#\/schema\/person\/image\/","url":"https:\/\/secure.gravatar.com\/avatar\/7af55f21031d350b316a54060d50821f?s=96&d=mm&r=g","contentUrl":"https:\/\/secure.gravatar.com\/avatar\/7af55f21031d350b316a54060d50821f?s=96&d=mm&r=g","caption":"atlasgeoculturalafricaatual.com"},"sameAs":["http:\/\/atlasgeoculturalafricaatual.com"],"url":"https:\/\/atlasgeoculturalafricaatual.com\/index.php\/author\/atlasgeoculturalafricaatual-com\/"}]}},"_links":{"self":[{"href":"https:\/\/atlasgeoculturalafricaatual.com\/index.php\/wp-json\/wp\/v2\/posts\/7127","targetHints":{"allow":["GET"]}}],"collection":[{"href":"https:\/\/atlasgeoculturalafricaatual.com\/index.php\/wp-json\/wp\/v2\/posts"}],"about":[{"href":"https:\/\/atlasgeoculturalafricaatual.com\/index.php\/wp-json\/wp\/v2\/types\/post"}],"author":[{"embeddable":true,"href":"https:\/\/atlasgeoculturalafricaatual.com\/index.php\/wp-json\/wp\/v2\/users\/1"}],"replies":[{"embeddable":true,"href":"https:\/\/atlasgeoculturalafricaatual.com\/index.php\/wp-json\/wp\/v2\/comments?post=7127"}],"version-history":[{"count":0,"href":"https:\/\/atlasgeoculturalafricaatual.com\/index.php\/wp-json\/wp\/v2\/posts\/7127\/revisions"}],"wp:featuredmedia":[{"embeddable":true,"href":"https:\/\/atlasgeoculturalafricaatual.com\/index.php\/wp-json\/"}],"wp:attachment":[{"href":"https:\/\/atlasgeoculturalafricaatual.com\/index.php\/wp-json\/wp\/v2\/media?parent=7127"}],"wp:term":[{"taxonomy":"category","embeddable":true,"href":"https:\/\/atlasgeoculturalafricaatual.com\/index.php\/wp-json\/wp\/v2\/categories?post=7127"},{"taxonomy":"post_tag","embeddable":true,"href":"https:\/\/atlasgeoculturalafricaatual.com\/index.php\/wp-json\/wp\/v2\/tags?post=7127"},{"taxonomy":"palavra-chave","embeddable":true,"href":"https:\/\/atlasgeoculturalafricaatual.com\/index.php\/wp-json\/wp\/v2\/palavra-chave?post=7127"}],"curies":[{"name":"wp","href":"https:\/\/api.w.org\/{rel}","templated":true}]}}