{"id":6813,"date":"2022-11-15T17:31:02","date_gmt":"2022-11-15T20:31:02","guid":{"rendered":"https:\/\/atlasgeoculturalafricaatual.com\/index.php\/2022\/11\/15\/ja-ouviu-falar-em-hidrogenio-verde\/"},"modified":"2022-11-15T17:31:02","modified_gmt":"2022-11-15T20:31:02","slug":"ja-ouviu-falar-em-hidrogenio-verde","status":"publish","type":"post","link":"https:\/\/atlasgeoculturalafricaatual.com\/index.php\/2022\/11\/15\/ja-ouviu-falar-em-hidrogenio-verde\/","title":{"rendered":"J\u00e1 ouviu falar em Hidrog\u00eanio verde?"},"content":{"rendered":"\t\t<div data-elementor-type=\"wp-post\" data-elementor-id=\"6813\" class=\"elementor elementor-6813\">\n\t\t\t\t\t\t\t<div class=\"elementor-element elementor-element-8be0494 e-flex e-con-boxed e-con\" data-id=\"8be0494\" data-element_type=\"container\" data-settings=\"{&quot;content_width&quot;:&quot;boxed&quot;}\">\n\t\t\t\t\t<div class=\"e-con-inner\">\n\t\t\t\t<div class=\"elementor-element elementor-element-8571264 elementor-widget elementor-widget-text-editor\" data-id=\"8571264\" data-element_type=\"widget\" data-widget_type=\"text-editor.default\">\n\t\t\t\t<div class=\"elementor-widget-container\">\n\t\t\t<style>\/*! elementor - v3.15.0 - 02-08-2023 *\/\n.elementor-widget-text-editor.elementor-drop-cap-view-stacked .elementor-drop-cap{background-color:#69727d;color:#fff}.elementor-widget-text-editor.elementor-drop-cap-view-framed .elementor-drop-cap{color:#69727d;border:3px solid;background-color:transparent}.elementor-widget-text-editor:not(.elementor-drop-cap-view-default) .elementor-drop-cap{margin-top:8px}.elementor-widget-text-editor:not(.elementor-drop-cap-view-default) .elementor-drop-cap-letter{width:1em;height:1em}.elementor-widget-text-editor .elementor-drop-cap{float:left;text-align:center;line-height:1;font-size:50px}.elementor-widget-text-editor .elementor-drop-cap-letter{display:inline-block}<\/style>\t\t\t\t<p>Ser\u00e1 o oxig\u00eanio o novo petr\u00f3leo de Angola? Este \u00e9 o t\u00edtulo de mat\u00e9ria produzida pela Uangoo Not\u00edcias, que republicamos em parceria.\u00a0<\/p><p class=\"reader-text-block__paragraph\">No epicentro da atrocidade que deu luz \u00e0 barbaridade dos que se dignam proclamar-se como civilizados, brota hidrog\u00eanio de onde menos se esperava, enquanto a falta de g\u00e1s, empurra de volta ao ber\u00e7o da humanidade os auto proclamados \u201cCivilizados\u201d.<\/p><p class=\"reader-text-block__paragraph\">\u00a0Seguindo as pegadas da It\u00e1lia, que enxergou em Angola, um potencial parceiro para\u00a0<a href=\"httpsss:\/\/www.voaportugues.com\/a\/it%C3%A1lia-assina-acordo-de-g%C3%A1s-com-angola-na-tentativa-de-p%C3%B4r-fim-%C3%A0-depend%C3%AAncia-da-r%C3%BAssia\/6538669.html\">substituir o g\u00e1s Russo<\/a>, esteve em Angola uma delega\u00e7\u00e3o Alem\u00e3 em busca de um parceiro para produ\u00e7\u00e3o e consequente exporta\u00e7\u00e3o de hidrog\u00eanio verde.\u00a0<\/p><p class=\"reader-text-block__paragraph\">A terminologia Hidrog\u00eanio Verde, \u00e9 usada para referir-se a gera\u00e7\u00e3o de Hidrog\u00eanio, por meio da eletr\u00f3lise. Isso porque o processo de eletr\u00f3lise pode usar energia de fontes renov\u00e1veis e n\u00e3o apenas f\u00f3sseis. Em outros termos, o hidrog\u00eanio verde \u00e9 o termo que se usa, quando o hidrog\u00eanio \u00e9 separado por meio da eletr\u00f3lise, usando uma fonte de energia renov\u00e1vel.\u00a0<\/p><p class=\"reader-text-block__paragraph\">A delega\u00e7\u00e3o Alem\u00e3 esteve representada pelas empresas Gauff Engenharia e Conjuncta, que em comunh\u00e3o com a Sonangol, empresa Angolana\u00a0 com equival\u00eancia \u00e0 Petrobr\u00e1s, formaram um cons\u00f3rcio, com o objetivo de produzir hidrog\u00eanio verde a partir de 2024 em Angola.\u00a0<\/p><p class=\"reader-text-block__paragraph\">A materializa\u00e7\u00e3o do cons\u00f3rcio, passar\u00e1 pela cria\u00e7\u00e3o de u<\/p><p class=\"reader-text-block__paragraph\">m\u00a0<a href=\"httpsss:\/\/www.casacivil.ce.gov.br\/2022\/05\/02\/hub-de-hidrogenio-verde-governo-do-ceara-assina-memorandos-de-entendimento-com-empresas-a-serem-instaladas-no-complexo-do-pecem\/#:~:text=Lan%C3%A7ado%20em%20fevereiro%20de%202021,gerando%20emprego%2C%20renda%20e%20contribuindo\">Hub de produ\u00e7\u00e3o de hidrog\u00eanio<\/a>\u00a0verde, conforme memorando de entendimento assinado por Liebing, da delega\u00e7\u00e3o Alem\u00e3, e Diamantino Pedro Azedo, Ministro dos Recursos Minerais, Petr\u00f3leo e G\u00e1s de Angola.\u00a0<\/p><p class=\"reader-text-block__paragraph\">O diretor executivo da consultora Conjuncta, Stefan Liebing, garantiu que o potencial de produ\u00e7\u00e3o de Hidrog\u00eanio verde em Angola \u00e9 satisfat\u00f3rio para ajudar o seu pa\u00eds na redu\u00e7\u00e3o da depend\u00eancia do g\u00e1s Russo. Soma-se a competitividade deste potencial, o Porto da Barra do Dande, em fase de constru\u00e7\u00e3o no momento, que reunir\u00e1 a infraestrutura necess\u00e1ria para a exporta\u00e7\u00e3o de hidrog\u00eanio verde em forma de am\u00f4nia.\u00a0<\/p><p class=\"reader-text-block__paragraph\">Quanto \u00e0 fonte sustent\u00e1vel de energia, que ser\u00e1 usada no processo de eletr\u00f3lise, no mercado Angolano, encontra-se instalada uma capacidade de gera\u00e7\u00e3o de energia de fonte hidrel\u00e9trica para dar sustentabilidade ao projeto. Para al\u00e9m da abund\u00e2ncia da \u00e1gua em Angola, que evita o processo de dessaliniza\u00e7\u00e3o, conforme apontado por Stefan Tavares Bollow, tamb\u00e9m integrante da delega\u00e7\u00e3o Alem\u00e3.\u00a0\u00a0<\/p><p class=\"reader-text-block__paragraph\">Quanto ao hidrog\u00eanio verde, substituir o petr\u00f3leo no mercado Angolano, \u00e9 um processo em constru\u00e7\u00e3o que poder\u00e1 materializar-se nas pr\u00f3ximas gera\u00e7\u00f5es. Pois, como bem referido por Diamantino Azevedo \u201cO investimento em energias renov\u00e1veis n\u00e3o implica o abandono do petr\u00f3leo em Angola\u201d.\u00a0<\/p><p class=\"reader-text-block__paragraph\">Vale lembrar que a Rep\u00fablica de Angola \u00e9 um pa\u00eds da costa ocidental de \u00c1frica, cujo territ\u00f3rio principal \u00e9 limitado a norte e a nordeste pela Rep\u00fablica Democr\u00e1tica do Congo, a leste pela Z\u00e2mbia, a sul pela Nam\u00edbia, e a oeste pelo Oceano Atl\u00e2ntico. Inclui tamb\u00e9m o enclave de Cabinda, atrav\u00e9s do qual faz fronteira com a Rep\u00fablica do Congo, a norte. Para al\u00e9m dos vizinhos j\u00e1 mencionados, Angola \u00e9 o pa\u00eds mais pr\u00f3ximo da col\u00f4nia brit\u00e2nica de Santa Helena. Angola foi colonizada pelos portugueses no s\u00e9culo XV e tornou-se uma rep\u00fablica independente desde 11 de Novembro de 1975.\u00a0<\/p><p class=\"reader-text-block__paragraph\"><strong>Reda\u00e7\u00e3o<\/strong>: Tim\u00f3teo de Sousa<\/p><p class=\"reader-text-block__paragraph\"><strong>Fonte:<\/strong>\u00a0\u00a0<a href=\"httpsss:\/\/www.dw.com\/pt-br\/not%C3%ADcias\/s-7111\">DW<\/a><\/p><p>Link original:\u00a0<\/p><p><a href=\"httpsss:\/\/www.linkedin.com\/pulse\/ser%C3%A1-o-hidrog%C3%AAnio-novo-petr%C3%B3leo-de-angola-uangoo\/?trackingId=UJvxy90UQUfoCxwWoP7wkw%3D%3D&amp;fbclid=PAAaaYEsUXcrE1cktdWrbdu5dvV0JuV5rLCJ1z3RcJ9wDXlUcc4EpqKO9Wi38\">httpsss:\/\/www.linkedin.com\/pulse\/ser%C3%A1-o-hidrog%C3%AAnio-novo-petr%C3%B3leo-de-angola-uangoo\/?trackingId=UJvxy90UQUfoCxwWoP7wkw%3D%3D&amp;fbclid=PAAaaYEsUXcrE1cktdWrbdu5dvV0JuV5rLCJ1z3RcJ9wDXlUcc4EpqKO9Wi38<\/a><\/p>\t\t\t\t\t\t<\/div>\n\t\t\t\t<\/div>\n\t\t\t\t\t<\/div>\n\t\t\t\t<\/div>\n\t\t\t\t\t\t\t<\/div>\n\t\t","protected":false},"excerpt":{"rendered":"<p>Ser\u00e1 o oxig\u00eanio o novo petr\u00f3leo de Angola? Este \u00e9 o t\u00edtulo de mat\u00e9ria produzida pela Uangoo Not\u00edcias, que republicamos em parceria.&nbsp; No epicentro da atrocidade que deu luz \u00e0 [&hellip;]<\/p>\n","protected":false},"author":1,"featured_media":0,"comment_status":"open","ping_status":"open","sticky":false,"template":"elementor_theme","format":"standard","meta":{"content-type":"","footnotes":""},"categories":[48],"tags":[],"palavra-chave":[],"class_list":["post-6813","post","type-post","status-publish","format-standard","hentry","category-sem-categoria","entry"],"aioseo_notices":[],"yoast_head":"<!-- This site is optimized with the Yoast SEO plugin v20.13 - https:\/\/yoast.com\/wordpress\/plugins\/seo\/ -->\n<title>J\u00e1 ouviu falar em Hidrog\u00eanio verde? - atlasgeoculturalafricaatual.com<\/title>\n<meta name=\"description\" content=\"angola hidrog\u00eanio verde Uangoo africa atual\" \/>\n<meta name=\"robots\" content=\"index, follow, max-snippet:-1, max-image-preview:large, max-video-preview:-1\" \/>\n<link rel=\"canonical\" href=\"https:\/\/atlasgeoculturalafricaatual.com\/index.php\/2022\/11\/15\/ja-ouviu-falar-em-hidrogenio-verde\/\" \/>\n<meta property=\"og:locale\" content=\"pt_BR\" \/>\n<meta property=\"og:type\" content=\"article\" \/>\n<meta property=\"og:title\" content=\"J\u00e1 ouviu falar em Hidrog\u00eanio verde? - atlasgeoculturalafricaatual.com\" \/>\n<meta property=\"og:description\" content=\"angola hidrog\u00eanio verde Uangoo africa atual\" \/>\n<meta property=\"og:url\" content=\"https:\/\/atlasgeoculturalafricaatual.com\/index.php\/2022\/11\/15\/ja-ouviu-falar-em-hidrogenio-verde\/\" \/>\n<meta property=\"og:site_name\" content=\"atlasgeoculturalafricaatual.com\" \/>\n<meta property=\"article:published_time\" content=\"2022-11-15T20:31:02+00:00\" \/>\n<meta name=\"author\" content=\"atlasgeoculturalafricaatual.com\" \/>\n<meta name=\"twitter:card\" content=\"summary_large_image\" \/>\n<meta name=\"twitter:label1\" content=\"Escrito por\" \/>\n\t<meta name=\"twitter:data1\" content=\"atlasgeoculturalafricaatual.com\" \/>\n\t<meta name=\"twitter:label2\" content=\"Est. tempo de leitura\" \/>\n\t<meta name=\"twitter:data2\" content=\"3 minutos\" \/>\n<script type=\"application\/ld+json\" class=\"yoast-schema-graph\">{\"@context\":\"https:\/\/schema.org\",\"@graph\":[{\"@type\":\"Article\",\"@id\":\"https:\/\/atlasgeoculturalafricaatual.com\/index.php\/2022\/11\/15\/ja-ouviu-falar-em-hidrogenio-verde\/#article\",\"isPartOf\":{\"@id\":\"https:\/\/atlasgeoculturalafricaatual.com\/index.php\/2022\/11\/15\/ja-ouviu-falar-em-hidrogenio-verde\/\"},\"author\":{\"name\":\"atlasgeoculturalafricaatual.com\",\"@id\":\"https:\/\/atlasgeoculturalafricaatual.com\/#\/schema\/person\/eeee269288097965a8c6f963043e4062\"},\"headline\":\"J\u00e1 ouviu falar em Hidrog\u00eanio verde?\",\"datePublished\":\"2022-11-15T20:31:02+00:00\",\"dateModified\":\"2022-11-15T20:31:02+00:00\",\"mainEntityOfPage\":{\"@id\":\"https:\/\/atlasgeoculturalafricaatual.com\/index.php\/2022\/11\/15\/ja-ouviu-falar-em-hidrogenio-verde\/\"},\"wordCount\":635,\"commentCount\":0,\"publisher\":{\"@id\":\"https:\/\/atlasgeoculturalafricaatual.com\/#organization\"},\"articleSection\":[\"A Africa\"],\"inLanguage\":\"pt-BR\",\"potentialAction\":[{\"@type\":\"CommentAction\",\"name\":\"Comment\",\"target\":[\"https:\/\/atlasgeoculturalafricaatual.com\/index.php\/2022\/11\/15\/ja-ouviu-falar-em-hidrogenio-verde\/#respond\"]}]},{\"@type\":\"WebPage\",\"@id\":\"https:\/\/atlasgeoculturalafricaatual.com\/index.php\/2022\/11\/15\/ja-ouviu-falar-em-hidrogenio-verde\/\",\"url\":\"https:\/\/atlasgeoculturalafricaatual.com\/index.php\/2022\/11\/15\/ja-ouviu-falar-em-hidrogenio-verde\/\",\"name\":\"J\u00e1 ouviu falar em Hidrog\u00eanio verde? - atlasgeoculturalafricaatual.com\",\"isPartOf\":{\"@id\":\"https:\/\/atlasgeoculturalafricaatual.com\/#website\"},\"datePublished\":\"2022-11-15T20:31:02+00:00\",\"dateModified\":\"2022-11-15T20:31:02+00:00\",\"description\":\"angola hidrog\u00eanio verde Uangoo africa atual\",\"breadcrumb\":{\"@id\":\"https:\/\/atlasgeoculturalafricaatual.com\/index.php\/2022\/11\/15\/ja-ouviu-falar-em-hidrogenio-verde\/#breadcrumb\"},\"inLanguage\":\"pt-BR\",\"potentialAction\":[{\"@type\":\"ReadAction\",\"target\":[\"https:\/\/atlasgeoculturalafricaatual.com\/index.php\/2022\/11\/15\/ja-ouviu-falar-em-hidrogenio-verde\/\"]}]},{\"@type\":\"BreadcrumbList\",\"@id\":\"https:\/\/atlasgeoculturalafricaatual.com\/index.php\/2022\/11\/15\/ja-ouviu-falar-em-hidrogenio-verde\/#breadcrumb\",\"itemListElement\":[{\"@type\":\"ListItem\",\"position\":1,\"name\":\"In\u00edcio\",\"item\":\"https:\/\/atlasgeoculturalafricaatual.com\/\"},{\"@type\":\"ListItem\",\"position\":2,\"name\":\"J\u00e1 ouviu falar em Hidrog\u00eanio verde?\"}]},{\"@type\":\"WebSite\",\"@id\":\"https:\/\/atlasgeoculturalafricaatual.com\/#website\",\"url\":\"https:\/\/atlasgeoculturalafricaatual.com\/\",\"name\":\"atlasgeoculturalafricaatual.com\",\"description\":\"O Atlas Geocultural da \u00c1frica \u00e9 um rico material de leitura e pesquisa, que visa apresentar de forma atual os pa\u00edses africanos, ainda t\u00e3o pouco conhecidos.\",\"publisher\":{\"@id\":\"https:\/\/atlasgeoculturalafricaatual.com\/#organization\"},\"potentialAction\":[{\"@type\":\"SearchAction\",\"target\":{\"@type\":\"EntryPoint\",\"urlTemplate\":\"https:\/\/atlasgeoculturalafricaatual.com\/?s={search_term_string}\"},\"query-input\":\"required name=search_term_string\"}],\"inLanguage\":\"pt-BR\"},{\"@type\":\"Organization\",\"@id\":\"https:\/\/atlasgeoculturalafricaatual.com\/#organization\",\"name\":\"atlasgeoculturalafricaatual.com\",\"url\":\"https:\/\/atlasgeoculturalafricaatual.com\/\",\"logo\":{\"@type\":\"ImageObject\",\"inLanguage\":\"pt-BR\",\"@id\":\"https:\/\/atlasgeoculturalafricaatual.com\/#\/schema\/logo\/image\/\",\"url\":\"http:\/\/atlasgeoculturalafricaatual.com\/wp-content\/uploads\/2023\/06\/LOGOEIROS_Prancheta-1-tipo-preto.png\",\"contentUrl\":\"http:\/\/atlasgeoculturalafricaatual.com\/wp-content\/uploads\/2023\/06\/LOGOEIROS_Prancheta-1-tipo-preto.png\",\"width\":1667,\"height\":730,\"caption\":\"atlasgeoculturalafricaatual.com\"},\"image\":{\"@id\":\"https:\/\/atlasgeoculturalafricaatual.com\/#\/schema\/logo\/image\/\"}},{\"@type\":\"Person\",\"@id\":\"https:\/\/atlasgeoculturalafricaatual.com\/#\/schema\/person\/eeee269288097965a8c6f963043e4062\",\"name\":\"atlasgeoculturalafricaatual.com\",\"image\":{\"@type\":\"ImageObject\",\"inLanguage\":\"pt-BR\",\"@id\":\"https:\/\/atlasgeoculturalafricaatual.com\/#\/schema\/person\/image\/\",\"url\":\"https:\/\/secure.gravatar.com\/avatar\/7af55f21031d350b316a54060d50821f?s=96&d=mm&r=g\",\"contentUrl\":\"https:\/\/secure.gravatar.com\/avatar\/7af55f21031d350b316a54060d50821f?s=96&d=mm&r=g\",\"caption\":\"atlasgeoculturalafricaatual.com\"},\"sameAs\":[\"http:\/\/atlasgeoculturalafricaatual.com\"],\"url\":\"https:\/\/atlasgeoculturalafricaatual.com\/index.php\/author\/atlasgeoculturalafricaatual-com\/\"}]}<\/script>\n<!-- \/ Yoast SEO plugin. -->","yoast_head_json":{"title":"J\u00e1 ouviu falar em Hidrog\u00eanio verde? - atlasgeoculturalafricaatual.com","description":"angola hidrog\u00eanio verde Uangoo africa atual","robots":{"index":"index","follow":"follow","max-snippet":"max-snippet:-1","max-image-preview":"max-image-preview:large","max-video-preview":"max-video-preview:-1"},"canonical":"https:\/\/atlasgeoculturalafricaatual.com\/index.php\/2022\/11\/15\/ja-ouviu-falar-em-hidrogenio-verde\/","og_locale":"pt_BR","og_type":"article","og_title":"J\u00e1 ouviu falar em Hidrog\u00eanio verde? - atlasgeoculturalafricaatual.com","og_description":"angola hidrog\u00eanio verde Uangoo africa atual","og_url":"https:\/\/atlasgeoculturalafricaatual.com\/index.php\/2022\/11\/15\/ja-ouviu-falar-em-hidrogenio-verde\/","og_site_name":"atlasgeoculturalafricaatual.com","article_published_time":"2022-11-15T20:31:02+00:00","author":"atlasgeoculturalafricaatual.com","twitter_card":"summary_large_image","twitter_misc":{"Escrito por":"atlasgeoculturalafricaatual.com","Est. tempo de leitura":"3 minutos"},"schema":{"@context":"https:\/\/schema.org","@graph":[{"@type":"Article","@id":"https:\/\/atlasgeoculturalafricaatual.com\/index.php\/2022\/11\/15\/ja-ouviu-falar-em-hidrogenio-verde\/#article","isPartOf":{"@id":"https:\/\/atlasgeoculturalafricaatual.com\/index.php\/2022\/11\/15\/ja-ouviu-falar-em-hidrogenio-verde\/"},"author":{"name":"atlasgeoculturalafricaatual.com","@id":"https:\/\/atlasgeoculturalafricaatual.com\/#\/schema\/person\/eeee269288097965a8c6f963043e4062"},"headline":"J\u00e1 ouviu falar em Hidrog\u00eanio verde?","datePublished":"2022-11-15T20:31:02+00:00","dateModified":"2022-11-15T20:31:02+00:00","mainEntityOfPage":{"@id":"https:\/\/atlasgeoculturalafricaatual.com\/index.php\/2022\/11\/15\/ja-ouviu-falar-em-hidrogenio-verde\/"},"wordCount":635,"commentCount":0,"publisher":{"@id":"https:\/\/atlasgeoculturalafricaatual.com\/#organization"},"articleSection":["A Africa"],"inLanguage":"pt-BR","potentialAction":[{"@type":"CommentAction","name":"Comment","target":["https:\/\/atlasgeoculturalafricaatual.com\/index.php\/2022\/11\/15\/ja-ouviu-falar-em-hidrogenio-verde\/#respond"]}]},{"@type":"WebPage","@id":"https:\/\/atlasgeoculturalafricaatual.com\/index.php\/2022\/11\/15\/ja-ouviu-falar-em-hidrogenio-verde\/","url":"https:\/\/atlasgeoculturalafricaatual.com\/index.php\/2022\/11\/15\/ja-ouviu-falar-em-hidrogenio-verde\/","name":"J\u00e1 ouviu falar em Hidrog\u00eanio verde? - atlasgeoculturalafricaatual.com","isPartOf":{"@id":"https:\/\/atlasgeoculturalafricaatual.com\/#website"},"datePublished":"2022-11-15T20:31:02+00:00","dateModified":"2022-11-15T20:31:02+00:00","description":"angola hidrog\u00eanio verde Uangoo africa atual","breadcrumb":{"@id":"https:\/\/atlasgeoculturalafricaatual.com\/index.php\/2022\/11\/15\/ja-ouviu-falar-em-hidrogenio-verde\/#breadcrumb"},"inLanguage":"pt-BR","potentialAction":[{"@type":"ReadAction","target":["https:\/\/atlasgeoculturalafricaatual.com\/index.php\/2022\/11\/15\/ja-ouviu-falar-em-hidrogenio-verde\/"]}]},{"@type":"BreadcrumbList","@id":"https:\/\/atlasgeoculturalafricaatual.com\/index.php\/2022\/11\/15\/ja-ouviu-falar-em-hidrogenio-verde\/#breadcrumb","itemListElement":[{"@type":"ListItem","position":1,"name":"In\u00edcio","item":"https:\/\/atlasgeoculturalafricaatual.com\/"},{"@type":"ListItem","position":2,"name":"J\u00e1 ouviu falar em Hidrog\u00eanio verde?"}]},{"@type":"WebSite","@id":"https:\/\/atlasgeoculturalafricaatual.com\/#website","url":"https:\/\/atlasgeoculturalafricaatual.com\/","name":"atlasgeoculturalafricaatual.com","description":"O Atlas Geocultural da \u00c1frica \u00e9 um rico material de leitura e pesquisa, que visa apresentar de forma atual os pa\u00edses africanos, ainda t\u00e3o pouco conhecidos.","publisher":{"@id":"https:\/\/atlasgeoculturalafricaatual.com\/#organization"},"potentialAction":[{"@type":"SearchAction","target":{"@type":"EntryPoint","urlTemplate":"https:\/\/atlasgeoculturalafricaatual.com\/?s={search_term_string}"},"query-input":"required name=search_term_string"}],"inLanguage":"pt-BR"},{"@type":"Organization","@id":"https:\/\/atlasgeoculturalafricaatual.com\/#organization","name":"atlasgeoculturalafricaatual.com","url":"https:\/\/atlasgeoculturalafricaatual.com\/","logo":{"@type":"ImageObject","inLanguage":"pt-BR","@id":"https:\/\/atlasgeoculturalafricaatual.com\/#\/schema\/logo\/image\/","url":"http:\/\/atlasgeoculturalafricaatual.com\/wp-content\/uploads\/2023\/06\/LOGOEIROS_Prancheta-1-tipo-preto.png","contentUrl":"http:\/\/atlasgeoculturalafricaatual.com\/wp-content\/uploads\/2023\/06\/LOGOEIROS_Prancheta-1-tipo-preto.png","width":1667,"height":730,"caption":"atlasgeoculturalafricaatual.com"},"image":{"@id":"https:\/\/atlasgeoculturalafricaatual.com\/#\/schema\/logo\/image\/"}},{"@type":"Person","@id":"https:\/\/atlasgeoculturalafricaatual.com\/#\/schema\/person\/eeee269288097965a8c6f963043e4062","name":"atlasgeoculturalafricaatual.com","image":{"@type":"ImageObject","inLanguage":"pt-BR","@id":"https:\/\/atlasgeoculturalafricaatual.com\/#\/schema\/person\/image\/","url":"https:\/\/secure.gravatar.com\/avatar\/7af55f21031d350b316a54060d50821f?s=96&d=mm&r=g","contentUrl":"https:\/\/secure.gravatar.com\/avatar\/7af55f21031d350b316a54060d50821f?s=96&d=mm&r=g","caption":"atlasgeoculturalafricaatual.com"},"sameAs":["http:\/\/atlasgeoculturalafricaatual.com"],"url":"https:\/\/atlasgeoculturalafricaatual.com\/index.php\/author\/atlasgeoculturalafricaatual-com\/"}]}},"_links":{"self":[{"href":"https:\/\/atlasgeoculturalafricaatual.com\/index.php\/wp-json\/wp\/v2\/posts\/6813","targetHints":{"allow":["GET"]}}],"collection":[{"href":"https:\/\/atlasgeoculturalafricaatual.com\/index.php\/wp-json\/wp\/v2\/posts"}],"about":[{"href":"https:\/\/atlasgeoculturalafricaatual.com\/index.php\/wp-json\/wp\/v2\/types\/post"}],"author":[{"embeddable":true,"href":"https:\/\/atlasgeoculturalafricaatual.com\/index.php\/wp-json\/wp\/v2\/users\/1"}],"replies":[{"embeddable":true,"href":"https:\/\/atlasgeoculturalafricaatual.com\/index.php\/wp-json\/wp\/v2\/comments?post=6813"}],"version-history":[{"count":0,"href":"https:\/\/atlasgeoculturalafricaatual.com\/index.php\/wp-json\/wp\/v2\/posts\/6813\/revisions"}],"wp:attachment":[{"href":"https:\/\/atlasgeoculturalafricaatual.com\/index.php\/wp-json\/wp\/v2\/media?parent=6813"}],"wp:term":[{"taxonomy":"category","embeddable":true,"href":"https:\/\/atlasgeoculturalafricaatual.com\/index.php\/wp-json\/wp\/v2\/categories?post=6813"},{"taxonomy":"post_tag","embeddable":true,"href":"https:\/\/atlasgeoculturalafricaatual.com\/index.php\/wp-json\/wp\/v2\/tags?post=6813"},{"taxonomy":"palavra-chave","embeddable":true,"href":"https:\/\/atlasgeoculturalafricaatual.com\/index.php\/wp-json\/wp\/v2\/palavra-chave?post=6813"}],"curies":[{"name":"wp","href":"https:\/\/api.w.org\/{rel}","templated":true}]}}