{"id":6508,"date":"2022-09-22T13:53:43","date_gmt":"2022-09-22T16:53:43","guid":{"rendered":"https:\/\/atlasgeoculturalafricaatual.com\/index.php\/2022\/09\/22\/guardas-municipais-de-santos-participam-de-palestra-sobre-enfrentamento-a-discriminacao-racial\/"},"modified":"2022-09-22T13:53:43","modified_gmt":"2022-09-22T16:53:43","slug":"guardas-municipais-de-santos-participam-de-palestra-sobre-enfrentamento-a-discriminacao-racial","status":"publish","type":"post","link":"https:\/\/atlasgeoculturalafricaatual.com\/index.php\/2022\/09\/22\/guardas-municipais-de-santos-participam-de-palestra-sobre-enfrentamento-a-discriminacao-racial\/","title":{"rendered":"Guardas municipais de Santos participam de palestra sobre enfrentamento \u00e0 discrimina\u00e7\u00e3o racial"},"content":{"rendered":"\t\t<div data-elementor-type=\"wp-post\" data-elementor-id=\"6508\" class=\"elementor elementor-6508\">\n\t\t\t\t\t\t\t<div class=\"elementor-element elementor-element-27774cd e-flex e-con-boxed e-con\" data-id=\"27774cd\" data-element_type=\"container\" data-settings=\"{&quot;content_width&quot;:&quot;boxed&quot;}\">\n\t\t\t\t\t<div class=\"e-con-inner\">\n\t\t\t\t<div class=\"elementor-element elementor-element-7bfdf1f elementor-widget elementor-widget-text-editor\" data-id=\"7bfdf1f\" data-element_type=\"widget\" data-widget_type=\"text-editor.default\">\n\t\t\t\t<div class=\"elementor-widget-container\">\n\t\t\t<style>\/*! elementor - v3.15.0 - 02-08-2023 *\/\n.elementor-widget-text-editor.elementor-drop-cap-view-stacked .elementor-drop-cap{background-color:#69727d;color:#fff}.elementor-widget-text-editor.elementor-drop-cap-view-framed .elementor-drop-cap{color:#69727d;border:3px solid;background-color:transparent}.elementor-widget-text-editor:not(.elementor-drop-cap-view-default) .elementor-drop-cap{margin-top:8px}.elementor-widget-text-editor:not(.elementor-drop-cap-view-default) .elementor-drop-cap-letter{width:1em;height:1em}.elementor-widget-text-editor .elementor-drop-cap{float:left;text-align:center;line-height:1;font-size:50px}.elementor-widget-text-editor .elementor-drop-cap-letter{display:inline-block}<\/style>\t\t\t\t<p><em>Publicado originalmente em: <a href=\"httpsss:\/\/www.santos.sp.gov.br\/?q=noticia\/guardas-municipais-de-santos-participam-de-palestra-sobre-enfrentamento-a-discriminacao-racial\">Site Prefeitura de Santos<\/a><br \/><br \/><\/em><\/p>\t\t\t\t\t\t<\/div>\n\t\t\t\t<\/div>\n\t\t\t\t<div class=\"elementor-element elementor-element-5cf7266 elementor-widget elementor-widget-text-editor\" data-id=\"5cf7266\" data-element_type=\"widget\" data-widget_type=\"text-editor.default\">\n\t\t\t\t<div class=\"elementor-widget-container\">\n\t\t\t\t\t\t\t<p>Debater o enfrentamento da discrimina\u00e7\u00e3o racial, capacitar agentes de seguran\u00e7a p\u00fablica sobre o tema e, como resultado, tornar mais eficiente a apura\u00e7\u00e3o de provas. Esses foram os objetivos da palestra ministrada pelo advogado Renato Azevedo a guardas civis municipais nesta segunda-feira (5), na Ordem dos Advogados do Brasil (OAB-Santos). O evento teve apoio da Coordenadoria de Promo\u00e7\u00e3o de Igualdade Racial e \u00c9tnica (Copire), vinculada \u00e0 Secretaria de Governo da Prefeitura de Santos.<br \/><br \/><img loading=\"lazy\" decoding=\"async\" class=\"alignnone  wp-image-6515\" src=\"httpsss:\/\/africaatual.com.br\/wp-content\/uploads\/2022\/09\/nathalia_filipe_1019-300x200.jpg\" alt=\"\" width=\"548\" height=\"365\" \/><\/p><p>Presidente da Comiss\u00e3o da Igualdade Racial da OAB Santos, Azevedo conversou durante duas horas com cerca de 30 integrantes da Guarda Civil Municipal (GCM). O evento teve como pauta o debate sobre a lei estadual que pune atos discriminat\u00f3rios por motivo de ra\u00e7a ou cor, e a Lei de Crimes Resultantes de Preconceito de Ra\u00e7a ou de Cor, de \u00e2mbito federal.<\/p><p>Ainda durante o debate, com formato de capacita\u00e7\u00e3o, os guardas tiveram acesso a duas obras de tem\u00e1tica racial: o Atlas Geocultural da \u00c1frica e a Enciclop\u00e9dia Negra. Para Azevedo, a palestra desta segunda-feira foi o pontap\u00e9 inicial para implementar futuras a\u00e7\u00f5es na Cidade.<\/p><p>&#8220;Nosso primeiro papel \u00e9 educar todos esses profissionais, de forma institucional, at\u00e9 para eles entenderem como funcionam as leis. A OAB chega para agregar ao trabalho da Guarda Civil Municipal. Queremos contribuir com processos j\u00e1 existentes e auxili\u00e1-los na media\u00e7\u00e3o e investiga\u00e7\u00e3o de casos de racismo em Santos\u201d.<\/p><p>O coordenador da Copire, Ivo Miguel Evangelista, disse que a palestra agrega conhecimentos e auxilia na atua\u00e7\u00e3o da corpora\u00e7\u00e3o. \u201cMuitos participantes desta palestra trabalham no Centro de Controle Operacional e essa capacita\u00e7\u00e3o contribui no atendimento \u00e0s v\u00edtimas de discrimina\u00e7\u00e3o racial&#8221;.<\/p><p>TRABALHO E CIDADANIA<br \/>Servidor p\u00fablico h\u00e1 nove anos, o guarda municipal F\u00e1bio Moura, 38, enxerga a palestra como uma oportunidade de discutir um tema relevante na sociedade. \u201cO debate de hoje \u00e9 uma grande chance de me qualificar tanto como servidor p\u00fablico quanto como cidad\u00e3o. Debater o tema racismo e compreender as leis aflora nosso sentimento de empatia pelo pr\u00f3ximo. N\u00e3o tenho d\u00favida que a\u00e7\u00f5es como essa v\u00e3o melhorar ainda mais nosso atendimento \u00e0 popula\u00e7\u00e3o\u201d.<\/p><p>J\u00e1 Antunes Santos, 33, est\u00e1 em processo de curso para se tornar GCM a partir de 2023. Para o futuro agente, aprender sobre discrimina\u00e7\u00e3o racial \u00e9 v\u00e1lido, sobretudo nos dias atuais. \u201cA palestra vai nos agregar muito, at\u00e9 porque ainda presenciamos in\u00fameras ocorr\u00eancias de racismo na sociedade. A discrimina\u00e7\u00e3o racial segue como um tema sens\u00edvel e merece sempre ser debatida em todas as \u00e1reas do poder p\u00fablico\u201d.<\/p>\t\t\t\t\t\t<\/div>\n\t\t\t\t<\/div>\n\t\t\t\t\t<\/div>\n\t\t\t\t<\/div>\n\t\t\t\t\t\t\t<\/div>\n\t\t","protected":false},"excerpt":{"rendered":"<p>Publicado originalmente em: Site Prefeitura de Santos Debater o enfrentamento da discrimina\u00e7\u00e3o racial, capacitar agentes de seguran\u00e7a p\u00fablica sobre o tema e, como resultado, tornar mais eficiente a apura\u00e7\u00e3o de [&hellip;]<\/p>\n","protected":false},"author":1,"featured_media":6509,"comment_status":"open","ping_status":"open","sticky":false,"template":"elementor_theme","format":"standard","meta":{"content-type":"","footnotes":""},"categories":[87,62],"tags":[],"palavra-chave":[],"class_list":["post-6508","post","type-post","status-publish","format-standard","has-post-thumbnail","hentry","category-atlas-geocultural","category-news","entry","has-media"],"aioseo_notices":[],"yoast_head":"<!-- This site is optimized with the Yoast SEO plugin v20.13 - https:\/\/yoast.com\/wordpress\/plugins\/seo\/ -->\n<title>Guardas municipais de Santos participam de palestra sobre enfrentamento \u00e0 discrimina\u00e7\u00e3o racial - atlasgeoculturalafricaatual.com<\/title>\n<meta name=\"description\" content=\"Guardas municipais de Santos participam de palestra sobre enfrentamento \u00e0 discrimina\u00e7\u00e3o racial\" \/>\n<meta name=\"robots\" content=\"index, follow, max-snippet:-1, max-image-preview:large, max-video-preview:-1\" \/>\n<link rel=\"canonical\" href=\"https:\/\/atlasgeoculturalafricaatual.com\/index.php\/2022\/09\/22\/guardas-municipais-de-santos-participam-de-palestra-sobre-enfrentamento-a-discriminacao-racial\/\" \/>\n<meta property=\"og:locale\" content=\"pt_BR\" \/>\n<meta property=\"og:type\" content=\"article\" \/>\n<meta property=\"og:title\" content=\"Guardas municipais de Santos participam de palestra sobre enfrentamento \u00e0 discrimina\u00e7\u00e3o racial - atlasgeoculturalafricaatual.com\" \/>\n<meta property=\"og:description\" content=\"Guardas municipais de Santos participam de palestra sobre enfrentamento \u00e0 discrimina\u00e7\u00e3o racial\" \/>\n<meta property=\"og:url\" content=\"https:\/\/atlasgeoculturalafricaatual.com\/index.php\/2022\/09\/22\/guardas-municipais-de-santos-participam-de-palestra-sobre-enfrentamento-a-discriminacao-racial\/\" \/>\n<meta property=\"og:site_name\" content=\"atlasgeoculturalafricaatual.com\" \/>\n<meta property=\"article:published_time\" content=\"2022-09-22T16:53:43+00:00\" \/>\n<meta name=\"author\" content=\"atlasgeoculturalafricaatual.com\" \/>\n<meta name=\"twitter:card\" content=\"summary_large_image\" \/>\n<meta name=\"twitter:label1\" content=\"Escrito por\" \/>\n\t<meta name=\"twitter:data1\" content=\"atlasgeoculturalafricaatual.com\" \/>\n\t<meta name=\"twitter:label2\" content=\"Est. tempo de leitura\" \/>\n\t<meta name=\"twitter:data2\" content=\"3 minutos\" \/>\n<script type=\"application\/ld+json\" class=\"yoast-schema-graph\">{\"@context\":\"https:\/\/schema.org\",\"@graph\":[{\"@type\":\"Article\",\"@id\":\"https:\/\/atlasgeoculturalafricaatual.com\/index.php\/2022\/09\/22\/guardas-municipais-de-santos-participam-de-palestra-sobre-enfrentamento-a-discriminacao-racial\/#article\",\"isPartOf\":{\"@id\":\"https:\/\/atlasgeoculturalafricaatual.com\/index.php\/2022\/09\/22\/guardas-municipais-de-santos-participam-de-palestra-sobre-enfrentamento-a-discriminacao-racial\/\"},\"author\":{\"name\":\"atlasgeoculturalafricaatual.com\",\"@id\":\"https:\/\/atlasgeoculturalafricaatual.com\/#\/schema\/person\/eeee269288097965a8c6f963043e4062\"},\"headline\":\"Guardas municipais de Santos participam de palestra sobre enfrentamento \u00e0 discrimina\u00e7\u00e3o racial\",\"datePublished\":\"2022-09-22T16:53:43+00:00\",\"dateModified\":\"2022-09-22T16:53:43+00:00\",\"mainEntityOfPage\":{\"@id\":\"https:\/\/atlasgeoculturalafricaatual.com\/index.php\/2022\/09\/22\/guardas-municipais-de-santos-participam-de-palestra-sobre-enfrentamento-a-discriminacao-racial\/\"},\"wordCount\":452,\"commentCount\":0,\"publisher\":{\"@id\":\"https:\/\/atlasgeoculturalafricaatual.com\/#organization\"},\"articleSection\":[\"Atlas Geocultural\",\"News\"],\"inLanguage\":\"pt-BR\",\"potentialAction\":[{\"@type\":\"CommentAction\",\"name\":\"Comment\",\"target\":[\"https:\/\/atlasgeoculturalafricaatual.com\/index.php\/2022\/09\/22\/guardas-municipais-de-santos-participam-de-palestra-sobre-enfrentamento-a-discriminacao-racial\/#respond\"]}]},{\"@type\":\"WebPage\",\"@id\":\"https:\/\/atlasgeoculturalafricaatual.com\/index.php\/2022\/09\/22\/guardas-municipais-de-santos-participam-de-palestra-sobre-enfrentamento-a-discriminacao-racial\/\",\"url\":\"https:\/\/atlasgeoculturalafricaatual.com\/index.php\/2022\/09\/22\/guardas-municipais-de-santos-participam-de-palestra-sobre-enfrentamento-a-discriminacao-racial\/\",\"name\":\"Guardas municipais de Santos participam de palestra sobre enfrentamento \u00e0 discrimina\u00e7\u00e3o racial - atlasgeoculturalafricaatual.com\",\"isPartOf\":{\"@id\":\"https:\/\/atlasgeoculturalafricaatual.com\/#website\"},\"datePublished\":\"2022-09-22T16:53:43+00:00\",\"dateModified\":\"2022-09-22T16:53:43+00:00\",\"description\":\"Guardas municipais de Santos participam de palestra sobre enfrentamento \u00e0 discrimina\u00e7\u00e3o racial\",\"breadcrumb\":{\"@id\":\"https:\/\/atlasgeoculturalafricaatual.com\/index.php\/2022\/09\/22\/guardas-municipais-de-santos-participam-de-palestra-sobre-enfrentamento-a-discriminacao-racial\/#breadcrumb\"},\"inLanguage\":\"pt-BR\",\"potentialAction\":[{\"@type\":\"ReadAction\",\"target\":[\"https:\/\/atlasgeoculturalafricaatual.com\/index.php\/2022\/09\/22\/guardas-municipais-de-santos-participam-de-palestra-sobre-enfrentamento-a-discriminacao-racial\/\"]}]},{\"@type\":\"BreadcrumbList\",\"@id\":\"https:\/\/atlasgeoculturalafricaatual.com\/index.php\/2022\/09\/22\/guardas-municipais-de-santos-participam-de-palestra-sobre-enfrentamento-a-discriminacao-racial\/#breadcrumb\",\"itemListElement\":[{\"@type\":\"ListItem\",\"position\":1,\"name\":\"In\u00edcio\",\"item\":\"https:\/\/atlasgeoculturalafricaatual.com\/\"},{\"@type\":\"ListItem\",\"position\":2,\"name\":\"Guardas municipais de Santos participam de palestra sobre enfrentamento \u00e0 discrimina\u00e7\u00e3o racial\"}]},{\"@type\":\"WebSite\",\"@id\":\"https:\/\/atlasgeoculturalafricaatual.com\/#website\",\"url\":\"https:\/\/atlasgeoculturalafricaatual.com\/\",\"name\":\"atlasgeoculturalafricaatual.com\",\"description\":\"O Atlas Geocultural da \u00c1frica \u00e9 um rico material de leitura e pesquisa, que visa apresentar de forma atual os pa\u00edses africanos, ainda t\u00e3o pouco conhecidos.\",\"publisher\":{\"@id\":\"https:\/\/atlasgeoculturalafricaatual.com\/#organization\"},\"potentialAction\":[{\"@type\":\"SearchAction\",\"target\":{\"@type\":\"EntryPoint\",\"urlTemplate\":\"https:\/\/atlasgeoculturalafricaatual.com\/?s={search_term_string}\"},\"query-input\":\"required name=search_term_string\"}],\"inLanguage\":\"pt-BR\"},{\"@type\":\"Organization\",\"@id\":\"https:\/\/atlasgeoculturalafricaatual.com\/#organization\",\"name\":\"atlasgeoculturalafricaatual.com\",\"url\":\"https:\/\/atlasgeoculturalafricaatual.com\/\",\"logo\":{\"@type\":\"ImageObject\",\"inLanguage\":\"pt-BR\",\"@id\":\"https:\/\/atlasgeoculturalafricaatual.com\/#\/schema\/logo\/image\/\",\"url\":\"http:\/\/atlasgeoculturalafricaatual.com\/wp-content\/uploads\/2023\/06\/LOGOEIROS_Prancheta-1-tipo-preto.png\",\"contentUrl\":\"http:\/\/atlasgeoculturalafricaatual.com\/wp-content\/uploads\/2023\/06\/LOGOEIROS_Prancheta-1-tipo-preto.png\",\"width\":1667,\"height\":730,\"caption\":\"atlasgeoculturalafricaatual.com\"},\"image\":{\"@id\":\"https:\/\/atlasgeoculturalafricaatual.com\/#\/schema\/logo\/image\/\"}},{\"@type\":\"Person\",\"@id\":\"https:\/\/atlasgeoculturalafricaatual.com\/#\/schema\/person\/eeee269288097965a8c6f963043e4062\",\"name\":\"atlasgeoculturalafricaatual.com\",\"image\":{\"@type\":\"ImageObject\",\"inLanguage\":\"pt-BR\",\"@id\":\"https:\/\/atlasgeoculturalafricaatual.com\/#\/schema\/person\/image\/\",\"url\":\"https:\/\/secure.gravatar.com\/avatar\/7af55f21031d350b316a54060d50821f?s=96&d=mm&r=g\",\"contentUrl\":\"https:\/\/secure.gravatar.com\/avatar\/7af55f21031d350b316a54060d50821f?s=96&d=mm&r=g\",\"caption\":\"atlasgeoculturalafricaatual.com\"},\"sameAs\":[\"http:\/\/atlasgeoculturalafricaatual.com\"],\"url\":\"https:\/\/atlasgeoculturalafricaatual.com\/index.php\/author\/atlasgeoculturalafricaatual-com\/\"}]}<\/script>\n<!-- \/ Yoast SEO plugin. -->","yoast_head_json":{"title":"Guardas municipais de Santos participam de palestra sobre enfrentamento \u00e0 discrimina\u00e7\u00e3o racial - atlasgeoculturalafricaatual.com","description":"Guardas municipais de Santos participam de palestra sobre enfrentamento \u00e0 discrimina\u00e7\u00e3o racial","robots":{"index":"index","follow":"follow","max-snippet":"max-snippet:-1","max-image-preview":"max-image-preview:large","max-video-preview":"max-video-preview:-1"},"canonical":"https:\/\/atlasgeoculturalafricaatual.com\/index.php\/2022\/09\/22\/guardas-municipais-de-santos-participam-de-palestra-sobre-enfrentamento-a-discriminacao-racial\/","og_locale":"pt_BR","og_type":"article","og_title":"Guardas municipais de Santos participam de palestra sobre enfrentamento \u00e0 discrimina\u00e7\u00e3o racial - atlasgeoculturalafricaatual.com","og_description":"Guardas municipais de Santos participam de palestra sobre enfrentamento \u00e0 discrimina\u00e7\u00e3o racial","og_url":"https:\/\/atlasgeoculturalafricaatual.com\/index.php\/2022\/09\/22\/guardas-municipais-de-santos-participam-de-palestra-sobre-enfrentamento-a-discriminacao-racial\/","og_site_name":"atlasgeoculturalafricaatual.com","article_published_time":"2022-09-22T16:53:43+00:00","author":"atlasgeoculturalafricaatual.com","twitter_card":"summary_large_image","twitter_misc":{"Escrito por":"atlasgeoculturalafricaatual.com","Est. tempo de leitura":"3 minutos"},"schema":{"@context":"https:\/\/schema.org","@graph":[{"@type":"Article","@id":"https:\/\/atlasgeoculturalafricaatual.com\/index.php\/2022\/09\/22\/guardas-municipais-de-santos-participam-de-palestra-sobre-enfrentamento-a-discriminacao-racial\/#article","isPartOf":{"@id":"https:\/\/atlasgeoculturalafricaatual.com\/index.php\/2022\/09\/22\/guardas-municipais-de-santos-participam-de-palestra-sobre-enfrentamento-a-discriminacao-racial\/"},"author":{"name":"atlasgeoculturalafricaatual.com","@id":"https:\/\/atlasgeoculturalafricaatual.com\/#\/schema\/person\/eeee269288097965a8c6f963043e4062"},"headline":"Guardas municipais de Santos participam de palestra sobre enfrentamento \u00e0 discrimina\u00e7\u00e3o racial","datePublished":"2022-09-22T16:53:43+00:00","dateModified":"2022-09-22T16:53:43+00:00","mainEntityOfPage":{"@id":"https:\/\/atlasgeoculturalafricaatual.com\/index.php\/2022\/09\/22\/guardas-municipais-de-santos-participam-de-palestra-sobre-enfrentamento-a-discriminacao-racial\/"},"wordCount":452,"commentCount":0,"publisher":{"@id":"https:\/\/atlasgeoculturalafricaatual.com\/#organization"},"articleSection":["Atlas Geocultural","News"],"inLanguage":"pt-BR","potentialAction":[{"@type":"CommentAction","name":"Comment","target":["https:\/\/atlasgeoculturalafricaatual.com\/index.php\/2022\/09\/22\/guardas-municipais-de-santos-participam-de-palestra-sobre-enfrentamento-a-discriminacao-racial\/#respond"]}]},{"@type":"WebPage","@id":"https:\/\/atlasgeoculturalafricaatual.com\/index.php\/2022\/09\/22\/guardas-municipais-de-santos-participam-de-palestra-sobre-enfrentamento-a-discriminacao-racial\/","url":"https:\/\/atlasgeoculturalafricaatual.com\/index.php\/2022\/09\/22\/guardas-municipais-de-santos-participam-de-palestra-sobre-enfrentamento-a-discriminacao-racial\/","name":"Guardas municipais de Santos participam de palestra sobre enfrentamento \u00e0 discrimina\u00e7\u00e3o racial - atlasgeoculturalafricaatual.com","isPartOf":{"@id":"https:\/\/atlasgeoculturalafricaatual.com\/#website"},"datePublished":"2022-09-22T16:53:43+00:00","dateModified":"2022-09-22T16:53:43+00:00","description":"Guardas municipais de Santos participam de palestra sobre enfrentamento \u00e0 discrimina\u00e7\u00e3o racial","breadcrumb":{"@id":"https:\/\/atlasgeoculturalafricaatual.com\/index.php\/2022\/09\/22\/guardas-municipais-de-santos-participam-de-palestra-sobre-enfrentamento-a-discriminacao-racial\/#breadcrumb"},"inLanguage":"pt-BR","potentialAction":[{"@type":"ReadAction","target":["https:\/\/atlasgeoculturalafricaatual.com\/index.php\/2022\/09\/22\/guardas-municipais-de-santos-participam-de-palestra-sobre-enfrentamento-a-discriminacao-racial\/"]}]},{"@type":"BreadcrumbList","@id":"https:\/\/atlasgeoculturalafricaatual.com\/index.php\/2022\/09\/22\/guardas-municipais-de-santos-participam-de-palestra-sobre-enfrentamento-a-discriminacao-racial\/#breadcrumb","itemListElement":[{"@type":"ListItem","position":1,"name":"In\u00edcio","item":"https:\/\/atlasgeoculturalafricaatual.com\/"},{"@type":"ListItem","position":2,"name":"Guardas municipais de Santos participam de palestra sobre enfrentamento \u00e0 discrimina\u00e7\u00e3o racial"}]},{"@type":"WebSite","@id":"https:\/\/atlasgeoculturalafricaatual.com\/#website","url":"https:\/\/atlasgeoculturalafricaatual.com\/","name":"atlasgeoculturalafricaatual.com","description":"O Atlas Geocultural da \u00c1frica \u00e9 um rico material de leitura e pesquisa, que visa apresentar de forma atual os pa\u00edses africanos, ainda t\u00e3o pouco conhecidos.","publisher":{"@id":"https:\/\/atlasgeoculturalafricaatual.com\/#organization"},"potentialAction":[{"@type":"SearchAction","target":{"@type":"EntryPoint","urlTemplate":"https:\/\/atlasgeoculturalafricaatual.com\/?s={search_term_string}"},"query-input":"required name=search_term_string"}],"inLanguage":"pt-BR"},{"@type":"Organization","@id":"https:\/\/atlasgeoculturalafricaatual.com\/#organization","name":"atlasgeoculturalafricaatual.com","url":"https:\/\/atlasgeoculturalafricaatual.com\/","logo":{"@type":"ImageObject","inLanguage":"pt-BR","@id":"https:\/\/atlasgeoculturalafricaatual.com\/#\/schema\/logo\/image\/","url":"http:\/\/atlasgeoculturalafricaatual.com\/wp-content\/uploads\/2023\/06\/LOGOEIROS_Prancheta-1-tipo-preto.png","contentUrl":"http:\/\/atlasgeoculturalafricaatual.com\/wp-content\/uploads\/2023\/06\/LOGOEIROS_Prancheta-1-tipo-preto.png","width":1667,"height":730,"caption":"atlasgeoculturalafricaatual.com"},"image":{"@id":"https:\/\/atlasgeoculturalafricaatual.com\/#\/schema\/logo\/image\/"}},{"@type":"Person","@id":"https:\/\/atlasgeoculturalafricaatual.com\/#\/schema\/person\/eeee269288097965a8c6f963043e4062","name":"atlasgeoculturalafricaatual.com","image":{"@type":"ImageObject","inLanguage":"pt-BR","@id":"https:\/\/atlasgeoculturalafricaatual.com\/#\/schema\/person\/image\/","url":"https:\/\/secure.gravatar.com\/avatar\/7af55f21031d350b316a54060d50821f?s=96&d=mm&r=g","contentUrl":"https:\/\/secure.gravatar.com\/avatar\/7af55f21031d350b316a54060d50821f?s=96&d=mm&r=g","caption":"atlasgeoculturalafricaatual.com"},"sameAs":["http:\/\/atlasgeoculturalafricaatual.com"],"url":"https:\/\/atlasgeoculturalafricaatual.com\/index.php\/author\/atlasgeoculturalafricaatual-com\/"}]}},"_links":{"self":[{"href":"https:\/\/atlasgeoculturalafricaatual.com\/index.php\/wp-json\/wp\/v2\/posts\/6508","targetHints":{"allow":["GET"]}}],"collection":[{"href":"https:\/\/atlasgeoculturalafricaatual.com\/index.php\/wp-json\/wp\/v2\/posts"}],"about":[{"href":"https:\/\/atlasgeoculturalafricaatual.com\/index.php\/wp-json\/wp\/v2\/types\/post"}],"author":[{"embeddable":true,"href":"https:\/\/atlasgeoculturalafricaatual.com\/index.php\/wp-json\/wp\/v2\/users\/1"}],"replies":[{"embeddable":true,"href":"https:\/\/atlasgeoculturalafricaatual.com\/index.php\/wp-json\/wp\/v2\/comments?post=6508"}],"version-history":[{"count":0,"href":"https:\/\/atlasgeoculturalafricaatual.com\/index.php\/wp-json\/wp\/v2\/posts\/6508\/revisions"}],"wp:featuredmedia":[{"embeddable":true,"href":"https:\/\/atlasgeoculturalafricaatual.com\/index.php\/wp-json\/"}],"wp:attachment":[{"href":"https:\/\/atlasgeoculturalafricaatual.com\/index.php\/wp-json\/wp\/v2\/media?parent=6508"}],"wp:term":[{"taxonomy":"category","embeddable":true,"href":"https:\/\/atlasgeoculturalafricaatual.com\/index.php\/wp-json\/wp\/v2\/categories?post=6508"},{"taxonomy":"post_tag","embeddable":true,"href":"https:\/\/atlasgeoculturalafricaatual.com\/index.php\/wp-json\/wp\/v2\/tags?post=6508"},{"taxonomy":"palavra-chave","embeddable":true,"href":"https:\/\/atlasgeoculturalafricaatual.com\/index.php\/wp-json\/wp\/v2\/palavra-chave?post=6508"}],"curies":[{"name":"wp","href":"https:\/\/api.w.org\/{rel}","templated":true}]}}