{"id":6424,"date":"2022-09-12T13:09:12","date_gmt":"2022-09-12T16:09:12","guid":{"rendered":"https:\/\/atlasgeoculturalafricaatual.com\/index.php\/2022\/09\/12\/homenagem-in-memorian-a-emanuel-araujo\/"},"modified":"2022-09-12T13:09:12","modified_gmt":"2022-09-12T16:09:12","slug":"homenagem-in-memorian-a-emanuel-araujo","status":"publish","type":"post","link":"https:\/\/atlasgeoculturalafricaatual.com\/index.php\/2022\/09\/12\/homenagem-in-memorian-a-emanuel-araujo\/","title":{"rendered":"Homenagem In Memorian a Emanuel Ara\u00fajo"},"content":{"rendered":"\t\t<div data-elementor-type=\"wp-post\" data-elementor-id=\"6424\" class=\"elementor elementor-6424\">\n\t\t\t\t\t\t\t<div class=\"elementor-element elementor-element-89143e9 e-flex e-con-boxed e-con\" data-id=\"89143e9\" data-element_type=\"container\" data-settings=\"{&quot;content_width&quot;:&quot;boxed&quot;}\">\n\t\t\t\t\t<div class=\"e-con-inner\">\n\t\t\t\t<div class=\"elementor-element elementor-element-74c0644 elementor-widget elementor-widget-text-editor\" data-id=\"74c0644\" data-element_type=\"widget\" data-widget_type=\"text-editor.default\">\n\t\t\t\t<div class=\"elementor-widget-container\">\n\t\t\t<style>\/*! elementor - v3.15.0 - 02-08-2023 *\/\n.elementor-widget-text-editor.elementor-drop-cap-view-stacked .elementor-drop-cap{background-color:#69727d;color:#fff}.elementor-widget-text-editor.elementor-drop-cap-view-framed .elementor-drop-cap{color:#69727d;border:3px solid;background-color:transparent}.elementor-widget-text-editor:not(.elementor-drop-cap-view-default) .elementor-drop-cap{margin-top:8px}.elementor-widget-text-editor:not(.elementor-drop-cap-view-default) .elementor-drop-cap-letter{width:1em;height:1em}.elementor-widget-text-editor .elementor-drop-cap{float:left;text-align:center;line-height:1;font-size:50px}.elementor-widget-text-editor .elementor-drop-cap-letter{display:inline-block}<\/style>\t\t\t\t<p>Homenagem in memorian, a Emanoel Arau\u0301jo, curador do Museu Afrobrasileiro\/Ibirapuera.<br \/><br \/><a class=\"PressableText qi72231t nu7423ey n3hqoq4p r86q59rh b3qcqh3k fq87ekyn bdao358l fsf7x5fv rse6dlih s5oniofx m8h3af8h l7ghb35v kjdc1dyq kmwttqpk srn514ro oxkhqvkx rl78xhln nch0832m cr00lzj9 rn8ck1ys s3jn8y49 icdlwmnq PolarisHashtagLink  _aa9_ _a6hd\" tabindex=\"0\" role=\"link\" href=\"httpsss:\/\/www.instagram.com\/explore\/tags\/homenagem\/\">#homenagem<\/a>\u00a0<a class=\"PressableText qi72231t nu7423ey n3hqoq4p r86q59rh b3qcqh3k fq87ekyn bdao358l fsf7x5fv rse6dlih s5oniofx m8h3af8h l7ghb35v kjdc1dyq kmwttqpk srn514ro oxkhqvkx rl78xhln nch0832m cr00lzj9 rn8ck1ys s3jn8y49 icdlwmnq PolarisHashtagLink  _aa9_ _a6hd\" tabindex=\"0\" role=\"link\" href=\"httpsss:\/\/www.instagram.com\/explore\/tags\/emanoelaraujo\/\">#emanoelaraujo<\/a>\u00a0<a class=\"PressableText qi72231t nu7423ey n3hqoq4p r86q59rh b3qcqh3k fq87ekyn bdao358l fsf7x5fv rse6dlih s5oniofx m8h3af8h l7ghb35v kjdc1dyq kmwttqpk srn514ro oxkhqvkx rl78xhln nch0832m cr00lzj9 rn8ck1ys s3jn8y49 icdlwmnq PolarisHashtagLink  _aa9_ _a6hd\" tabindex=\"0\" role=\"link\" href=\"httpsss:\/\/www.instagram.com\/explore\/tags\/ibirapuera\/\">#ibirapuera<\/a>\u00a0<a class=\"PressableText qi72231t nu7423ey n3hqoq4p r86q59rh b3qcqh3k fq87ekyn bdao358l fsf7x5fv rse6dlih s5oniofx m8h3af8h l7ghb35v kjdc1dyq kmwttqpk srn514ro oxkhqvkx rl78xhln nch0832m cr00lzj9 rn8ck1ys s3jn8y49 icdlwmnq PolarisHashtagLink  _aa9_ _a6hd\" tabindex=\"0\" role=\"link\" href=\"httpsss:\/\/www.instagram.com\/explore\/tags\/curador\/\">#curador<\/a>\u00a0<a class=\"PressableText qi72231t nu7423ey n3hqoq4p r86q59rh b3qcqh3k fq87ekyn bdao358l fsf7x5fv rse6dlih s5oniofx m8h3af8h l7ghb35v kjdc1dyq kmwttqpk srn514ro oxkhqvkx rl78xhln nch0832m cr00lzj9 rn8ck1ys s3jn8y49 icdlwmnq PolarisHashtagLink  _aa9_ _a6hd\" tabindex=\"0\" role=\"link\" href=\"httpsss:\/\/www.instagram.com\/explore\/tags\/museuafrobrasileiro\/\">#museuafrobrasileiro<\/a><\/p>\t\t\t\t\t\t<\/div>\n\t\t\t\t<\/div>\n\t\t\t\t\t<\/div>\n\t\t\t\t<\/div>\n\t\t\t\t\t\t\t<\/div>\n\t\t","protected":false},"excerpt":{"rendered":"<p>Homenagem in memorian, a Emanoel Arau\u0301jo, curador do Museu Afrobrasileiro\/Ibirapuera.<\/p>\n<p>#homenagem #emanoelaraujo #ibirapuera #curador #museuafrobrasileiro<\/p>\n","protected":false},"author":1,"featured_media":6429,"comment_status":"open","ping_status":"open","sticky":false,"template":"elementor_theme","format":"standard","meta":{"content-type":"","footnotes":""},"categories":[66,62],"tags":[],"palavra-chave":[],"class_list":["post-6424","post","type-post","status-publish","format-standard","has-post-thumbnail","hentry","category-arte-e-cultura","category-news","entry","has-media"],"aioseo_notices":[],"yoast_head":"<!-- This site is optimized with the Yoast SEO plugin v20.13 - https:\/\/yoast.com\/wordpress\/plugins\/seo\/ -->\n<title>Homenagem In Memorian a Emanuel Ara\u00fajo - atlasgeoculturalafricaatual.com<\/title>\n<meta name=\"description\" content=\"Homenagem in memorian, a Emanoel Arau\u0301jo, curador do Museu Afrobrasileiro\/Ibirapuera.#homenagem #emanoelaraujo #ibirapuera #curador #museuafrobrasileiro\" \/>\n<meta name=\"robots\" content=\"index, follow, max-snippet:-1, max-image-preview:large, max-video-preview:-1\" \/>\n<link rel=\"canonical\" href=\"https:\/\/atlasgeoculturalafricaatual.com\/index.php\/2022\/09\/12\/homenagem-in-memorian-a-emanuel-araujo\/\" \/>\n<meta property=\"og:locale\" content=\"pt_BR\" \/>\n<meta property=\"og:type\" content=\"article\" \/>\n<meta property=\"og:title\" content=\"Homenagem In Memorian a Emanuel Ara\u00fajo - atlasgeoculturalafricaatual.com\" \/>\n<meta property=\"og:description\" content=\"Homenagem in memorian, a Emanoel Arau\u0301jo, curador do Museu Afrobrasileiro\/Ibirapuera.#homenagem #emanoelaraujo #ibirapuera #curador #museuafrobrasileiro\" \/>\n<meta property=\"og:url\" content=\"https:\/\/atlasgeoculturalafricaatual.com\/index.php\/2022\/09\/12\/homenagem-in-memorian-a-emanuel-araujo\/\" \/>\n<meta property=\"og:site_name\" content=\"atlasgeoculturalafricaatual.com\" \/>\n<meta property=\"article:published_time\" content=\"2022-09-12T16:09:12+00:00\" \/>\n<meta name=\"author\" content=\"atlasgeoculturalafricaatual.com\" \/>\n<meta name=\"twitter:card\" content=\"summary_large_image\" \/>\n<meta name=\"twitter:label1\" content=\"Escrito por\" \/>\n\t<meta name=\"twitter:data1\" content=\"atlasgeoculturalafricaatual.com\" \/>\n\t<meta name=\"twitter:label2\" content=\"Est. tempo de leitura\" \/>\n\t<meta name=\"twitter:data2\" content=\"1 minuto\" \/>\n<script type=\"application\/ld+json\" class=\"yoast-schema-graph\">{\"@context\":\"https:\/\/schema.org\",\"@graph\":[{\"@type\":\"Article\",\"@id\":\"https:\/\/atlasgeoculturalafricaatual.com\/index.php\/2022\/09\/12\/homenagem-in-memorian-a-emanuel-araujo\/#article\",\"isPartOf\":{\"@id\":\"https:\/\/atlasgeoculturalafricaatual.com\/index.php\/2022\/09\/12\/homenagem-in-memorian-a-emanuel-araujo\/\"},\"author\":{\"name\":\"atlasgeoculturalafricaatual.com\",\"@id\":\"https:\/\/atlasgeoculturalafricaatual.com\/#\/schema\/person\/eeee269288097965a8c6f963043e4062\"},\"headline\":\"Homenagem In Memorian a Emanuel Ara\u00fajo\",\"datePublished\":\"2022-09-12T16:09:12+00:00\",\"dateModified\":\"2022-09-12T16:09:12+00:00\",\"mainEntityOfPage\":{\"@id\":\"https:\/\/atlasgeoculturalafricaatual.com\/index.php\/2022\/09\/12\/homenagem-in-memorian-a-emanuel-araujo\/\"},\"wordCount\":24,\"commentCount\":0,\"publisher\":{\"@id\":\"https:\/\/atlasgeoculturalafricaatual.com\/#organization\"},\"articleSection\":[\"Arte e Cultura\",\"News\"],\"inLanguage\":\"pt-BR\",\"potentialAction\":[{\"@type\":\"CommentAction\",\"name\":\"Comment\",\"target\":[\"https:\/\/atlasgeoculturalafricaatual.com\/index.php\/2022\/09\/12\/homenagem-in-memorian-a-emanuel-araujo\/#respond\"]}]},{\"@type\":\"WebPage\",\"@id\":\"https:\/\/atlasgeoculturalafricaatual.com\/index.php\/2022\/09\/12\/homenagem-in-memorian-a-emanuel-araujo\/\",\"url\":\"https:\/\/atlasgeoculturalafricaatual.com\/index.php\/2022\/09\/12\/homenagem-in-memorian-a-emanuel-araujo\/\",\"name\":\"Homenagem In Memorian a Emanuel Ara\u00fajo - atlasgeoculturalafricaatual.com\",\"isPartOf\":{\"@id\":\"https:\/\/atlasgeoculturalafricaatual.com\/#website\"},\"datePublished\":\"2022-09-12T16:09:12+00:00\",\"dateModified\":\"2022-09-12T16:09:12+00:00\",\"description\":\"Homenagem in memorian, a Emanoel Arau\u0301jo, curador do Museu Afrobrasileiro\/Ibirapuera.#homenagem #emanoelaraujo #ibirapuera #curador #museuafrobrasileiro\",\"breadcrumb\":{\"@id\":\"https:\/\/atlasgeoculturalafricaatual.com\/index.php\/2022\/09\/12\/homenagem-in-memorian-a-emanuel-araujo\/#breadcrumb\"},\"inLanguage\":\"pt-BR\",\"potentialAction\":[{\"@type\":\"ReadAction\",\"target\":[\"https:\/\/atlasgeoculturalafricaatual.com\/index.php\/2022\/09\/12\/homenagem-in-memorian-a-emanuel-araujo\/\"]}]},{\"@type\":\"BreadcrumbList\",\"@id\":\"https:\/\/atlasgeoculturalafricaatual.com\/index.php\/2022\/09\/12\/homenagem-in-memorian-a-emanuel-araujo\/#breadcrumb\",\"itemListElement\":[{\"@type\":\"ListItem\",\"position\":1,\"name\":\"In\u00edcio\",\"item\":\"https:\/\/atlasgeoculturalafricaatual.com\/\"},{\"@type\":\"ListItem\",\"position\":2,\"name\":\"Homenagem In Memorian a Emanuel Ara\u00fajo\"}]},{\"@type\":\"WebSite\",\"@id\":\"https:\/\/atlasgeoculturalafricaatual.com\/#website\",\"url\":\"https:\/\/atlasgeoculturalafricaatual.com\/\",\"name\":\"atlasgeoculturalafricaatual.com\",\"description\":\"O Atlas Geocultural da \u00c1frica \u00e9 um rico material de leitura e pesquisa, que visa apresentar de forma atual os pa\u00edses africanos, ainda t\u00e3o pouco conhecidos.\",\"publisher\":{\"@id\":\"https:\/\/atlasgeoculturalafricaatual.com\/#organization\"},\"potentialAction\":[{\"@type\":\"SearchAction\",\"target\":{\"@type\":\"EntryPoint\",\"urlTemplate\":\"https:\/\/atlasgeoculturalafricaatual.com\/?s={search_term_string}\"},\"query-input\":\"required name=search_term_string\"}],\"inLanguage\":\"pt-BR\"},{\"@type\":\"Organization\",\"@id\":\"https:\/\/atlasgeoculturalafricaatual.com\/#organization\",\"name\":\"atlasgeoculturalafricaatual.com\",\"url\":\"https:\/\/atlasgeoculturalafricaatual.com\/\",\"logo\":{\"@type\":\"ImageObject\",\"inLanguage\":\"pt-BR\",\"@id\":\"https:\/\/atlasgeoculturalafricaatual.com\/#\/schema\/logo\/image\/\",\"url\":\"http:\/\/atlasgeoculturalafricaatual.com\/wp-content\/uploads\/2023\/06\/LOGOEIROS_Prancheta-1-tipo-preto.png\",\"contentUrl\":\"http:\/\/atlasgeoculturalafricaatual.com\/wp-content\/uploads\/2023\/06\/LOGOEIROS_Prancheta-1-tipo-preto.png\",\"width\":1667,\"height\":730,\"caption\":\"atlasgeoculturalafricaatual.com\"},\"image\":{\"@id\":\"https:\/\/atlasgeoculturalafricaatual.com\/#\/schema\/logo\/image\/\"}},{\"@type\":\"Person\",\"@id\":\"https:\/\/atlasgeoculturalafricaatual.com\/#\/schema\/person\/eeee269288097965a8c6f963043e4062\",\"name\":\"atlasgeoculturalafricaatual.com\",\"image\":{\"@type\":\"ImageObject\",\"inLanguage\":\"pt-BR\",\"@id\":\"https:\/\/atlasgeoculturalafricaatual.com\/#\/schema\/person\/image\/\",\"url\":\"https:\/\/secure.gravatar.com\/avatar\/7af55f21031d350b316a54060d50821f?s=96&d=mm&r=g\",\"contentUrl\":\"https:\/\/secure.gravatar.com\/avatar\/7af55f21031d350b316a54060d50821f?s=96&d=mm&r=g\",\"caption\":\"atlasgeoculturalafricaatual.com\"},\"sameAs\":[\"http:\/\/atlasgeoculturalafricaatual.com\"],\"url\":\"https:\/\/atlasgeoculturalafricaatual.com\/index.php\/author\/atlasgeoculturalafricaatual-com\/\"}]}<\/script>\n<!-- \/ Yoast SEO plugin. -->","yoast_head_json":{"title":"Homenagem In Memorian a Emanuel Ara\u00fajo - atlasgeoculturalafricaatual.com","description":"Homenagem in memorian, a Emanoel Arau\u0301jo, curador do Museu Afrobrasileiro\/Ibirapuera.#homenagem #emanoelaraujo #ibirapuera #curador #museuafrobrasileiro","robots":{"index":"index","follow":"follow","max-snippet":"max-snippet:-1","max-image-preview":"max-image-preview:large","max-video-preview":"max-video-preview:-1"},"canonical":"https:\/\/atlasgeoculturalafricaatual.com\/index.php\/2022\/09\/12\/homenagem-in-memorian-a-emanuel-araujo\/","og_locale":"pt_BR","og_type":"article","og_title":"Homenagem In Memorian a Emanuel Ara\u00fajo - atlasgeoculturalafricaatual.com","og_description":"Homenagem in memorian, a Emanoel Arau\u0301jo, curador do Museu Afrobrasileiro\/Ibirapuera.#homenagem #emanoelaraujo #ibirapuera #curador #museuafrobrasileiro","og_url":"https:\/\/atlasgeoculturalafricaatual.com\/index.php\/2022\/09\/12\/homenagem-in-memorian-a-emanuel-araujo\/","og_site_name":"atlasgeoculturalafricaatual.com","article_published_time":"2022-09-12T16:09:12+00:00","author":"atlasgeoculturalafricaatual.com","twitter_card":"summary_large_image","twitter_misc":{"Escrito por":"atlasgeoculturalafricaatual.com","Est. tempo de leitura":"1 minuto"},"schema":{"@context":"https:\/\/schema.org","@graph":[{"@type":"Article","@id":"https:\/\/atlasgeoculturalafricaatual.com\/index.php\/2022\/09\/12\/homenagem-in-memorian-a-emanuel-araujo\/#article","isPartOf":{"@id":"https:\/\/atlasgeoculturalafricaatual.com\/index.php\/2022\/09\/12\/homenagem-in-memorian-a-emanuel-araujo\/"},"author":{"name":"atlasgeoculturalafricaatual.com","@id":"https:\/\/atlasgeoculturalafricaatual.com\/#\/schema\/person\/eeee269288097965a8c6f963043e4062"},"headline":"Homenagem In Memorian a Emanuel Ara\u00fajo","datePublished":"2022-09-12T16:09:12+00:00","dateModified":"2022-09-12T16:09:12+00:00","mainEntityOfPage":{"@id":"https:\/\/atlasgeoculturalafricaatual.com\/index.php\/2022\/09\/12\/homenagem-in-memorian-a-emanuel-araujo\/"},"wordCount":24,"commentCount":0,"publisher":{"@id":"https:\/\/atlasgeoculturalafricaatual.com\/#organization"},"articleSection":["Arte e Cultura","News"],"inLanguage":"pt-BR","potentialAction":[{"@type":"CommentAction","name":"Comment","target":["https:\/\/atlasgeoculturalafricaatual.com\/index.php\/2022\/09\/12\/homenagem-in-memorian-a-emanuel-araujo\/#respond"]}]},{"@type":"WebPage","@id":"https:\/\/atlasgeoculturalafricaatual.com\/index.php\/2022\/09\/12\/homenagem-in-memorian-a-emanuel-araujo\/","url":"https:\/\/atlasgeoculturalafricaatual.com\/index.php\/2022\/09\/12\/homenagem-in-memorian-a-emanuel-araujo\/","name":"Homenagem In Memorian a Emanuel Ara\u00fajo - atlasgeoculturalafricaatual.com","isPartOf":{"@id":"https:\/\/atlasgeoculturalafricaatual.com\/#website"},"datePublished":"2022-09-12T16:09:12+00:00","dateModified":"2022-09-12T16:09:12+00:00","description":"Homenagem in memorian, a Emanoel Arau\u0301jo, curador do Museu Afrobrasileiro\/Ibirapuera.#homenagem #emanoelaraujo #ibirapuera #curador #museuafrobrasileiro","breadcrumb":{"@id":"https:\/\/atlasgeoculturalafricaatual.com\/index.php\/2022\/09\/12\/homenagem-in-memorian-a-emanuel-araujo\/#breadcrumb"},"inLanguage":"pt-BR","potentialAction":[{"@type":"ReadAction","target":["https:\/\/atlasgeoculturalafricaatual.com\/index.php\/2022\/09\/12\/homenagem-in-memorian-a-emanuel-araujo\/"]}]},{"@type":"BreadcrumbList","@id":"https:\/\/atlasgeoculturalafricaatual.com\/index.php\/2022\/09\/12\/homenagem-in-memorian-a-emanuel-araujo\/#breadcrumb","itemListElement":[{"@type":"ListItem","position":1,"name":"In\u00edcio","item":"https:\/\/atlasgeoculturalafricaatual.com\/"},{"@type":"ListItem","position":2,"name":"Homenagem In Memorian a Emanuel Ara\u00fajo"}]},{"@type":"WebSite","@id":"https:\/\/atlasgeoculturalafricaatual.com\/#website","url":"https:\/\/atlasgeoculturalafricaatual.com\/","name":"atlasgeoculturalafricaatual.com","description":"O Atlas Geocultural da \u00c1frica \u00e9 um rico material de leitura e pesquisa, que visa apresentar de forma atual os pa\u00edses africanos, ainda t\u00e3o pouco conhecidos.","publisher":{"@id":"https:\/\/atlasgeoculturalafricaatual.com\/#organization"},"potentialAction":[{"@type":"SearchAction","target":{"@type":"EntryPoint","urlTemplate":"https:\/\/atlasgeoculturalafricaatual.com\/?s={search_term_string}"},"query-input":"required name=search_term_string"}],"inLanguage":"pt-BR"},{"@type":"Organization","@id":"https:\/\/atlasgeoculturalafricaatual.com\/#organization","name":"atlasgeoculturalafricaatual.com","url":"https:\/\/atlasgeoculturalafricaatual.com\/","logo":{"@type":"ImageObject","inLanguage":"pt-BR","@id":"https:\/\/atlasgeoculturalafricaatual.com\/#\/schema\/logo\/image\/","url":"http:\/\/atlasgeoculturalafricaatual.com\/wp-content\/uploads\/2023\/06\/LOGOEIROS_Prancheta-1-tipo-preto.png","contentUrl":"http:\/\/atlasgeoculturalafricaatual.com\/wp-content\/uploads\/2023\/06\/LOGOEIROS_Prancheta-1-tipo-preto.png","width":1667,"height":730,"caption":"atlasgeoculturalafricaatual.com"},"image":{"@id":"https:\/\/atlasgeoculturalafricaatual.com\/#\/schema\/logo\/image\/"}},{"@type":"Person","@id":"https:\/\/atlasgeoculturalafricaatual.com\/#\/schema\/person\/eeee269288097965a8c6f963043e4062","name":"atlasgeoculturalafricaatual.com","image":{"@type":"ImageObject","inLanguage":"pt-BR","@id":"https:\/\/atlasgeoculturalafricaatual.com\/#\/schema\/person\/image\/","url":"https:\/\/secure.gravatar.com\/avatar\/7af55f21031d350b316a54060d50821f?s=96&d=mm&r=g","contentUrl":"https:\/\/secure.gravatar.com\/avatar\/7af55f21031d350b316a54060d50821f?s=96&d=mm&r=g","caption":"atlasgeoculturalafricaatual.com"},"sameAs":["http:\/\/atlasgeoculturalafricaatual.com"],"url":"https:\/\/atlasgeoculturalafricaatual.com\/index.php\/author\/atlasgeoculturalafricaatual-com\/"}]}},"_links":{"self":[{"href":"https:\/\/atlasgeoculturalafricaatual.com\/index.php\/wp-json\/wp\/v2\/posts\/6424","targetHints":{"allow":["GET"]}}],"collection":[{"href":"https:\/\/atlasgeoculturalafricaatual.com\/index.php\/wp-json\/wp\/v2\/posts"}],"about":[{"href":"https:\/\/atlasgeoculturalafricaatual.com\/index.php\/wp-json\/wp\/v2\/types\/post"}],"author":[{"embeddable":true,"href":"https:\/\/atlasgeoculturalafricaatual.com\/index.php\/wp-json\/wp\/v2\/users\/1"}],"replies":[{"embeddable":true,"href":"https:\/\/atlasgeoculturalafricaatual.com\/index.php\/wp-json\/wp\/v2\/comments?post=6424"}],"version-history":[{"count":0,"href":"https:\/\/atlasgeoculturalafricaatual.com\/index.php\/wp-json\/wp\/v2\/posts\/6424\/revisions"}],"wp:featuredmedia":[{"embeddable":true,"href":"https:\/\/atlasgeoculturalafricaatual.com\/index.php\/wp-json\/"}],"wp:attachment":[{"href":"https:\/\/atlasgeoculturalafricaatual.com\/index.php\/wp-json\/wp\/v2\/media?parent=6424"}],"wp:term":[{"taxonomy":"category","embeddable":true,"href":"https:\/\/atlasgeoculturalafricaatual.com\/index.php\/wp-json\/wp\/v2\/categories?post=6424"},{"taxonomy":"post_tag","embeddable":true,"href":"https:\/\/atlasgeoculturalafricaatual.com\/index.php\/wp-json\/wp\/v2\/tags?post=6424"},{"taxonomy":"palavra-chave","embeddable":true,"href":"https:\/\/atlasgeoculturalafricaatual.com\/index.php\/wp-json\/wp\/v2\/palavra-chave?post=6424"}],"curies":[{"name":"wp","href":"https:\/\/api.w.org\/{rel}","templated":true}]}}