{"id":6356,"date":"2022-09-11T10:11:01","date_gmt":"2022-09-11T13:11:01","guid":{"rendered":"https:\/\/atlasgeoculturalafricaatual.com\/index.php\/2022\/09\/11\/entrevista-com-tres-autores-a-cultura-afrobrasileira-e-a-sala-de-aula\/"},"modified":"2022-09-11T10:11:01","modified_gmt":"2022-09-11T13:11:01","slug":"entrevista-com-tres-autores-a-cultura-afrobrasileira-e-a-sala-de-aula","status":"publish","type":"post","link":"https:\/\/atlasgeoculturalafricaatual.com\/index.php\/2022\/09\/11\/entrevista-com-tres-autores-a-cultura-afrobrasileira-e-a-sala-de-aula\/","title":{"rendered":"Entrevista com tr\u00eas autores: A cultura afrobrasileira e a sala de aula."},"content":{"rendered":"\t\t<div data-elementor-type=\"wp-post\" data-elementor-id=\"6356\" class=\"elementor elementor-6356\">\n\t\t\t\t\t\t\t<div class=\"elementor-element elementor-element-006055a e-flex e-con-boxed e-con\" data-id=\"006055a\" data-element_type=\"container\" data-settings=\"{&quot;content_width&quot;:&quot;boxed&quot;}\">\n\t\t\t\t\t<div class=\"e-con-inner\">\n\t\t\t\t<div class=\"elementor-element elementor-element-726f23a elementor-widget elementor-widget-text-editor\" data-id=\"726f23a\" data-element_type=\"widget\" data-widget_type=\"text-editor.default\">\n\t\t\t\t<div class=\"elementor-widget-container\">\n\t\t\t<style>\/*! elementor - v3.15.0 - 02-08-2023 *\/\n.elementor-widget-text-editor.elementor-drop-cap-view-stacked .elementor-drop-cap{background-color:#69727d;color:#fff}.elementor-widget-text-editor.elementor-drop-cap-view-framed .elementor-drop-cap{color:#69727d;border:3px solid;background-color:transparent}.elementor-widget-text-editor:not(.elementor-drop-cap-view-default) .elementor-drop-cap{margin-top:8px}.elementor-widget-text-editor:not(.elementor-drop-cap-view-default) .elementor-drop-cap-letter{width:1em;height:1em}.elementor-widget-text-editor .elementor-drop-cap{float:left;text-align:center;line-height:1;font-size:50px}.elementor-widget-text-editor .elementor-drop-cap-letter{display:inline-block}<\/style>\t\t\t\t<h1 class=\"EventListInfostyle__Title-sc-1wzh7l6-2 hEGrdS\">LIVE &#8211; Africanidades e Escola P\u00fablica<\/h1>\t\t\t\t\t\t<\/div>\n\t\t\t\t<\/div>\n\t\t\t\t\t<\/div>\n\t\t\t\t<\/div>\n\t\t<div class=\"elementor-element elementor-element-40bcd24 e-flex e-con-boxed e-con\" data-id=\"40bcd24\" data-element_type=\"container\" data-settings=\"{&quot;content_width&quot;:&quot;boxed&quot;}\">\n\t\t\t\t\t<div class=\"e-con-inner\">\n\t\t\t\t<div class=\"elementor-element elementor-element-0d216ed elementor-widget elementor-widget-text-editor\" data-id=\"0d216ed\" data-element_type=\"widget\" data-widget_type=\"text-editor.default\">\n\t\t\t\t<div class=\"elementor-widget-container\">\n\t\t\t\t\t\t\t<h2>Descri\u00e7\u00e3o<\/h2><div><p class=\"EventListInfostyle__ListOption-sc-1wzh7l6-4 haUSZD\">12 set &#8211; 2022 \u2022 20:00 &gt; 21:00<\/p><\/div><div><p class=\"EventListInfostyle__ListOption-sc-1wzh7l6-4 haUSZD\">Evento Online\u00a0via\u00a0<b>Youtube<\/b><\/p><\/div><p>Considerado o ber\u00e7o da humanidade, o continente africano possui\u00a0<b>uma das maiores diversidades culturais do mundo<\/b>, com muitas variedades lingu\u00edsticas e religiosas, distribu\u00eddas em\u00a0<b>54 pa\u00edses independentes<\/b>, fazendo dela o terceiro continente mais extenso do globo e o segundo mais populoso.\u00a0 \u00c1frica possui cerca de 4<b>90 etnias e mais de 2.000 idiomas diferentes<\/b>. Al\u00e9m disso, a\u00a0<b>cultura africana<\/b>\u00a0\u00e9 uma das matrizes culturais do Brasil, sendo algumas das manifesta\u00e7\u00f5es mais evidentes a nossa\u00a0<b>m\u00fasica, culin\u00e1ria e religi\u00e3o.<\/b><\/p><p>Com isso,\u00a0 acontece no dia 12\/09 \u00e0s 20h a\u00a0<strong>LIVE &#8211;\u00a0<\/strong><strong>Africanidades e Escola P\u00fablica<\/strong><strong>,\u00a0<\/strong>que faz parte de uma s\u00e9rie de lives gratuitas que ser\u00e3o realizadas sobre a \u00c1frica, transmitida via Youtube.<\/p><p>Para esse evento, contaremos com a presen\u00e7a:\u00a0<\/p><ol><li>Prof. Odair Marques da Silva<\/li><\/ol><p><b>Descri\u00e7\u00e3o:<\/b>\u00a0\u00a0Odair Marques da Silva, licenciatura em Ci\u00eancias pela FSJT, especializa\u00e7\u00e3o em An\u00e1lise de Sistemas pela PUCCAMP, mestrado em Gest\u00e3o da Qualidade Total pela FEM\/Unicamp, Doutorado em Ci\u00eancias da Cultura pela UTAD\/Portugal. Analista de Sistemas no Centro de Computa\u00e7\u00e3o da UNICAMP. Atuou como gestor p\u00fablico, como Secret\u00e1rio Municipal de Educa\u00e7\u00e3o no Munic\u00edpio de Hortol\u00e2ndia (1997\/1998 e 2005\/2006), diretor-executivo da Funda\u00e7\u00e3o Municipal para a Educa\u00e7\u00e3o Comunit\u00e1ria, PMC (2002\/2003), Coordenador do Centro Cultural de Inclus\u00e3o e Integra\u00e7\u00e3o Social, \u00f3rg\u00e3o de extens\u00e3o universit\u00e1ria da UNICAMP (2013\/2017). Membro do Conselho Editorial da Revista \u201cTecnologia, Sociedade e Conhecimento\u201d, do NIED\/Unicamp (2018, atual). Membro da Diretoria Nacional da REAFRO (2019, atual). Membro da Dire\u00e7\u00e3o da ENAFRO (2021\/Jun-2022). Autor do livro &#8216;Atlas Geocultural da \u00c1frica&#8217;.<\/p><ol start=\"2\"><li>Prof\u00aa Sheila Perina<\/li><\/ol><p><b>Descri\u00e7\u00e3o:\u00a0<\/b>Pedagoga pela Universidade de S\u00e3o Paulo com gradua\u00e7\u00e3o sandu\u00edche na Universidade Lueji A&#8217;konde (Angola). Intercambio na Universidade Pedag\u00f3gica de Mo\u00e7ambique. Atuou como docente na Escola Superior Pedag\u00f3gica do Bengo em Angola. \u00c9 mestre (bolsista CAPES) em Educa\u00e7\u00e3o pela Faculdade de Educa\u00e7\u00e3o da USP e doutoranda (bolsista CAPES) na \u00e1rea de Educa\u00e7\u00e3o e Linguagem na mesma institui\u00e7\u00e3o. Tem se dedicado a pesquisas a respeito do ensino de l\u00ednguas em Angola, Brasil e Mo\u00e7ambique. Desde 2013, frequenta o Grupo de Estudos e Pesquisas em Educa\u00e7\u00e3o da Universidade Lueji A&#8217;nkonde &#8211; GEPEULAN. \u00c9 membro do Grupo de Estudos e Pesquisa Produ\u00e7\u00e3o Escrita e Psican\u00e1lise &#8211; GEPPEP, desde 2016. \u00c9 autora do livro infantil &#8220;As Brincadeiras Africanas de Weza&#8221;.<\/p><p>A media\u00e7\u00e3o vai ser da<strong>\u00a0Nini Kemba N\u00e1y\u00f2,\u00a0<\/strong>que \u00e9\u00a0Pesquisadora de Literatura Infantil Negra\/Africana, contadora de Hist\u00f3rias Pretas, ministra oficina de conta\u00e7\u00e3o de Hist\u00f3rias Pretas e \u00e9 consultora Pedag\u00f3gica e Familiar Quest\u00f5es Raciais e Inf\u00e2ncia.<\/p><p>N\u00e3o perca!<\/p><p>\u00a0<\/p><h3 class=\"HostSectionstyle__Title-sc-1c38chw-3 kxfUTx\">Sobre o organizador<\/h3><div class=\"HostSectionstyle__Wrapper-sc-1c38chw-0 kJbYZQ\"><div class=\"HostSectionstyle__Info-sc-1c38chw-2 oInOL\"><p class=\"HostSectionstyle__Name-sc-1c38chw-4 fWnakp\">Afroimpacto<\/p><p class=\"HostSectionstyle__Description-sc-1c38chw-5 kZFZQg\">Somos a Afroimpacto: um hub de desenvolvimento afroempreendedor que realiza a\u00e7\u00f5es nos eixos de Consultoria, Educa\u00e7\u00e3o Empreendedora e Programas de Desenvolvimento, com o objetivo de reduzir a desigualdade social, econ\u00f4mica e educacional no cen\u00e1rio do empreendedorismo. Queremos conectar ecossistemas para impulsionar empreendedores\/as negros\/as, e assim, promover seu desenvolvimento socioecon\u00f4mico.<\/p><\/div><\/div>\t\t\t\t\t\t<\/div>\n\t\t\t\t<\/div>\n\t\t\t\t\t<\/div>\n\t\t\t\t<\/div>\n\t\t\t\t\t\t\t<\/div>\n\t\t","protected":false},"excerpt":{"rendered":"<p>LIVE &#8211; Africanidades e Escola P\u00fablica Descri\u00e7\u00e3o 12 set &#8211; 2022 \u2022 20:00 &gt; 21:00 Evento Online&nbsp;via&nbsp;Youtube Considerado o ber\u00e7o da humanidade, o continente africano possui&nbsp;uma das maiores diversidades culturais [&hellip;]<\/p>\n","protected":false},"author":1,"featured_media":6357,"comment_status":"open","ping_status":"open","sticky":false,"template":"","format":"standard","meta":{"content-type":"","footnotes":""},"categories":[48,86],"tags":[],"palavra-chave":[],"class_list":["post-6356","post","type-post","status-publish","format-standard","has-post-thumbnail","hentry","category-sem-categoria","category-tv-africa-atual","entry","has-media"],"aioseo_notices":[],"yoast_head":"<!-- This site is optimized with the Yoast SEO plugin v20.13 - https:\/\/yoast.com\/wordpress\/plugins\/seo\/ -->\n<title>Entrevista com tr\u00eas autores: A cultura afrobrasileira e a sala de aula. - atlasgeoculturalafricaatual.com<\/title>\n<meta name=\"robots\" content=\"index, follow, max-snippet:-1, max-image-preview:large, max-video-preview:-1\" \/>\n<link rel=\"canonical\" href=\"https:\/\/atlasgeoculturalafricaatual.com\/index.php\/2022\/09\/11\/entrevista-com-tres-autores-a-cultura-afrobrasileira-e-a-sala-de-aula\/\" \/>\n<meta property=\"og:locale\" content=\"pt_BR\" \/>\n<meta property=\"og:type\" content=\"article\" \/>\n<meta property=\"og:title\" content=\"Entrevista com tr\u00eas autores: A cultura afrobrasileira e a sala de aula. - atlasgeoculturalafricaatual.com\" \/>\n<meta property=\"og:description\" content=\"LIVE &#8211; Africanidades e Escola P\u00fablica Descri\u00e7\u00e3o 12 set &#8211; 2022 \u2022 20:00 &gt; 21:00 Evento Online&nbsp;via&nbsp;Youtube Considerado o ber\u00e7o da humanidade, o continente africano possui&nbsp;uma das maiores diversidades culturais [&hellip;]\" \/>\n<meta property=\"og:url\" content=\"https:\/\/atlasgeoculturalafricaatual.com\/index.php\/2022\/09\/11\/entrevista-com-tres-autores-a-cultura-afrobrasileira-e-a-sala-de-aula\/\" \/>\n<meta property=\"og:site_name\" content=\"atlasgeoculturalafricaatual.com\" \/>\n<meta property=\"article:published_time\" content=\"2022-09-11T13:11:01+00:00\" \/>\n<meta name=\"author\" content=\"atlasgeoculturalafricaatual.com\" \/>\n<meta name=\"twitter:card\" content=\"summary_large_image\" \/>\n<meta name=\"twitter:label1\" content=\"Escrito por\" \/>\n\t<meta name=\"twitter:data1\" content=\"atlasgeoculturalafricaatual.com\" \/>\n\t<meta name=\"twitter:label2\" content=\"Est. tempo de leitura\" \/>\n\t<meta name=\"twitter:data2\" content=\"3 minutos\" \/>\n<script type=\"application\/ld+json\" class=\"yoast-schema-graph\">{\"@context\":\"https:\/\/schema.org\",\"@graph\":[{\"@type\":\"Article\",\"@id\":\"https:\/\/atlasgeoculturalafricaatual.com\/index.php\/2022\/09\/11\/entrevista-com-tres-autores-a-cultura-afrobrasileira-e-a-sala-de-aula\/#article\",\"isPartOf\":{\"@id\":\"https:\/\/atlasgeoculturalafricaatual.com\/index.php\/2022\/09\/11\/entrevista-com-tres-autores-a-cultura-afrobrasileira-e-a-sala-de-aula\/\"},\"author\":{\"name\":\"atlasgeoculturalafricaatual.com\",\"@id\":\"https:\/\/atlasgeoculturalafricaatual.com\/#\/schema\/person\/eeee269288097965a8c6f963043e4062\"},\"headline\":\"Entrevista com tr\u00eas autores: A cultura afrobrasileira e a sala de aula.\",\"datePublished\":\"2022-09-11T13:11:01+00:00\",\"dateModified\":\"2022-09-11T13:11:01+00:00\",\"mainEntityOfPage\":{\"@id\":\"https:\/\/atlasgeoculturalafricaatual.com\/index.php\/2022\/09\/11\/entrevista-com-tres-autores-a-cultura-afrobrasileira-e-a-sala-de-aula\/\"},\"wordCount\":550,\"commentCount\":0,\"publisher\":{\"@id\":\"https:\/\/atlasgeoculturalafricaatual.com\/#organization\"},\"articleSection\":[\"A Africa\",\"TV \u00c1frica Atual\"],\"inLanguage\":\"pt-BR\",\"potentialAction\":[{\"@type\":\"CommentAction\",\"name\":\"Comment\",\"target\":[\"https:\/\/atlasgeoculturalafricaatual.com\/index.php\/2022\/09\/11\/entrevista-com-tres-autores-a-cultura-afrobrasileira-e-a-sala-de-aula\/#respond\"]}]},{\"@type\":\"WebPage\",\"@id\":\"https:\/\/atlasgeoculturalafricaatual.com\/index.php\/2022\/09\/11\/entrevista-com-tres-autores-a-cultura-afrobrasileira-e-a-sala-de-aula\/\",\"url\":\"https:\/\/atlasgeoculturalafricaatual.com\/index.php\/2022\/09\/11\/entrevista-com-tres-autores-a-cultura-afrobrasileira-e-a-sala-de-aula\/\",\"name\":\"Entrevista com tr\u00eas autores: A cultura afrobrasileira e a sala de aula. - atlasgeoculturalafricaatual.com\",\"isPartOf\":{\"@id\":\"https:\/\/atlasgeoculturalafricaatual.com\/#website\"},\"datePublished\":\"2022-09-11T13:11:01+00:00\",\"dateModified\":\"2022-09-11T13:11:01+00:00\",\"breadcrumb\":{\"@id\":\"https:\/\/atlasgeoculturalafricaatual.com\/index.php\/2022\/09\/11\/entrevista-com-tres-autores-a-cultura-afrobrasileira-e-a-sala-de-aula\/#breadcrumb\"},\"inLanguage\":\"pt-BR\",\"potentialAction\":[{\"@type\":\"ReadAction\",\"target\":[\"https:\/\/atlasgeoculturalafricaatual.com\/index.php\/2022\/09\/11\/entrevista-com-tres-autores-a-cultura-afrobrasileira-e-a-sala-de-aula\/\"]}]},{\"@type\":\"BreadcrumbList\",\"@id\":\"https:\/\/atlasgeoculturalafricaatual.com\/index.php\/2022\/09\/11\/entrevista-com-tres-autores-a-cultura-afrobrasileira-e-a-sala-de-aula\/#breadcrumb\",\"itemListElement\":[{\"@type\":\"ListItem\",\"position\":1,\"name\":\"In\u00edcio\",\"item\":\"https:\/\/atlasgeoculturalafricaatual.com\/\"},{\"@type\":\"ListItem\",\"position\":2,\"name\":\"Entrevista com tr\u00eas autores: A cultura afrobrasileira e a sala de aula.\"}]},{\"@type\":\"WebSite\",\"@id\":\"https:\/\/atlasgeoculturalafricaatual.com\/#website\",\"url\":\"https:\/\/atlasgeoculturalafricaatual.com\/\",\"name\":\"atlasgeoculturalafricaatual.com\",\"description\":\"O Atlas Geocultural da \u00c1frica \u00e9 um rico material de leitura e pesquisa, que visa apresentar de forma atual os pa\u00edses africanos, ainda t\u00e3o pouco conhecidos.\",\"publisher\":{\"@id\":\"https:\/\/atlasgeoculturalafricaatual.com\/#organization\"},\"potentialAction\":[{\"@type\":\"SearchAction\",\"target\":{\"@type\":\"EntryPoint\",\"urlTemplate\":\"https:\/\/atlasgeoculturalafricaatual.com\/?s={search_term_string}\"},\"query-input\":\"required name=search_term_string\"}],\"inLanguage\":\"pt-BR\"},{\"@type\":\"Organization\",\"@id\":\"https:\/\/atlasgeoculturalafricaatual.com\/#organization\",\"name\":\"atlasgeoculturalafricaatual.com\",\"url\":\"https:\/\/atlasgeoculturalafricaatual.com\/\",\"logo\":{\"@type\":\"ImageObject\",\"inLanguage\":\"pt-BR\",\"@id\":\"https:\/\/atlasgeoculturalafricaatual.com\/#\/schema\/logo\/image\/\",\"url\":\"http:\/\/atlasgeoculturalafricaatual.com\/wp-content\/uploads\/2023\/06\/LOGOEIROS_Prancheta-1-tipo-preto.png\",\"contentUrl\":\"http:\/\/atlasgeoculturalafricaatual.com\/wp-content\/uploads\/2023\/06\/LOGOEIROS_Prancheta-1-tipo-preto.png\",\"width\":1667,\"height\":730,\"caption\":\"atlasgeoculturalafricaatual.com\"},\"image\":{\"@id\":\"https:\/\/atlasgeoculturalafricaatual.com\/#\/schema\/logo\/image\/\"}},{\"@type\":\"Person\",\"@id\":\"https:\/\/atlasgeoculturalafricaatual.com\/#\/schema\/person\/eeee269288097965a8c6f963043e4062\",\"name\":\"atlasgeoculturalafricaatual.com\",\"image\":{\"@type\":\"ImageObject\",\"inLanguage\":\"pt-BR\",\"@id\":\"https:\/\/atlasgeoculturalafricaatual.com\/#\/schema\/person\/image\/\",\"url\":\"https:\/\/secure.gravatar.com\/avatar\/7af55f21031d350b316a54060d50821f?s=96&d=mm&r=g\",\"contentUrl\":\"https:\/\/secure.gravatar.com\/avatar\/7af55f21031d350b316a54060d50821f?s=96&d=mm&r=g\",\"caption\":\"atlasgeoculturalafricaatual.com\"},\"sameAs\":[\"http:\/\/atlasgeoculturalafricaatual.com\"],\"url\":\"https:\/\/atlasgeoculturalafricaatual.com\/index.php\/author\/atlasgeoculturalafricaatual-com\/\"}]}<\/script>\n<!-- \/ Yoast SEO plugin. -->","yoast_head_json":{"title":"Entrevista com tr\u00eas autores: A cultura afrobrasileira e a sala de aula. - atlasgeoculturalafricaatual.com","robots":{"index":"index","follow":"follow","max-snippet":"max-snippet:-1","max-image-preview":"max-image-preview:large","max-video-preview":"max-video-preview:-1"},"canonical":"https:\/\/atlasgeoculturalafricaatual.com\/index.php\/2022\/09\/11\/entrevista-com-tres-autores-a-cultura-afrobrasileira-e-a-sala-de-aula\/","og_locale":"pt_BR","og_type":"article","og_title":"Entrevista com tr\u00eas autores: A cultura afrobrasileira e a sala de aula. - atlasgeoculturalafricaatual.com","og_description":"LIVE &#8211; Africanidades e Escola P\u00fablica Descri\u00e7\u00e3o 12 set &#8211; 2022 \u2022 20:00 &gt; 21:00 Evento Online&nbsp;via&nbsp;Youtube Considerado o ber\u00e7o da humanidade, o continente africano possui&nbsp;uma das maiores diversidades culturais [&hellip;]","og_url":"https:\/\/atlasgeoculturalafricaatual.com\/index.php\/2022\/09\/11\/entrevista-com-tres-autores-a-cultura-afrobrasileira-e-a-sala-de-aula\/","og_site_name":"atlasgeoculturalafricaatual.com","article_published_time":"2022-09-11T13:11:01+00:00","author":"atlasgeoculturalafricaatual.com","twitter_card":"summary_large_image","twitter_misc":{"Escrito por":"atlasgeoculturalafricaatual.com","Est. tempo de leitura":"3 minutos"},"schema":{"@context":"https:\/\/schema.org","@graph":[{"@type":"Article","@id":"https:\/\/atlasgeoculturalafricaatual.com\/index.php\/2022\/09\/11\/entrevista-com-tres-autores-a-cultura-afrobrasileira-e-a-sala-de-aula\/#article","isPartOf":{"@id":"https:\/\/atlasgeoculturalafricaatual.com\/index.php\/2022\/09\/11\/entrevista-com-tres-autores-a-cultura-afrobrasileira-e-a-sala-de-aula\/"},"author":{"name":"atlasgeoculturalafricaatual.com","@id":"https:\/\/atlasgeoculturalafricaatual.com\/#\/schema\/person\/eeee269288097965a8c6f963043e4062"},"headline":"Entrevista com tr\u00eas autores: A cultura afrobrasileira e a sala de aula.","datePublished":"2022-09-11T13:11:01+00:00","dateModified":"2022-09-11T13:11:01+00:00","mainEntityOfPage":{"@id":"https:\/\/atlasgeoculturalafricaatual.com\/index.php\/2022\/09\/11\/entrevista-com-tres-autores-a-cultura-afrobrasileira-e-a-sala-de-aula\/"},"wordCount":550,"commentCount":0,"publisher":{"@id":"https:\/\/atlasgeoculturalafricaatual.com\/#organization"},"articleSection":["A Africa","TV \u00c1frica Atual"],"inLanguage":"pt-BR","potentialAction":[{"@type":"CommentAction","name":"Comment","target":["https:\/\/atlasgeoculturalafricaatual.com\/index.php\/2022\/09\/11\/entrevista-com-tres-autores-a-cultura-afrobrasileira-e-a-sala-de-aula\/#respond"]}]},{"@type":"WebPage","@id":"https:\/\/atlasgeoculturalafricaatual.com\/index.php\/2022\/09\/11\/entrevista-com-tres-autores-a-cultura-afrobrasileira-e-a-sala-de-aula\/","url":"https:\/\/atlasgeoculturalafricaatual.com\/index.php\/2022\/09\/11\/entrevista-com-tres-autores-a-cultura-afrobrasileira-e-a-sala-de-aula\/","name":"Entrevista com tr\u00eas autores: A cultura afrobrasileira e a sala de aula. - atlasgeoculturalafricaatual.com","isPartOf":{"@id":"https:\/\/atlasgeoculturalafricaatual.com\/#website"},"datePublished":"2022-09-11T13:11:01+00:00","dateModified":"2022-09-11T13:11:01+00:00","breadcrumb":{"@id":"https:\/\/atlasgeoculturalafricaatual.com\/index.php\/2022\/09\/11\/entrevista-com-tres-autores-a-cultura-afrobrasileira-e-a-sala-de-aula\/#breadcrumb"},"inLanguage":"pt-BR","potentialAction":[{"@type":"ReadAction","target":["https:\/\/atlasgeoculturalafricaatual.com\/index.php\/2022\/09\/11\/entrevista-com-tres-autores-a-cultura-afrobrasileira-e-a-sala-de-aula\/"]}]},{"@type":"BreadcrumbList","@id":"https:\/\/atlasgeoculturalafricaatual.com\/index.php\/2022\/09\/11\/entrevista-com-tres-autores-a-cultura-afrobrasileira-e-a-sala-de-aula\/#breadcrumb","itemListElement":[{"@type":"ListItem","position":1,"name":"In\u00edcio","item":"https:\/\/atlasgeoculturalafricaatual.com\/"},{"@type":"ListItem","position":2,"name":"Entrevista com tr\u00eas autores: A cultura afrobrasileira e a sala de aula."}]},{"@type":"WebSite","@id":"https:\/\/atlasgeoculturalafricaatual.com\/#website","url":"https:\/\/atlasgeoculturalafricaatual.com\/","name":"atlasgeoculturalafricaatual.com","description":"O Atlas Geocultural da \u00c1frica \u00e9 um rico material de leitura e pesquisa, que visa apresentar de forma atual os pa\u00edses africanos, ainda t\u00e3o pouco conhecidos.","publisher":{"@id":"https:\/\/atlasgeoculturalafricaatual.com\/#organization"},"potentialAction":[{"@type":"SearchAction","target":{"@type":"EntryPoint","urlTemplate":"https:\/\/atlasgeoculturalafricaatual.com\/?s={search_term_string}"},"query-input":"required name=search_term_string"}],"inLanguage":"pt-BR"},{"@type":"Organization","@id":"https:\/\/atlasgeoculturalafricaatual.com\/#organization","name":"atlasgeoculturalafricaatual.com","url":"https:\/\/atlasgeoculturalafricaatual.com\/","logo":{"@type":"ImageObject","inLanguage":"pt-BR","@id":"https:\/\/atlasgeoculturalafricaatual.com\/#\/schema\/logo\/image\/","url":"http:\/\/atlasgeoculturalafricaatual.com\/wp-content\/uploads\/2023\/06\/LOGOEIROS_Prancheta-1-tipo-preto.png","contentUrl":"http:\/\/atlasgeoculturalafricaatual.com\/wp-content\/uploads\/2023\/06\/LOGOEIROS_Prancheta-1-tipo-preto.png","width":1667,"height":730,"caption":"atlasgeoculturalafricaatual.com"},"image":{"@id":"https:\/\/atlasgeoculturalafricaatual.com\/#\/schema\/logo\/image\/"}},{"@type":"Person","@id":"https:\/\/atlasgeoculturalafricaatual.com\/#\/schema\/person\/eeee269288097965a8c6f963043e4062","name":"atlasgeoculturalafricaatual.com","image":{"@type":"ImageObject","inLanguage":"pt-BR","@id":"https:\/\/atlasgeoculturalafricaatual.com\/#\/schema\/person\/image\/","url":"https:\/\/secure.gravatar.com\/avatar\/7af55f21031d350b316a54060d50821f?s=96&d=mm&r=g","contentUrl":"https:\/\/secure.gravatar.com\/avatar\/7af55f21031d350b316a54060d50821f?s=96&d=mm&r=g","caption":"atlasgeoculturalafricaatual.com"},"sameAs":["http:\/\/atlasgeoculturalafricaatual.com"],"url":"https:\/\/atlasgeoculturalafricaatual.com\/index.php\/author\/atlasgeoculturalafricaatual-com\/"}]}},"_links":{"self":[{"href":"https:\/\/atlasgeoculturalafricaatual.com\/index.php\/wp-json\/wp\/v2\/posts\/6356","targetHints":{"allow":["GET"]}}],"collection":[{"href":"https:\/\/atlasgeoculturalafricaatual.com\/index.php\/wp-json\/wp\/v2\/posts"}],"about":[{"href":"https:\/\/atlasgeoculturalafricaatual.com\/index.php\/wp-json\/wp\/v2\/types\/post"}],"author":[{"embeddable":true,"href":"https:\/\/atlasgeoculturalafricaatual.com\/index.php\/wp-json\/wp\/v2\/users\/1"}],"replies":[{"embeddable":true,"href":"https:\/\/atlasgeoculturalafricaatual.com\/index.php\/wp-json\/wp\/v2\/comments?post=6356"}],"version-history":[{"count":0,"href":"https:\/\/atlasgeoculturalafricaatual.com\/index.php\/wp-json\/wp\/v2\/posts\/6356\/revisions"}],"wp:featuredmedia":[{"embeddable":true,"href":"https:\/\/atlasgeoculturalafricaatual.com\/index.php\/wp-json\/"}],"wp:attachment":[{"href":"https:\/\/atlasgeoculturalafricaatual.com\/index.php\/wp-json\/wp\/v2\/media?parent=6356"}],"wp:term":[{"taxonomy":"category","embeddable":true,"href":"https:\/\/atlasgeoculturalafricaatual.com\/index.php\/wp-json\/wp\/v2\/categories?post=6356"},{"taxonomy":"post_tag","embeddable":true,"href":"https:\/\/atlasgeoculturalafricaatual.com\/index.php\/wp-json\/wp\/v2\/tags?post=6356"},{"taxonomy":"palavra-chave","embeddable":true,"href":"https:\/\/atlasgeoculturalafricaatual.com\/index.php\/wp-json\/wp\/v2\/palavra-chave?post=6356"}],"curies":[{"name":"wp","href":"https:\/\/api.w.org\/{rel}","templated":true}]}}