{"id":6047,"date":"2022-07-26T12:57:07","date_gmt":"2022-07-26T15:57:07","guid":{"rendered":"https:\/\/atlasgeoculturalafricaatual.com\/index.php\/2022\/07\/26\/acoes-formativas-araraquara\/"},"modified":"2022-07-26T12:57:07","modified_gmt":"2022-07-26T15:57:07","slug":"acoes-formativas-araraquara","status":"publish","type":"post","link":"https:\/\/atlasgeoculturalafricaatual.com\/index.php\/2022\/07\/26\/acoes-formativas-araraquara\/","title":{"rendered":"A Secretaria Municipal de Araraquara (SP), realizar\u00e1 a\u00e7\u00f5es formativas"},"content":{"rendered":"\t\t<div data-elementor-type=\"wp-post\" data-elementor-id=\"6047\" class=\"elementor elementor-6047\">\n\t\t\t\t\t\t\t<div class=\"elementor-element elementor-element-f4d4873 e-flex e-con-boxed e-con\" data-id=\"f4d4873\" data-element_type=\"container\" data-settings=\"{&quot;content_width&quot;:&quot;boxed&quot;}\">\n\t\t\t\t\t<div class=\"e-con-inner\">\n\t\t\t\t<div class=\"elementor-element elementor-element-a304723 elementor-widget elementor-widget-text-editor\" data-id=\"a304723\" data-element_type=\"widget\" data-widget_type=\"text-editor.default\">\n\t\t\t\t<div class=\"elementor-widget-container\">\n\t\t\t<style>\/*! elementor - v3.15.0 - 02-08-2023 *\/\n.elementor-widget-text-editor.elementor-drop-cap-view-stacked .elementor-drop-cap{background-color:#69727d;color:#fff}.elementor-widget-text-editor.elementor-drop-cap-view-framed .elementor-drop-cap{color:#69727d;border:3px solid;background-color:transparent}.elementor-widget-text-editor:not(.elementor-drop-cap-view-default) .elementor-drop-cap{margin-top:8px}.elementor-widget-text-editor:not(.elementor-drop-cap-view-default) .elementor-drop-cap-letter{width:1em;height:1em}.elementor-widget-text-editor .elementor-drop-cap{float:left;text-align:center;line-height:1;font-size:50px}.elementor-widget-text-editor .elementor-drop-cap-letter{display:inline-block}<\/style>\t\t\t\t<p>A Secretaria Municipal da Educa\u00e7\u00e3o de Araraquara, Estado de S\u00e3o Paulo, <a href=\"httpsss:\/\/africaatual.com.br\/wp-content\/uploads\/2022\/07\/Atos-Oficiais-7-de-julho-2022-Acoes-Formativas-Julho-2022.pdf\">comunicou em of\u00edcio no dia 05\/07<\/a> a oferta de a\u00e7\u00f5es formativas destinadas \u00e0s\/aos Professoras\/es, Educadoras\/es e Equipes Gestoras das Unidades Educacionais Municipais e acontecer\u00e3o no per\u00edodo de 25 a 29 de julho de 2022.<\/p><p><span style=\"text-align: var(--text-align); background-color: var(--ast-global-color-5);\">Entre os objetivos do programa constam a contribui\u00e7\u00e3o para a constru\u00e7\u00e3o coletiva de caminhos que levem a uma educa\u00e7\u00e3o\u00a0<\/span><span style=\"font-style: inherit; font-weight: inherit; color: var( --e-global-color-text ); font-family: var( --e-global-typography-text-font-family ), Sans-serif; text-align: var(--text-align); letter-spacing: 0.2px; background-color: var(--ast-global-color-5);\">p\u00fablica, democr\u00e1tica, inclusiva e de qualidade socialmente referenciada,\u00a0o\u00a0<\/span><span style=\"font-style: inherit; font-weight: inherit; color: var( --e-global-color-text ); font-family: var( --e-global-typography-text-font-family ), Sans-serif; text-align: var(--text-align); letter-spacing: 0.2px; background-color: var(--ast-global-color-5);\">est\u00edmulo dos processos criativos nas pr\u00e1ticas pedag\u00f3gicas e o\u00a0<\/span><span style=\"font-style: inherit; font-weight: inherit; color: var( --e-global-color-text ); font-family: var( --e-global-typography-text-font-family ), Sans-serif; text-align: var(--text-align); letter-spacing: 0.2px; background-color: var(--ast-global-color-5);\">fortalecimento das pr\u00e1ticas e abordagens educacionais acerca do ensino de Hist\u00f3ria e\u00a0<\/span><span style=\"font-style: inherit; font-weight: inherit; color: var( --e-global-color-text ); font-family: var( --e-global-typography-text-font-family ), Sans-serif; text-align: var(--text-align); letter-spacing: 0.2px; background-color: var(--ast-global-color-5);\">Cultura Ind\u00edgena (Lei 11.654\/2008).<\/span><\/p><p>Haver\u00e1 uma atividade presencial para as\/os Agentes Educacionais e\u00a0<span style=\"font-style: inherit; font-weight: inherit; color: var( --e-global-color-text ); font-family: var( --e-global-typography-text-font-family ), Sans-serif; text-align: var(--text-align); letter-spacing: 0.2px; background-color: var(--ast-global-color-5);\">Escolares das unidades de Educa\u00e7\u00e3o Integral. Ela ocorrer\u00e1 no CE Piaquara Prof\u00aa \u201cLet\u00edcia Vitta\u00a0<\/span><span style=\"font-style: inherit; font-weight: inherit; color: var( --e-global-color-text ); font-family: var( --e-global-typography-text-font-family ), Sans-serif; text-align: var(--text-align); letter-spacing: 0.2px; background-color: var(--ast-global-color-5);\">Filpi\u201d, localizada na Rua Bahia, 872, Vila Santa Maria (Vila Xavier), nos dias 25 e 26\/07, no\u00a0<\/span><span style=\"font-style: inherit; font-weight: inherit; color: var( --e-global-color-text ); font-family: var( --e-global-typography-text-font-family ), Sans-serif; text-align: var(--text-align); letter-spacing: 0.2px; background-color: var(--ast-global-color-5);\">per\u00edodo da manh\u00e3: das 7:30h \u00e0s 11:00h. <\/span><\/p><p>\u00c9 recomend\u00e1vel e adequado que todas\/os compare\u00e7am\u00a0<span style=\"font-style: inherit; font-weight: inherit; color: var( --e-global-color-text ); font-family: var( --e-global-typography-text-font-family ), Sans-serif; text-align: var(--text-align); letter-spacing: 0.2px; background-color: var(--ast-global-color-5);\">com roupas confort\u00e1veis e t\u00eanis para participar da atividade. Nesses dias, as\/os Agentes<\/span><\/p><p>Educacionais e Escolares dever\u00e3o participar das outras atividades \u2013 online \u2013 que ocorrer\u00e3o no\u00a0<span style=\"font-style: inherit; font-weight: inherit; color: var( --e-global-color-text ); font-family: var( --e-global-typography-text-font-family ), Sans-serif; text-align: var(--text-align); letter-spacing: 0.2px; background-color: var(--ast-global-color-5);\">per\u00edodo da tarde.<\/span><\/p><p>\u00a0<\/p>\t\t\t\t\t\t<\/div>\n\t\t\t\t<\/div>\n\t\t\t\t\t<\/div>\n\t\t\t\t<\/div>\n\t\t<div class=\"elementor-element elementor-element-864e013 e-flex e-con-boxed e-con\" data-id=\"864e013\" data-element_type=\"container\" data-settings=\"{&quot;content_width&quot;:&quot;boxed&quot;}\">\n\t\t\t\t\t<div class=\"e-con-inner\">\n\t\t\t\t\t<\/div>\n\t\t\t\t<\/div>\n\t\t<div class=\"elementor-element elementor-element-ca91c5f e-flex e-con-boxed e-con\" data-id=\"ca91c5f\" data-element_type=\"container\" data-settings=\"{&quot;content_width&quot;:&quot;boxed&quot;}\">\n\t\t\t\t\t<div class=\"e-con-inner\">\n\t\t\t\t<div class=\"elementor-element elementor-element-886c1ef elementor-widget elementor-widget-button\" data-id=\"886c1ef\" data-element_type=\"widget\" data-widget_type=\"button.default\">\n\t\t\t\t<div class=\"elementor-widget-container\">\n\t\t\t\t\t<div class=\"elementor-button-wrapper\">\n\t\t\t<a class=\"elementor-button elementor-button-link elementor-size-sm\" href=\"\">\n\t\t\t\t\t\t<span class=\"elementor-button-content-wrapper\">\n\t\t\t\t\t\t<span class=\"elementor-button-text\">Clique aqui e acesse o comunicado oficial<\/span>\n\t\t<\/span>\n\t\t\t\t\t<\/a>\n\t\t<\/div>\n\t\t\t\t<\/div>\n\t\t\t\t<\/div>\n\t\t\t\t\t<\/div>\n\t\t\t\t<\/div>\n\t\t<div class=\"elementor-element elementor-element-ad1f072 e-flex e-con-boxed e-con\" data-id=\"ad1f072\" data-element_type=\"container\" data-settings=\"{&quot;content_width&quot;:&quot;boxed&quot;}\">\n\t\t\t\t\t<div class=\"e-con-inner\">\n\t\t\t\t<div class=\"elementor-element elementor-element-ec21837 elementor-widget elementor-widget-text-editor\" data-id=\"ec21837\" data-element_type=\"widget\" data-widget_type=\"text-editor.default\">\n\t\t\t\t<div class=\"elementor-widget-container\">\n\t\t\t\t\t\t\t\t\t\t\t\t\t<\/div>\n\t\t\t\t<\/div>\n\t\t\t\t\t<\/div>\n\t\t\t\t<\/div>\n\t\t\t\t\t\t\t<\/div>\n\t\t","protected":false},"excerpt":{"rendered":"<p>A Secretaria Municipal da Educa\u00e7\u00e3o de Araraquara, Estado de S\u00e3o Paulo, comunicou em of\u00edcio no dia 05\/07 a oferta de a\u00e7\u00f5es formativas destinadas \u00e0s\/aos Professoras\/es, Educadoras\/es e Equipes Gestoras das [&hellip;]<\/p>\n","protected":false},"author":1,"featured_media":6048,"comment_status":"open","ping_status":"open","sticky":false,"template":"elementor_theme","format":"standard","meta":{"content-type":"","footnotes":""},"categories":[39],"tags":[],"palavra-chave":[],"class_list":["post-6047","post","type-post","status-publish","format-standard","has-post-thumbnail","hentry","category-cursos","entry","has-media"],"aioseo_notices":[],"yoast_head":"<!-- This site is optimized with the Yoast SEO plugin v20.13 - https:\/\/yoast.com\/wordpress\/plugins\/seo\/ -->\n<title>A Secretaria Municipal de Araraquara (SP), realizar\u00e1 a\u00e7\u00f5es formativas - atlasgeoculturalafricaatual.com<\/title>\n<meta name=\"description\" content=\"As atividades ser\u00e3o dirigidas \u00e0s\/aos Professoras\/es, Educadoras\/es e Equipes Gestoras das Unidades Educacionais Municipais e acontecer\u00e3o no per\u00edodo de 25 a 29 de julho de 2022\" \/>\n<meta name=\"robots\" content=\"index, follow, max-snippet:-1, max-image-preview:large, max-video-preview:-1\" \/>\n<link rel=\"canonical\" href=\"https:\/\/atlasgeoculturalafricaatual.com\/index.php\/2022\/07\/26\/acoes-formativas-araraquara\/\" \/>\n<meta property=\"og:locale\" content=\"pt_BR\" \/>\n<meta property=\"og:type\" content=\"article\" \/>\n<meta property=\"og:title\" content=\"A Secretaria Municipal de Araraquara (SP), realizar\u00e1 a\u00e7\u00f5es formativas - atlasgeoculturalafricaatual.com\" \/>\n<meta property=\"og:description\" content=\"As atividades ser\u00e3o dirigidas \u00e0s\/aos Professoras\/es, Educadoras\/es e Equipes Gestoras das Unidades Educacionais Municipais e acontecer\u00e3o no per\u00edodo de 25 a 29 de julho de 2022\" \/>\n<meta property=\"og:url\" content=\"https:\/\/atlasgeoculturalafricaatual.com\/index.php\/2022\/07\/26\/acoes-formativas-araraquara\/\" \/>\n<meta property=\"og:site_name\" content=\"atlasgeoculturalafricaatual.com\" \/>\n<meta property=\"article:published_time\" content=\"2022-07-26T15:57:07+00:00\" \/>\n<meta name=\"author\" content=\"atlasgeoculturalafricaatual.com\" \/>\n<meta name=\"twitter:card\" content=\"summary_large_image\" \/>\n<meta name=\"twitter:label1\" content=\"Escrito por\" \/>\n\t<meta name=\"twitter:data1\" content=\"atlasgeoculturalafricaatual.com\" \/>\n\t<meta name=\"twitter:label2\" content=\"Est. tempo de leitura\" \/>\n\t<meta name=\"twitter:data2\" content=\"2 minutos\" \/>\n<script type=\"application\/ld+json\" class=\"yoast-schema-graph\">{\"@context\":\"https:\/\/schema.org\",\"@graph\":[{\"@type\":\"Article\",\"@id\":\"https:\/\/atlasgeoculturalafricaatual.com\/index.php\/2022\/07\/26\/acoes-formativas-araraquara\/#article\",\"isPartOf\":{\"@id\":\"https:\/\/atlasgeoculturalafricaatual.com\/index.php\/2022\/07\/26\/acoes-formativas-araraquara\/\"},\"author\":{\"name\":\"atlasgeoculturalafricaatual.com\",\"@id\":\"https:\/\/atlasgeoculturalafricaatual.com\/#\/schema\/person\/eeee269288097965a8c6f963043e4062\"},\"headline\":\"A Secretaria Municipal de Araraquara (SP), realizar\u00e1 a\u00e7\u00f5es formativas\",\"datePublished\":\"2022-07-26T15:57:07+00:00\",\"dateModified\":\"2022-07-26T15:57:07+00:00\",\"mainEntityOfPage\":{\"@id\":\"https:\/\/atlasgeoculturalafricaatual.com\/index.php\/2022\/07\/26\/acoes-formativas-araraquara\/\"},\"wordCount\":221,\"commentCount\":0,\"publisher\":{\"@id\":\"https:\/\/atlasgeoculturalafricaatual.com\/#organization\"},\"articleSection\":[\"Cursos\"],\"inLanguage\":\"pt-BR\",\"potentialAction\":[{\"@type\":\"CommentAction\",\"name\":\"Comment\",\"target\":[\"https:\/\/atlasgeoculturalafricaatual.com\/index.php\/2022\/07\/26\/acoes-formativas-araraquara\/#respond\"]}]},{\"@type\":\"WebPage\",\"@id\":\"https:\/\/atlasgeoculturalafricaatual.com\/index.php\/2022\/07\/26\/acoes-formativas-araraquara\/\",\"url\":\"https:\/\/atlasgeoculturalafricaatual.com\/index.php\/2022\/07\/26\/acoes-formativas-araraquara\/\",\"name\":\"A Secretaria Municipal de Araraquara (SP), realizar\u00e1 a\u00e7\u00f5es formativas - atlasgeoculturalafricaatual.com\",\"isPartOf\":{\"@id\":\"https:\/\/atlasgeoculturalafricaatual.com\/#website\"},\"datePublished\":\"2022-07-26T15:57:07+00:00\",\"dateModified\":\"2022-07-26T15:57:07+00:00\",\"description\":\"As atividades ser\u00e3o dirigidas \u00e0s\/aos Professoras\/es, Educadoras\/es e Equipes Gestoras das Unidades Educacionais Municipais e acontecer\u00e3o no per\u00edodo de 25 a 29 de julho de 2022\",\"breadcrumb\":{\"@id\":\"https:\/\/atlasgeoculturalafricaatual.com\/index.php\/2022\/07\/26\/acoes-formativas-araraquara\/#breadcrumb\"},\"inLanguage\":\"pt-BR\",\"potentialAction\":[{\"@type\":\"ReadAction\",\"target\":[\"https:\/\/atlasgeoculturalafricaatual.com\/index.php\/2022\/07\/26\/acoes-formativas-araraquara\/\"]}]},{\"@type\":\"BreadcrumbList\",\"@id\":\"https:\/\/atlasgeoculturalafricaatual.com\/index.php\/2022\/07\/26\/acoes-formativas-araraquara\/#breadcrumb\",\"itemListElement\":[{\"@type\":\"ListItem\",\"position\":1,\"name\":\"In\u00edcio\",\"item\":\"https:\/\/atlasgeoculturalafricaatual.com\/\"},{\"@type\":\"ListItem\",\"position\":2,\"name\":\"A Secretaria Municipal de Araraquara (SP), realizar\u00e1 a\u00e7\u00f5es formativas\"}]},{\"@type\":\"WebSite\",\"@id\":\"https:\/\/atlasgeoculturalafricaatual.com\/#website\",\"url\":\"https:\/\/atlasgeoculturalafricaatual.com\/\",\"name\":\"atlasgeoculturalafricaatual.com\",\"description\":\"O Atlas Geocultural da \u00c1frica \u00e9 um rico material de leitura e pesquisa, que visa apresentar de forma atual os pa\u00edses africanos, ainda t\u00e3o pouco conhecidos.\",\"publisher\":{\"@id\":\"https:\/\/atlasgeoculturalafricaatual.com\/#organization\"},\"potentialAction\":[{\"@type\":\"SearchAction\",\"target\":{\"@type\":\"EntryPoint\",\"urlTemplate\":\"https:\/\/atlasgeoculturalafricaatual.com\/?s={search_term_string}\"},\"query-input\":\"required name=search_term_string\"}],\"inLanguage\":\"pt-BR\"},{\"@type\":\"Organization\",\"@id\":\"https:\/\/atlasgeoculturalafricaatual.com\/#organization\",\"name\":\"atlasgeoculturalafricaatual.com\",\"url\":\"https:\/\/atlasgeoculturalafricaatual.com\/\",\"logo\":{\"@type\":\"ImageObject\",\"inLanguage\":\"pt-BR\",\"@id\":\"https:\/\/atlasgeoculturalafricaatual.com\/#\/schema\/logo\/image\/\",\"url\":\"http:\/\/atlasgeoculturalafricaatual.com\/wp-content\/uploads\/2023\/06\/LOGOEIROS_Prancheta-1-tipo-preto.png\",\"contentUrl\":\"http:\/\/atlasgeoculturalafricaatual.com\/wp-content\/uploads\/2023\/06\/LOGOEIROS_Prancheta-1-tipo-preto.png\",\"width\":1667,\"height\":730,\"caption\":\"atlasgeoculturalafricaatual.com\"},\"image\":{\"@id\":\"https:\/\/atlasgeoculturalafricaatual.com\/#\/schema\/logo\/image\/\"}},{\"@type\":\"Person\",\"@id\":\"https:\/\/atlasgeoculturalafricaatual.com\/#\/schema\/person\/eeee269288097965a8c6f963043e4062\",\"name\":\"atlasgeoculturalafricaatual.com\",\"image\":{\"@type\":\"ImageObject\",\"inLanguage\":\"pt-BR\",\"@id\":\"https:\/\/atlasgeoculturalafricaatual.com\/#\/schema\/person\/image\/\",\"url\":\"https:\/\/secure.gravatar.com\/avatar\/7af55f21031d350b316a54060d50821f?s=96&d=mm&r=g\",\"contentUrl\":\"https:\/\/secure.gravatar.com\/avatar\/7af55f21031d350b316a54060d50821f?s=96&d=mm&r=g\",\"caption\":\"atlasgeoculturalafricaatual.com\"},\"sameAs\":[\"http:\/\/atlasgeoculturalafricaatual.com\"],\"url\":\"https:\/\/atlasgeoculturalafricaatual.com\/index.php\/author\/atlasgeoculturalafricaatual-com\/\"}]}<\/script>\n<!-- \/ Yoast SEO plugin. -->","yoast_head_json":{"title":"A Secretaria Municipal de Araraquara (SP), realizar\u00e1 a\u00e7\u00f5es formativas - atlasgeoculturalafricaatual.com","description":"As atividades ser\u00e3o dirigidas \u00e0s\/aos Professoras\/es, Educadoras\/es e Equipes Gestoras das Unidades Educacionais Municipais e acontecer\u00e3o no per\u00edodo de 25 a 29 de julho de 2022","robots":{"index":"index","follow":"follow","max-snippet":"max-snippet:-1","max-image-preview":"max-image-preview:large","max-video-preview":"max-video-preview:-1"},"canonical":"https:\/\/atlasgeoculturalafricaatual.com\/index.php\/2022\/07\/26\/acoes-formativas-araraquara\/","og_locale":"pt_BR","og_type":"article","og_title":"A Secretaria Municipal de Araraquara (SP), realizar\u00e1 a\u00e7\u00f5es formativas - atlasgeoculturalafricaatual.com","og_description":"As atividades ser\u00e3o dirigidas \u00e0s\/aos Professoras\/es, Educadoras\/es e Equipes Gestoras das Unidades Educacionais Municipais e acontecer\u00e3o no per\u00edodo de 25 a 29 de julho de 2022","og_url":"https:\/\/atlasgeoculturalafricaatual.com\/index.php\/2022\/07\/26\/acoes-formativas-araraquara\/","og_site_name":"atlasgeoculturalafricaatual.com","article_published_time":"2022-07-26T15:57:07+00:00","author":"atlasgeoculturalafricaatual.com","twitter_card":"summary_large_image","twitter_misc":{"Escrito por":"atlasgeoculturalafricaatual.com","Est. tempo de leitura":"2 minutos"},"schema":{"@context":"https:\/\/schema.org","@graph":[{"@type":"Article","@id":"https:\/\/atlasgeoculturalafricaatual.com\/index.php\/2022\/07\/26\/acoes-formativas-araraquara\/#article","isPartOf":{"@id":"https:\/\/atlasgeoculturalafricaatual.com\/index.php\/2022\/07\/26\/acoes-formativas-araraquara\/"},"author":{"name":"atlasgeoculturalafricaatual.com","@id":"https:\/\/atlasgeoculturalafricaatual.com\/#\/schema\/person\/eeee269288097965a8c6f963043e4062"},"headline":"A Secretaria Municipal de Araraquara (SP), realizar\u00e1 a\u00e7\u00f5es formativas","datePublished":"2022-07-26T15:57:07+00:00","dateModified":"2022-07-26T15:57:07+00:00","mainEntityOfPage":{"@id":"https:\/\/atlasgeoculturalafricaatual.com\/index.php\/2022\/07\/26\/acoes-formativas-araraquara\/"},"wordCount":221,"commentCount":0,"publisher":{"@id":"https:\/\/atlasgeoculturalafricaatual.com\/#organization"},"articleSection":["Cursos"],"inLanguage":"pt-BR","potentialAction":[{"@type":"CommentAction","name":"Comment","target":["https:\/\/atlasgeoculturalafricaatual.com\/index.php\/2022\/07\/26\/acoes-formativas-araraquara\/#respond"]}]},{"@type":"WebPage","@id":"https:\/\/atlasgeoculturalafricaatual.com\/index.php\/2022\/07\/26\/acoes-formativas-araraquara\/","url":"https:\/\/atlasgeoculturalafricaatual.com\/index.php\/2022\/07\/26\/acoes-formativas-araraquara\/","name":"A Secretaria Municipal de Araraquara (SP), realizar\u00e1 a\u00e7\u00f5es formativas - atlasgeoculturalafricaatual.com","isPartOf":{"@id":"https:\/\/atlasgeoculturalafricaatual.com\/#website"},"datePublished":"2022-07-26T15:57:07+00:00","dateModified":"2022-07-26T15:57:07+00:00","description":"As atividades ser\u00e3o dirigidas \u00e0s\/aos Professoras\/es, Educadoras\/es e Equipes Gestoras das Unidades Educacionais Municipais e acontecer\u00e3o no per\u00edodo de 25 a 29 de julho de 2022","breadcrumb":{"@id":"https:\/\/atlasgeoculturalafricaatual.com\/index.php\/2022\/07\/26\/acoes-formativas-araraquara\/#breadcrumb"},"inLanguage":"pt-BR","potentialAction":[{"@type":"ReadAction","target":["https:\/\/atlasgeoculturalafricaatual.com\/index.php\/2022\/07\/26\/acoes-formativas-araraquara\/"]}]},{"@type":"BreadcrumbList","@id":"https:\/\/atlasgeoculturalafricaatual.com\/index.php\/2022\/07\/26\/acoes-formativas-araraquara\/#breadcrumb","itemListElement":[{"@type":"ListItem","position":1,"name":"In\u00edcio","item":"https:\/\/atlasgeoculturalafricaatual.com\/"},{"@type":"ListItem","position":2,"name":"A Secretaria Municipal de Araraquara (SP), realizar\u00e1 a\u00e7\u00f5es formativas"}]},{"@type":"WebSite","@id":"https:\/\/atlasgeoculturalafricaatual.com\/#website","url":"https:\/\/atlasgeoculturalafricaatual.com\/","name":"atlasgeoculturalafricaatual.com","description":"O Atlas Geocultural da \u00c1frica \u00e9 um rico material de leitura e pesquisa, que visa apresentar de forma atual os pa\u00edses africanos, ainda t\u00e3o pouco conhecidos.","publisher":{"@id":"https:\/\/atlasgeoculturalafricaatual.com\/#organization"},"potentialAction":[{"@type":"SearchAction","target":{"@type":"EntryPoint","urlTemplate":"https:\/\/atlasgeoculturalafricaatual.com\/?s={search_term_string}"},"query-input":"required name=search_term_string"}],"inLanguage":"pt-BR"},{"@type":"Organization","@id":"https:\/\/atlasgeoculturalafricaatual.com\/#organization","name":"atlasgeoculturalafricaatual.com","url":"https:\/\/atlasgeoculturalafricaatual.com\/","logo":{"@type":"ImageObject","inLanguage":"pt-BR","@id":"https:\/\/atlasgeoculturalafricaatual.com\/#\/schema\/logo\/image\/","url":"http:\/\/atlasgeoculturalafricaatual.com\/wp-content\/uploads\/2023\/06\/LOGOEIROS_Prancheta-1-tipo-preto.png","contentUrl":"http:\/\/atlasgeoculturalafricaatual.com\/wp-content\/uploads\/2023\/06\/LOGOEIROS_Prancheta-1-tipo-preto.png","width":1667,"height":730,"caption":"atlasgeoculturalafricaatual.com"},"image":{"@id":"https:\/\/atlasgeoculturalafricaatual.com\/#\/schema\/logo\/image\/"}},{"@type":"Person","@id":"https:\/\/atlasgeoculturalafricaatual.com\/#\/schema\/person\/eeee269288097965a8c6f963043e4062","name":"atlasgeoculturalafricaatual.com","image":{"@type":"ImageObject","inLanguage":"pt-BR","@id":"https:\/\/atlasgeoculturalafricaatual.com\/#\/schema\/person\/image\/","url":"https:\/\/secure.gravatar.com\/avatar\/7af55f21031d350b316a54060d50821f?s=96&d=mm&r=g","contentUrl":"https:\/\/secure.gravatar.com\/avatar\/7af55f21031d350b316a54060d50821f?s=96&d=mm&r=g","caption":"atlasgeoculturalafricaatual.com"},"sameAs":["http:\/\/atlasgeoculturalafricaatual.com"],"url":"https:\/\/atlasgeoculturalafricaatual.com\/index.php\/author\/atlasgeoculturalafricaatual-com\/"}]}},"_links":{"self":[{"href":"https:\/\/atlasgeoculturalafricaatual.com\/index.php\/wp-json\/wp\/v2\/posts\/6047","targetHints":{"allow":["GET"]}}],"collection":[{"href":"https:\/\/atlasgeoculturalafricaatual.com\/index.php\/wp-json\/wp\/v2\/posts"}],"about":[{"href":"https:\/\/atlasgeoculturalafricaatual.com\/index.php\/wp-json\/wp\/v2\/types\/post"}],"author":[{"embeddable":true,"href":"https:\/\/atlasgeoculturalafricaatual.com\/index.php\/wp-json\/wp\/v2\/users\/1"}],"replies":[{"embeddable":true,"href":"https:\/\/atlasgeoculturalafricaatual.com\/index.php\/wp-json\/wp\/v2\/comments?post=6047"}],"version-history":[{"count":0,"href":"https:\/\/atlasgeoculturalafricaatual.com\/index.php\/wp-json\/wp\/v2\/posts\/6047\/revisions"}],"wp:featuredmedia":[{"embeddable":true,"href":"https:\/\/atlasgeoculturalafricaatual.com\/index.php\/wp-json\/"}],"wp:attachment":[{"href":"https:\/\/atlasgeoculturalafricaatual.com\/index.php\/wp-json\/wp\/v2\/media?parent=6047"}],"wp:term":[{"taxonomy":"category","embeddable":true,"href":"https:\/\/atlasgeoculturalafricaatual.com\/index.php\/wp-json\/wp\/v2\/categories?post=6047"},{"taxonomy":"post_tag","embeddable":true,"href":"https:\/\/atlasgeoculturalafricaatual.com\/index.php\/wp-json\/wp\/v2\/tags?post=6047"},{"taxonomy":"palavra-chave","embeddable":true,"href":"https:\/\/atlasgeoculturalafricaatual.com\/index.php\/wp-json\/wp\/v2\/palavra-chave?post=6047"}],"curies":[{"name":"wp","href":"https:\/\/api.w.org\/{rel}","templated":true}]}}