{"id":5952,"date":"2022-07-11T22:45:32","date_gmt":"2022-07-12T01:45:32","guid":{"rendered":"https:\/\/atlasgeoculturalafricaatual.com\/index.php\/2022\/07\/11\/uma-pagina-impar-da-patria-angolana-reacoes-internacionais-a-morte-de-jose-eduardo-dos-santos\/"},"modified":"2022-07-11T22:45:32","modified_gmt":"2022-07-12T01:45:32","slug":"uma-pagina-impar-da-patria-angolana-reacoes-internacionais-a-morte-de-jose-eduardo-dos-santos","status":"publish","type":"post","link":"https:\/\/atlasgeoculturalafricaatual.com\/index.php\/2022\/07\/11\/uma-pagina-impar-da-patria-angolana-reacoes-internacionais-a-morte-de-jose-eduardo-dos-santos\/","title":{"rendered":"Uma p\u00e1gina \u00edmpar da P\u00e1tria angolana&#8221;: rea\u00e7\u00f5es internacionais \u00e0 morte de Jos\u00e9 Eduardo dos Santos"},"content":{"rendered":"\t\t<div data-elementor-type=\"wp-post\" data-elementor-id=\"5952\" class=\"elementor elementor-5952\">\n\t\t\t\t\t\t\t<div class=\"elementor-element elementor-element-eaaa7f4 e-flex e-con-boxed e-con\" data-id=\"eaaa7f4\" data-element_type=\"container\" data-settings=\"{&quot;content_width&quot;:&quot;boxed&quot;}\">\n\t\t\t\t\t<div class=\"e-con-inner\">\n\t\t\t\t<div class=\"elementor-element elementor-element-49e667b elementor-widget elementor-widget-text-editor\" data-id=\"49e667b\" data-element_type=\"widget\" data-widget_type=\"text-editor.default\">\n\t\t\t\t<div class=\"elementor-widget-container\">\n\t\t\t<style>\/*! elementor - v3.15.0 - 02-08-2023 *\/\n.elementor-widget-text-editor.elementor-drop-cap-view-stacked .elementor-drop-cap{background-color:#69727d;color:#fff}.elementor-widget-text-editor.elementor-drop-cap-view-framed .elementor-drop-cap{color:#69727d;border:3px solid;background-color:transparent}.elementor-widget-text-editor:not(.elementor-drop-cap-view-default) .elementor-drop-cap{margin-top:8px}.elementor-widget-text-editor:not(.elementor-drop-cap-view-default) .elementor-drop-cap-letter{width:1em;height:1em}.elementor-widget-text-editor .elementor-drop-cap{float:left;text-align:center;line-height:1;font-size:50px}.elementor-widget-text-editor .elementor-drop-cap-letter{display:inline-block}<\/style>\t\t\t\t<p><a href=\"httpsss:\/\/expresso.pt\/internacional\/2022-07-08-Uma-pagina-impar-da-Patria-angolana-reacoes-internacionais-a-morte-de-Jose-Eduardo-dos-Santos-03f91f36\">Via Expresso<\/a><\/p><p>O ex-Presidente de Angola morreu esta sexta-feira em Barcelona, na cl\u00ednica onde se encontrava em coma desde 23 de junho. Angola decretou cinco dias de luto nacional, nomeou uma comiss\u00e3o para organizar a cerim\u00f4nia f\u00fanebre e mandou cancelar espet\u00e1culos e manifesta\u00e7\u00f5es p\u00fablicas.<br \/><br \/>Leia a not\u00edcia na \u00edntegra em: <span style=\"text-decoration: underline;\"><a href=\"httpsss:\/\/expresso.pt\/internacional\/2022-07-08-Uma-pagina-impar-da-Patria-angolana-reacoes-internacionais-a-morte-de-Jose-Eduardo-dos-Santos-03f91f36\">Expresso<\/a><\/span><br \/><br \/><br \/><\/p><p>\u00a0<\/p>\t\t\t\t\t\t<\/div>\n\t\t\t\t<\/div>\n\t\t\t\t\t<\/div>\n\t\t\t\t<\/div>\n\t\t\t\t\t\t\t<\/div>\n\t\t","protected":false},"excerpt":{"rendered":"<p>Uma p\u00e1gina \u00edmpar da P\u00e1tria angolana&#8221;: rea\u00e7\u00f5es internacionais \u00e0 morte de Jos\u00e9 Eduardo dos Santos<\/p>\n","protected":false},"author":1,"featured_media":5953,"comment_status":"open","ping_status":"open","sticky":false,"template":"elementor_theme","format":"standard","meta":{"content-type":"","footnotes":""},"categories":[62],"tags":[],"palavra-chave":[],"class_list":["post-5952","post","type-post","status-publish","format-standard","has-post-thumbnail","hentry","category-news","entry","has-media"],"aioseo_notices":[],"yoast_head":"<!-- This site is optimized with the Yoast SEO plugin v20.13 - https:\/\/yoast.com\/wordpress\/plugins\/seo\/ -->\n<title>Uma p\u00e1gina \u00edmpar da P\u00e1tria angolana&quot;: rea\u00e7\u00f5es internacionais \u00e0 morte de Jos\u00e9 Eduardo dos Santos - atlasgeoculturalafricaatual.com<\/title>\n<meta name=\"robots\" content=\"index, follow, max-snippet:-1, max-image-preview:large, max-video-preview:-1\" \/>\n<link rel=\"canonical\" href=\"https:\/\/atlasgeoculturalafricaatual.com\/index.php\/2022\/07\/11\/uma-pagina-impar-da-patria-angolana-reacoes-internacionais-a-morte-de-jose-eduardo-dos-santos\/\" \/>\n<meta property=\"og:locale\" content=\"pt_BR\" \/>\n<meta property=\"og:type\" content=\"article\" \/>\n<meta property=\"og:title\" content=\"Uma p\u00e1gina \u00edmpar da P\u00e1tria angolana&quot;: rea\u00e7\u00f5es internacionais \u00e0 morte de Jos\u00e9 Eduardo dos Santos - atlasgeoculturalafricaatual.com\" \/>\n<meta property=\"og:description\" content=\"Uma p\u00e1gina \u00edmpar da P\u00e1tria angolana&quot;: rea\u00e7\u00f5es internacionais \u00e0 morte de Jos\u00e9 Eduardo dos Santos\" \/>\n<meta property=\"og:url\" content=\"https:\/\/atlasgeoculturalafricaatual.com\/index.php\/2022\/07\/11\/uma-pagina-impar-da-patria-angolana-reacoes-internacionais-a-morte-de-jose-eduardo-dos-santos\/\" \/>\n<meta property=\"og:site_name\" content=\"atlasgeoculturalafricaatual.com\" \/>\n<meta property=\"article:published_time\" content=\"2022-07-12T01:45:32+00:00\" \/>\n<meta name=\"author\" content=\"atlasgeoculturalafricaatual.com\" \/>\n<meta name=\"twitter:card\" content=\"summary_large_image\" \/>\n<meta name=\"twitter:label1\" content=\"Escrito por\" \/>\n\t<meta name=\"twitter:data1\" content=\"atlasgeoculturalafricaatual.com\" \/>\n\t<meta name=\"twitter:label2\" content=\"Est. tempo de leitura\" \/>\n\t<meta name=\"twitter:data2\" content=\"1 minuto\" \/>\n<script type=\"application\/ld+json\" class=\"yoast-schema-graph\">{\"@context\":\"https:\/\/schema.org\",\"@graph\":[{\"@type\":\"Article\",\"@id\":\"https:\/\/atlasgeoculturalafricaatual.com\/index.php\/2022\/07\/11\/uma-pagina-impar-da-patria-angolana-reacoes-internacionais-a-morte-de-jose-eduardo-dos-santos\/#article\",\"isPartOf\":{\"@id\":\"https:\/\/atlasgeoculturalafricaatual.com\/index.php\/2022\/07\/11\/uma-pagina-impar-da-patria-angolana-reacoes-internacionais-a-morte-de-jose-eduardo-dos-santos\/\"},\"author\":{\"name\":\"atlasgeoculturalafricaatual.com\",\"@id\":\"https:\/\/atlasgeoculturalafricaatual.com\/#\/schema\/person\/eeee269288097965a8c6f963043e4062\"},\"headline\":\"Uma p\u00e1gina \u00edmpar da P\u00e1tria angolana&#8221;: rea\u00e7\u00f5es internacionais \u00e0 morte de Jos\u00e9 Eduardo dos Santos\",\"datePublished\":\"2022-07-12T01:45:32+00:00\",\"dateModified\":\"2022-07-12T01:45:32+00:00\",\"mainEntityOfPage\":{\"@id\":\"https:\/\/atlasgeoculturalafricaatual.com\/index.php\/2022\/07\/11\/uma-pagina-impar-da-patria-angolana-reacoes-internacionais-a-morte-de-jose-eduardo-dos-santos\/\"},\"wordCount\":75,\"commentCount\":0,\"publisher\":{\"@id\":\"https:\/\/atlasgeoculturalafricaatual.com\/#organization\"},\"articleSection\":[\"News\"],\"inLanguage\":\"pt-BR\",\"potentialAction\":[{\"@type\":\"CommentAction\",\"name\":\"Comment\",\"target\":[\"https:\/\/atlasgeoculturalafricaatual.com\/index.php\/2022\/07\/11\/uma-pagina-impar-da-patria-angolana-reacoes-internacionais-a-morte-de-jose-eduardo-dos-santos\/#respond\"]}]},{\"@type\":\"WebPage\",\"@id\":\"https:\/\/atlasgeoculturalafricaatual.com\/index.php\/2022\/07\/11\/uma-pagina-impar-da-patria-angolana-reacoes-internacionais-a-morte-de-jose-eduardo-dos-santos\/\",\"url\":\"https:\/\/atlasgeoculturalafricaatual.com\/index.php\/2022\/07\/11\/uma-pagina-impar-da-patria-angolana-reacoes-internacionais-a-morte-de-jose-eduardo-dos-santos\/\",\"name\":\"Uma p\u00e1gina \u00edmpar da P\u00e1tria angolana\\\": rea\u00e7\u00f5es internacionais \u00e0 morte de Jos\u00e9 Eduardo dos Santos - atlasgeoculturalafricaatual.com\",\"isPartOf\":{\"@id\":\"https:\/\/atlasgeoculturalafricaatual.com\/#website\"},\"datePublished\":\"2022-07-12T01:45:32+00:00\",\"dateModified\":\"2022-07-12T01:45:32+00:00\",\"breadcrumb\":{\"@id\":\"https:\/\/atlasgeoculturalafricaatual.com\/index.php\/2022\/07\/11\/uma-pagina-impar-da-patria-angolana-reacoes-internacionais-a-morte-de-jose-eduardo-dos-santos\/#breadcrumb\"},\"inLanguage\":\"pt-BR\",\"potentialAction\":[{\"@type\":\"ReadAction\",\"target\":[\"https:\/\/atlasgeoculturalafricaatual.com\/index.php\/2022\/07\/11\/uma-pagina-impar-da-patria-angolana-reacoes-internacionais-a-morte-de-jose-eduardo-dos-santos\/\"]}]},{\"@type\":\"BreadcrumbList\",\"@id\":\"https:\/\/atlasgeoculturalafricaatual.com\/index.php\/2022\/07\/11\/uma-pagina-impar-da-patria-angolana-reacoes-internacionais-a-morte-de-jose-eduardo-dos-santos\/#breadcrumb\",\"itemListElement\":[{\"@type\":\"ListItem\",\"position\":1,\"name\":\"In\u00edcio\",\"item\":\"https:\/\/atlasgeoculturalafricaatual.com\/\"},{\"@type\":\"ListItem\",\"position\":2,\"name\":\"Uma p\u00e1gina \u00edmpar da P\u00e1tria angolana&#8221;: rea\u00e7\u00f5es internacionais \u00e0 morte de Jos\u00e9 Eduardo dos Santos\"}]},{\"@type\":\"WebSite\",\"@id\":\"https:\/\/atlasgeoculturalafricaatual.com\/#website\",\"url\":\"https:\/\/atlasgeoculturalafricaatual.com\/\",\"name\":\"atlasgeoculturalafricaatual.com\",\"description\":\"O Atlas Geocultural da \u00c1frica \u00e9 um rico material de leitura e pesquisa, que visa apresentar de forma atual os pa\u00edses africanos, ainda t\u00e3o pouco conhecidos.\",\"publisher\":{\"@id\":\"https:\/\/atlasgeoculturalafricaatual.com\/#organization\"},\"potentialAction\":[{\"@type\":\"SearchAction\",\"target\":{\"@type\":\"EntryPoint\",\"urlTemplate\":\"https:\/\/atlasgeoculturalafricaatual.com\/?s={search_term_string}\"},\"query-input\":\"required name=search_term_string\"}],\"inLanguage\":\"pt-BR\"},{\"@type\":\"Organization\",\"@id\":\"https:\/\/atlasgeoculturalafricaatual.com\/#organization\",\"name\":\"atlasgeoculturalafricaatual.com\",\"url\":\"https:\/\/atlasgeoculturalafricaatual.com\/\",\"logo\":{\"@type\":\"ImageObject\",\"inLanguage\":\"pt-BR\",\"@id\":\"https:\/\/atlasgeoculturalafricaatual.com\/#\/schema\/logo\/image\/\",\"url\":\"http:\/\/atlasgeoculturalafricaatual.com\/wp-content\/uploads\/2023\/06\/LOGOEIROS_Prancheta-1-tipo-preto.png\",\"contentUrl\":\"http:\/\/atlasgeoculturalafricaatual.com\/wp-content\/uploads\/2023\/06\/LOGOEIROS_Prancheta-1-tipo-preto.png\",\"width\":1667,\"height\":730,\"caption\":\"atlasgeoculturalafricaatual.com\"},\"image\":{\"@id\":\"https:\/\/atlasgeoculturalafricaatual.com\/#\/schema\/logo\/image\/\"}},{\"@type\":\"Person\",\"@id\":\"https:\/\/atlasgeoculturalafricaatual.com\/#\/schema\/person\/eeee269288097965a8c6f963043e4062\",\"name\":\"atlasgeoculturalafricaatual.com\",\"image\":{\"@type\":\"ImageObject\",\"inLanguage\":\"pt-BR\",\"@id\":\"https:\/\/atlasgeoculturalafricaatual.com\/#\/schema\/person\/image\/\",\"url\":\"https:\/\/secure.gravatar.com\/avatar\/7af55f21031d350b316a54060d50821f?s=96&d=mm&r=g\",\"contentUrl\":\"https:\/\/secure.gravatar.com\/avatar\/7af55f21031d350b316a54060d50821f?s=96&d=mm&r=g\",\"caption\":\"atlasgeoculturalafricaatual.com\"},\"sameAs\":[\"http:\/\/atlasgeoculturalafricaatual.com\"],\"url\":\"https:\/\/atlasgeoculturalafricaatual.com\/index.php\/author\/atlasgeoculturalafricaatual-com\/\"}]}<\/script>\n<!-- \/ Yoast SEO plugin. -->","yoast_head_json":{"title":"Uma p\u00e1gina \u00edmpar da P\u00e1tria angolana\": rea\u00e7\u00f5es internacionais \u00e0 morte de Jos\u00e9 Eduardo dos Santos - atlasgeoculturalafricaatual.com","robots":{"index":"index","follow":"follow","max-snippet":"max-snippet:-1","max-image-preview":"max-image-preview:large","max-video-preview":"max-video-preview:-1"},"canonical":"https:\/\/atlasgeoculturalafricaatual.com\/index.php\/2022\/07\/11\/uma-pagina-impar-da-patria-angolana-reacoes-internacionais-a-morte-de-jose-eduardo-dos-santos\/","og_locale":"pt_BR","og_type":"article","og_title":"Uma p\u00e1gina \u00edmpar da P\u00e1tria angolana\": rea\u00e7\u00f5es internacionais \u00e0 morte de Jos\u00e9 Eduardo dos Santos - atlasgeoculturalafricaatual.com","og_description":"Uma p\u00e1gina \u00edmpar da P\u00e1tria angolana\": rea\u00e7\u00f5es internacionais \u00e0 morte de Jos\u00e9 Eduardo dos Santos","og_url":"https:\/\/atlasgeoculturalafricaatual.com\/index.php\/2022\/07\/11\/uma-pagina-impar-da-patria-angolana-reacoes-internacionais-a-morte-de-jose-eduardo-dos-santos\/","og_site_name":"atlasgeoculturalafricaatual.com","article_published_time":"2022-07-12T01:45:32+00:00","author":"atlasgeoculturalafricaatual.com","twitter_card":"summary_large_image","twitter_misc":{"Escrito por":"atlasgeoculturalafricaatual.com","Est. tempo de leitura":"1 minuto"},"schema":{"@context":"https:\/\/schema.org","@graph":[{"@type":"Article","@id":"https:\/\/atlasgeoculturalafricaatual.com\/index.php\/2022\/07\/11\/uma-pagina-impar-da-patria-angolana-reacoes-internacionais-a-morte-de-jose-eduardo-dos-santos\/#article","isPartOf":{"@id":"https:\/\/atlasgeoculturalafricaatual.com\/index.php\/2022\/07\/11\/uma-pagina-impar-da-patria-angolana-reacoes-internacionais-a-morte-de-jose-eduardo-dos-santos\/"},"author":{"name":"atlasgeoculturalafricaatual.com","@id":"https:\/\/atlasgeoculturalafricaatual.com\/#\/schema\/person\/eeee269288097965a8c6f963043e4062"},"headline":"Uma p\u00e1gina \u00edmpar da P\u00e1tria angolana&#8221;: rea\u00e7\u00f5es internacionais \u00e0 morte de Jos\u00e9 Eduardo dos Santos","datePublished":"2022-07-12T01:45:32+00:00","dateModified":"2022-07-12T01:45:32+00:00","mainEntityOfPage":{"@id":"https:\/\/atlasgeoculturalafricaatual.com\/index.php\/2022\/07\/11\/uma-pagina-impar-da-patria-angolana-reacoes-internacionais-a-morte-de-jose-eduardo-dos-santos\/"},"wordCount":75,"commentCount":0,"publisher":{"@id":"https:\/\/atlasgeoculturalafricaatual.com\/#organization"},"articleSection":["News"],"inLanguage":"pt-BR","potentialAction":[{"@type":"CommentAction","name":"Comment","target":["https:\/\/atlasgeoculturalafricaatual.com\/index.php\/2022\/07\/11\/uma-pagina-impar-da-patria-angolana-reacoes-internacionais-a-morte-de-jose-eduardo-dos-santos\/#respond"]}]},{"@type":"WebPage","@id":"https:\/\/atlasgeoculturalafricaatual.com\/index.php\/2022\/07\/11\/uma-pagina-impar-da-patria-angolana-reacoes-internacionais-a-morte-de-jose-eduardo-dos-santos\/","url":"https:\/\/atlasgeoculturalafricaatual.com\/index.php\/2022\/07\/11\/uma-pagina-impar-da-patria-angolana-reacoes-internacionais-a-morte-de-jose-eduardo-dos-santos\/","name":"Uma p\u00e1gina \u00edmpar da P\u00e1tria angolana\": rea\u00e7\u00f5es internacionais \u00e0 morte de Jos\u00e9 Eduardo dos Santos - atlasgeoculturalafricaatual.com","isPartOf":{"@id":"https:\/\/atlasgeoculturalafricaatual.com\/#website"},"datePublished":"2022-07-12T01:45:32+00:00","dateModified":"2022-07-12T01:45:32+00:00","breadcrumb":{"@id":"https:\/\/atlasgeoculturalafricaatual.com\/index.php\/2022\/07\/11\/uma-pagina-impar-da-patria-angolana-reacoes-internacionais-a-morte-de-jose-eduardo-dos-santos\/#breadcrumb"},"inLanguage":"pt-BR","potentialAction":[{"@type":"ReadAction","target":["https:\/\/atlasgeoculturalafricaatual.com\/index.php\/2022\/07\/11\/uma-pagina-impar-da-patria-angolana-reacoes-internacionais-a-morte-de-jose-eduardo-dos-santos\/"]}]},{"@type":"BreadcrumbList","@id":"https:\/\/atlasgeoculturalafricaatual.com\/index.php\/2022\/07\/11\/uma-pagina-impar-da-patria-angolana-reacoes-internacionais-a-morte-de-jose-eduardo-dos-santos\/#breadcrumb","itemListElement":[{"@type":"ListItem","position":1,"name":"In\u00edcio","item":"https:\/\/atlasgeoculturalafricaatual.com\/"},{"@type":"ListItem","position":2,"name":"Uma p\u00e1gina \u00edmpar da P\u00e1tria angolana&#8221;: rea\u00e7\u00f5es internacionais \u00e0 morte de Jos\u00e9 Eduardo dos Santos"}]},{"@type":"WebSite","@id":"https:\/\/atlasgeoculturalafricaatual.com\/#website","url":"https:\/\/atlasgeoculturalafricaatual.com\/","name":"atlasgeoculturalafricaatual.com","description":"O Atlas Geocultural da \u00c1frica \u00e9 um rico material de leitura e pesquisa, que visa apresentar de forma atual os pa\u00edses africanos, ainda t\u00e3o pouco conhecidos.","publisher":{"@id":"https:\/\/atlasgeoculturalafricaatual.com\/#organization"},"potentialAction":[{"@type":"SearchAction","target":{"@type":"EntryPoint","urlTemplate":"https:\/\/atlasgeoculturalafricaatual.com\/?s={search_term_string}"},"query-input":"required name=search_term_string"}],"inLanguage":"pt-BR"},{"@type":"Organization","@id":"https:\/\/atlasgeoculturalafricaatual.com\/#organization","name":"atlasgeoculturalafricaatual.com","url":"https:\/\/atlasgeoculturalafricaatual.com\/","logo":{"@type":"ImageObject","inLanguage":"pt-BR","@id":"https:\/\/atlasgeoculturalafricaatual.com\/#\/schema\/logo\/image\/","url":"http:\/\/atlasgeoculturalafricaatual.com\/wp-content\/uploads\/2023\/06\/LOGOEIROS_Prancheta-1-tipo-preto.png","contentUrl":"http:\/\/atlasgeoculturalafricaatual.com\/wp-content\/uploads\/2023\/06\/LOGOEIROS_Prancheta-1-tipo-preto.png","width":1667,"height":730,"caption":"atlasgeoculturalafricaatual.com"},"image":{"@id":"https:\/\/atlasgeoculturalafricaatual.com\/#\/schema\/logo\/image\/"}},{"@type":"Person","@id":"https:\/\/atlasgeoculturalafricaatual.com\/#\/schema\/person\/eeee269288097965a8c6f963043e4062","name":"atlasgeoculturalafricaatual.com","image":{"@type":"ImageObject","inLanguage":"pt-BR","@id":"https:\/\/atlasgeoculturalafricaatual.com\/#\/schema\/person\/image\/","url":"https:\/\/secure.gravatar.com\/avatar\/7af55f21031d350b316a54060d50821f?s=96&d=mm&r=g","contentUrl":"https:\/\/secure.gravatar.com\/avatar\/7af55f21031d350b316a54060d50821f?s=96&d=mm&r=g","caption":"atlasgeoculturalafricaatual.com"},"sameAs":["http:\/\/atlasgeoculturalafricaatual.com"],"url":"https:\/\/atlasgeoculturalafricaatual.com\/index.php\/author\/atlasgeoculturalafricaatual-com\/"}]}},"_links":{"self":[{"href":"https:\/\/atlasgeoculturalafricaatual.com\/index.php\/wp-json\/wp\/v2\/posts\/5952","targetHints":{"allow":["GET"]}}],"collection":[{"href":"https:\/\/atlasgeoculturalafricaatual.com\/index.php\/wp-json\/wp\/v2\/posts"}],"about":[{"href":"https:\/\/atlasgeoculturalafricaatual.com\/index.php\/wp-json\/wp\/v2\/types\/post"}],"author":[{"embeddable":true,"href":"https:\/\/atlasgeoculturalafricaatual.com\/index.php\/wp-json\/wp\/v2\/users\/1"}],"replies":[{"embeddable":true,"href":"https:\/\/atlasgeoculturalafricaatual.com\/index.php\/wp-json\/wp\/v2\/comments?post=5952"}],"version-history":[{"count":0,"href":"https:\/\/atlasgeoculturalafricaatual.com\/index.php\/wp-json\/wp\/v2\/posts\/5952\/revisions"}],"wp:featuredmedia":[{"embeddable":true,"href":"https:\/\/atlasgeoculturalafricaatual.com\/index.php\/wp-json\/"}],"wp:attachment":[{"href":"https:\/\/atlasgeoculturalafricaatual.com\/index.php\/wp-json\/wp\/v2\/media?parent=5952"}],"wp:term":[{"taxonomy":"category","embeddable":true,"href":"https:\/\/atlasgeoculturalafricaatual.com\/index.php\/wp-json\/wp\/v2\/categories?post=5952"},{"taxonomy":"post_tag","embeddable":true,"href":"https:\/\/atlasgeoculturalafricaatual.com\/index.php\/wp-json\/wp\/v2\/tags?post=5952"},{"taxonomy":"palavra-chave","embeddable":true,"href":"https:\/\/atlasgeoculturalafricaatual.com\/index.php\/wp-json\/wp\/v2\/palavra-chave?post=5952"}],"curies":[{"name":"wp","href":"https:\/\/api.w.org\/{rel}","templated":true}]}}