{"id":5942,"date":"2022-07-05T20:13:21","date_gmt":"2022-07-05T23:13:21","guid":{"rendered":"https:\/\/atlasgeoculturalafricaatual.com\/index.php\/2022\/07\/05\/iii-encontro-internacional-abeafrica\/"},"modified":"2022-07-05T20:13:21","modified_gmt":"2022-07-05T23:13:21","slug":"iii-encontro-internacional-abeafrica","status":"publish","type":"post","link":"https:\/\/atlasgeoculturalafricaatual.com\/index.php\/2022\/07\/05\/iii-encontro-internacional-abeafrica\/","title":{"rendered":"III Encontro Internacional ABE\u00c1frica"},"content":{"rendered":"\t\t<div data-elementor-type=\"wp-post\" data-elementor-id=\"5942\" class=\"elementor elementor-5942\">\n\t\t\t\t\t\t\t<div class=\"elementor-element elementor-element-6915d73 e-flex e-con-boxed e-con\" data-id=\"6915d73\" data-element_type=\"container\" data-settings=\"{&quot;content_width&quot;:&quot;boxed&quot;}\">\n\t\t\t\t\t<div class=\"e-con-inner\">\n\t\t\t\t<div class=\"elementor-element elementor-element-b292848 elementor-widget elementor-widget-text-editor\" data-id=\"b292848\" data-element_type=\"widget\" data-widget_type=\"text-editor.default\">\n\t\t\t\t<div class=\"elementor-widget-container\">\n\t\t\t<style>\/*! elementor - v3.15.0 - 02-08-2023 *\/\n.elementor-widget-text-editor.elementor-drop-cap-view-stacked .elementor-drop-cap{background-color:#69727d;color:#fff}.elementor-widget-text-editor.elementor-drop-cap-view-framed .elementor-drop-cap{color:#69727d;border:3px solid;background-color:transparent}.elementor-widget-text-editor:not(.elementor-drop-cap-view-default) .elementor-drop-cap{margin-top:8px}.elementor-widget-text-editor:not(.elementor-drop-cap-view-default) .elementor-drop-cap-letter{width:1em;height:1em}.elementor-widget-text-editor .elementor-drop-cap{float:left;text-align:center;line-height:1;font-size:50px}.elementor-widget-text-editor .elementor-drop-cap-letter{display:inline-block}<\/style>\t\t\t\t<p><span style=\"font-size: 18px; letter-spacing: normal; text-align: start;\">Aten\u00e7\u00e3o, aten\u00e7\u00e3o!!!<\/span><br style=\"font-size: 18px; letter-spacing: normal; text-align: start;\" \/><br style=\"font-size: 18px; letter-spacing: normal; text-align: start;\" \/><span style=\"font-size: 18px; letter-spacing: normal; text-align: start;\">Encontram-se abertas as inscri\u00e7\u00f5es para o III Encontro internacional da ABE-\u00c1frica, que ter\u00e1 como tema \u201cEstudos Africanos em tempos de crise: cultura, pol\u00edtica e epistemologia\u201d e acontecer\u00e1, presencialmente, entre 28 de novembro e 2 de dezembro de 2022 em Salvador, Bahia.<\/span><br style=\"font-size: 18px; letter-spacing: normal; text-align: start;\" \/><br style=\"font-size: 18px; letter-spacing: normal; text-align: start;\" \/><span style=\"font-size: 18px; letter-spacing: normal; text-align: start;\">O evento contar\u00e1 com grupos de trabalho, relatos de experi\u00eancias pedag\u00f3gicas, mesas redondas, confer\u00eancias e atividades culturais.<\/span><br style=\"font-size: 18px; letter-spacing: normal; text-align: start;\" \/><br style=\"font-size: 18px; letter-spacing: normal; text-align: start;\" \/><span style=\"font-size: 18px; letter-spacing: normal; text-align: start;\">Convidamos todas\/os para divulgarem e fazerem suas inscri\u00e7\u00f5es.<\/span><br style=\"font-size: 18px; letter-spacing: normal; text-align: start;\" \/><span style=\"font-size: 18px; letter-spacing: normal; text-align: start;\">Mais informa\u00e7\u00f5es, como o cronograma e as regras para a submiss\u00e3o de trabalhos, podem ser encontradas na p\u00e1gina do encontro:\u00a0<\/span><a style=\"background-color: #ffffff; transition: var(--tec-transition-color); border-bottom: 1px solid var(--tec-color-link-accent); font-size: 18px; letter-spacing: normal; text-align: start;\" href=\"httpsss:\/\/www.encontro2022.abeafrica.com\/site\/capa\">httpsss:\/\/www.encontro2022.abeafrica.com\/site\/capa<\/a><\/p>\t\t\t\t\t\t<\/div>\n\t\t\t\t<\/div>\n\t\t\t\t\t<\/div>\n\t\t\t\t<\/div>\n\t\t<div class=\"elementor-element elementor-element-ca161ff e-flex e-con-boxed e-con\" data-id=\"ca161ff\" data-element_type=\"container\" data-settings=\"{&quot;content_width&quot;:&quot;boxed&quot;}\">\n\t\t\t\t\t<div class=\"e-con-inner\">\n\t\t\t\t\t<\/div>\n\t\t\t\t<\/div>\n\t\t<div class=\"elementor-element elementor-element-f4e179d e-flex e-con-boxed e-con\" data-id=\"f4e179d\" data-element_type=\"container\" data-settings=\"{&quot;content_width&quot;:&quot;boxed&quot;}\">\n\t\t\t\t\t<div class=\"e-con-inner\">\n\t\t\t\t\t<\/div>\n\t\t\t\t<\/div>\n\t\t<div class=\"elementor-element elementor-element-fa0d8c9 e-flex e-con-boxed e-con\" data-id=\"fa0d8c9\" data-element_type=\"container\" data-settings=\"{&quot;content_width&quot;:&quot;boxed&quot;}\">\n\t\t\t\t\t<div class=\"e-con-inner\">\n\t\t\t\t\t<\/div>\n\t\t\t\t<\/div>\n\t\t\t\t\t\t\t<\/div>\n\t\t","protected":false},"excerpt":{"rendered":"<p>Encontram-se abertas as inscri\u00e7\u00f5es para o III Encontro internacional da ABE-\u00c1frica, que ter\u00e1 como tema \u201cEstudos Africanos em tempos de crise: cultura, pol\u00edtica e epistemologia\u201d e acontecer\u00e1, presencialmente, entre 28 de novembro e 2 de dezembro de 2022 em Salvador, Bahia.<\/p>\n","protected":false},"author":1,"featured_media":5933,"comment_status":"closed","ping_status":"closed","sticky":false,"template":"elementor_theme","format":"standard","meta":{"content-type":"","footnotes":""},"categories":[48,66],"tags":[75],"palavra-chave":[],"class_list":["post-5942","post","type-post","status-publish","format-standard","has-post-thumbnail","hentry","category-sem-categoria","category-arte-e-cultura","tag-eventos","entry","has-media"],"aioseo_notices":[],"yoast_head":"<!-- This site is optimized with the Yoast SEO plugin v20.13 - https:\/\/yoast.com\/wordpress\/plugins\/seo\/ -->\n<title>III Encontro Internacional ABE\u00c1frica - atlasgeoculturalafricaatual.com<\/title>\n<meta name=\"description\" content=\"III Encontro Internacional ABE\u00c1frica - Encontram-se abertas as inscri\u00e7\u00f5es para o III Encontro internacional da ABE-\u00c1frica, que ter\u00e1 como tema \u201cEstudos Africanos em tempos de crise: cultura, pol\u00edtica e epistemologia\u201d e acontecer\u00e1, presencialmente, entre 28 de novembro e 2 de dezembro de 2022 em Salvador, Bahia.\" \/>\n<meta name=\"robots\" content=\"index, follow, max-snippet:-1, max-image-preview:large, max-video-preview:-1\" \/>\n<link rel=\"canonical\" href=\"https:\/\/atlasgeoculturalafricaatual.com\/index.php\/2022\/07\/05\/iii-encontro-internacional-abeafrica\/\" \/>\n<meta property=\"og:locale\" content=\"pt_BR\" \/>\n<meta property=\"og:type\" content=\"article\" \/>\n<meta property=\"og:title\" content=\"III Encontro Internacional ABE\u00c1frica - atlasgeoculturalafricaatual.com\" \/>\n<meta property=\"og:description\" content=\"III Encontro Internacional ABE\u00c1frica - Encontram-se abertas as inscri\u00e7\u00f5es para o III Encontro internacional da ABE-\u00c1frica, que ter\u00e1 como tema \u201cEstudos Africanos em tempos de crise: cultura, pol\u00edtica e epistemologia\u201d e acontecer\u00e1, presencialmente, entre 28 de novembro e 2 de dezembro de 2022 em Salvador, Bahia.\" \/>\n<meta property=\"og:url\" content=\"https:\/\/atlasgeoculturalafricaatual.com\/index.php\/2022\/07\/05\/iii-encontro-internacional-abeafrica\/\" \/>\n<meta property=\"og:site_name\" content=\"atlasgeoculturalafricaatual.com\" \/>\n<meta property=\"article:published_time\" content=\"2022-07-05T23:13:21+00:00\" \/>\n<meta name=\"author\" content=\"atlasgeoculturalafricaatual.com\" \/>\n<meta name=\"twitter:card\" content=\"summary_large_image\" \/>\n<meta name=\"twitter:label1\" content=\"Escrito por\" \/>\n\t<meta name=\"twitter:data1\" content=\"atlasgeoculturalafricaatual.com\" \/>\n\t<meta name=\"twitter:label2\" content=\"Est. tempo de leitura\" \/>\n\t<meta name=\"twitter:data2\" content=\"1 minuto\" \/>\n<script type=\"application\/ld+json\" class=\"yoast-schema-graph\">{\"@context\":\"https:\/\/schema.org\",\"@graph\":[{\"@type\":\"Article\",\"@id\":\"https:\/\/atlasgeoculturalafricaatual.com\/index.php\/2022\/07\/05\/iii-encontro-internacional-abeafrica\/#article\",\"isPartOf\":{\"@id\":\"https:\/\/atlasgeoculturalafricaatual.com\/index.php\/2022\/07\/05\/iii-encontro-internacional-abeafrica\/\"},\"author\":{\"name\":\"atlasgeoculturalafricaatual.com\",\"@id\":\"https:\/\/atlasgeoculturalafricaatual.com\/#\/schema\/person\/eeee269288097965a8c6f963043e4062\"},\"headline\":\"III Encontro Internacional ABE\u00c1frica\",\"datePublished\":\"2022-07-05T23:13:21+00:00\",\"dateModified\":\"2022-07-05T23:13:21+00:00\",\"mainEntityOfPage\":{\"@id\":\"https:\/\/atlasgeoculturalafricaatual.com\/index.php\/2022\/07\/05\/iii-encontro-internacional-abeafrica\/\"},\"wordCount\":110,\"publisher\":{\"@id\":\"https:\/\/atlasgeoculturalafricaatual.com\/#organization\"},\"keywords\":[\"Eventos\"],\"articleSection\":[\"A Africa\",\"Arte e Cultura\"],\"inLanguage\":\"pt-BR\"},{\"@type\":\"WebPage\",\"@id\":\"https:\/\/atlasgeoculturalafricaatual.com\/index.php\/2022\/07\/05\/iii-encontro-internacional-abeafrica\/\",\"url\":\"https:\/\/atlasgeoculturalafricaatual.com\/index.php\/2022\/07\/05\/iii-encontro-internacional-abeafrica\/\",\"name\":\"III Encontro Internacional ABE\u00c1frica - atlasgeoculturalafricaatual.com\",\"isPartOf\":{\"@id\":\"https:\/\/atlasgeoculturalafricaatual.com\/#website\"},\"datePublished\":\"2022-07-05T23:13:21+00:00\",\"dateModified\":\"2022-07-05T23:13:21+00:00\",\"description\":\"III Encontro Internacional ABE\u00c1frica - Encontram-se abertas as inscri\u00e7\u00f5es para o III Encontro internacional da ABE-\u00c1frica, que ter\u00e1 como tema \u201cEstudos Africanos em tempos de crise: cultura, pol\u00edtica e epistemologia\u201d e acontecer\u00e1, presencialmente, entre 28 de novembro e 2 de dezembro de 2022 em Salvador, Bahia.\",\"breadcrumb\":{\"@id\":\"https:\/\/atlasgeoculturalafricaatual.com\/index.php\/2022\/07\/05\/iii-encontro-internacional-abeafrica\/#breadcrumb\"},\"inLanguage\":\"pt-BR\",\"potentialAction\":[{\"@type\":\"ReadAction\",\"target\":[\"https:\/\/atlasgeoculturalafricaatual.com\/index.php\/2022\/07\/05\/iii-encontro-internacional-abeafrica\/\"]}]},{\"@type\":\"BreadcrumbList\",\"@id\":\"https:\/\/atlasgeoculturalafricaatual.com\/index.php\/2022\/07\/05\/iii-encontro-internacional-abeafrica\/#breadcrumb\",\"itemListElement\":[{\"@type\":\"ListItem\",\"position\":1,\"name\":\"In\u00edcio\",\"item\":\"https:\/\/atlasgeoculturalafricaatual.com\/\"},{\"@type\":\"ListItem\",\"position\":2,\"name\":\"III Encontro Internacional ABE\u00c1frica\"}]},{\"@type\":\"WebSite\",\"@id\":\"https:\/\/atlasgeoculturalafricaatual.com\/#website\",\"url\":\"https:\/\/atlasgeoculturalafricaatual.com\/\",\"name\":\"atlasgeoculturalafricaatual.com\",\"description\":\"O Atlas Geocultural da \u00c1frica \u00e9 um rico material de leitura e pesquisa, que visa apresentar de forma atual os pa\u00edses africanos, ainda t\u00e3o pouco conhecidos.\",\"publisher\":{\"@id\":\"https:\/\/atlasgeoculturalafricaatual.com\/#organization\"},\"potentialAction\":[{\"@type\":\"SearchAction\",\"target\":{\"@type\":\"EntryPoint\",\"urlTemplate\":\"https:\/\/atlasgeoculturalafricaatual.com\/?s={search_term_string}\"},\"query-input\":\"required name=search_term_string\"}],\"inLanguage\":\"pt-BR\"},{\"@type\":\"Organization\",\"@id\":\"https:\/\/atlasgeoculturalafricaatual.com\/#organization\",\"name\":\"atlasgeoculturalafricaatual.com\",\"url\":\"https:\/\/atlasgeoculturalafricaatual.com\/\",\"logo\":{\"@type\":\"ImageObject\",\"inLanguage\":\"pt-BR\",\"@id\":\"https:\/\/atlasgeoculturalafricaatual.com\/#\/schema\/logo\/image\/\",\"url\":\"http:\/\/atlasgeoculturalafricaatual.com\/wp-content\/uploads\/2023\/06\/LOGOEIROS_Prancheta-1-tipo-preto.png\",\"contentUrl\":\"http:\/\/atlasgeoculturalafricaatual.com\/wp-content\/uploads\/2023\/06\/LOGOEIROS_Prancheta-1-tipo-preto.png\",\"width\":1667,\"height\":730,\"caption\":\"atlasgeoculturalafricaatual.com\"},\"image\":{\"@id\":\"https:\/\/atlasgeoculturalafricaatual.com\/#\/schema\/logo\/image\/\"}},{\"@type\":\"Person\",\"@id\":\"https:\/\/atlasgeoculturalafricaatual.com\/#\/schema\/person\/eeee269288097965a8c6f963043e4062\",\"name\":\"atlasgeoculturalafricaatual.com\",\"image\":{\"@type\":\"ImageObject\",\"inLanguage\":\"pt-BR\",\"@id\":\"https:\/\/atlasgeoculturalafricaatual.com\/#\/schema\/person\/image\/\",\"url\":\"https:\/\/secure.gravatar.com\/avatar\/7af55f21031d350b316a54060d50821f?s=96&d=mm&r=g\",\"contentUrl\":\"https:\/\/secure.gravatar.com\/avatar\/7af55f21031d350b316a54060d50821f?s=96&d=mm&r=g\",\"caption\":\"atlasgeoculturalafricaatual.com\"},\"sameAs\":[\"http:\/\/atlasgeoculturalafricaatual.com\"],\"url\":\"https:\/\/atlasgeoculturalafricaatual.com\/index.php\/author\/atlasgeoculturalafricaatual-com\/\"}]}<\/script>\n<!-- \/ Yoast SEO plugin. -->","yoast_head_json":{"title":"III Encontro Internacional ABE\u00c1frica - atlasgeoculturalafricaatual.com","description":"III Encontro Internacional ABE\u00c1frica - Encontram-se abertas as inscri\u00e7\u00f5es para o III Encontro internacional da ABE-\u00c1frica, que ter\u00e1 como tema \u201cEstudos Africanos em tempos de crise: cultura, pol\u00edtica e epistemologia\u201d e acontecer\u00e1, presencialmente, entre 28 de novembro e 2 de dezembro de 2022 em Salvador, Bahia.","robots":{"index":"index","follow":"follow","max-snippet":"max-snippet:-1","max-image-preview":"max-image-preview:large","max-video-preview":"max-video-preview:-1"},"canonical":"https:\/\/atlasgeoculturalafricaatual.com\/index.php\/2022\/07\/05\/iii-encontro-internacional-abeafrica\/","og_locale":"pt_BR","og_type":"article","og_title":"III Encontro Internacional ABE\u00c1frica - atlasgeoculturalafricaatual.com","og_description":"III Encontro Internacional ABE\u00c1frica - Encontram-se abertas as inscri\u00e7\u00f5es para o III Encontro internacional da ABE-\u00c1frica, que ter\u00e1 como tema \u201cEstudos Africanos em tempos de crise: cultura, pol\u00edtica e epistemologia\u201d e acontecer\u00e1, presencialmente, entre 28 de novembro e 2 de dezembro de 2022 em Salvador, Bahia.","og_url":"https:\/\/atlasgeoculturalafricaatual.com\/index.php\/2022\/07\/05\/iii-encontro-internacional-abeafrica\/","og_site_name":"atlasgeoculturalafricaatual.com","article_published_time":"2022-07-05T23:13:21+00:00","author":"atlasgeoculturalafricaatual.com","twitter_card":"summary_large_image","twitter_misc":{"Escrito por":"atlasgeoculturalafricaatual.com","Est. tempo de leitura":"1 minuto"},"schema":{"@context":"https:\/\/schema.org","@graph":[{"@type":"Article","@id":"https:\/\/atlasgeoculturalafricaatual.com\/index.php\/2022\/07\/05\/iii-encontro-internacional-abeafrica\/#article","isPartOf":{"@id":"https:\/\/atlasgeoculturalafricaatual.com\/index.php\/2022\/07\/05\/iii-encontro-internacional-abeafrica\/"},"author":{"name":"atlasgeoculturalafricaatual.com","@id":"https:\/\/atlasgeoculturalafricaatual.com\/#\/schema\/person\/eeee269288097965a8c6f963043e4062"},"headline":"III Encontro Internacional ABE\u00c1frica","datePublished":"2022-07-05T23:13:21+00:00","dateModified":"2022-07-05T23:13:21+00:00","mainEntityOfPage":{"@id":"https:\/\/atlasgeoculturalafricaatual.com\/index.php\/2022\/07\/05\/iii-encontro-internacional-abeafrica\/"},"wordCount":110,"publisher":{"@id":"https:\/\/atlasgeoculturalafricaatual.com\/#organization"},"keywords":["Eventos"],"articleSection":["A Africa","Arte e Cultura"],"inLanguage":"pt-BR"},{"@type":"WebPage","@id":"https:\/\/atlasgeoculturalafricaatual.com\/index.php\/2022\/07\/05\/iii-encontro-internacional-abeafrica\/","url":"https:\/\/atlasgeoculturalafricaatual.com\/index.php\/2022\/07\/05\/iii-encontro-internacional-abeafrica\/","name":"III Encontro Internacional ABE\u00c1frica - atlasgeoculturalafricaatual.com","isPartOf":{"@id":"https:\/\/atlasgeoculturalafricaatual.com\/#website"},"datePublished":"2022-07-05T23:13:21+00:00","dateModified":"2022-07-05T23:13:21+00:00","description":"III Encontro Internacional ABE\u00c1frica - Encontram-se abertas as inscri\u00e7\u00f5es para o III Encontro internacional da ABE-\u00c1frica, que ter\u00e1 como tema \u201cEstudos Africanos em tempos de crise: cultura, pol\u00edtica e epistemologia\u201d e acontecer\u00e1, presencialmente, entre 28 de novembro e 2 de dezembro de 2022 em Salvador, Bahia.","breadcrumb":{"@id":"https:\/\/atlasgeoculturalafricaatual.com\/index.php\/2022\/07\/05\/iii-encontro-internacional-abeafrica\/#breadcrumb"},"inLanguage":"pt-BR","potentialAction":[{"@type":"ReadAction","target":["https:\/\/atlasgeoculturalafricaatual.com\/index.php\/2022\/07\/05\/iii-encontro-internacional-abeafrica\/"]}]},{"@type":"BreadcrumbList","@id":"https:\/\/atlasgeoculturalafricaatual.com\/index.php\/2022\/07\/05\/iii-encontro-internacional-abeafrica\/#breadcrumb","itemListElement":[{"@type":"ListItem","position":1,"name":"In\u00edcio","item":"https:\/\/atlasgeoculturalafricaatual.com\/"},{"@type":"ListItem","position":2,"name":"III Encontro Internacional ABE\u00c1frica"}]},{"@type":"WebSite","@id":"https:\/\/atlasgeoculturalafricaatual.com\/#website","url":"https:\/\/atlasgeoculturalafricaatual.com\/","name":"atlasgeoculturalafricaatual.com","description":"O Atlas Geocultural da \u00c1frica \u00e9 um rico material de leitura e pesquisa, que visa apresentar de forma atual os pa\u00edses africanos, ainda t\u00e3o pouco conhecidos.","publisher":{"@id":"https:\/\/atlasgeoculturalafricaatual.com\/#organization"},"potentialAction":[{"@type":"SearchAction","target":{"@type":"EntryPoint","urlTemplate":"https:\/\/atlasgeoculturalafricaatual.com\/?s={search_term_string}"},"query-input":"required name=search_term_string"}],"inLanguage":"pt-BR"},{"@type":"Organization","@id":"https:\/\/atlasgeoculturalafricaatual.com\/#organization","name":"atlasgeoculturalafricaatual.com","url":"https:\/\/atlasgeoculturalafricaatual.com\/","logo":{"@type":"ImageObject","inLanguage":"pt-BR","@id":"https:\/\/atlasgeoculturalafricaatual.com\/#\/schema\/logo\/image\/","url":"http:\/\/atlasgeoculturalafricaatual.com\/wp-content\/uploads\/2023\/06\/LOGOEIROS_Prancheta-1-tipo-preto.png","contentUrl":"http:\/\/atlasgeoculturalafricaatual.com\/wp-content\/uploads\/2023\/06\/LOGOEIROS_Prancheta-1-tipo-preto.png","width":1667,"height":730,"caption":"atlasgeoculturalafricaatual.com"},"image":{"@id":"https:\/\/atlasgeoculturalafricaatual.com\/#\/schema\/logo\/image\/"}},{"@type":"Person","@id":"https:\/\/atlasgeoculturalafricaatual.com\/#\/schema\/person\/eeee269288097965a8c6f963043e4062","name":"atlasgeoculturalafricaatual.com","image":{"@type":"ImageObject","inLanguage":"pt-BR","@id":"https:\/\/atlasgeoculturalafricaatual.com\/#\/schema\/person\/image\/","url":"https:\/\/secure.gravatar.com\/avatar\/7af55f21031d350b316a54060d50821f?s=96&d=mm&r=g","contentUrl":"https:\/\/secure.gravatar.com\/avatar\/7af55f21031d350b316a54060d50821f?s=96&d=mm&r=g","caption":"atlasgeoculturalafricaatual.com"},"sameAs":["http:\/\/atlasgeoculturalafricaatual.com"],"url":"https:\/\/atlasgeoculturalafricaatual.com\/index.php\/author\/atlasgeoculturalafricaatual-com\/"}]}},"_links":{"self":[{"href":"https:\/\/atlasgeoculturalafricaatual.com\/index.php\/wp-json\/wp\/v2\/posts\/5942","targetHints":{"allow":["GET"]}}],"collection":[{"href":"https:\/\/atlasgeoculturalafricaatual.com\/index.php\/wp-json\/wp\/v2\/posts"}],"about":[{"href":"https:\/\/atlasgeoculturalafricaatual.com\/index.php\/wp-json\/wp\/v2\/types\/post"}],"author":[{"embeddable":true,"href":"https:\/\/atlasgeoculturalafricaatual.com\/index.php\/wp-json\/wp\/v2\/users\/1"}],"replies":[{"embeddable":true,"href":"https:\/\/atlasgeoculturalafricaatual.com\/index.php\/wp-json\/wp\/v2\/comments?post=5942"}],"version-history":[{"count":0,"href":"https:\/\/atlasgeoculturalafricaatual.com\/index.php\/wp-json\/wp\/v2\/posts\/5942\/revisions"}],"wp:featuredmedia":[{"embeddable":true,"href":"https:\/\/atlasgeoculturalafricaatual.com\/index.php\/wp-json\/"}],"wp:attachment":[{"href":"https:\/\/atlasgeoculturalafricaatual.com\/index.php\/wp-json\/wp\/v2\/media?parent=5942"}],"wp:term":[{"taxonomy":"category","embeddable":true,"href":"https:\/\/atlasgeoculturalafricaatual.com\/index.php\/wp-json\/wp\/v2\/categories?post=5942"},{"taxonomy":"post_tag","embeddable":true,"href":"https:\/\/atlasgeoculturalafricaatual.com\/index.php\/wp-json\/wp\/v2\/tags?post=5942"},{"taxonomy":"palavra-chave","embeddable":true,"href":"https:\/\/atlasgeoculturalafricaatual.com\/index.php\/wp-json\/wp\/v2\/palavra-chave?post=5942"}],"curies":[{"name":"wp","href":"https:\/\/api.w.org\/{rel}","templated":true}]}}