{"id":5919,"date":"2022-07-04T15:08:03","date_gmt":"2022-07-04T18:08:03","guid":{"rendered":"https:\/\/atlasgeoculturalafricaatual.com\/index.php\/2022\/07\/04\/entrevista-start-jp\/"},"modified":"2022-07-04T15:08:03","modified_gmt":"2022-07-04T18:08:03","slug":"entrevista-start-jp","status":"publish","type":"post","link":"https:\/\/atlasgeoculturalafricaatual.com\/index.php\/2022\/07\/04\/entrevista-start-jp\/","title":{"rendered":"Entrevista Start JP"},"content":{"rendered":"\t\t<div data-elementor-type=\"wp-post\" data-elementor-id=\"5919\" class=\"elementor elementor-5919\">\n\t\t\t\t\t\t\t<div class=\"elementor-element elementor-element-6915d73 e-flex e-con-boxed e-con\" data-id=\"6915d73\" data-element_type=\"container\" data-settings=\"{&quot;content_width&quot;:&quot;boxed&quot;}\">\n\t\t\t\t\t<div class=\"e-con-inner\">\n\t\t\t\t<div class=\"elementor-element elementor-element-b292848 elementor-widget elementor-widget-text-editor\" data-id=\"b292848\" data-element_type=\"widget\" data-widget_type=\"text-editor.default\">\n\t\t\t\t<div class=\"elementor-widget-container\">\n\t\t\t<style>\/*! elementor - v3.15.0 - 02-08-2023 *\/\n.elementor-widget-text-editor.elementor-drop-cap-view-stacked .elementor-drop-cap{background-color:#69727d;color:#fff}.elementor-widget-text-editor.elementor-drop-cap-view-framed .elementor-drop-cap{color:#69727d;border:3px solid;background-color:transparent}.elementor-widget-text-editor:not(.elementor-drop-cap-view-default) .elementor-drop-cap{margin-top:8px}.elementor-widget-text-editor:not(.elementor-drop-cap-view-default) .elementor-drop-cap-letter{width:1em;height:1em}.elementor-widget-text-editor .elementor-drop-cap{float:left;text-align:center;line-height:1;font-size:50px}.elementor-widget-text-editor .elementor-drop-cap-letter{display:inline-block}<\/style>\t\t\t\t<p>No s\u00e9timo epis\u00f3dio do nosso programa, que foi ao ar no dia 02\/07\/2022 atrav\u00e9s da R\u00e1dio Jovem Pan News Campinas 100.3 FM, recebemos Prof. Dr. Odair Marques da Silva, escritor do livro Atlas Geocultural da \u00c1frica, acad\u00eamico no Brasil e em Portugal e agente de conex\u00e3o, inova\u00e7\u00e3o e pesquisa Brasil-\u00c1frica para um bate-papo sobre o contexto atual e o futuro da integra\u00e7\u00e3o de ecossistemas de empreendedorismo e inova\u00e7\u00e3o Brasil-\u00c1frica.<\/p><p>\u00a0<\/p><p>Link dispon\u00edvel no Spotify do Programa Start\u00a0<\/p>\t\t\t\t\t\t<\/div>\n\t\t\t\t<\/div>\n\t\t\t\t\t<\/div>\n\t\t\t\t<\/div>\n\t\t<div class=\"elementor-element elementor-element-ca161ff e-flex e-con-boxed e-con\" data-id=\"ca161ff\" data-element_type=\"container\" data-settings=\"{&quot;content_width&quot;:&quot;boxed&quot;}\">\n\t\t\t\t\t<div class=\"e-con-inner\">\n\t\t\t\t\t<\/div>\n\t\t\t\t<\/div>\n\t\t<div class=\"elementor-element elementor-element-f4e179d e-flex e-con-boxed e-con\" data-id=\"f4e179d\" data-element_type=\"container\" data-settings=\"{&quot;content_width&quot;:&quot;boxed&quot;}\">\n\t\t\t\t\t<div class=\"e-con-inner\">\n\t\t\t\t\t<\/div>\n\t\t\t\t<\/div>\n\t\t<div class=\"elementor-element elementor-element-fa0d8c9 e-flex e-con-boxed e-con\" data-id=\"fa0d8c9\" data-element_type=\"container\" data-settings=\"{&quot;content_width&quot;:&quot;boxed&quot;}\">\n\t\t\t\t\t<div class=\"e-con-inner\">\n\t\t\t\t<div class=\"elementor-element elementor-element-564119f elementor-widget elementor-widget-text-editor\" data-id=\"564119f\" data-element_type=\"widget\" data-widget_type=\"text-editor.default\">\n\t\t\t\t<div class=\"elementor-widget-container\">\n\t\t\t\t\t\t\t<p>Jonathan Boilesen Odair Marques da Silva, phD Grupo Jovem Pan Ag\u00eancia Ummagumma Boilesen Associates <br \/>#empreendedorismo #inovacao #tecnologia #GeoatlasCulturalDaAfrica<\/p>\t\t\t\t\t\t<\/div>\n\t\t\t\t<\/div>\n\t\t\t\t\t<\/div>\n\t\t\t\t<\/div>\n\t\t\t\t\t\t\t<\/div>\n\t\t","protected":false},"excerpt":{"rendered":"<p>No s\u00e9timo epis\u00f3dio do programa Start , que foi ao ar no dia 02\/07\/2022 atrav\u00e9s da R\u00e1dio Jovem Pan News Campinas 100.3 FM, o Prof. Dr. Odair Marques da Silva, escritor do livro Atlas Geocultural da \u00c1frica, participou do bate-papo sobre o contexto atual e o futuro da integra\u00e7\u00e3o de ecossistemas de empreendedorismo e inova\u00e7\u00e3o Brasil-\u00c1frica.<\/p>\n","protected":false},"author":1,"featured_media":5925,"comment_status":"closed","ping_status":"closed","sticky":false,"template":"","format":"standard","meta":{"content-type":"","footnotes":""},"categories":[48,84,66],"tags":[],"palavra-chave":[],"class_list":["post-5919","post","type-post","status-publish","format-standard","has-post-thumbnail","hentry","category-sem-categoria","category-afroempreendedorismo","category-arte-e-cultura","entry","has-media"],"aioseo_notices":[],"yoast_head":"<!-- This site is optimized with the Yoast SEO plugin v20.13 - https:\/\/yoast.com\/wordpress\/plugins\/seo\/ -->\n<title>Entrevista Start JP - atlasgeoculturalafricaatual.com<\/title>\n<meta name=\"description\" content=\"No s\u00e9timo epis\u00f3dio do programa Start , que foi ao ar no dia 02\/07\/2022 atrav\u00e9s da R\u00e1dio Jovem Pan News Campinas 100.3 FM, o Prof. Dr. Odair Marques da Silva, escritor do livro Atlas Geocultural da \u00c1frica, participou do bate-papo sobre o contexto atual e o futuro da integra\u00e7\u00e3o de ecossistemas de empreendedorismo e inova\u00e7\u00e3o Brasil-\u00c1frica.\" \/>\n<meta name=\"robots\" content=\"index, follow, max-snippet:-1, max-image-preview:large, max-video-preview:-1\" \/>\n<link rel=\"canonical\" href=\"https:\/\/atlasgeoculturalafricaatual.com\/index.php\/2022\/07\/04\/entrevista-start-jp\/\" \/>\n<meta property=\"og:locale\" content=\"pt_BR\" \/>\n<meta property=\"og:type\" content=\"article\" \/>\n<meta property=\"og:title\" content=\"Entrevista Start JP - atlasgeoculturalafricaatual.com\" \/>\n<meta property=\"og:description\" content=\"No s\u00e9timo epis\u00f3dio do programa Start , que foi ao ar no dia 02\/07\/2022 atrav\u00e9s da R\u00e1dio Jovem Pan News Campinas 100.3 FM, o Prof. Dr. Odair Marques da Silva, escritor do livro Atlas Geocultural da \u00c1frica, participou do bate-papo sobre o contexto atual e o futuro da integra\u00e7\u00e3o de ecossistemas de empreendedorismo e inova\u00e7\u00e3o Brasil-\u00c1frica.\" \/>\n<meta property=\"og:url\" content=\"https:\/\/atlasgeoculturalafricaatual.com\/index.php\/2022\/07\/04\/entrevista-start-jp\/\" \/>\n<meta property=\"og:site_name\" content=\"atlasgeoculturalafricaatual.com\" \/>\n<meta property=\"article:published_time\" content=\"2022-07-04T18:08:03+00:00\" \/>\n<meta name=\"author\" content=\"atlasgeoculturalafricaatual.com\" \/>\n<meta name=\"twitter:card\" content=\"summary_large_image\" \/>\n<meta name=\"twitter:label1\" content=\"Escrito por\" \/>\n\t<meta name=\"twitter:data1\" content=\"atlasgeoculturalafricaatual.com\" \/>\n\t<meta name=\"twitter:label2\" content=\"Est. tempo de leitura\" \/>\n\t<meta name=\"twitter:data2\" content=\"1 minuto\" \/>\n<script type=\"application\/ld+json\" class=\"yoast-schema-graph\">{\"@context\":\"https:\/\/schema.org\",\"@graph\":[{\"@type\":\"Article\",\"@id\":\"https:\/\/atlasgeoculturalafricaatual.com\/index.php\/2022\/07\/04\/entrevista-start-jp\/#article\",\"isPartOf\":{\"@id\":\"https:\/\/atlasgeoculturalafricaatual.com\/index.php\/2022\/07\/04\/entrevista-start-jp\/\"},\"author\":{\"name\":\"atlasgeoculturalafricaatual.com\",\"@id\":\"https:\/\/atlasgeoculturalafricaatual.com\/#\/schema\/person\/eeee269288097965a8c6f963043e4062\"},\"headline\":\"Entrevista Start JP\",\"datePublished\":\"2022-07-04T18:08:03+00:00\",\"dateModified\":\"2022-07-04T18:08:03+00:00\",\"mainEntityOfPage\":{\"@id\":\"https:\/\/atlasgeoculturalafricaatual.com\/index.php\/2022\/07\/04\/entrevista-start-jp\/\"},\"wordCount\":109,\"publisher\":{\"@id\":\"https:\/\/atlasgeoculturalafricaatual.com\/#organization\"},\"articleSection\":[\"A Africa\",\"Afroempreendedorismo\",\"Arte e Cultura\"],\"inLanguage\":\"pt-BR\"},{\"@type\":\"WebPage\",\"@id\":\"https:\/\/atlasgeoculturalafricaatual.com\/index.php\/2022\/07\/04\/entrevista-start-jp\/\",\"url\":\"https:\/\/atlasgeoculturalafricaatual.com\/index.php\/2022\/07\/04\/entrevista-start-jp\/\",\"name\":\"Entrevista Start JP - atlasgeoculturalafricaatual.com\",\"isPartOf\":{\"@id\":\"https:\/\/atlasgeoculturalafricaatual.com\/#website\"},\"datePublished\":\"2022-07-04T18:08:03+00:00\",\"dateModified\":\"2022-07-04T18:08:03+00:00\",\"description\":\"No s\u00e9timo epis\u00f3dio do programa Start , que foi ao ar no dia 02\/07\/2022 atrav\u00e9s da R\u00e1dio Jovem Pan News Campinas 100.3 FM, o Prof. Dr. Odair Marques da Silva, escritor do livro Atlas Geocultural da \u00c1frica, participou do bate-papo sobre o contexto atual e o futuro da integra\u00e7\u00e3o de ecossistemas de empreendedorismo e inova\u00e7\u00e3o Brasil-\u00c1frica.\",\"breadcrumb\":{\"@id\":\"https:\/\/atlasgeoculturalafricaatual.com\/index.php\/2022\/07\/04\/entrevista-start-jp\/#breadcrumb\"},\"inLanguage\":\"pt-BR\",\"potentialAction\":[{\"@type\":\"ReadAction\",\"target\":[\"https:\/\/atlasgeoculturalafricaatual.com\/index.php\/2022\/07\/04\/entrevista-start-jp\/\"]}]},{\"@type\":\"BreadcrumbList\",\"@id\":\"https:\/\/atlasgeoculturalafricaatual.com\/index.php\/2022\/07\/04\/entrevista-start-jp\/#breadcrumb\",\"itemListElement\":[{\"@type\":\"ListItem\",\"position\":1,\"name\":\"In\u00edcio\",\"item\":\"https:\/\/atlasgeoculturalafricaatual.com\/\"},{\"@type\":\"ListItem\",\"position\":2,\"name\":\"Entrevista Start JP\"}]},{\"@type\":\"WebSite\",\"@id\":\"https:\/\/atlasgeoculturalafricaatual.com\/#website\",\"url\":\"https:\/\/atlasgeoculturalafricaatual.com\/\",\"name\":\"atlasgeoculturalafricaatual.com\",\"description\":\"O Atlas Geocultural da \u00c1frica \u00e9 um rico material de leitura e pesquisa, que visa apresentar de forma atual os pa\u00edses africanos, ainda t\u00e3o pouco conhecidos.\",\"publisher\":{\"@id\":\"https:\/\/atlasgeoculturalafricaatual.com\/#organization\"},\"potentialAction\":[{\"@type\":\"SearchAction\",\"target\":{\"@type\":\"EntryPoint\",\"urlTemplate\":\"https:\/\/atlasgeoculturalafricaatual.com\/?s={search_term_string}\"},\"query-input\":\"required name=search_term_string\"}],\"inLanguage\":\"pt-BR\"},{\"@type\":\"Organization\",\"@id\":\"https:\/\/atlasgeoculturalafricaatual.com\/#organization\",\"name\":\"atlasgeoculturalafricaatual.com\",\"url\":\"https:\/\/atlasgeoculturalafricaatual.com\/\",\"logo\":{\"@type\":\"ImageObject\",\"inLanguage\":\"pt-BR\",\"@id\":\"https:\/\/atlasgeoculturalafricaatual.com\/#\/schema\/logo\/image\/\",\"url\":\"http:\/\/atlasgeoculturalafricaatual.com\/wp-content\/uploads\/2023\/06\/LOGOEIROS_Prancheta-1-tipo-preto.png\",\"contentUrl\":\"http:\/\/atlasgeoculturalafricaatual.com\/wp-content\/uploads\/2023\/06\/LOGOEIROS_Prancheta-1-tipo-preto.png\",\"width\":1667,\"height\":730,\"caption\":\"atlasgeoculturalafricaatual.com\"},\"image\":{\"@id\":\"https:\/\/atlasgeoculturalafricaatual.com\/#\/schema\/logo\/image\/\"}},{\"@type\":\"Person\",\"@id\":\"https:\/\/atlasgeoculturalafricaatual.com\/#\/schema\/person\/eeee269288097965a8c6f963043e4062\",\"name\":\"atlasgeoculturalafricaatual.com\",\"image\":{\"@type\":\"ImageObject\",\"inLanguage\":\"pt-BR\",\"@id\":\"https:\/\/atlasgeoculturalafricaatual.com\/#\/schema\/person\/image\/\",\"url\":\"https:\/\/secure.gravatar.com\/avatar\/7af55f21031d350b316a54060d50821f?s=96&d=mm&r=g\",\"contentUrl\":\"https:\/\/secure.gravatar.com\/avatar\/7af55f21031d350b316a54060d50821f?s=96&d=mm&r=g\",\"caption\":\"atlasgeoculturalafricaatual.com\"},\"sameAs\":[\"http:\/\/atlasgeoculturalafricaatual.com\"],\"url\":\"https:\/\/atlasgeoculturalafricaatual.com\/index.php\/author\/atlasgeoculturalafricaatual-com\/\"}]}<\/script>\n<!-- \/ Yoast SEO plugin. -->","yoast_head_json":{"title":"Entrevista Start JP - atlasgeoculturalafricaatual.com","description":"No s\u00e9timo epis\u00f3dio do programa Start , que foi ao ar no dia 02\/07\/2022 atrav\u00e9s da R\u00e1dio Jovem Pan News Campinas 100.3 FM, o Prof. Dr. Odair Marques da Silva, escritor do livro Atlas Geocultural da \u00c1frica, participou do bate-papo sobre o contexto atual e o futuro da integra\u00e7\u00e3o de ecossistemas de empreendedorismo e inova\u00e7\u00e3o Brasil-\u00c1frica.","robots":{"index":"index","follow":"follow","max-snippet":"max-snippet:-1","max-image-preview":"max-image-preview:large","max-video-preview":"max-video-preview:-1"},"canonical":"https:\/\/atlasgeoculturalafricaatual.com\/index.php\/2022\/07\/04\/entrevista-start-jp\/","og_locale":"pt_BR","og_type":"article","og_title":"Entrevista Start JP - atlasgeoculturalafricaatual.com","og_description":"No s\u00e9timo epis\u00f3dio do programa Start , que foi ao ar no dia 02\/07\/2022 atrav\u00e9s da R\u00e1dio Jovem Pan News Campinas 100.3 FM, o Prof. Dr. Odair Marques da Silva, escritor do livro Atlas Geocultural da \u00c1frica, participou do bate-papo sobre o contexto atual e o futuro da integra\u00e7\u00e3o de ecossistemas de empreendedorismo e inova\u00e7\u00e3o Brasil-\u00c1frica.","og_url":"https:\/\/atlasgeoculturalafricaatual.com\/index.php\/2022\/07\/04\/entrevista-start-jp\/","og_site_name":"atlasgeoculturalafricaatual.com","article_published_time":"2022-07-04T18:08:03+00:00","author":"atlasgeoculturalafricaatual.com","twitter_card":"summary_large_image","twitter_misc":{"Escrito por":"atlasgeoculturalafricaatual.com","Est. tempo de leitura":"1 minuto"},"schema":{"@context":"https:\/\/schema.org","@graph":[{"@type":"Article","@id":"https:\/\/atlasgeoculturalafricaatual.com\/index.php\/2022\/07\/04\/entrevista-start-jp\/#article","isPartOf":{"@id":"https:\/\/atlasgeoculturalafricaatual.com\/index.php\/2022\/07\/04\/entrevista-start-jp\/"},"author":{"name":"atlasgeoculturalafricaatual.com","@id":"https:\/\/atlasgeoculturalafricaatual.com\/#\/schema\/person\/eeee269288097965a8c6f963043e4062"},"headline":"Entrevista Start JP","datePublished":"2022-07-04T18:08:03+00:00","dateModified":"2022-07-04T18:08:03+00:00","mainEntityOfPage":{"@id":"https:\/\/atlasgeoculturalafricaatual.com\/index.php\/2022\/07\/04\/entrevista-start-jp\/"},"wordCount":109,"publisher":{"@id":"https:\/\/atlasgeoculturalafricaatual.com\/#organization"},"articleSection":["A Africa","Afroempreendedorismo","Arte e Cultura"],"inLanguage":"pt-BR"},{"@type":"WebPage","@id":"https:\/\/atlasgeoculturalafricaatual.com\/index.php\/2022\/07\/04\/entrevista-start-jp\/","url":"https:\/\/atlasgeoculturalafricaatual.com\/index.php\/2022\/07\/04\/entrevista-start-jp\/","name":"Entrevista Start JP - atlasgeoculturalafricaatual.com","isPartOf":{"@id":"https:\/\/atlasgeoculturalafricaatual.com\/#website"},"datePublished":"2022-07-04T18:08:03+00:00","dateModified":"2022-07-04T18:08:03+00:00","description":"No s\u00e9timo epis\u00f3dio do programa Start , que foi ao ar no dia 02\/07\/2022 atrav\u00e9s da R\u00e1dio Jovem Pan News Campinas 100.3 FM, o Prof. Dr. Odair Marques da Silva, escritor do livro Atlas Geocultural da \u00c1frica, participou do bate-papo sobre o contexto atual e o futuro da integra\u00e7\u00e3o de ecossistemas de empreendedorismo e inova\u00e7\u00e3o Brasil-\u00c1frica.","breadcrumb":{"@id":"https:\/\/atlasgeoculturalafricaatual.com\/index.php\/2022\/07\/04\/entrevista-start-jp\/#breadcrumb"},"inLanguage":"pt-BR","potentialAction":[{"@type":"ReadAction","target":["https:\/\/atlasgeoculturalafricaatual.com\/index.php\/2022\/07\/04\/entrevista-start-jp\/"]}]},{"@type":"BreadcrumbList","@id":"https:\/\/atlasgeoculturalafricaatual.com\/index.php\/2022\/07\/04\/entrevista-start-jp\/#breadcrumb","itemListElement":[{"@type":"ListItem","position":1,"name":"In\u00edcio","item":"https:\/\/atlasgeoculturalafricaatual.com\/"},{"@type":"ListItem","position":2,"name":"Entrevista Start JP"}]},{"@type":"WebSite","@id":"https:\/\/atlasgeoculturalafricaatual.com\/#website","url":"https:\/\/atlasgeoculturalafricaatual.com\/","name":"atlasgeoculturalafricaatual.com","description":"O Atlas Geocultural da \u00c1frica \u00e9 um rico material de leitura e pesquisa, que visa apresentar de forma atual os pa\u00edses africanos, ainda t\u00e3o pouco conhecidos.","publisher":{"@id":"https:\/\/atlasgeoculturalafricaatual.com\/#organization"},"potentialAction":[{"@type":"SearchAction","target":{"@type":"EntryPoint","urlTemplate":"https:\/\/atlasgeoculturalafricaatual.com\/?s={search_term_string}"},"query-input":"required name=search_term_string"}],"inLanguage":"pt-BR"},{"@type":"Organization","@id":"https:\/\/atlasgeoculturalafricaatual.com\/#organization","name":"atlasgeoculturalafricaatual.com","url":"https:\/\/atlasgeoculturalafricaatual.com\/","logo":{"@type":"ImageObject","inLanguage":"pt-BR","@id":"https:\/\/atlasgeoculturalafricaatual.com\/#\/schema\/logo\/image\/","url":"http:\/\/atlasgeoculturalafricaatual.com\/wp-content\/uploads\/2023\/06\/LOGOEIROS_Prancheta-1-tipo-preto.png","contentUrl":"http:\/\/atlasgeoculturalafricaatual.com\/wp-content\/uploads\/2023\/06\/LOGOEIROS_Prancheta-1-tipo-preto.png","width":1667,"height":730,"caption":"atlasgeoculturalafricaatual.com"},"image":{"@id":"https:\/\/atlasgeoculturalafricaatual.com\/#\/schema\/logo\/image\/"}},{"@type":"Person","@id":"https:\/\/atlasgeoculturalafricaatual.com\/#\/schema\/person\/eeee269288097965a8c6f963043e4062","name":"atlasgeoculturalafricaatual.com","image":{"@type":"ImageObject","inLanguage":"pt-BR","@id":"https:\/\/atlasgeoculturalafricaatual.com\/#\/schema\/person\/image\/","url":"https:\/\/secure.gravatar.com\/avatar\/7af55f21031d350b316a54060d50821f?s=96&d=mm&r=g","contentUrl":"https:\/\/secure.gravatar.com\/avatar\/7af55f21031d350b316a54060d50821f?s=96&d=mm&r=g","caption":"atlasgeoculturalafricaatual.com"},"sameAs":["http:\/\/atlasgeoculturalafricaatual.com"],"url":"https:\/\/atlasgeoculturalafricaatual.com\/index.php\/author\/atlasgeoculturalafricaatual-com\/"}]}},"_links":{"self":[{"href":"https:\/\/atlasgeoculturalafricaatual.com\/index.php\/wp-json\/wp\/v2\/posts\/5919","targetHints":{"allow":["GET"]}}],"collection":[{"href":"https:\/\/atlasgeoculturalafricaatual.com\/index.php\/wp-json\/wp\/v2\/posts"}],"about":[{"href":"https:\/\/atlasgeoculturalafricaatual.com\/index.php\/wp-json\/wp\/v2\/types\/post"}],"author":[{"embeddable":true,"href":"https:\/\/atlasgeoculturalafricaatual.com\/index.php\/wp-json\/wp\/v2\/users\/1"}],"replies":[{"embeddable":true,"href":"https:\/\/atlasgeoculturalafricaatual.com\/index.php\/wp-json\/wp\/v2\/comments?post=5919"}],"version-history":[{"count":0,"href":"https:\/\/atlasgeoculturalafricaatual.com\/index.php\/wp-json\/wp\/v2\/posts\/5919\/revisions"}],"wp:featuredmedia":[{"embeddable":true,"href":"https:\/\/atlasgeoculturalafricaatual.com\/index.php\/wp-json\/"}],"wp:attachment":[{"href":"https:\/\/atlasgeoculturalafricaatual.com\/index.php\/wp-json\/wp\/v2\/media?parent=5919"}],"wp:term":[{"taxonomy":"category","embeddable":true,"href":"https:\/\/atlasgeoculturalafricaatual.com\/index.php\/wp-json\/wp\/v2\/categories?post=5919"},{"taxonomy":"post_tag","embeddable":true,"href":"https:\/\/atlasgeoculturalafricaatual.com\/index.php\/wp-json\/wp\/v2\/tags?post=5919"},{"taxonomy":"palavra-chave","embeddable":true,"href":"https:\/\/atlasgeoculturalafricaatual.com\/index.php\/wp-json\/wp\/v2\/palavra-chave?post=5919"}],"curies":[{"name":"wp","href":"https:\/\/api.w.org\/{rel}","templated":true}]}}