{"id":559,"date":"2020-03-24T17:04:54","date_gmt":"2020-03-24T20:04:54","guid":{"rendered":"https:\/\/atlasgeoculturalafricaatual.com\/index.php\/2020\/03\/24\/african-news-2\/"},"modified":"2020-03-24T17:04:54","modified_gmt":"2020-03-24T20:04:54","slug":"african-news-2","status":"publish","type":"post","link":"https:\/\/atlasgeoculturalafricaatual.com\/index.php\/2020\/03\/24\/african-news-2\/","title":{"rendered":"Ruanda: Volkswagen inaugura f\u00e1brica"},"content":{"rendered":"\n<h3 class=\"wp-block-heading\">Investimento local de US$ 20 milh\u00f5es inclui montagem do Polo e Passat, mais programa de compartilhamento<br><br><\/h3>\n\n\n\n<p>A&nbsp;<strong>Volkswagen<\/strong>&nbsp;inaugurou sua primeira linha de montagem em&nbsp;<strong>Ruanda<\/strong>, na \u00c1frica, com capacidade para at\u00e9 5 mil carros por ano. A produ\u00e7\u00e3o come\u00e7a com os modelos Polo e Passat. A opera\u00e7\u00e3o local inclui n\u00e3o s\u00f3 montagem de carros, mas tamb\u00e9m o compartilhamento de ve\u00edculos e um ponto de vendas e servi\u00e7os. O investimento previsto em uma primeira fase \u00e9 de US$ 20 milh\u00f5es, com a expectativa de gerar mil empregos locais.<br><br>\u201cRuanda \u00e9 um pa\u00eds jovem e \u00e1vido por mobilidade individual. Com um pacote adaptado \u00e0 regi\u00e3o, com produ\u00e7\u00e3o local e servi\u00e7os de mobilidade inovadores, vamos aproveitar as oportunidades de crescimento. O pa\u00eds pode se tornar um modelo para outros da \u00c1frica e para mercados emergentes\u201d, afirma o CEO do Grupo Volkswagen para a \u00c1frica do Sul, Thomas Sch\u00e4fer.<br><br>De acordo com o grupo alem\u00e3o, o compartilhamento de carros estar\u00e1 baseado em aplicativos. O projeto come\u00e7a com empresas situadas na capital Kigali. A Volkswagen afirma que Ruanda \u00e9 o mercado ideal para solu\u00e7\u00f5es de mobilidade porque sua popula\u00e7\u00e3o \u00e9 bem informada sobre tecnologia digital.<br><br>Al\u00e9m de Ruanda, a Volkswagen j\u00e1 atua na \u00c1frica do Sul, Nig\u00e9ria, Qu\u00eania e Arg\u00e9lia. Em sua estrat\u00e9gia de m\u00e9dio prazo Transform 2025+, a companhia est\u00e1 fortalecendo as regi\u00f5es consolidadas e se concentrando em novos mercados em ascens\u00e3o.<br><br>\u201cObviamente, existem alguns desafios, mas tamb\u00e9m h\u00e1 grandes oportunidades no continente africano. Come\u00e7ando com opera\u00e7\u00f5es menores, podemos aprender e responder de forma flex\u00edvel aos desenvolvimentos\u201d, conclui Sch\u00e4fer.<br><\/p>\n\n\n\n<p>Fonte? <a href=\"httpsss:\/\/www.automotivebusiness.com.br\/noticia\/27658\/volkswagen-inaugura-fabrica-em-ruanda\">httpsss:\/\/www.automotivebusiness.com.br\/noticia\/27658\/volkswagen-inaugura-fabrica-em-ruanda<\/a><\/p>\n","protected":false},"excerpt":{"rendered":"<p>Investimento local de US$ 20 milh\u00f5es inclui montagem do Polo e Passat, mais programa de compartilhamento A&nbsp;Volkswagen&nbsp;inaugurou sua primeira linha de montagem em&nbsp;Ruanda, na \u00c1frica, com capacidade para at\u00e9 5 [&hellip;]<\/p>\n","protected":false},"author":1,"featured_media":572,"comment_status":"open","ping_status":"closed","sticky":false,"template":"","format":"standard","meta":{"content-type":"","footnotes":""},"categories":[48],"tags":[],"palavra-chave":[],"class_list":["post-559","post","type-post","status-publish","format-standard","has-post-thumbnail","hentry","category-sem-categoria","entry","has-media"],"aioseo_notices":[],"yoast_head":"<!-- This site is optimized with the Yoast SEO plugin v20.13 - https:\/\/yoast.com\/wordpress\/plugins\/seo\/ -->\n<title>Ruanda: Volkswagen inaugura f\u00e1brica - atlasgeoculturalafricaatual.com<\/title>\n<meta name=\"robots\" content=\"index, follow, max-snippet:-1, max-image-preview:large, max-video-preview:-1\" \/>\n<link rel=\"canonical\" href=\"https:\/\/atlasgeoculturalafricaatual.com\/index.php\/2020\/03\/24\/african-news-2\/\" \/>\n<meta property=\"og:locale\" content=\"pt_BR\" \/>\n<meta property=\"og:type\" content=\"article\" \/>\n<meta property=\"og:title\" content=\"Ruanda: Volkswagen inaugura f\u00e1brica - atlasgeoculturalafricaatual.com\" \/>\n<meta property=\"og:description\" content=\"Investimento local de US$ 20 milh\u00f5es inclui montagem do Polo e Passat, mais programa de compartilhamento A&nbsp;Volkswagen&nbsp;inaugurou sua primeira linha de montagem em&nbsp;Ruanda, na \u00c1frica, com capacidade para at\u00e9 5 [&hellip;]\" \/>\n<meta property=\"og:url\" content=\"https:\/\/atlasgeoculturalafricaatual.com\/index.php\/2020\/03\/24\/african-news-2\/\" \/>\n<meta property=\"og:site_name\" content=\"atlasgeoculturalafricaatual.com\" \/>\n<meta property=\"article:published_time\" content=\"2020-03-24T20:04:54+00:00\" \/>\n<meta name=\"author\" content=\"atlasgeoculturalafricaatual.com\" \/>\n<meta name=\"twitter:card\" content=\"summary_large_image\" \/>\n<meta name=\"twitter:label1\" content=\"Escrito por\" \/>\n\t<meta name=\"twitter:data1\" content=\"atlasgeoculturalafricaatual.com\" \/>\n\t<meta name=\"twitter:label2\" content=\"Est. tempo de leitura\" \/>\n\t<meta name=\"twitter:data2\" content=\"1 minuto\" \/>\n<script type=\"application\/ld+json\" class=\"yoast-schema-graph\">{\"@context\":\"https:\/\/schema.org\",\"@graph\":[{\"@type\":\"Article\",\"@id\":\"https:\/\/atlasgeoculturalafricaatual.com\/index.php\/2020\/03\/24\/african-news-2\/#article\",\"isPartOf\":{\"@id\":\"https:\/\/atlasgeoculturalafricaatual.com\/index.php\/2020\/03\/24\/african-news-2\/\"},\"author\":{\"name\":\"atlasgeoculturalafricaatual.com\",\"@id\":\"https:\/\/atlasgeoculturalafricaatual.com\/#\/schema\/person\/eeee269288097965a8c6f963043e4062\"},\"headline\":\"Ruanda: Volkswagen inaugura f\u00e1brica\",\"datePublished\":\"2020-03-24T20:04:54+00:00\",\"dateModified\":\"2020-03-24T20:04:54+00:00\",\"mainEntityOfPage\":{\"@id\":\"https:\/\/atlasgeoculturalafricaatual.com\/index.php\/2020\/03\/24\/african-news-2\/\"},\"wordCount\":295,\"commentCount\":0,\"publisher\":{\"@id\":\"https:\/\/atlasgeoculturalafricaatual.com\/#organization\"},\"articleSection\":[\"A Africa\"],\"inLanguage\":\"pt-BR\",\"potentialAction\":[{\"@type\":\"CommentAction\",\"name\":\"Comment\",\"target\":[\"https:\/\/atlasgeoculturalafricaatual.com\/index.php\/2020\/03\/24\/african-news-2\/#respond\"]}]},{\"@type\":\"WebPage\",\"@id\":\"https:\/\/atlasgeoculturalafricaatual.com\/index.php\/2020\/03\/24\/african-news-2\/\",\"url\":\"https:\/\/atlasgeoculturalafricaatual.com\/index.php\/2020\/03\/24\/african-news-2\/\",\"name\":\"Ruanda: Volkswagen inaugura f\u00e1brica - atlasgeoculturalafricaatual.com\",\"isPartOf\":{\"@id\":\"https:\/\/atlasgeoculturalafricaatual.com\/#website\"},\"datePublished\":\"2020-03-24T20:04:54+00:00\",\"dateModified\":\"2020-03-24T20:04:54+00:00\",\"breadcrumb\":{\"@id\":\"https:\/\/atlasgeoculturalafricaatual.com\/index.php\/2020\/03\/24\/african-news-2\/#breadcrumb\"},\"inLanguage\":\"pt-BR\",\"potentialAction\":[{\"@type\":\"ReadAction\",\"target\":[\"https:\/\/atlasgeoculturalafricaatual.com\/index.php\/2020\/03\/24\/african-news-2\/\"]}]},{\"@type\":\"BreadcrumbList\",\"@id\":\"https:\/\/atlasgeoculturalafricaatual.com\/index.php\/2020\/03\/24\/african-news-2\/#breadcrumb\",\"itemListElement\":[{\"@type\":\"ListItem\",\"position\":1,\"name\":\"In\u00edcio\",\"item\":\"https:\/\/atlasgeoculturalafricaatual.com\/\"},{\"@type\":\"ListItem\",\"position\":2,\"name\":\"Ruanda: Volkswagen inaugura f\u00e1brica\"}]},{\"@type\":\"WebSite\",\"@id\":\"https:\/\/atlasgeoculturalafricaatual.com\/#website\",\"url\":\"https:\/\/atlasgeoculturalafricaatual.com\/\",\"name\":\"atlasgeoculturalafricaatual.com\",\"description\":\"O Atlas Geocultural da \u00c1frica \u00e9 um rico material de leitura e pesquisa, que visa apresentar de forma atual os pa\u00edses africanos, ainda t\u00e3o pouco conhecidos.\",\"publisher\":{\"@id\":\"https:\/\/atlasgeoculturalafricaatual.com\/#organization\"},\"potentialAction\":[{\"@type\":\"SearchAction\",\"target\":{\"@type\":\"EntryPoint\",\"urlTemplate\":\"https:\/\/atlasgeoculturalafricaatual.com\/?s={search_term_string}\"},\"query-input\":\"required name=search_term_string\"}],\"inLanguage\":\"pt-BR\"},{\"@type\":\"Organization\",\"@id\":\"https:\/\/atlasgeoculturalafricaatual.com\/#organization\",\"name\":\"atlasgeoculturalafricaatual.com\",\"url\":\"https:\/\/atlasgeoculturalafricaatual.com\/\",\"logo\":{\"@type\":\"ImageObject\",\"inLanguage\":\"pt-BR\",\"@id\":\"https:\/\/atlasgeoculturalafricaatual.com\/#\/schema\/logo\/image\/\",\"url\":\"http:\/\/atlasgeoculturalafricaatual.com\/wp-content\/uploads\/2023\/06\/LOGOEIROS_Prancheta-1-tipo-preto.png\",\"contentUrl\":\"http:\/\/atlasgeoculturalafricaatual.com\/wp-content\/uploads\/2023\/06\/LOGOEIROS_Prancheta-1-tipo-preto.png\",\"width\":1667,\"height\":730,\"caption\":\"atlasgeoculturalafricaatual.com\"},\"image\":{\"@id\":\"https:\/\/atlasgeoculturalafricaatual.com\/#\/schema\/logo\/image\/\"}},{\"@type\":\"Person\",\"@id\":\"https:\/\/atlasgeoculturalafricaatual.com\/#\/schema\/person\/eeee269288097965a8c6f963043e4062\",\"name\":\"atlasgeoculturalafricaatual.com\",\"image\":{\"@type\":\"ImageObject\",\"inLanguage\":\"pt-BR\",\"@id\":\"https:\/\/atlasgeoculturalafricaatual.com\/#\/schema\/person\/image\/\",\"url\":\"https:\/\/secure.gravatar.com\/avatar\/7af55f21031d350b316a54060d50821f?s=96&d=mm&r=g\",\"contentUrl\":\"https:\/\/secure.gravatar.com\/avatar\/7af55f21031d350b316a54060d50821f?s=96&d=mm&r=g\",\"caption\":\"atlasgeoculturalafricaatual.com\"},\"sameAs\":[\"http:\/\/atlasgeoculturalafricaatual.com\"],\"url\":\"https:\/\/atlasgeoculturalafricaatual.com\/index.php\/author\/atlasgeoculturalafricaatual-com\/\"}]}<\/script>\n<!-- \/ Yoast SEO plugin. -->","yoast_head_json":{"title":"Ruanda: Volkswagen inaugura f\u00e1brica - atlasgeoculturalafricaatual.com","robots":{"index":"index","follow":"follow","max-snippet":"max-snippet:-1","max-image-preview":"max-image-preview:large","max-video-preview":"max-video-preview:-1"},"canonical":"https:\/\/atlasgeoculturalafricaatual.com\/index.php\/2020\/03\/24\/african-news-2\/","og_locale":"pt_BR","og_type":"article","og_title":"Ruanda: Volkswagen inaugura f\u00e1brica - atlasgeoculturalafricaatual.com","og_description":"Investimento local de US$ 20 milh\u00f5es inclui montagem do Polo e Passat, mais programa de compartilhamento A&nbsp;Volkswagen&nbsp;inaugurou sua primeira linha de montagem em&nbsp;Ruanda, na \u00c1frica, com capacidade para at\u00e9 5 [&hellip;]","og_url":"https:\/\/atlasgeoculturalafricaatual.com\/index.php\/2020\/03\/24\/african-news-2\/","og_site_name":"atlasgeoculturalafricaatual.com","article_published_time":"2020-03-24T20:04:54+00:00","author":"atlasgeoculturalafricaatual.com","twitter_card":"summary_large_image","twitter_misc":{"Escrito por":"atlasgeoculturalafricaatual.com","Est. tempo de leitura":"1 minuto"},"schema":{"@context":"https:\/\/schema.org","@graph":[{"@type":"Article","@id":"https:\/\/atlasgeoculturalafricaatual.com\/index.php\/2020\/03\/24\/african-news-2\/#article","isPartOf":{"@id":"https:\/\/atlasgeoculturalafricaatual.com\/index.php\/2020\/03\/24\/african-news-2\/"},"author":{"name":"atlasgeoculturalafricaatual.com","@id":"https:\/\/atlasgeoculturalafricaatual.com\/#\/schema\/person\/eeee269288097965a8c6f963043e4062"},"headline":"Ruanda: Volkswagen inaugura f\u00e1brica","datePublished":"2020-03-24T20:04:54+00:00","dateModified":"2020-03-24T20:04:54+00:00","mainEntityOfPage":{"@id":"https:\/\/atlasgeoculturalafricaatual.com\/index.php\/2020\/03\/24\/african-news-2\/"},"wordCount":295,"commentCount":0,"publisher":{"@id":"https:\/\/atlasgeoculturalafricaatual.com\/#organization"},"articleSection":["A Africa"],"inLanguage":"pt-BR","potentialAction":[{"@type":"CommentAction","name":"Comment","target":["https:\/\/atlasgeoculturalafricaatual.com\/index.php\/2020\/03\/24\/african-news-2\/#respond"]}]},{"@type":"WebPage","@id":"https:\/\/atlasgeoculturalafricaatual.com\/index.php\/2020\/03\/24\/african-news-2\/","url":"https:\/\/atlasgeoculturalafricaatual.com\/index.php\/2020\/03\/24\/african-news-2\/","name":"Ruanda: Volkswagen inaugura f\u00e1brica - atlasgeoculturalafricaatual.com","isPartOf":{"@id":"https:\/\/atlasgeoculturalafricaatual.com\/#website"},"datePublished":"2020-03-24T20:04:54+00:00","dateModified":"2020-03-24T20:04:54+00:00","breadcrumb":{"@id":"https:\/\/atlasgeoculturalafricaatual.com\/index.php\/2020\/03\/24\/african-news-2\/#breadcrumb"},"inLanguage":"pt-BR","potentialAction":[{"@type":"ReadAction","target":["https:\/\/atlasgeoculturalafricaatual.com\/index.php\/2020\/03\/24\/african-news-2\/"]}]},{"@type":"BreadcrumbList","@id":"https:\/\/atlasgeoculturalafricaatual.com\/index.php\/2020\/03\/24\/african-news-2\/#breadcrumb","itemListElement":[{"@type":"ListItem","position":1,"name":"In\u00edcio","item":"https:\/\/atlasgeoculturalafricaatual.com\/"},{"@type":"ListItem","position":2,"name":"Ruanda: Volkswagen inaugura f\u00e1brica"}]},{"@type":"WebSite","@id":"https:\/\/atlasgeoculturalafricaatual.com\/#website","url":"https:\/\/atlasgeoculturalafricaatual.com\/","name":"atlasgeoculturalafricaatual.com","description":"O Atlas Geocultural da \u00c1frica \u00e9 um rico material de leitura e pesquisa, que visa apresentar de forma atual os pa\u00edses africanos, ainda t\u00e3o pouco conhecidos.","publisher":{"@id":"https:\/\/atlasgeoculturalafricaatual.com\/#organization"},"potentialAction":[{"@type":"SearchAction","target":{"@type":"EntryPoint","urlTemplate":"https:\/\/atlasgeoculturalafricaatual.com\/?s={search_term_string}"},"query-input":"required name=search_term_string"}],"inLanguage":"pt-BR"},{"@type":"Organization","@id":"https:\/\/atlasgeoculturalafricaatual.com\/#organization","name":"atlasgeoculturalafricaatual.com","url":"https:\/\/atlasgeoculturalafricaatual.com\/","logo":{"@type":"ImageObject","inLanguage":"pt-BR","@id":"https:\/\/atlasgeoculturalafricaatual.com\/#\/schema\/logo\/image\/","url":"http:\/\/atlasgeoculturalafricaatual.com\/wp-content\/uploads\/2023\/06\/LOGOEIROS_Prancheta-1-tipo-preto.png","contentUrl":"http:\/\/atlasgeoculturalafricaatual.com\/wp-content\/uploads\/2023\/06\/LOGOEIROS_Prancheta-1-tipo-preto.png","width":1667,"height":730,"caption":"atlasgeoculturalafricaatual.com"},"image":{"@id":"https:\/\/atlasgeoculturalafricaatual.com\/#\/schema\/logo\/image\/"}},{"@type":"Person","@id":"https:\/\/atlasgeoculturalafricaatual.com\/#\/schema\/person\/eeee269288097965a8c6f963043e4062","name":"atlasgeoculturalafricaatual.com","image":{"@type":"ImageObject","inLanguage":"pt-BR","@id":"https:\/\/atlasgeoculturalafricaatual.com\/#\/schema\/person\/image\/","url":"https:\/\/secure.gravatar.com\/avatar\/7af55f21031d350b316a54060d50821f?s=96&d=mm&r=g","contentUrl":"https:\/\/secure.gravatar.com\/avatar\/7af55f21031d350b316a54060d50821f?s=96&d=mm&r=g","caption":"atlasgeoculturalafricaatual.com"},"sameAs":["http:\/\/atlasgeoculturalafricaatual.com"],"url":"https:\/\/atlasgeoculturalafricaatual.com\/index.php\/author\/atlasgeoculturalafricaatual-com\/"}]}},"_links":{"self":[{"href":"https:\/\/atlasgeoculturalafricaatual.com\/index.php\/wp-json\/wp\/v2\/posts\/559","targetHints":{"allow":["GET"]}}],"collection":[{"href":"https:\/\/atlasgeoculturalafricaatual.com\/index.php\/wp-json\/wp\/v2\/posts"}],"about":[{"href":"https:\/\/atlasgeoculturalafricaatual.com\/index.php\/wp-json\/wp\/v2\/types\/post"}],"author":[{"embeddable":true,"href":"https:\/\/atlasgeoculturalafricaatual.com\/index.php\/wp-json\/wp\/v2\/users\/1"}],"replies":[{"embeddable":true,"href":"https:\/\/atlasgeoculturalafricaatual.com\/index.php\/wp-json\/wp\/v2\/comments?post=559"}],"version-history":[{"count":0,"href":"https:\/\/atlasgeoculturalafricaatual.com\/index.php\/wp-json\/wp\/v2\/posts\/559\/revisions"}],"wp:featuredmedia":[{"embeddable":true,"href":"https:\/\/atlasgeoculturalafricaatual.com\/index.php\/wp-json\/wp\/v2\/media\/572"}],"wp:attachment":[{"href":"https:\/\/atlasgeoculturalafricaatual.com\/index.php\/wp-json\/wp\/v2\/media?parent=559"}],"wp:term":[{"taxonomy":"category","embeddable":true,"href":"https:\/\/atlasgeoculturalafricaatual.com\/index.php\/wp-json\/wp\/v2\/categories?post=559"},{"taxonomy":"post_tag","embeddable":true,"href":"https:\/\/atlasgeoculturalafricaatual.com\/index.php\/wp-json\/wp\/v2\/tags?post=559"},{"taxonomy":"palavra-chave","embeddable":true,"href":"https:\/\/atlasgeoculturalafricaatual.com\/index.php\/wp-json\/wp\/v2\/palavra-chave?post=559"}],"curies":[{"name":"wp","href":"https:\/\/api.w.org\/{rel}","templated":true}]}}