{"id":5073,"date":"2022-06-14T18:06:06","date_gmt":"2022-06-14T21:06:06","guid":{"rendered":"https:\/\/atlasgeoculturalafricaatual.com\/index.php\/2022\/06\/14\/dialogos-sobre-a-africa-moderna\/"},"modified":"2022-06-14T18:06:06","modified_gmt":"2022-06-14T21:06:06","slug":"dialogos-sobre-a-africa-moderna","status":"publish","type":"post","link":"https:\/\/atlasgeoculturalafricaatual.com\/index.php\/2022\/06\/14\/dialogos-sobre-a-africa-moderna\/","title":{"rendered":"Di\u00e1logos sobre a \u00c1frica Moderna"},"content":{"rendered":"\n<p><\/p>\n\n\n\n<p>Nesta Quarta-feira, 15\/06 \u00e0s 19h, &#8220;Di\u00e1logo obre a \u00c1frica Moderna&#8221; com Gislaine Camillo, Assessora t\u00e9cnica da SEEDUC, Andr\u00e9a Jo\u00e3o, Assessora T\u00e9cnica dos Quilombos da Funda\u00e7\u00e3o ITESP, Prof. Odair Marques da Silva, autor de Projetos de Divulga\u00e7\u00e3o da \u00c1frica e do Livro Atlas Geocultural da \u00c1frica. Realiza\u00e7\u00e3o: Conselho Estadual de Participa\u00e7\u00e3o e Desenvolvimento da Comunidade Negra de S\u00e3o Paulo e CPPNI.<br><br>O evento \u00e9 online e acontecer\u00e1 na p\u00e1gina do<a href=\"httpsss:\/\/www.facebook.com\/cpdcn\"> Facebook.com\/cpdcn<\/a>.<\/p>\n\n\n\n<p><br><\/p>\n\n\n\n<p><\/p>\n\n\n\n<p><\/p>\n\n\n\n<p><\/p>\n","protected":false},"excerpt":{"rendered":"<p>Nesta Quarta-feira, 15\/06 \u00e0s 19h, &#8220;Di\u00e1logo obre a \u00c1frica Moderna&#8221; com Gislaine Camillo, Assessora t\u00e9cnica da SEEDUC, Andr\u00e9a Jo\u00e3o, Assessora T\u00e9cnica dos Quilombos da Funda\u00e7\u00e3o ITESP, Prof. Odair Marques da Silva, autor de Projetos de Divulga\u00e7\u00e3o da \u00c1frica e do Livro Atlas Geocultural da \u00c1frica. Realiza\u00e7\u00e3o: Conselho Estadual de Participa\u00e7\u00e3o e Desenvolvimento da Comunidade Negra de S\u00e3o Paulo e CPPNI.<\/p>\n<p>O evento \u00e9 online e acontecer\u00e1 na p\u00e1gina do Facebook.com\/cpdcn.<\/p>\n","protected":false},"author":1,"featured_media":5075,"comment_status":"open","ping_status":"open","sticky":true,"template":"","format":"standard","meta":{"content-type":"","footnotes":""},"categories":[62],"tags":[82,78],"palavra-chave":[],"class_list":["post-5073","post","type-post","status-publish","format-standard","has-post-thumbnail","hentry","category-news","tag-dialogos","tag-live","entry","has-media"],"aioseo_notices":[],"yoast_head":"<!-- This site is optimized with the Yoast SEO plugin v20.13 - https:\/\/yoast.com\/wordpress\/plugins\/seo\/ -->\n<title>Di\u00e1logos sobre a \u00c1frica Moderna - atlasgeoculturalafricaatual.com<\/title>\n<meta name=\"robots\" content=\"index, follow, max-snippet:-1, max-image-preview:large, max-video-preview:-1\" \/>\n<link rel=\"canonical\" href=\"https:\/\/atlasgeoculturalafricaatual.com\/index.php\/2022\/06\/14\/dialogos-sobre-a-africa-moderna\/\" \/>\n<meta property=\"og:locale\" content=\"pt_BR\" \/>\n<meta property=\"og:type\" content=\"article\" \/>\n<meta property=\"og:title\" content=\"Di\u00e1logos sobre a \u00c1frica Moderna - atlasgeoculturalafricaatual.com\" \/>\n<meta property=\"og:description\" content=\"Nesta Quarta-feira, 15\/06 \u00e0s 19h, &quot;Di\u00e1logo obre a \u00c1frica Moderna&quot; com Gislaine Camillo, Assessora t\u00e9cnica da SEEDUC, Andr\u00e9a Jo\u00e3o, Assessora T\u00e9cnica dos Quilombos da Funda\u00e7\u00e3o ITESP, Prof. Odair Marques da Silva, autor de Projetos de Divulga\u00e7\u00e3o da \u00c1frica e do Livro Atlas Geocultural da \u00c1frica. Realiza\u00e7\u00e3o: Conselho Estadual de Participa\u00e7\u00e3o e Desenvolvimento da Comunidade Negra de S\u00e3o Paulo e CPPNI. O evento \u00e9 online e acontecer\u00e1 na p\u00e1gina do Facebook.com\/cpdcn.\" \/>\n<meta property=\"og:url\" content=\"https:\/\/atlasgeoculturalafricaatual.com\/index.php\/2022\/06\/14\/dialogos-sobre-a-africa-moderna\/\" \/>\n<meta property=\"og:site_name\" content=\"atlasgeoculturalafricaatual.com\" \/>\n<meta property=\"article:published_time\" content=\"2022-06-14T21:06:06+00:00\" \/>\n<meta name=\"author\" content=\"atlasgeoculturalafricaatual.com\" \/>\n<meta name=\"twitter:card\" content=\"summary_large_image\" \/>\n<meta name=\"twitter:label1\" content=\"Escrito por\" \/>\n\t<meta name=\"twitter:data1\" content=\"atlasgeoculturalafricaatual.com\" \/>\n<script type=\"application\/ld+json\" class=\"yoast-schema-graph\">{\"@context\":\"https:\/\/schema.org\",\"@graph\":[{\"@type\":\"Article\",\"@id\":\"https:\/\/atlasgeoculturalafricaatual.com\/index.php\/2022\/06\/14\/dialogos-sobre-a-africa-moderna\/#article\",\"isPartOf\":{\"@id\":\"https:\/\/atlasgeoculturalafricaatual.com\/index.php\/2022\/06\/14\/dialogos-sobre-a-africa-moderna\/\"},\"author\":{\"name\":\"atlasgeoculturalafricaatual.com\",\"@id\":\"https:\/\/atlasgeoculturalafricaatual.com\/#\/schema\/person\/eeee269288097965a8c6f963043e4062\"},\"headline\":\"Di\u00e1logos sobre a \u00c1frica Moderna\",\"datePublished\":\"2022-06-14T21:06:06+00:00\",\"dateModified\":\"2022-06-14T21:06:06+00:00\",\"mainEntityOfPage\":{\"@id\":\"https:\/\/atlasgeoculturalafricaatual.com\/index.php\/2022\/06\/14\/dialogos-sobre-a-africa-moderna\/\"},\"wordCount\":87,\"commentCount\":0,\"publisher\":{\"@id\":\"https:\/\/atlasgeoculturalafricaatual.com\/#organization\"},\"keywords\":[\"Di\u00e1logos\",\"Live\"],\"articleSection\":[\"News\"],\"inLanguage\":\"pt-BR\",\"potentialAction\":[{\"@type\":\"CommentAction\",\"name\":\"Comment\",\"target\":[\"https:\/\/atlasgeoculturalafricaatual.com\/index.php\/2022\/06\/14\/dialogos-sobre-a-africa-moderna\/#respond\"]}]},{\"@type\":\"WebPage\",\"@id\":\"https:\/\/atlasgeoculturalafricaatual.com\/index.php\/2022\/06\/14\/dialogos-sobre-a-africa-moderna\/\",\"url\":\"https:\/\/atlasgeoculturalafricaatual.com\/index.php\/2022\/06\/14\/dialogos-sobre-a-africa-moderna\/\",\"name\":\"Di\u00e1logos sobre a \u00c1frica Moderna - atlasgeoculturalafricaatual.com\",\"isPartOf\":{\"@id\":\"https:\/\/atlasgeoculturalafricaatual.com\/#website\"},\"datePublished\":\"2022-06-14T21:06:06+00:00\",\"dateModified\":\"2022-06-14T21:06:06+00:00\",\"breadcrumb\":{\"@id\":\"https:\/\/atlasgeoculturalafricaatual.com\/index.php\/2022\/06\/14\/dialogos-sobre-a-africa-moderna\/#breadcrumb\"},\"inLanguage\":\"pt-BR\",\"potentialAction\":[{\"@type\":\"ReadAction\",\"target\":[\"https:\/\/atlasgeoculturalafricaatual.com\/index.php\/2022\/06\/14\/dialogos-sobre-a-africa-moderna\/\"]}]},{\"@type\":\"BreadcrumbList\",\"@id\":\"https:\/\/atlasgeoculturalafricaatual.com\/index.php\/2022\/06\/14\/dialogos-sobre-a-africa-moderna\/#breadcrumb\",\"itemListElement\":[{\"@type\":\"ListItem\",\"position\":1,\"name\":\"In\u00edcio\",\"item\":\"https:\/\/atlasgeoculturalafricaatual.com\/\"},{\"@type\":\"ListItem\",\"position\":2,\"name\":\"Di\u00e1logos sobre a \u00c1frica Moderna\"}]},{\"@type\":\"WebSite\",\"@id\":\"https:\/\/atlasgeoculturalafricaatual.com\/#website\",\"url\":\"https:\/\/atlasgeoculturalafricaatual.com\/\",\"name\":\"atlasgeoculturalafricaatual.com\",\"description\":\"O Atlas Geocultural da \u00c1frica \u00e9 um rico material de leitura e pesquisa, que visa apresentar de forma atual os pa\u00edses africanos, ainda t\u00e3o pouco conhecidos.\",\"publisher\":{\"@id\":\"https:\/\/atlasgeoculturalafricaatual.com\/#organization\"},\"potentialAction\":[{\"@type\":\"SearchAction\",\"target\":{\"@type\":\"EntryPoint\",\"urlTemplate\":\"https:\/\/atlasgeoculturalafricaatual.com\/?s={search_term_string}\"},\"query-input\":\"required name=search_term_string\"}],\"inLanguage\":\"pt-BR\"},{\"@type\":\"Organization\",\"@id\":\"https:\/\/atlasgeoculturalafricaatual.com\/#organization\",\"name\":\"atlasgeoculturalafricaatual.com\",\"url\":\"https:\/\/atlasgeoculturalafricaatual.com\/\",\"logo\":{\"@type\":\"ImageObject\",\"inLanguage\":\"pt-BR\",\"@id\":\"https:\/\/atlasgeoculturalafricaatual.com\/#\/schema\/logo\/image\/\",\"url\":\"http:\/\/atlasgeoculturalafricaatual.com\/wp-content\/uploads\/2023\/06\/LOGOEIROS_Prancheta-1-tipo-preto.png\",\"contentUrl\":\"http:\/\/atlasgeoculturalafricaatual.com\/wp-content\/uploads\/2023\/06\/LOGOEIROS_Prancheta-1-tipo-preto.png\",\"width\":1667,\"height\":730,\"caption\":\"atlasgeoculturalafricaatual.com\"},\"image\":{\"@id\":\"https:\/\/atlasgeoculturalafricaatual.com\/#\/schema\/logo\/image\/\"}},{\"@type\":\"Person\",\"@id\":\"https:\/\/atlasgeoculturalafricaatual.com\/#\/schema\/person\/eeee269288097965a8c6f963043e4062\",\"name\":\"atlasgeoculturalafricaatual.com\",\"image\":{\"@type\":\"ImageObject\",\"inLanguage\":\"pt-BR\",\"@id\":\"https:\/\/atlasgeoculturalafricaatual.com\/#\/schema\/person\/image\/\",\"url\":\"https:\/\/secure.gravatar.com\/avatar\/7af55f21031d350b316a54060d50821f?s=96&d=mm&r=g\",\"contentUrl\":\"https:\/\/secure.gravatar.com\/avatar\/7af55f21031d350b316a54060d50821f?s=96&d=mm&r=g\",\"caption\":\"atlasgeoculturalafricaatual.com\"},\"sameAs\":[\"http:\/\/atlasgeoculturalafricaatual.com\"],\"url\":\"https:\/\/atlasgeoculturalafricaatual.com\/index.php\/author\/atlasgeoculturalafricaatual-com\/\"}]}<\/script>\n<!-- \/ Yoast SEO plugin. -->","yoast_head_json":{"title":"Di\u00e1logos sobre a \u00c1frica Moderna - atlasgeoculturalafricaatual.com","robots":{"index":"index","follow":"follow","max-snippet":"max-snippet:-1","max-image-preview":"max-image-preview:large","max-video-preview":"max-video-preview:-1"},"canonical":"https:\/\/atlasgeoculturalafricaatual.com\/index.php\/2022\/06\/14\/dialogos-sobre-a-africa-moderna\/","og_locale":"pt_BR","og_type":"article","og_title":"Di\u00e1logos sobre a \u00c1frica Moderna - atlasgeoculturalafricaatual.com","og_description":"Nesta Quarta-feira, 15\/06 \u00e0s 19h, \"Di\u00e1logo obre a \u00c1frica Moderna\" com Gislaine Camillo, Assessora t\u00e9cnica da SEEDUC, Andr\u00e9a Jo\u00e3o, Assessora T\u00e9cnica dos Quilombos da Funda\u00e7\u00e3o ITESP, Prof. Odair Marques da Silva, autor de Projetos de Divulga\u00e7\u00e3o da \u00c1frica e do Livro Atlas Geocultural da \u00c1frica. Realiza\u00e7\u00e3o: Conselho Estadual de Participa\u00e7\u00e3o e Desenvolvimento da Comunidade Negra de S\u00e3o Paulo e CPPNI. O evento \u00e9 online e acontecer\u00e1 na p\u00e1gina do Facebook.com\/cpdcn.","og_url":"https:\/\/atlasgeoculturalafricaatual.com\/index.php\/2022\/06\/14\/dialogos-sobre-a-africa-moderna\/","og_site_name":"atlasgeoculturalafricaatual.com","article_published_time":"2022-06-14T21:06:06+00:00","author":"atlasgeoculturalafricaatual.com","twitter_card":"summary_large_image","twitter_misc":{"Escrito por":"atlasgeoculturalafricaatual.com"},"schema":{"@context":"https:\/\/schema.org","@graph":[{"@type":"Article","@id":"https:\/\/atlasgeoculturalafricaatual.com\/index.php\/2022\/06\/14\/dialogos-sobre-a-africa-moderna\/#article","isPartOf":{"@id":"https:\/\/atlasgeoculturalafricaatual.com\/index.php\/2022\/06\/14\/dialogos-sobre-a-africa-moderna\/"},"author":{"name":"atlasgeoculturalafricaatual.com","@id":"https:\/\/atlasgeoculturalafricaatual.com\/#\/schema\/person\/eeee269288097965a8c6f963043e4062"},"headline":"Di\u00e1logos sobre a \u00c1frica Moderna","datePublished":"2022-06-14T21:06:06+00:00","dateModified":"2022-06-14T21:06:06+00:00","mainEntityOfPage":{"@id":"https:\/\/atlasgeoculturalafricaatual.com\/index.php\/2022\/06\/14\/dialogos-sobre-a-africa-moderna\/"},"wordCount":87,"commentCount":0,"publisher":{"@id":"https:\/\/atlasgeoculturalafricaatual.com\/#organization"},"keywords":["Di\u00e1logos","Live"],"articleSection":["News"],"inLanguage":"pt-BR","potentialAction":[{"@type":"CommentAction","name":"Comment","target":["https:\/\/atlasgeoculturalafricaatual.com\/index.php\/2022\/06\/14\/dialogos-sobre-a-africa-moderna\/#respond"]}]},{"@type":"WebPage","@id":"https:\/\/atlasgeoculturalafricaatual.com\/index.php\/2022\/06\/14\/dialogos-sobre-a-africa-moderna\/","url":"https:\/\/atlasgeoculturalafricaatual.com\/index.php\/2022\/06\/14\/dialogos-sobre-a-africa-moderna\/","name":"Di\u00e1logos sobre a \u00c1frica Moderna - atlasgeoculturalafricaatual.com","isPartOf":{"@id":"https:\/\/atlasgeoculturalafricaatual.com\/#website"},"datePublished":"2022-06-14T21:06:06+00:00","dateModified":"2022-06-14T21:06:06+00:00","breadcrumb":{"@id":"https:\/\/atlasgeoculturalafricaatual.com\/index.php\/2022\/06\/14\/dialogos-sobre-a-africa-moderna\/#breadcrumb"},"inLanguage":"pt-BR","potentialAction":[{"@type":"ReadAction","target":["https:\/\/atlasgeoculturalafricaatual.com\/index.php\/2022\/06\/14\/dialogos-sobre-a-africa-moderna\/"]}]},{"@type":"BreadcrumbList","@id":"https:\/\/atlasgeoculturalafricaatual.com\/index.php\/2022\/06\/14\/dialogos-sobre-a-africa-moderna\/#breadcrumb","itemListElement":[{"@type":"ListItem","position":1,"name":"In\u00edcio","item":"https:\/\/atlasgeoculturalafricaatual.com\/"},{"@type":"ListItem","position":2,"name":"Di\u00e1logos sobre a \u00c1frica Moderna"}]},{"@type":"WebSite","@id":"https:\/\/atlasgeoculturalafricaatual.com\/#website","url":"https:\/\/atlasgeoculturalafricaatual.com\/","name":"atlasgeoculturalafricaatual.com","description":"O Atlas Geocultural da \u00c1frica \u00e9 um rico material de leitura e pesquisa, que visa apresentar de forma atual os pa\u00edses africanos, ainda t\u00e3o pouco conhecidos.","publisher":{"@id":"https:\/\/atlasgeoculturalafricaatual.com\/#organization"},"potentialAction":[{"@type":"SearchAction","target":{"@type":"EntryPoint","urlTemplate":"https:\/\/atlasgeoculturalafricaatual.com\/?s={search_term_string}"},"query-input":"required name=search_term_string"}],"inLanguage":"pt-BR"},{"@type":"Organization","@id":"https:\/\/atlasgeoculturalafricaatual.com\/#organization","name":"atlasgeoculturalafricaatual.com","url":"https:\/\/atlasgeoculturalafricaatual.com\/","logo":{"@type":"ImageObject","inLanguage":"pt-BR","@id":"https:\/\/atlasgeoculturalafricaatual.com\/#\/schema\/logo\/image\/","url":"http:\/\/atlasgeoculturalafricaatual.com\/wp-content\/uploads\/2023\/06\/LOGOEIROS_Prancheta-1-tipo-preto.png","contentUrl":"http:\/\/atlasgeoculturalafricaatual.com\/wp-content\/uploads\/2023\/06\/LOGOEIROS_Prancheta-1-tipo-preto.png","width":1667,"height":730,"caption":"atlasgeoculturalafricaatual.com"},"image":{"@id":"https:\/\/atlasgeoculturalafricaatual.com\/#\/schema\/logo\/image\/"}},{"@type":"Person","@id":"https:\/\/atlasgeoculturalafricaatual.com\/#\/schema\/person\/eeee269288097965a8c6f963043e4062","name":"atlasgeoculturalafricaatual.com","image":{"@type":"ImageObject","inLanguage":"pt-BR","@id":"https:\/\/atlasgeoculturalafricaatual.com\/#\/schema\/person\/image\/","url":"https:\/\/secure.gravatar.com\/avatar\/7af55f21031d350b316a54060d50821f?s=96&d=mm&r=g","contentUrl":"https:\/\/secure.gravatar.com\/avatar\/7af55f21031d350b316a54060d50821f?s=96&d=mm&r=g","caption":"atlasgeoculturalafricaatual.com"},"sameAs":["http:\/\/atlasgeoculturalafricaatual.com"],"url":"https:\/\/atlasgeoculturalafricaatual.com\/index.php\/author\/atlasgeoculturalafricaatual-com\/"}]}},"_links":{"self":[{"href":"https:\/\/atlasgeoculturalafricaatual.com\/index.php\/wp-json\/wp\/v2\/posts\/5073","targetHints":{"allow":["GET"]}}],"collection":[{"href":"https:\/\/atlasgeoculturalafricaatual.com\/index.php\/wp-json\/wp\/v2\/posts"}],"about":[{"href":"https:\/\/atlasgeoculturalafricaatual.com\/index.php\/wp-json\/wp\/v2\/types\/post"}],"author":[{"embeddable":true,"href":"https:\/\/atlasgeoculturalafricaatual.com\/index.php\/wp-json\/wp\/v2\/users\/1"}],"replies":[{"embeddable":true,"href":"https:\/\/atlasgeoculturalafricaatual.com\/index.php\/wp-json\/wp\/v2\/comments?post=5073"}],"version-history":[{"count":0,"href":"https:\/\/atlasgeoculturalafricaatual.com\/index.php\/wp-json\/wp\/v2\/posts\/5073\/revisions"}],"wp:featuredmedia":[{"embeddable":true,"href":"https:\/\/atlasgeoculturalafricaatual.com\/index.php\/wp-json\/"}],"wp:attachment":[{"href":"https:\/\/atlasgeoculturalafricaatual.com\/index.php\/wp-json\/wp\/v2\/media?parent=5073"}],"wp:term":[{"taxonomy":"category","embeddable":true,"href":"https:\/\/atlasgeoculturalafricaatual.com\/index.php\/wp-json\/wp\/v2\/categories?post=5073"},{"taxonomy":"post_tag","embeddable":true,"href":"https:\/\/atlasgeoculturalafricaatual.com\/index.php\/wp-json\/wp\/v2\/tags?post=5073"},{"taxonomy":"palavra-chave","embeddable":true,"href":"https:\/\/atlasgeoculturalafricaatual.com\/index.php\/wp-json\/wp\/v2\/palavra-chave?post=5073"}],"curies":[{"name":"wp","href":"https:\/\/api.w.org\/{rel}","templated":true}]}}