{"id":4547,"date":"2022-06-04T18:16:17","date_gmt":"2022-06-04T21:16:17","guid":{"rendered":"https:\/\/atlasgeoculturalafricaatual.com\/index.php\/2022\/06\/04\/lideres-globais\/"},"modified":"2022-06-04T18:16:17","modified_gmt":"2022-06-04T21:16:17","slug":"lideres-globais","status":"publish","type":"post","link":"https:\/\/atlasgeoculturalafricaatual.com\/index.php\/2022\/06\/04\/lideres-globais\/","title":{"rendered":"L\u00edderes Globais Africanos"},"content":{"rendered":"\t\t<div data-elementor-type=\"wp-post\" data-elementor-id=\"4547\" class=\"elementor elementor-4547\">\n\t\t\t\t\t\t\t<div class=\"elementor-element elementor-element-af07212 e-flex e-con-boxed e-con\" data-id=\"af07212\" data-element_type=\"container\" data-settings=\"{&quot;content_width&quot;:&quot;boxed&quot;}\">\n\t\t\t\t\t<div class=\"e-con-inner\">\n\t\t\t\t<div class=\"elementor-element elementor-element-dcfa005 elementor-widget elementor-widget-heading\" data-id=\"dcfa005\" data-element_type=\"widget\" data-widget_type=\"heading.default\">\n\t\t\t\t<div class=\"elementor-widget-container\">\n\t\t\t<style>\/*! elementor - v3.15.0 - 02-08-2023 *\/\n.elementor-heading-title{padding:0;margin:0;line-height:1}.elementor-widget-heading .elementor-heading-title[class*=elementor-size-]>a{color:inherit;font-size:inherit;line-height:inherit}.elementor-widget-heading .elementor-heading-title.elementor-size-small{font-size:15px}.elementor-widget-heading .elementor-heading-title.elementor-size-medium{font-size:19px}.elementor-widget-heading .elementor-heading-title.elementor-size-large{font-size:29px}.elementor-widget-heading .elementor-heading-title.elementor-size-xl{font-size:39px}.elementor-widget-heading .elementor-heading-title.elementor-size-xxl{font-size:59px}<\/style><h2 class=\"elementor-heading-title elementor-size-large\">A \u00c1frica e a lideran\u00e7a global em 2022<\/h2>\t\t<\/div>\n\t\t\t\t<\/div>\n\t\t\t\t\t<\/div>\n\t\t\t\t<\/div>\n\t\t<div class=\"elementor-element elementor-element-c1be29b e-flex e-con-boxed e-con\" data-id=\"c1be29b\" data-element_type=\"container\" data-settings=\"{&quot;content_width&quot;:&quot;boxed&quot;}\">\n\t\t\t\t\t<div class=\"e-con-inner\">\n\t\t\t\t<div class=\"elementor-element elementor-element-244cd66 elementor-widget elementor-widget-text-editor\" data-id=\"244cd66\" data-element_type=\"widget\" data-widget_type=\"text-editor.default\">\n\t\t\t\t<div class=\"elementor-widget-container\">\n\t\t\t<style>\/*! elementor - v3.15.0 - 02-08-2023 *\/\n.elementor-widget-text-editor.elementor-drop-cap-view-stacked .elementor-drop-cap{background-color:#69727d;color:#fff}.elementor-widget-text-editor.elementor-drop-cap-view-framed .elementor-drop-cap{color:#69727d;border:3px solid;background-color:transparent}.elementor-widget-text-editor:not(.elementor-drop-cap-view-default) .elementor-drop-cap{margin-top:8px}.elementor-widget-text-editor:not(.elementor-drop-cap-view-default) .elementor-drop-cap-letter{width:1em;height:1em}.elementor-widget-text-editor .elementor-drop-cap{float:left;text-align:center;line-height:1;font-size:50px}.elementor-widget-text-editor .elementor-drop-cap-letter{display:inline-block}<\/style>\t\t\t\t<p>A contar com 54 pa\u00edses e acima de 1 bilh\u00e3o de habitantes, o continente africano prossegue em seu processo de constru\u00e7\u00e3o de suas na\u00e7\u00f5es, aliadas \u00e0s din\u00e2micas de fortalecimento de suas institui\u00e7\u00f5es e de seu desenvolvimento social e econ\u00f4mico.<\/p><p>Reflexo destas iniciativas se visibilizam na Uni\u00e3o Africana (www.au.int) e de dezenas, sen\u00e3o centenas, de organiza\u00e7\u00f5es parceiras.<\/p><p>Outra reverbera\u00e7\u00e3o se apresenta com a participa\u00e7\u00e3o, cada vez mais intensa, de suas lideran\u00e7as sendo reconhecidas e ocupando postos importantes em significativas organiza\u00e7\u00f5es e empresas em todo o mundo. Assim, nada mais relevante \u00e0 comunidade brasileira o conhecimento do hist\u00f3rico destas personalidades, cujas decis\u00f5es impactam, em \u00faltima inst\u00e2ncia, as nossas vidas em\u00a0 sociedade. Nesta mat\u00e9ria destacamos cinco lideran\u00e7as.<\/p>\t\t\t\t\t\t<\/div>\n\t\t\t\t<\/div>\n\t\t\t\t\t<\/div>\n\t\t\t\t<\/div>\n\t\t<div class=\"elementor-element elementor-element-b1e3bc0 e-flex e-con-boxed e-con\" data-id=\"b1e3bc0\" data-element_type=\"container\" data-settings=\"{&quot;content_width&quot;:&quot;boxed&quot;}\">\n\t\t\t\t\t<div class=\"e-con-inner\">\n\t\t\t\t<div class=\"elementor-element elementor-element-d4bf9b1 elementor-widget elementor-widget-heading\" data-id=\"d4bf9b1\" data-element_type=\"widget\" data-widget_type=\"heading.default\">\n\t\t\t\t<div class=\"elementor-widget-container\">\n\t\t\t<h3 class=\"elementor-heading-title elementor-size-default\">Winnie Byanyima <\/h3>\t\t<\/div>\n\t\t\t\t<\/div>\n\t\t\t\t\t<\/div>\n\t\t\t\t<\/div>\n\t\t<div class=\"elementor-element elementor-element-999ff71 e-flex e-con-boxed e-con\" data-id=\"999ff71\" data-element_type=\"container\" data-settings=\"{&quot;content_width&quot;:&quot;boxed&quot;}\">\n\t\t\t\t\t<div class=\"e-con-inner\">\n\t\t\t\t<div class=\"elementor-element elementor-element-f937bc8 elementor-widget elementor-widget-image\" data-id=\"f937bc8\" data-element_type=\"widget\" data-widget_type=\"image.default\">\n\t\t\t\t<div class=\"elementor-widget-container\">\n\t\t\t<style>\/*! elementor - v3.15.0 - 02-08-2023 *\/\n.elementor-widget-image{text-align:center}.elementor-widget-image a{display:inline-block}.elementor-widget-image a img[src$=\".svg\"]{width:48px}.elementor-widget-image img{vertical-align:middle;display:inline-block}<\/style>\t\t\t\t\t\t\t\t\t\t\t\t<img decoding=\"async\" src=\"\/\/africaatual.com.br\/wp-content\/uploads\/2022\/06\/Winnie-Byanyima.jpg\" title=\"\" alt=\"\" loading=\"lazy\" \/>\t\t\t\t\t\t\t\t\t\t\t\t\t\t\t<\/div>\n\t\t\t\t<\/div>\n\t\t\t\t\t<\/div>\n\t\t\t\t<\/div>\n\t\t<div class=\"elementor-element elementor-element-4def9d1 e-flex e-con-boxed e-con\" data-id=\"4def9d1\" data-element_type=\"container\" data-settings=\"{&quot;content_width&quot;:&quot;boxed&quot;}\">\n\t\t\t\t\t<div class=\"e-con-inner\">\n\t\t\t\t<div class=\"elementor-element elementor-element-602c9fa elementor-widget elementor-widget-text-editor\" data-id=\"602c9fa\" data-element_type=\"widget\" data-widget_type=\"text-editor.default\">\n\t\t\t\t<div class=\"elementor-widget-container\">\n\t\t\t\t\t\t\t<p>\u00a0<\/p><p>A contar com gradua\u00e7\u00e3o avan\u00e7ada em Engenharia Mec\u00e2nica (Conserva\u00e7\u00e3o de Energia e Meio Ambiente) pelo Cranfield Institute of Technology, complementada pela sofisticada gradua\u00e7\u00e3o em Engenharia Aeron\u00e1utica pela Universidade de Manchester.<\/p><p>Nascida em Uganda, serviu por 11 anos o parlamento onde sempre lutou pelos direitos das mulheres.\u00a0 Uma defensora apaixonada e de longa data da justi\u00e7a social e da igualdade de g\u00eanero. Conquistou \u00a0v\u00e1rios pr\u00eamios, incluindo um doutorado honor\u00e1rio da Universidade de Manchester, Reino Unido, um doutorado honor\u00e1rio da Universidade Mount Saint Vincent, Canad\u00e1, e o Pr\u00eamio Direitos Humanos e Solidariedade entre os Povos 2018, concedido pelo Conselho Latino-Americano de Ci\u00eancias Sociais.<\/p><p>Hoje, diretora executiva do UNAIDS e subsecret\u00e1ria-geral das Na\u00e7\u00f5es Unidas.<\/p><p>Na vida pessoal \u00e9 casada e tem um filho. Possui 7 nomes pessoais entre eles Kyegiragire, que significa \u201ceu posso me fazer o que eu quiser ser\u201d, e, segundo suas declara\u00e7\u00f5es, esse conceito foi fundamental para a evolu\u00e7\u00e3o de sua carreira e luta.<\/p><p>fonte: httpsss:\/\/www.unaids.org\/en\/aboutunaids\/unaidsleadership\/bios\/winnie-byanyima<\/p>\t\t\t\t\t\t<\/div>\n\t\t\t\t<\/div>\n\t\t\t\t\t<\/div>\n\t\t\t\t<\/div>\n\t\t<div class=\"elementor-element elementor-element-5339551 e-flex e-con-boxed e-con\" data-id=\"5339551\" data-element_type=\"container\" data-settings=\"{&quot;content_width&quot;:&quot;boxed&quot;}\">\n\t\t\t\t\t<div class=\"e-con-inner\">\n\t\t\t\t<div class=\"elementor-element elementor-element-2ba332d elementor-widget elementor-widget-heading\" data-id=\"2ba332d\" data-element_type=\"widget\" data-widget_type=\"heading.default\">\n\t\t\t\t<div class=\"elementor-widget-container\">\n\t\t\t<h2 class=\"elementor-heading-title elementor-size-default\">Mohammed Sanusi Barkindo<\/h2>\t\t<\/div>\n\t\t\t\t<\/div>\n\t\t\t\t\t<\/div>\n\t\t\t\t<\/div>\n\t\t<div class=\"elementor-element elementor-element-e2da034 e-flex e-con-boxed e-con\" data-id=\"e2da034\" data-element_type=\"container\" data-settings=\"{&quot;content_width&quot;:&quot;boxed&quot;}\">\n\t\t\t\t\t<div class=\"e-con-inner\">\n\t\t\t\t<div class=\"elementor-element elementor-element-e22c1ef elementor-widget elementor-widget-image\" data-id=\"e22c1ef\" data-element_type=\"widget\" data-widget_type=\"image.default\">\n\t\t\t\t<div class=\"elementor-widget-container\">\n\t\t\t\t\t\t\t\t\t\t\t\t\t\t\t<img decoding=\"async\" src=\"\/\/africaatual.com.br\/wp-content\/uploads\/2022\/06\/Mohammed-Sanusi-Barkindo.jpg\" title=\"\" alt=\"\" loading=\"lazy\" \/>\t\t\t\t\t\t\t\t\t\t\t\t\t\t\t<\/div>\n\t\t\t\t<\/div>\n\t\t\t\t\t<\/div>\n\t\t\t\t<\/div>\n\t\t<div class=\"elementor-element elementor-element-935030a e-flex e-con-boxed e-con\" data-id=\"935030a\" data-element_type=\"container\" data-settings=\"{&quot;content_width&quot;:&quot;boxed&quot;}\">\n\t\t\t\t\t<div class=\"e-con-inner\">\n\t\t\t\t<div class=\"elementor-element elementor-element-3b9764a elementor-widget elementor-widget-text-editor\" data-id=\"3b9764a\" data-element_type=\"widget\" data-widget_type=\"text-editor.default\">\n\t\t\t\t<div class=\"elementor-widget-container\">\n\t\t\t\t\t\t\t<p>Mohammed Sanusi Barkindo nasce na Nig\u00e9ria.<\/p><p>Inicia seu mandato como Secret\u00e1rio-Geral da OPEP em 2016, sendo que sua progress\u00e3o curricular na gest\u00e3o de \u00f3rg\u00e3os na OPEP se adensa desde os anos 1986. <span style=\"color: #4b4b4b; font-family: 'Source Sans Pro', sans-serif; font-style: italic; font-weight: 600; text-align: var(--text-align); background-color: var(--ast-global-color-5);\">Organiza\u00e7\u00e3o dos Pa\u00edses Exportadores de Petr\u00f3leo (OPEP).<\/span><\/p><p style=\"margin-bottom: 35px; list-style: none; -webkit-tap-highlight-color: transparent; color: #4b4b4b; font-family: 'Source Sans Pro', sans-serif; font-size: 16px; font-style: normal; font-weight: 400;\"><span style=\"margin: 0px; padding: 0px; list-style: none; -webkit-tap-highlight-color: transparent; border: 0px; outline: 0px; vertical-align: inherit;\">secret\u00e1rio geral<\/span><\/p><p>\u00a0 \u00a0 \u00a0 \u00a0 \u00a0 Mr. Barkindo tamb\u00e9m \u00e9 l\u00edder da delega\u00e7\u00e3o t\u00e9cnica da Nig\u00e9ria para as negocia\u00e7\u00f5es sobre mudan\u00e7as clim\u00e1ticas da ONU desde 1991. Atuando de forma proativa na Conven\u00e7\u00e3o-Quadro das Na\u00e7\u00f5es Unidas sobre Mudan\u00e7as Clim\u00e1ticas ( UNFCCC).<\/p><p>\u00a0 \u00a0 \u00a0 \u00a0 \u00a0 Gradua-se na Nig\u00e9ria em Ci\u00eancias Pol\u00edticas e realiza sua p\u00f3s-gradua\u00e7\u00e3o Petroleum Economics, Oxford, United Kingdom (1988). Complementada pelo MBA em Finance and Banking, Washington University, United States (1991). Conquista o doutorado Honoris Causa em ci\u00eancias pela Modibbo Adama, Federal University of Technology, Yola.<\/p><p>\u00a0 \u00a0 \u00a0 \u00a0 \u00a0Mohammed Barkindo passou grande parte de sua carreira na Nigerian National Petroleum Corporation (NNPC), empresa nacional de hidrocarbonetos da Nig\u00e9ria. L\u00e1 trabalha h\u00e1 mais de 23 anos, principalmente como coordenador de fun\u00e7\u00f5es especiais, como supervisionar a implementa\u00e7\u00e3o de grandes projetos corporativos.<\/p><p>\u00a0 \u00a0 \u00a0 \u00a0 \u00a0Foi tamb\u00e9m, entre 1993 e 2008, Director Geral Adjunto da Nigerian Liquefied Natural Gas Company, uma joint venture entre a NNPC, a anglo-holandesa Shell Gas, a francesa Total e a italiana ENI.<\/p><p>\u00a0 \u00a0 \u00a0 \u00a0 \u00a0 Em julho de 2011, ele foi nomeado &#8220;Wali Adamawa&#8221; (chefe de Adamawa, um estado no nordeste da Nig\u00e9ria).<\/p><p>Fonte: httpsss:\/\/roscongress.org\/en\/speakers\/barkindo-mokhammed-sanusi\/biography\/<\/p>\t\t\t\t\t\t<\/div>\n\t\t\t\t<\/div>\n\t\t\t\t\t<\/div>\n\t\t\t\t<\/div>\n\t\t<div class=\"elementor-element elementor-element-8306bb9 e-flex e-con-boxed e-con\" data-id=\"8306bb9\" data-element_type=\"container\" data-settings=\"{&quot;content_width&quot;:&quot;boxed&quot;}\">\n\t\t\t\t\t<div class=\"e-con-inner\">\n\t\t\t\t<div class=\"elementor-element elementor-element-993ba24 elementor-widget elementor-widget-heading\" data-id=\"993ba24\" data-element_type=\"widget\" data-widget_type=\"heading.default\">\n\t\t\t\t<div class=\"elementor-widget-container\">\n\t\t\t<h2 class=\"elementor-heading-title elementor-size-default\">Antonieta Sayeh<\/h2>\t\t<\/div>\n\t\t\t\t<\/div>\n\t\t\t\t\t<\/div>\n\t\t\t\t<\/div>\n\t\t<div class=\"elementor-element elementor-element-6c4bbf1 e-flex e-con-boxed e-con\" data-id=\"6c4bbf1\" data-element_type=\"container\" data-settings=\"{&quot;content_width&quot;:&quot;boxed&quot;}\">\n\t\t\t\t\t<div class=\"e-con-inner\">\n\t\t\t\t<div class=\"elementor-element elementor-element-74d2662 elementor-widget elementor-widget-image\" data-id=\"74d2662\" data-element_type=\"widget\" data-widget_type=\"image.default\">\n\t\t\t\t<div class=\"elementor-widget-container\">\n\t\t\t\t\t\t\t\t\t\t\t\t\t\t\t<img decoding=\"async\" src=\"\/\/africaatual.com.br\/wp-content\/uploads\/2022\/06\/Antonieta-Sayeh-2.jpg\" title=\"\" alt=\"\" loading=\"lazy\" \/>\t\t\t\t\t\t\t\t\t\t\t\t\t\t\t<\/div>\n\t\t\t\t<\/div>\n\t\t\t\t\t<\/div>\n\t\t\t\t<\/div>\n\t\t<div class=\"elementor-element elementor-element-df131cf e-flex e-con-boxed e-con\" data-id=\"df131cf\" data-element_type=\"container\" data-settings=\"{&quot;content_width&quot;:&quot;boxed&quot;}\">\n\t\t\t\t\t<div class=\"e-con-inner\">\n\t\t\t\t<div class=\"elementor-element elementor-element-f7c0f28 elementor-widget elementor-widget-text-editor\" data-id=\"f7c0f28\" data-element_type=\"widget\" data-widget_type=\"text-editor.default\">\n\t\t\t\t<div class=\"elementor-widget-container\">\n\t\t\t\t\t\t\t<p>Nasce na capital Monr\u00f3via, Lib\u00e9ria. Produz sua carreira nas \u00e1reas de economia e pol\u00edtica. Sua gradua\u00e7\u00e3o se conclui na <span class=\"w\">Faculdade\u00a0<\/span><span class=\"w\">Swarthmore,<\/span> <span class=\"w\">Escola\u00a0<\/span><span class=\"w\">Fletcher\u00a0<\/span><span class=\"w\">de\u00a0<\/span><span class=\"w\">Direito\u00a0<\/span><span class=\"w\">e\u00a0<\/span><span class=\"w\">Diplomacia. <\/span><\/p><p><span class=\"w\">Desempenha fun\u00e7\u00f5es de lideran\u00e7a no FMI, importante ag\u00eancia de fomento internacional, <\/span>o Internacional como Diretora do Departamento Africano do FMI. Somando 17 anos de lideran\u00e7a em projetos do Banco Mundial, impacta os programas de desenvolvimento social e econ\u00f4mico em v\u00e1rios pa\u00edses.<\/p><p>Como Ministra das Finan\u00e7as na Lib\u00e9ria, apresenta uma s\u00f3lida base de solu\u00e7\u00f5es financeiras, a alcan\u00e7ar a redu\u00e7\u00e3o da d\u00edvida externa do pa\u00eds em extraordin\u00e1rios 90%.<\/p><p>A Sra. Sayeh se forma com bacharelado com honras em economia pela Swarthmore College e doutorado em Rela\u00e7\u00f5es Econ\u00f4micas Internacionais pela Fletcher School da Tufts University.<\/p><p>Enquanto na CGD, atuou no Conselho de Administra\u00e7\u00e3o do Swarthmore College. E, tamb\u00e9m, na Diretoria do Centro Presidencial Ellen Johnson Sirleaf para Mulheres e Desenvolvimento; e Conselho de Administra\u00e7\u00e3o de L\u00edderes P\u00fablicos Emergentes.<\/p><p>Fonte: httpsss:\/\/en-academic.com\/dic.nsf\/enwiki\/3279412<\/p>\t\t\t\t\t\t<\/div>\n\t\t\t\t<\/div>\n\t\t\t\t\t<\/div>\n\t\t\t\t<\/div>\n\t\t<div class=\"elementor-element elementor-element-9250f30 e-flex e-con-boxed e-con\" data-id=\"9250f30\" data-element_type=\"container\" data-settings=\"{&quot;content_width&quot;:&quot;boxed&quot;}\">\n\t\t\t\t\t<div class=\"e-con-inner\">\n\t\t\t\t<div class=\"elementor-element elementor-element-7d14281 elementor-widget elementor-widget-heading\" data-id=\"7d14281\" data-element_type=\"widget\" data-widget_type=\"heading.default\">\n\t\t\t\t<div class=\"elementor-widget-container\">\n\t\t\t<h2 class=\"elementor-heading-title elementor-size-default\">Ngozi Okonjo-Iweala<\/h2>\t\t<\/div>\n\t\t\t\t<\/div>\n\t\t\t\t\t<\/div>\n\t\t\t\t<\/div>\n\t\t<div class=\"elementor-element elementor-element-3c17e69 e-flex e-con-boxed e-con\" data-id=\"3c17e69\" data-element_type=\"container\" data-settings=\"{&quot;content_width&quot;:&quot;boxed&quot;}\">\n\t\t\t\t\t<div class=\"e-con-inner\">\n\t\t\t\t<div class=\"elementor-element elementor-element-8a93d77 elementor-widget elementor-widget-image\" data-id=\"8a93d77\" data-element_type=\"widget\" data-widget_type=\"image.default\">\n\t\t\t\t<div class=\"elementor-widget-container\">\n\t\t\t\t\t\t\t\t\t\t\t\t\t\t\t<img decoding=\"async\" src=\"\/\/africaatual.com.br\/wp-content\/uploads\/2022\/06\/Tedros-G-jpg.jpg\" title=\"\" alt=\"\" loading=\"lazy\" \/>\t\t\t\t\t\t\t\t\t\t\t\t\t\t\t<\/div>\n\t\t\t\t<\/div>\n\t\t\t\t\t<\/div>\n\t\t\t\t<\/div>\n\t\t<div class=\"elementor-element elementor-element-b9c0ceb e-flex e-con-boxed e-con\" data-id=\"b9c0ceb\" data-element_type=\"container\" data-settings=\"{&quot;content_width&quot;:&quot;boxed&quot;}\">\n\t\t\t\t\t<div class=\"e-con-inner\">\n\t\t\t\t<div class=\"elementor-element elementor-element-9ca0558 elementor-widget elementor-widget-text-editor\" data-id=\"9ca0558\" data-element_type=\"widget\" data-widget_type=\"text-editor.default\">\n\t\t\t\t<div class=\"elementor-widget-container\">\n\t\t\t\t\t\t\t<p><strong>Ngozi Okonjo-Iweala<\/strong><\/p><p><strong>Nasce em 1954, regi\u00e3o de Ogwashi-Uku, Delta State, Nig\u00e9ria. \u00c9 economista e lideran\u00e7a na s\u00e9tima diretoria geral da Organiza\u00e7\u00e3o Mundial do Com\u00e9rcio &#8211; OMC.<\/strong><\/p><p><strong>Conquista a posi\u00e7\u00e3o de primeira mulher e o primeira africana a comandar a OMC.<\/strong><\/p><p>Sua trajet\u00f3ria curricular possui gradua\u00e7\u00e3o em economia na Universidade de Harvard e mestrado em planejamento urbano (1978) e um Ph.D. em economia e desenvolvimento regional (1981) no MIT &#8211; Massachusets of Technology.\u00a0<\/p><p>No Banco Mundial atua como economista de desenvolvimento e progride como vice-presidente e secret\u00e1ria corporativa do Grupo Banco Mundial (1982\u20132003). A seguir torna-se diretora-gerente de opera\u00e7\u00f5es (2007\u201311). Na \u00faltima posi\u00e7\u00e3o, ela foi respons\u00e1vel pela gest\u00e3o de um portf\u00f3lio operacional de US$ 81 bilh\u00f5es na \u00c1frica, Sul da \u00c1sia, Europa e \u00c1sia Central.\u00a0<\/p><p>Dra. Okonjo-Iweala est\u00e1 indicada pela &#8220;Fortune&#8221; entre uma das 50 Maiores L\u00edderes Mundiais em 2015. E, pela revista &#8220;Forbes&#8221; entre as 100 mulheres mais poderosas do mundo,\u00a0 consecutivamente, por quatro <br \/>anos. E, acrescenta-se tamb\u00e9m a &#8220;Time&#8221; e &#8220;UK Guardian&#8221;, indicando-a entre as 100 pessoas mais influentes do mundo.<\/p><p>Fonte:\u00a0<\/p><p>httpsss:\/\/igs.duke.edu\/sites\/default\/files\/atoms\/files\/Biography%20of%20Ngozi%20Okonjo%20Iweala-1.pdf<\/p>\t\t\t\t\t\t<\/div>\n\t\t\t\t<\/div>\n\t\t\t\t\t<\/div>\n\t\t\t\t<\/div>\n\t\t<div class=\"elementor-element elementor-element-1792a43 e-flex e-con-boxed e-con\" data-id=\"1792a43\" data-element_type=\"container\" data-settings=\"{&quot;content_width&quot;:&quot;boxed&quot;}\">\n\t\t\t\t\t<div class=\"e-con-inner\">\n\t\t\t\t<div class=\"elementor-element elementor-element-0e82859 elementor-widget elementor-widget-heading\" data-id=\"0e82859\" data-element_type=\"widget\" data-widget_type=\"heading.default\">\n\t\t\t\t<div class=\"elementor-widget-container\">\n\t\t\t<h2 class=\"elementor-heading-title elementor-size-default\">Tedros Adhanom Ghebreyesus<\/h2>\t\t<\/div>\n\t\t\t\t<\/div>\n\t\t\t\t\t<\/div>\n\t\t\t\t<\/div>\n\t\t<div class=\"elementor-element elementor-element-855de00 e-flex e-con-boxed e-con\" data-id=\"855de00\" data-element_type=\"container\" data-settings=\"{&quot;content_width&quot;:&quot;boxed&quot;}\">\n\t\t\t\t\t<div class=\"e-con-inner\">\n\t\t\t\t<div class=\"elementor-element elementor-element-2cd4f44 elementor-widget elementor-widget-image\" data-id=\"2cd4f44\" data-element_type=\"widget\" data-widget_type=\"image.default\">\n\t\t\t\t<div class=\"elementor-widget-container\">\n\t\t\t\t\t\t\t\t\t\t\t\t\t\t\t<img decoding=\"async\" src=\"\/\/africaatual.com.br\/wp-content\/uploads\/2022\/06\/Tedros-Adhanom-Ghebreyesus.jpg\" title=\"\" alt=\"\" loading=\"lazy\" \/>\t\t\t\t\t\t\t\t\t\t\t\t\t\t\t<\/div>\n\t\t\t\t<\/div>\n\t\t\t\t\t<\/div>\n\t\t\t\t<\/div>\n\t\t<div class=\"elementor-element elementor-element-9bb1e78 e-flex e-con-boxed e-con\" data-id=\"9bb1e78\" data-element_type=\"container\" data-settings=\"{&quot;content_width&quot;:&quot;boxed&quot;}\">\n\t\t\t\t\t<div class=\"e-con-inner\">\n\t\t\t\t<div class=\"elementor-element elementor-element-fc611f7 elementor-widget elementor-widget-text-editor\" data-id=\"fc611f7\" data-element_type=\"widget\" data-widget_type=\"text-editor.default\">\n\t\t\t\t<div class=\"elementor-widget-container\">\n\t\t\t\t\t\t\t<p>Nasce na cidade Asmara, Eritr\u00e9ia. Desenvolve sua gradua\u00e7\u00e3o na Universidade de Asmara com um Bacharelato em Biologia. Prossegue seus estudos com o Mestrado em Imunologia de Doen\u00e7as Infecciosas pela Universidade de Londres, e o doutoramento (PhD) em Community Health da Universidade de Nottingham, com o qual conquista a bolsa honor\u00e1ria da London School of Hygiene and Tropical Medicine.<\/p><p>\u00a0 \u00a0 \u00a0 \u00a0 \u00a0 Na Eti\u00f3pia assume como Ministro da Sa\u00fade (2005 a 2012). Neste cargo lidera a reforma do sistema de sa\u00fade do pa\u00eds. Desenvolvendo a inova\u00e7\u00e3o de abrang\u00eancia\u00a0 universal de sa\u00fade e na presta\u00e7\u00e3o de servi\u00e7os a toda a popula\u00e7\u00e3o, atingindo inclusive \u00e1reas mais remotas.<\/p><p>\u00a0 \u00a0 \u00a0 \u00a0 \u00a0 Em 2012 assume o posto de Ministro das Rela\u00e7\u00f5es Exteriores (at\u00e9 2016). Nesta fun\u00e7\u00e3o insere a sa\u00fade como tem\u00e1tica de prioridade pol\u00edtica nacional, impactando os pa\u00edses da regi\u00e3o e tornando-a refer\u00eancia global.<\/p><p>\u00a0 \u00a0 \u00a0 \u00a0 \u00a0 Pelos resultados obtidos, comp\u00f5e o coletivo de l\u00edderes que articulam a &#8220;Agenda de A\u00e7\u00e3o de Adis Abeba&#8221;, por onde 193 pa\u00edses assumem a implementa\u00e7\u00e3o de financiamentos necess\u00e1rios, vinculando-os aos Objetivos de Desenvolvimento Sustent\u00e1vel (ONU).<\/p><p>fonte:\u00a0<\/p><p>httpsss:\/\/www.leaderbiography.com\/biography-of-tedros-adhanom-ghebreyesus\/<\/p>\t\t\t\t\t\t<\/div>\n\t\t\t\t<\/div>\n\t\t\t\t\t<\/div>\n\t\t\t\t<\/div>\n\t\t\t\t\t\t\t<\/div>\n\t\t","protected":false},"excerpt":{"rendered":"<p>A \u00c1frica e a lideran\u00e7a global em 2022 A contar com 54 pa\u00edses e acima de 1 bilh\u00e3o de habitantes, o continente africano prossegue em seu processo de constru\u00e7\u00e3o de [&hellip;]<\/p>\n","protected":false},"author":1,"featured_media":4685,"comment_status":"open","ping_status":"open","sticky":false,"template":"elementor_theme","format":"standard","meta":{"content-type":"","footnotes":""},"categories":[48,62],"tags":[80],"palavra-chave":[],"class_list":["post-4547","post","type-post","status-publish","format-standard","has-post-thumbnail","hentry","category-sem-categoria","category-news","tag-lideres-e-personalidades","entry","has-media"],"aioseo_notices":[],"yoast_head":"<!-- This site is optimized with the Yoast SEO plugin v20.13 - https:\/\/yoast.com\/wordpress\/plugins\/seo\/ -->\n<title>L\u00edderes Globais Africanos - atlasgeoculturalafricaatual.com<\/title>\n<meta name=\"robots\" content=\"index, follow, max-snippet:-1, max-image-preview:large, max-video-preview:-1\" \/>\n<link rel=\"canonical\" href=\"https:\/\/atlasgeoculturalafricaatual.com\/index.php\/2022\/06\/04\/lideres-globais\/\" \/>\n<meta property=\"og:locale\" content=\"pt_BR\" \/>\n<meta property=\"og:type\" content=\"article\" \/>\n<meta property=\"og:title\" content=\"L\u00edderes Globais Africanos - atlasgeoculturalafricaatual.com\" \/>\n<meta property=\"og:description\" content=\"A \u00c1frica e a lideran\u00e7a global em 2022 A contar com 54 pa\u00edses e acima de 1 bilh\u00e3o de habitantes, o continente africano prossegue em seu processo de constru\u00e7\u00e3o de [&hellip;]\" \/>\n<meta property=\"og:url\" content=\"https:\/\/atlasgeoculturalafricaatual.com\/index.php\/2022\/06\/04\/lideres-globais\/\" \/>\n<meta property=\"og:site_name\" content=\"atlasgeoculturalafricaatual.com\" \/>\n<meta property=\"article:published_time\" content=\"2022-06-04T21:16:17+00:00\" \/>\n<meta property=\"og:image\" content=\"\" \/>\n<meta name=\"author\" content=\"atlasgeoculturalafricaatual.com\" \/>\n<meta name=\"twitter:card\" content=\"summary_large_image\" \/>\n<meta name=\"twitter:label1\" content=\"Escrito por\" \/>\n\t<meta name=\"twitter:data1\" content=\"atlasgeoculturalafricaatual.com\" \/>\n\t<meta name=\"twitter:label2\" content=\"Est. tempo de leitura\" \/>\n\t<meta name=\"twitter:data2\" content=\"6 minutos\" \/>\n<script type=\"application\/ld+json\" class=\"yoast-schema-graph\">{\"@context\":\"https:\/\/schema.org\",\"@graph\":[{\"@type\":\"Article\",\"@id\":\"https:\/\/atlasgeoculturalafricaatual.com\/index.php\/2022\/06\/04\/lideres-globais\/#article\",\"isPartOf\":{\"@id\":\"https:\/\/atlasgeoculturalafricaatual.com\/index.php\/2022\/06\/04\/lideres-globais\/\"},\"author\":{\"name\":\"atlasgeoculturalafricaatual.com\",\"@id\":\"https:\/\/atlasgeoculturalafricaatual.com\/#\/schema\/person\/eeee269288097965a8c6f963043e4062\"},\"headline\":\"L\u00edderes Globais Africanos\",\"datePublished\":\"2022-06-04T21:16:17+00:00\",\"dateModified\":\"2022-06-04T21:16:17+00:00\",\"mainEntityOfPage\":{\"@id\":\"https:\/\/atlasgeoculturalafricaatual.com\/index.php\/2022\/06\/04\/lideres-globais\/\"},\"wordCount\":1149,\"commentCount\":0,\"publisher\":{\"@id\":\"https:\/\/atlasgeoculturalafricaatual.com\/#organization\"},\"keywords\":[\"L\u00edderes e personalidades\"],\"articleSection\":[\"A Africa\",\"News\"],\"inLanguage\":\"pt-BR\",\"potentialAction\":[{\"@type\":\"CommentAction\",\"name\":\"Comment\",\"target\":[\"https:\/\/atlasgeoculturalafricaatual.com\/index.php\/2022\/06\/04\/lideres-globais\/#respond\"]}]},{\"@type\":\"WebPage\",\"@id\":\"https:\/\/atlasgeoculturalafricaatual.com\/index.php\/2022\/06\/04\/lideres-globais\/\",\"url\":\"https:\/\/atlasgeoculturalafricaatual.com\/index.php\/2022\/06\/04\/lideres-globais\/\",\"name\":\"L\u00edderes Globais Africanos - atlasgeoculturalafricaatual.com\",\"isPartOf\":{\"@id\":\"https:\/\/atlasgeoculturalafricaatual.com\/#website\"},\"datePublished\":\"2022-06-04T21:16:17+00:00\",\"dateModified\":\"2022-06-04T21:16:17+00:00\",\"breadcrumb\":{\"@id\":\"https:\/\/atlasgeoculturalafricaatual.com\/index.php\/2022\/06\/04\/lideres-globais\/#breadcrumb\"},\"inLanguage\":\"pt-BR\",\"potentialAction\":[{\"@type\":\"ReadAction\",\"target\":[\"https:\/\/atlasgeoculturalafricaatual.com\/index.php\/2022\/06\/04\/lideres-globais\/\"]}]},{\"@type\":\"BreadcrumbList\",\"@id\":\"https:\/\/atlasgeoculturalafricaatual.com\/index.php\/2022\/06\/04\/lideres-globais\/#breadcrumb\",\"itemListElement\":[{\"@type\":\"ListItem\",\"position\":1,\"name\":\"In\u00edcio\",\"item\":\"https:\/\/atlasgeoculturalafricaatual.com\/\"},{\"@type\":\"ListItem\",\"position\":2,\"name\":\"L\u00edderes Globais Africanos\"}]},{\"@type\":\"WebSite\",\"@id\":\"https:\/\/atlasgeoculturalafricaatual.com\/#website\",\"url\":\"https:\/\/atlasgeoculturalafricaatual.com\/\",\"name\":\"atlasgeoculturalafricaatual.com\",\"description\":\"O Atlas Geocultural da \u00c1frica \u00e9 um rico material de leitura e pesquisa, que visa apresentar de forma atual os pa\u00edses africanos, ainda t\u00e3o pouco conhecidos.\",\"publisher\":{\"@id\":\"https:\/\/atlasgeoculturalafricaatual.com\/#organization\"},\"potentialAction\":[{\"@type\":\"SearchAction\",\"target\":{\"@type\":\"EntryPoint\",\"urlTemplate\":\"https:\/\/atlasgeoculturalafricaatual.com\/?s={search_term_string}\"},\"query-input\":\"required name=search_term_string\"}],\"inLanguage\":\"pt-BR\"},{\"@type\":\"Organization\",\"@id\":\"https:\/\/atlasgeoculturalafricaatual.com\/#organization\",\"name\":\"atlasgeoculturalafricaatual.com\",\"url\":\"https:\/\/atlasgeoculturalafricaatual.com\/\",\"logo\":{\"@type\":\"ImageObject\",\"inLanguage\":\"pt-BR\",\"@id\":\"https:\/\/atlasgeoculturalafricaatual.com\/#\/schema\/logo\/image\/\",\"url\":\"http:\/\/atlasgeoculturalafricaatual.com\/wp-content\/uploads\/2023\/06\/LOGOEIROS_Prancheta-1-tipo-preto.png\",\"contentUrl\":\"http:\/\/atlasgeoculturalafricaatual.com\/wp-content\/uploads\/2023\/06\/LOGOEIROS_Prancheta-1-tipo-preto.png\",\"width\":1667,\"height\":730,\"caption\":\"atlasgeoculturalafricaatual.com\"},\"image\":{\"@id\":\"https:\/\/atlasgeoculturalafricaatual.com\/#\/schema\/logo\/image\/\"}},{\"@type\":\"Person\",\"@id\":\"https:\/\/atlasgeoculturalafricaatual.com\/#\/schema\/person\/eeee269288097965a8c6f963043e4062\",\"name\":\"atlasgeoculturalafricaatual.com\",\"image\":{\"@type\":\"ImageObject\",\"inLanguage\":\"pt-BR\",\"@id\":\"https:\/\/atlasgeoculturalafricaatual.com\/#\/schema\/person\/image\/\",\"url\":\"https:\/\/secure.gravatar.com\/avatar\/7af55f21031d350b316a54060d50821f?s=96&d=mm&r=g\",\"contentUrl\":\"https:\/\/secure.gravatar.com\/avatar\/7af55f21031d350b316a54060d50821f?s=96&d=mm&r=g\",\"caption\":\"atlasgeoculturalafricaatual.com\"},\"sameAs\":[\"http:\/\/atlasgeoculturalafricaatual.com\"],\"url\":\"https:\/\/atlasgeoculturalafricaatual.com\/index.php\/author\/atlasgeoculturalafricaatual-com\/\"}]}<\/script>\n<!-- \/ Yoast SEO plugin. -->","yoast_head_json":{"title":"L\u00edderes Globais Africanos - atlasgeoculturalafricaatual.com","robots":{"index":"index","follow":"follow","max-snippet":"max-snippet:-1","max-image-preview":"max-image-preview:large","max-video-preview":"max-video-preview:-1"},"canonical":"https:\/\/atlasgeoculturalafricaatual.com\/index.php\/2022\/06\/04\/lideres-globais\/","og_locale":"pt_BR","og_type":"article","og_title":"L\u00edderes Globais Africanos - atlasgeoculturalafricaatual.com","og_description":"A \u00c1frica e a lideran\u00e7a global em 2022 A contar com 54 pa\u00edses e acima de 1 bilh\u00e3o de habitantes, o continente africano prossegue em seu processo de constru\u00e7\u00e3o de [&hellip;]","og_url":"https:\/\/atlasgeoculturalafricaatual.com\/index.php\/2022\/06\/04\/lideres-globais\/","og_site_name":"atlasgeoculturalafricaatual.com","article_published_time":"2022-06-04T21:16:17+00:00","og_image":[{"url":"httpsss:\/\/africaatual.com.br\/wp-content\/uploads\/2022\/06\/Winnie-Byanyima-1024x683.jpg"}],"author":"atlasgeoculturalafricaatual.com","twitter_card":"summary_large_image","twitter_misc":{"Escrito por":"atlasgeoculturalafricaatual.com","Est. tempo de leitura":"6 minutos"},"schema":{"@context":"https:\/\/schema.org","@graph":[{"@type":"Article","@id":"https:\/\/atlasgeoculturalafricaatual.com\/index.php\/2022\/06\/04\/lideres-globais\/#article","isPartOf":{"@id":"https:\/\/atlasgeoculturalafricaatual.com\/index.php\/2022\/06\/04\/lideres-globais\/"},"author":{"name":"atlasgeoculturalafricaatual.com","@id":"https:\/\/atlasgeoculturalafricaatual.com\/#\/schema\/person\/eeee269288097965a8c6f963043e4062"},"headline":"L\u00edderes Globais Africanos","datePublished":"2022-06-04T21:16:17+00:00","dateModified":"2022-06-04T21:16:17+00:00","mainEntityOfPage":{"@id":"https:\/\/atlasgeoculturalafricaatual.com\/index.php\/2022\/06\/04\/lideres-globais\/"},"wordCount":1149,"commentCount":0,"publisher":{"@id":"https:\/\/atlasgeoculturalafricaatual.com\/#organization"},"keywords":["L\u00edderes e personalidades"],"articleSection":["A Africa","News"],"inLanguage":"pt-BR","potentialAction":[{"@type":"CommentAction","name":"Comment","target":["https:\/\/atlasgeoculturalafricaatual.com\/index.php\/2022\/06\/04\/lideres-globais\/#respond"]}]},{"@type":"WebPage","@id":"https:\/\/atlasgeoculturalafricaatual.com\/index.php\/2022\/06\/04\/lideres-globais\/","url":"https:\/\/atlasgeoculturalafricaatual.com\/index.php\/2022\/06\/04\/lideres-globais\/","name":"L\u00edderes Globais Africanos - atlasgeoculturalafricaatual.com","isPartOf":{"@id":"https:\/\/atlasgeoculturalafricaatual.com\/#website"},"datePublished":"2022-06-04T21:16:17+00:00","dateModified":"2022-06-04T21:16:17+00:00","breadcrumb":{"@id":"https:\/\/atlasgeoculturalafricaatual.com\/index.php\/2022\/06\/04\/lideres-globais\/#breadcrumb"},"inLanguage":"pt-BR","potentialAction":[{"@type":"ReadAction","target":["https:\/\/atlasgeoculturalafricaatual.com\/index.php\/2022\/06\/04\/lideres-globais\/"]}]},{"@type":"BreadcrumbList","@id":"https:\/\/atlasgeoculturalafricaatual.com\/index.php\/2022\/06\/04\/lideres-globais\/#breadcrumb","itemListElement":[{"@type":"ListItem","position":1,"name":"In\u00edcio","item":"https:\/\/atlasgeoculturalafricaatual.com\/"},{"@type":"ListItem","position":2,"name":"L\u00edderes Globais Africanos"}]},{"@type":"WebSite","@id":"https:\/\/atlasgeoculturalafricaatual.com\/#website","url":"https:\/\/atlasgeoculturalafricaatual.com\/","name":"atlasgeoculturalafricaatual.com","description":"O Atlas Geocultural da \u00c1frica \u00e9 um rico material de leitura e pesquisa, que visa apresentar de forma atual os pa\u00edses africanos, ainda t\u00e3o pouco conhecidos.","publisher":{"@id":"https:\/\/atlasgeoculturalafricaatual.com\/#organization"},"potentialAction":[{"@type":"SearchAction","target":{"@type":"EntryPoint","urlTemplate":"https:\/\/atlasgeoculturalafricaatual.com\/?s={search_term_string}"},"query-input":"required name=search_term_string"}],"inLanguage":"pt-BR"},{"@type":"Organization","@id":"https:\/\/atlasgeoculturalafricaatual.com\/#organization","name":"atlasgeoculturalafricaatual.com","url":"https:\/\/atlasgeoculturalafricaatual.com\/","logo":{"@type":"ImageObject","inLanguage":"pt-BR","@id":"https:\/\/atlasgeoculturalafricaatual.com\/#\/schema\/logo\/image\/","url":"http:\/\/atlasgeoculturalafricaatual.com\/wp-content\/uploads\/2023\/06\/LOGOEIROS_Prancheta-1-tipo-preto.png","contentUrl":"http:\/\/atlasgeoculturalafricaatual.com\/wp-content\/uploads\/2023\/06\/LOGOEIROS_Prancheta-1-tipo-preto.png","width":1667,"height":730,"caption":"atlasgeoculturalafricaatual.com"},"image":{"@id":"https:\/\/atlasgeoculturalafricaatual.com\/#\/schema\/logo\/image\/"}},{"@type":"Person","@id":"https:\/\/atlasgeoculturalafricaatual.com\/#\/schema\/person\/eeee269288097965a8c6f963043e4062","name":"atlasgeoculturalafricaatual.com","image":{"@type":"ImageObject","inLanguage":"pt-BR","@id":"https:\/\/atlasgeoculturalafricaatual.com\/#\/schema\/person\/image\/","url":"https:\/\/secure.gravatar.com\/avatar\/7af55f21031d350b316a54060d50821f?s=96&d=mm&r=g","contentUrl":"https:\/\/secure.gravatar.com\/avatar\/7af55f21031d350b316a54060d50821f?s=96&d=mm&r=g","caption":"atlasgeoculturalafricaatual.com"},"sameAs":["http:\/\/atlasgeoculturalafricaatual.com"],"url":"https:\/\/atlasgeoculturalafricaatual.com\/index.php\/author\/atlasgeoculturalafricaatual-com\/"}]}},"_links":{"self":[{"href":"https:\/\/atlasgeoculturalafricaatual.com\/index.php\/wp-json\/wp\/v2\/posts\/4547","targetHints":{"allow":["GET"]}}],"collection":[{"href":"https:\/\/atlasgeoculturalafricaatual.com\/index.php\/wp-json\/wp\/v2\/posts"}],"about":[{"href":"https:\/\/atlasgeoculturalafricaatual.com\/index.php\/wp-json\/wp\/v2\/types\/post"}],"author":[{"embeddable":true,"href":"https:\/\/atlasgeoculturalafricaatual.com\/index.php\/wp-json\/wp\/v2\/users\/1"}],"replies":[{"embeddable":true,"href":"https:\/\/atlasgeoculturalafricaatual.com\/index.php\/wp-json\/wp\/v2\/comments?post=4547"}],"version-history":[{"count":0,"href":"https:\/\/atlasgeoculturalafricaatual.com\/index.php\/wp-json\/wp\/v2\/posts\/4547\/revisions"}],"wp:featuredmedia":[{"embeddable":true,"href":"https:\/\/atlasgeoculturalafricaatual.com\/index.php\/wp-json\/"}],"wp:attachment":[{"href":"https:\/\/atlasgeoculturalafricaatual.com\/index.php\/wp-json\/wp\/v2\/media?parent=4547"}],"wp:term":[{"taxonomy":"category","embeddable":true,"href":"https:\/\/atlasgeoculturalafricaatual.com\/index.php\/wp-json\/wp\/v2\/categories?post=4547"},{"taxonomy":"post_tag","embeddable":true,"href":"https:\/\/atlasgeoculturalafricaatual.com\/index.php\/wp-json\/wp\/v2\/tags?post=4547"},{"taxonomy":"palavra-chave","embeddable":true,"href":"https:\/\/atlasgeoculturalafricaatual.com\/index.php\/wp-json\/wp\/v2\/palavra-chave?post=4547"}],"curies":[{"name":"wp","href":"https:\/\/api.w.org\/{rel}","templated":true}]}}