{"id":4511,"date":"2022-05-26T19:27:04","date_gmt":"2022-05-26T22:27:04","guid":{"rendered":"https:\/\/atlasgeoculturalafricaatual.com\/index.php\/2022\/05\/26\/celebracao-do-dia-internacional-da-africa-2022\/"},"modified":"2022-05-26T19:27:04","modified_gmt":"2022-05-26T22:27:04","slug":"celebracao-do-dia-internacional-da-africa-2022","status":"publish","type":"post","link":"https:\/\/atlasgeoculturalafricaatual.com\/index.php\/2022\/05\/26\/celebracao-do-dia-internacional-da-africa-2022\/","title":{"rendered":"Celebra\u00e7\u00e3o do Dia Internacional da \u00c1frica &#8211; 2022"},"content":{"rendered":"\n<p>A celebra\u00e7\u00e3o ocorre no audit\u00f3rio da Secretaria Municipal de Educa\u00e7\u00e3o de Osasco. No dia 25 de maio de 2022. A data \u00e9 cria\u00e7\u00e3o da Uni\u00e3o Africana (www.ua.int) onde se encontra o hist\u00f3rico de sua instaura\u00e7\u00e3o. Tamb\u00e9m adotada internacionalmente pela ONU. <\/p>\n\n\n\n<figure class=\"wp-block-image size-large\"><img decoding=\"async\" src=\"httpsss:\/\/africaatual.com.br\/wp-content\/uploads\/2022\/05\/african-singers-1024x683.jpg\" alt=\"\" class=\"wp-image-4515\"\/><figcaption>Abertura agraciada pelo conjunto African Singers (componentes angolanos) <\/figcaption><\/figure>\n\n\n\n<figure class=\"wp-block-image size-large\"><img decoding=\"async\" src=\"httpsss:\/\/africaatual.com.br\/wp-content\/uploads\/2022\/05\/dois-africanos-e-publico-1024x683.jpg\" alt=\"\" class=\"wp-image-4516\"\/><figcaption> Apresenta\u00e7\u00e3o musical, do impactante grupo DOIS AFRICANOS, com falas que fortalecem o olhar sobre a \u00c1frica moderna e pujante.<\/figcaption><\/figure>\n\n\n\n<figure class=\"wp-block-image size-large\"><img decoding=\"async\" src=\"httpsss:\/\/africaatual.com.br\/wp-content\/uploads\/2022\/05\/unegro-1024x683.jpg\" alt=\"\" class=\"wp-image-4517\"\/><figcaption>Com a participa\u00e7\u00e3o de representantes da UNEGRO <\/figcaption><\/figure>\n\n\n\n<figure class=\"wp-block-image size-large\"><img decoding=\"async\" src=\"httpsss:\/\/africaatual.com.br\/wp-content\/uploads\/2022\/05\/dr-antonio-mesa-abertura-1-1024x683.jpg\" alt=\"\" class=\"wp-image-4520\"\/><figcaption>Depoimento do Dr. Antonio Carlos da Silva Barros, representante da CPPNI, Secretaria de Estado da Justi\u00e7a. <\/figcaption><\/figure>\n\n\n\n<figure class=\"wp-block-image size-large\"><img decoding=\"async\" src=\"httpsss:\/\/africaatual.com.br\/wp-content\/uploads\/2022\/05\/IMG_6217-1024x683.jpg\" alt=\"\" class=\"wp-image-4521\"\/><figcaption>Palestra do Prof. Msc Duncan Chaloba<\/figcaption><\/figure>\n\n\n\n<figure class=\"wp-block-image size-large\"><img decoding=\"async\" src=\"httpsss:\/\/africaatual.com.br\/wp-content\/uploads\/2022\/05\/secret-educacao-Claudio-Piteri-1024x683.jpg\" alt=\"\" class=\"wp-image-4522\"\/><figcaption>Organiza\u00e7\u00e3o da SME\/Osasco, Prof. Claudio Piteri, Secret\u00e1rio Municipal de Educa\u00e7\u00e3o, Profa Alessandra Cornaglia, gestora e Profa Irandi Gomes, gestora da \u00e1rea de rela\u00e7\u00f5es \u00e9tnico-raciais. Valolizando o apoio do Prefeito Rog\u00e9rio Lins aos projetos educacionais implementados. <\/figcaption><\/figure>\n\n\n\n<figure class=\"wp-block-image size-large\"><img decoding=\"async\" src=\"httpsss:\/\/africaatual.com.br\/wp-content\/uploads\/2022\/06\/publico-osasco-1024x768.jpg\" alt=\"\" class=\"wp-image-4544\"\/><figcaption> Palestra do Prof. Dr. Odair Marques da Silva sobre a import\u00e2ncia da abordagem did\u00e1tica sobre a \u00c1frica em sala de aula e os seus respectivos pa\u00edses. A amplia\u00e7\u00e3o de informa\u00e7\u00f5es que ampliem o repert\u00f3rio cultural escolar e a aprendizagem criativa junto aos conte\u00fados curriculares \u00e9 um desafio dos sistemas educacionais contempor\u00e2neos. Principalmente nas perspectivas de ofertar visibilidade \u00e0 \u00c1frica moderna, pujante, em acelerado processo de desenvolvimento econ\u00f4mico e social.  <\/figcaption><\/figure>\n","protected":false},"excerpt":{"rendered":"<p>A celebra\u00e7\u00e3o ocorre no audit\u00f3rio da Secretaria Municipal de Educa\u00e7\u00e3o de Osasco. No dia 25 de maio de 2022. A data \u00e9 cria\u00e7\u00e3o da Uni\u00e3o Africana (www.ua.int) onde se encontra [&hellip;]<\/p>\n","protected":false},"author":1,"featured_media":969,"comment_status":"open","ping_status":"open","sticky":false,"template":"elementor_theme","format":"standard","meta":{"content-type":"","footnotes":""},"categories":[62],"tags":[79],"palavra-chave":[],"class_list":["post-4511","post","type-post","status-publish","format-standard","has-post-thumbnail","hentry","category-news","tag-datas-importantes","entry","has-media"],"aioseo_notices":[],"yoast_head":"<!-- This site is optimized with the Yoast SEO plugin v20.13 - https:\/\/yoast.com\/wordpress\/plugins\/seo\/ -->\n<title>Celebra\u00e7\u00e3o do Dia Internacional da \u00c1frica - 2022 - atlasgeoculturalafricaatual.com<\/title>\n<meta name=\"robots\" content=\"index, follow, max-snippet:-1, max-image-preview:large, max-video-preview:-1\" \/>\n<link rel=\"canonical\" href=\"https:\/\/atlasgeoculturalafricaatual.com\/index.php\/2022\/05\/26\/celebracao-do-dia-internacional-da-africa-2022\/\" \/>\n<meta property=\"og:locale\" content=\"pt_BR\" \/>\n<meta property=\"og:type\" content=\"article\" \/>\n<meta property=\"og:title\" content=\"Celebra\u00e7\u00e3o do Dia Internacional da \u00c1frica - 2022 - atlasgeoculturalafricaatual.com\" \/>\n<meta property=\"og:description\" content=\"A celebra\u00e7\u00e3o ocorre no audit\u00f3rio da Secretaria Municipal de Educa\u00e7\u00e3o de Osasco. No dia 25 de maio de 2022. A data \u00e9 cria\u00e7\u00e3o da Uni\u00e3o Africana (www.ua.int) onde se encontra [&hellip;]\" \/>\n<meta property=\"og:url\" content=\"https:\/\/atlasgeoculturalafricaatual.com\/index.php\/2022\/05\/26\/celebracao-do-dia-internacional-da-africa-2022\/\" \/>\n<meta property=\"og:site_name\" content=\"atlasgeoculturalafricaatual.com\" \/>\n<meta property=\"article:published_time\" content=\"2022-05-26T22:27:04+00:00\" \/>\n<meta property=\"og:image\" content=\"\" \/>\n<meta name=\"author\" content=\"atlasgeoculturalafricaatual.com\" \/>\n<meta name=\"twitter:card\" content=\"summary_large_image\" \/>\n<meta name=\"twitter:label1\" content=\"Escrito por\" \/>\n\t<meta name=\"twitter:data1\" content=\"atlasgeoculturalafricaatual.com\" \/>\n\t<meta name=\"twitter:label2\" content=\"Est. tempo de leitura\" \/>\n\t<meta name=\"twitter:data2\" content=\"1 minuto\" \/>\n<script type=\"application\/ld+json\" class=\"yoast-schema-graph\">{\"@context\":\"https:\/\/schema.org\",\"@graph\":[{\"@type\":\"Article\",\"@id\":\"https:\/\/atlasgeoculturalafricaatual.com\/index.php\/2022\/05\/26\/celebracao-do-dia-internacional-da-africa-2022\/#article\",\"isPartOf\":{\"@id\":\"https:\/\/atlasgeoculturalafricaatual.com\/index.php\/2022\/05\/26\/celebracao-do-dia-internacional-da-africa-2022\/\"},\"author\":{\"name\":\"atlasgeoculturalafricaatual.com\",\"@id\":\"https:\/\/atlasgeoculturalafricaatual.com\/#\/schema\/person\/eeee269288097965a8c6f963043e4062\"},\"headline\":\"Celebra\u00e7\u00e3o do Dia Internacional da \u00c1frica &#8211; 2022\",\"datePublished\":\"2022-05-26T22:27:04+00:00\",\"dateModified\":\"2022-05-26T22:27:04+00:00\",\"mainEntityOfPage\":{\"@id\":\"https:\/\/atlasgeoculturalafricaatual.com\/index.php\/2022\/05\/26\/celebracao-do-dia-internacional-da-africa-2022\/\"},\"wordCount\":231,\"commentCount\":0,\"publisher\":{\"@id\":\"https:\/\/atlasgeoculturalafricaatual.com\/#organization\"},\"keywords\":[\"datas importantes\"],\"articleSection\":[\"News\"],\"inLanguage\":\"pt-BR\",\"potentialAction\":[{\"@type\":\"CommentAction\",\"name\":\"Comment\",\"target\":[\"https:\/\/atlasgeoculturalafricaatual.com\/index.php\/2022\/05\/26\/celebracao-do-dia-internacional-da-africa-2022\/#respond\"]}]},{\"@type\":\"WebPage\",\"@id\":\"https:\/\/atlasgeoculturalafricaatual.com\/index.php\/2022\/05\/26\/celebracao-do-dia-internacional-da-africa-2022\/\",\"url\":\"https:\/\/atlasgeoculturalafricaatual.com\/index.php\/2022\/05\/26\/celebracao-do-dia-internacional-da-africa-2022\/\",\"name\":\"Celebra\u00e7\u00e3o do Dia Internacional da \u00c1frica - 2022 - atlasgeoculturalafricaatual.com\",\"isPartOf\":{\"@id\":\"https:\/\/atlasgeoculturalafricaatual.com\/#website\"},\"datePublished\":\"2022-05-26T22:27:04+00:00\",\"dateModified\":\"2022-05-26T22:27:04+00:00\",\"breadcrumb\":{\"@id\":\"https:\/\/atlasgeoculturalafricaatual.com\/index.php\/2022\/05\/26\/celebracao-do-dia-internacional-da-africa-2022\/#breadcrumb\"},\"inLanguage\":\"pt-BR\",\"potentialAction\":[{\"@type\":\"ReadAction\",\"target\":[\"https:\/\/atlasgeoculturalafricaatual.com\/index.php\/2022\/05\/26\/celebracao-do-dia-internacional-da-africa-2022\/\"]}]},{\"@type\":\"BreadcrumbList\",\"@id\":\"https:\/\/atlasgeoculturalafricaatual.com\/index.php\/2022\/05\/26\/celebracao-do-dia-internacional-da-africa-2022\/#breadcrumb\",\"itemListElement\":[{\"@type\":\"ListItem\",\"position\":1,\"name\":\"In\u00edcio\",\"item\":\"https:\/\/atlasgeoculturalafricaatual.com\/\"},{\"@type\":\"ListItem\",\"position\":2,\"name\":\"Celebra\u00e7\u00e3o do Dia Internacional da \u00c1frica &#8211; 2022\"}]},{\"@type\":\"WebSite\",\"@id\":\"https:\/\/atlasgeoculturalafricaatual.com\/#website\",\"url\":\"https:\/\/atlasgeoculturalafricaatual.com\/\",\"name\":\"atlasgeoculturalafricaatual.com\",\"description\":\"O Atlas Geocultural da \u00c1frica \u00e9 um rico material de leitura e pesquisa, que visa apresentar de forma atual os pa\u00edses africanos, ainda t\u00e3o pouco conhecidos.\",\"publisher\":{\"@id\":\"https:\/\/atlasgeoculturalafricaatual.com\/#organization\"},\"potentialAction\":[{\"@type\":\"SearchAction\",\"target\":{\"@type\":\"EntryPoint\",\"urlTemplate\":\"https:\/\/atlasgeoculturalafricaatual.com\/?s={search_term_string}\"},\"query-input\":\"required name=search_term_string\"}],\"inLanguage\":\"pt-BR\"},{\"@type\":\"Organization\",\"@id\":\"https:\/\/atlasgeoculturalafricaatual.com\/#organization\",\"name\":\"atlasgeoculturalafricaatual.com\",\"url\":\"https:\/\/atlasgeoculturalafricaatual.com\/\",\"logo\":{\"@type\":\"ImageObject\",\"inLanguage\":\"pt-BR\",\"@id\":\"https:\/\/atlasgeoculturalafricaatual.com\/#\/schema\/logo\/image\/\",\"url\":\"http:\/\/atlasgeoculturalafricaatual.com\/wp-content\/uploads\/2023\/06\/LOGOEIROS_Prancheta-1-tipo-preto.png\",\"contentUrl\":\"http:\/\/atlasgeoculturalafricaatual.com\/wp-content\/uploads\/2023\/06\/LOGOEIROS_Prancheta-1-tipo-preto.png\",\"width\":1667,\"height\":730,\"caption\":\"atlasgeoculturalafricaatual.com\"},\"image\":{\"@id\":\"https:\/\/atlasgeoculturalafricaatual.com\/#\/schema\/logo\/image\/\"}},{\"@type\":\"Person\",\"@id\":\"https:\/\/atlasgeoculturalafricaatual.com\/#\/schema\/person\/eeee269288097965a8c6f963043e4062\",\"name\":\"atlasgeoculturalafricaatual.com\",\"image\":{\"@type\":\"ImageObject\",\"inLanguage\":\"pt-BR\",\"@id\":\"https:\/\/atlasgeoculturalafricaatual.com\/#\/schema\/person\/image\/\",\"url\":\"https:\/\/secure.gravatar.com\/avatar\/7af55f21031d350b316a54060d50821f?s=96&d=mm&r=g\",\"contentUrl\":\"https:\/\/secure.gravatar.com\/avatar\/7af55f21031d350b316a54060d50821f?s=96&d=mm&r=g\",\"caption\":\"atlasgeoculturalafricaatual.com\"},\"sameAs\":[\"http:\/\/atlasgeoculturalafricaatual.com\"],\"url\":\"https:\/\/atlasgeoculturalafricaatual.com\/index.php\/author\/atlasgeoculturalafricaatual-com\/\"}]}<\/script>\n<!-- \/ Yoast SEO plugin. -->","yoast_head_json":{"title":"Celebra\u00e7\u00e3o do Dia Internacional da \u00c1frica - 2022 - atlasgeoculturalafricaatual.com","robots":{"index":"index","follow":"follow","max-snippet":"max-snippet:-1","max-image-preview":"max-image-preview:large","max-video-preview":"max-video-preview:-1"},"canonical":"https:\/\/atlasgeoculturalafricaatual.com\/index.php\/2022\/05\/26\/celebracao-do-dia-internacional-da-africa-2022\/","og_locale":"pt_BR","og_type":"article","og_title":"Celebra\u00e7\u00e3o do Dia Internacional da \u00c1frica - 2022 - atlasgeoculturalafricaatual.com","og_description":"A celebra\u00e7\u00e3o ocorre no audit\u00f3rio da Secretaria Municipal de Educa\u00e7\u00e3o de Osasco. No dia 25 de maio de 2022. A data \u00e9 cria\u00e7\u00e3o da Uni\u00e3o Africana (www.ua.int) onde se encontra [&hellip;]","og_url":"https:\/\/atlasgeoculturalafricaatual.com\/index.php\/2022\/05\/26\/celebracao-do-dia-internacional-da-africa-2022\/","og_site_name":"atlasgeoculturalafricaatual.com","article_published_time":"2022-05-26T22:27:04+00:00","og_image":[{"url":"httpsss:\/\/africaatual.com.br\/wp-content\/uploads\/2022\/05\/african-singers-1024x683.jpg"}],"author":"atlasgeoculturalafricaatual.com","twitter_card":"summary_large_image","twitter_misc":{"Escrito por":"atlasgeoculturalafricaatual.com","Est. tempo de leitura":"1 minuto"},"schema":{"@context":"https:\/\/schema.org","@graph":[{"@type":"Article","@id":"https:\/\/atlasgeoculturalafricaatual.com\/index.php\/2022\/05\/26\/celebracao-do-dia-internacional-da-africa-2022\/#article","isPartOf":{"@id":"https:\/\/atlasgeoculturalafricaatual.com\/index.php\/2022\/05\/26\/celebracao-do-dia-internacional-da-africa-2022\/"},"author":{"name":"atlasgeoculturalafricaatual.com","@id":"https:\/\/atlasgeoculturalafricaatual.com\/#\/schema\/person\/eeee269288097965a8c6f963043e4062"},"headline":"Celebra\u00e7\u00e3o do Dia Internacional da \u00c1frica &#8211; 2022","datePublished":"2022-05-26T22:27:04+00:00","dateModified":"2022-05-26T22:27:04+00:00","mainEntityOfPage":{"@id":"https:\/\/atlasgeoculturalafricaatual.com\/index.php\/2022\/05\/26\/celebracao-do-dia-internacional-da-africa-2022\/"},"wordCount":231,"commentCount":0,"publisher":{"@id":"https:\/\/atlasgeoculturalafricaatual.com\/#organization"},"keywords":["datas importantes"],"articleSection":["News"],"inLanguage":"pt-BR","potentialAction":[{"@type":"CommentAction","name":"Comment","target":["https:\/\/atlasgeoculturalafricaatual.com\/index.php\/2022\/05\/26\/celebracao-do-dia-internacional-da-africa-2022\/#respond"]}]},{"@type":"WebPage","@id":"https:\/\/atlasgeoculturalafricaatual.com\/index.php\/2022\/05\/26\/celebracao-do-dia-internacional-da-africa-2022\/","url":"https:\/\/atlasgeoculturalafricaatual.com\/index.php\/2022\/05\/26\/celebracao-do-dia-internacional-da-africa-2022\/","name":"Celebra\u00e7\u00e3o do Dia Internacional da \u00c1frica - 2022 - atlasgeoculturalafricaatual.com","isPartOf":{"@id":"https:\/\/atlasgeoculturalafricaatual.com\/#website"},"datePublished":"2022-05-26T22:27:04+00:00","dateModified":"2022-05-26T22:27:04+00:00","breadcrumb":{"@id":"https:\/\/atlasgeoculturalafricaatual.com\/index.php\/2022\/05\/26\/celebracao-do-dia-internacional-da-africa-2022\/#breadcrumb"},"inLanguage":"pt-BR","potentialAction":[{"@type":"ReadAction","target":["https:\/\/atlasgeoculturalafricaatual.com\/index.php\/2022\/05\/26\/celebracao-do-dia-internacional-da-africa-2022\/"]}]},{"@type":"BreadcrumbList","@id":"https:\/\/atlasgeoculturalafricaatual.com\/index.php\/2022\/05\/26\/celebracao-do-dia-internacional-da-africa-2022\/#breadcrumb","itemListElement":[{"@type":"ListItem","position":1,"name":"In\u00edcio","item":"https:\/\/atlasgeoculturalafricaatual.com\/"},{"@type":"ListItem","position":2,"name":"Celebra\u00e7\u00e3o do Dia Internacional da \u00c1frica &#8211; 2022"}]},{"@type":"WebSite","@id":"https:\/\/atlasgeoculturalafricaatual.com\/#website","url":"https:\/\/atlasgeoculturalafricaatual.com\/","name":"atlasgeoculturalafricaatual.com","description":"O Atlas Geocultural da \u00c1frica \u00e9 um rico material de leitura e pesquisa, que visa apresentar de forma atual os pa\u00edses africanos, ainda t\u00e3o pouco conhecidos.","publisher":{"@id":"https:\/\/atlasgeoculturalafricaatual.com\/#organization"},"potentialAction":[{"@type":"SearchAction","target":{"@type":"EntryPoint","urlTemplate":"https:\/\/atlasgeoculturalafricaatual.com\/?s={search_term_string}"},"query-input":"required name=search_term_string"}],"inLanguage":"pt-BR"},{"@type":"Organization","@id":"https:\/\/atlasgeoculturalafricaatual.com\/#organization","name":"atlasgeoculturalafricaatual.com","url":"https:\/\/atlasgeoculturalafricaatual.com\/","logo":{"@type":"ImageObject","inLanguage":"pt-BR","@id":"https:\/\/atlasgeoculturalafricaatual.com\/#\/schema\/logo\/image\/","url":"http:\/\/atlasgeoculturalafricaatual.com\/wp-content\/uploads\/2023\/06\/LOGOEIROS_Prancheta-1-tipo-preto.png","contentUrl":"http:\/\/atlasgeoculturalafricaatual.com\/wp-content\/uploads\/2023\/06\/LOGOEIROS_Prancheta-1-tipo-preto.png","width":1667,"height":730,"caption":"atlasgeoculturalafricaatual.com"},"image":{"@id":"https:\/\/atlasgeoculturalafricaatual.com\/#\/schema\/logo\/image\/"}},{"@type":"Person","@id":"https:\/\/atlasgeoculturalafricaatual.com\/#\/schema\/person\/eeee269288097965a8c6f963043e4062","name":"atlasgeoculturalafricaatual.com","image":{"@type":"ImageObject","inLanguage":"pt-BR","@id":"https:\/\/atlasgeoculturalafricaatual.com\/#\/schema\/person\/image\/","url":"https:\/\/secure.gravatar.com\/avatar\/7af55f21031d350b316a54060d50821f?s=96&d=mm&r=g","contentUrl":"https:\/\/secure.gravatar.com\/avatar\/7af55f21031d350b316a54060d50821f?s=96&d=mm&r=g","caption":"atlasgeoculturalafricaatual.com"},"sameAs":["http:\/\/atlasgeoculturalafricaatual.com"],"url":"https:\/\/atlasgeoculturalafricaatual.com\/index.php\/author\/atlasgeoculturalafricaatual-com\/"}]}},"_links":{"self":[{"href":"https:\/\/atlasgeoculturalafricaatual.com\/index.php\/wp-json\/wp\/v2\/posts\/4511","targetHints":{"allow":["GET"]}}],"collection":[{"href":"https:\/\/atlasgeoculturalafricaatual.com\/index.php\/wp-json\/wp\/v2\/posts"}],"about":[{"href":"https:\/\/atlasgeoculturalafricaatual.com\/index.php\/wp-json\/wp\/v2\/types\/post"}],"author":[{"embeddable":true,"href":"https:\/\/atlasgeoculturalafricaatual.com\/index.php\/wp-json\/wp\/v2\/users\/1"}],"replies":[{"embeddable":true,"href":"https:\/\/atlasgeoculturalafricaatual.com\/index.php\/wp-json\/wp\/v2\/comments?post=4511"}],"version-history":[{"count":0,"href":"https:\/\/atlasgeoculturalafricaatual.com\/index.php\/wp-json\/wp\/v2\/posts\/4511\/revisions"}],"wp:featuredmedia":[{"embeddable":true,"href":"https:\/\/atlasgeoculturalafricaatual.com\/index.php\/wp-json\/wp\/v2\/media\/969"}],"wp:attachment":[{"href":"https:\/\/atlasgeoculturalafricaatual.com\/index.php\/wp-json\/wp\/v2\/media?parent=4511"}],"wp:term":[{"taxonomy":"category","embeddable":true,"href":"https:\/\/atlasgeoculturalafricaatual.com\/index.php\/wp-json\/wp\/v2\/categories?post=4511"},{"taxonomy":"post_tag","embeddable":true,"href":"https:\/\/atlasgeoculturalafricaatual.com\/index.php\/wp-json\/wp\/v2\/tags?post=4511"},{"taxonomy":"palavra-chave","embeddable":true,"href":"https:\/\/atlasgeoculturalafricaatual.com\/index.php\/wp-json\/wp\/v2\/palavra-chave?post=4511"}],"curies":[{"name":"wp","href":"https:\/\/api.w.org\/{rel}","templated":true}]}}