{"id":3910,"date":"2022-04-22T19:26:15","date_gmt":"2022-04-22T22:26:15","guid":{"rendered":"https:\/\/atlasgeoculturalafricaatual.com\/index.php\/2022\/04\/22\/arquitetura-e-urbanismo-em-africa\/"},"modified":"2022-04-22T19:26:15","modified_gmt":"2022-04-22T22:26:15","slug":"arquitetura-e-urbanismo-em-africa","status":"publish","type":"post","link":"https:\/\/atlasgeoculturalafricaatual.com\/index.php\/2022\/04\/22\/arquitetura-e-urbanismo-em-africa\/","title":{"rendered":"Arquitetura e urbanismo em \u00c1frica"},"content":{"rendered":"\n<p>\u00c1frica atual: arquitetura e urbanismo africano <\/p>\n\n\n\n<p>Live organizada pela Zambezi. <\/p>\n\n\n\n<p>Participam: <\/p>\n\n\n\n<p>Marcelo Colen, presidente da Comiss\u00e3o de Promo\u00e7\u00e3o da IOguardade Racial e Conselheiro da OAB\/MG<\/p>\n\n\n\n<p>Nesir Freitas, mestranda, professora e membro do N\u00facleo de Estudos das Rela\u00e7\u00f5es \u00c9tnico-raciais da Prefeitura de Belo Horizonte\/MG<\/p>\n\n\n\n<p>Odair Marques da Silva, autor do &#8220;Atlas Geocultural da \u00c1frica&#8221;<\/p>\n\n\n\n<p>Mediadoras <\/p>\n\n\n\n<p>Juliana Borges<\/p>\n\n\n\n<p>Mestranda pelo Programa P\u00f3s-Gradua\u00e7\u00e3o Stricto Sensu em Educa\u00e7\u00e3o, Mestrado Acad\u00eamico em Educa\u00e7\u00e3o e Forma\u00e7\u00e3o Humana da Faculdade de Educa\u00e7\u00e3o da Universidade do Estado de Minas Gerais (FaE\/UEMG). Possui gradua\u00e7\u00e3o em Pedagogia pela Pontif\u00edcia Universidade Cat\u00f3lica de Minas Gerais (2008). Possui especializa\u00e7\u00e3o em, Hist\u00f3ria e Cultura Afro-brasileira, Psicomotricidade e Neuropsicopedagogia. Professora pela Prefeitura de Belo Horizonte. Comp\u00f5e o N\u00facleo de Estudo das Rela\u00e7\u00f5es \u00c9tnico-Raciais de Belo Horizonte.<\/p>\n\n\n\n<p>Z\u00e1ira Pereira <\/p>\n\n\n\n<p>Advogada especialista em direito processual, com 9 anos de experi\u00eancia nas \u00e1reas, c\u00edvel e criminal.<br>Professora Direito Civil, Administrativo e Direito Penal no Amplus Cursos e Concursos.<br>Professora Preparat\u00f3rio Segunda Etapa da OAB em Direito Penal e Direito Civil no Amplus Cursos e Concursos.<\/p>\n\n\n\n<p>Dia 28 de abril, 19h30<\/p>\n\n\n\n<p>No canal de youtube da Zambezi<\/p>\n\n\n\n<p>link  <a href=\"httpsss:\/\/www.youtube.com\/channel\/UC5QOxkL4Bsz2JvamT6dVpcQ\">httpsss:\/\/www.youtube.com\/channel\/UC5QOxkL4Bsz2JvamT6dVpcQ<\/a>  <\/p>\n","protected":false},"excerpt":{"rendered":"<p>\u00c1frica atual: arquitetura e urbanismo africano Live organizada pela Zambezi. Participam: Marcelo Colen, presidente da Comiss\u00e3o de Promo\u00e7\u00e3o da IOguardade Racial e Conselheiro da OAB\/MG Nesir Freitas, mestranda, professora e [&hellip;]<\/p>\n","protected":false},"author":1,"featured_media":3911,"comment_status":"open","ping_status":"open","sticky":false,"template":"elementor_theme","format":"standard","meta":{"content-type":"","footnotes":""},"categories":[48,62],"tags":[77],"palavra-chave":[],"class_list":["post-3910","post","type-post","status-publish","format-standard","has-post-thumbnail","hentry","category-sem-categoria","category-news","tag-arquitetura-e-urbanismo","entry","has-media"],"aioseo_notices":[],"yoast_head":"<!-- This site is optimized with the Yoast SEO plugin v20.13 - https:\/\/yoast.com\/wordpress\/plugins\/seo\/ -->\n<title>Arquitetura e urbanismo em \u00c1frica - atlasgeoculturalafricaatual.com<\/title>\n<meta name=\"robots\" content=\"index, follow, max-snippet:-1, max-image-preview:large, max-video-preview:-1\" \/>\n<link rel=\"canonical\" href=\"https:\/\/atlasgeoculturalafricaatual.com\/index.php\/2022\/04\/22\/arquitetura-e-urbanismo-em-africa\/\" \/>\n<meta property=\"og:locale\" content=\"pt_BR\" \/>\n<meta property=\"og:type\" content=\"article\" \/>\n<meta property=\"og:title\" content=\"Arquitetura e urbanismo em \u00c1frica - atlasgeoculturalafricaatual.com\" \/>\n<meta property=\"og:description\" content=\"\u00c1frica atual: arquitetura e urbanismo africano Live organizada pela Zambezi. Participam: Marcelo Colen, presidente da Comiss\u00e3o de Promo\u00e7\u00e3o da IOguardade Racial e Conselheiro da OAB\/MG Nesir Freitas, mestranda, professora e [&hellip;]\" \/>\n<meta property=\"og:url\" content=\"https:\/\/atlasgeoculturalafricaatual.com\/index.php\/2022\/04\/22\/arquitetura-e-urbanismo-em-africa\/\" \/>\n<meta property=\"og:site_name\" content=\"atlasgeoculturalafricaatual.com\" \/>\n<meta property=\"article:published_time\" content=\"2022-04-22T22:26:15+00:00\" \/>\n<meta name=\"author\" content=\"atlasgeoculturalafricaatual.com\" \/>\n<meta name=\"twitter:card\" content=\"summary_large_image\" \/>\n<meta name=\"twitter:label1\" content=\"Escrito por\" \/>\n\t<meta name=\"twitter:data1\" content=\"atlasgeoculturalafricaatual.com\" \/>\n\t<meta name=\"twitter:label2\" content=\"Est. tempo de leitura\" \/>\n\t<meta name=\"twitter:data2\" content=\"1 minuto\" \/>\n<script type=\"application\/ld+json\" class=\"yoast-schema-graph\">{\"@context\":\"https:\/\/schema.org\",\"@graph\":[{\"@type\":\"Article\",\"@id\":\"https:\/\/atlasgeoculturalafricaatual.com\/index.php\/2022\/04\/22\/arquitetura-e-urbanismo-em-africa\/#article\",\"isPartOf\":{\"@id\":\"https:\/\/atlasgeoculturalafricaatual.com\/index.php\/2022\/04\/22\/arquitetura-e-urbanismo-em-africa\/\"},\"author\":{\"name\":\"atlasgeoculturalafricaatual.com\",\"@id\":\"https:\/\/atlasgeoculturalafricaatual.com\/#\/schema\/person\/eeee269288097965a8c6f963043e4062\"},\"headline\":\"Arquitetura e urbanismo em \u00c1frica\",\"datePublished\":\"2022-04-22T22:26:15+00:00\",\"dateModified\":\"2022-04-22T22:26:15+00:00\",\"mainEntityOfPage\":{\"@id\":\"https:\/\/atlasgeoculturalafricaatual.com\/index.php\/2022\/04\/22\/arquitetura-e-urbanismo-em-africa\/\"},\"wordCount\":218,\"commentCount\":0,\"publisher\":{\"@id\":\"https:\/\/atlasgeoculturalafricaatual.com\/#organization\"},\"keywords\":[\"Arquitetura e Urbanismo\"],\"articleSection\":[\"A Africa\",\"News\"],\"inLanguage\":\"pt-BR\",\"potentialAction\":[{\"@type\":\"CommentAction\",\"name\":\"Comment\",\"target\":[\"https:\/\/atlasgeoculturalafricaatual.com\/index.php\/2022\/04\/22\/arquitetura-e-urbanismo-em-africa\/#respond\"]}]},{\"@type\":\"WebPage\",\"@id\":\"https:\/\/atlasgeoculturalafricaatual.com\/index.php\/2022\/04\/22\/arquitetura-e-urbanismo-em-africa\/\",\"url\":\"https:\/\/atlasgeoculturalafricaatual.com\/index.php\/2022\/04\/22\/arquitetura-e-urbanismo-em-africa\/\",\"name\":\"Arquitetura e urbanismo em \u00c1frica - atlasgeoculturalafricaatual.com\",\"isPartOf\":{\"@id\":\"https:\/\/atlasgeoculturalafricaatual.com\/#website\"},\"datePublished\":\"2022-04-22T22:26:15+00:00\",\"dateModified\":\"2022-04-22T22:26:15+00:00\",\"breadcrumb\":{\"@id\":\"https:\/\/atlasgeoculturalafricaatual.com\/index.php\/2022\/04\/22\/arquitetura-e-urbanismo-em-africa\/#breadcrumb\"},\"inLanguage\":\"pt-BR\",\"potentialAction\":[{\"@type\":\"ReadAction\",\"target\":[\"https:\/\/atlasgeoculturalafricaatual.com\/index.php\/2022\/04\/22\/arquitetura-e-urbanismo-em-africa\/\"]}]},{\"@type\":\"BreadcrumbList\",\"@id\":\"https:\/\/atlasgeoculturalafricaatual.com\/index.php\/2022\/04\/22\/arquitetura-e-urbanismo-em-africa\/#breadcrumb\",\"itemListElement\":[{\"@type\":\"ListItem\",\"position\":1,\"name\":\"In\u00edcio\",\"item\":\"https:\/\/atlasgeoculturalafricaatual.com\/\"},{\"@type\":\"ListItem\",\"position\":2,\"name\":\"Arquitetura e urbanismo em \u00c1frica\"}]},{\"@type\":\"WebSite\",\"@id\":\"https:\/\/atlasgeoculturalafricaatual.com\/#website\",\"url\":\"https:\/\/atlasgeoculturalafricaatual.com\/\",\"name\":\"atlasgeoculturalafricaatual.com\",\"description\":\"O Atlas Geocultural da \u00c1frica \u00e9 um rico material de leitura e pesquisa, que visa apresentar de forma atual os pa\u00edses africanos, ainda t\u00e3o pouco conhecidos.\",\"publisher\":{\"@id\":\"https:\/\/atlasgeoculturalafricaatual.com\/#organization\"},\"potentialAction\":[{\"@type\":\"SearchAction\",\"target\":{\"@type\":\"EntryPoint\",\"urlTemplate\":\"https:\/\/atlasgeoculturalafricaatual.com\/?s={search_term_string}\"},\"query-input\":\"required name=search_term_string\"}],\"inLanguage\":\"pt-BR\"},{\"@type\":\"Organization\",\"@id\":\"https:\/\/atlasgeoculturalafricaatual.com\/#organization\",\"name\":\"atlasgeoculturalafricaatual.com\",\"url\":\"https:\/\/atlasgeoculturalafricaatual.com\/\",\"logo\":{\"@type\":\"ImageObject\",\"inLanguage\":\"pt-BR\",\"@id\":\"https:\/\/atlasgeoculturalafricaatual.com\/#\/schema\/logo\/image\/\",\"url\":\"http:\/\/atlasgeoculturalafricaatual.com\/wp-content\/uploads\/2023\/06\/LOGOEIROS_Prancheta-1-tipo-preto.png\",\"contentUrl\":\"http:\/\/atlasgeoculturalafricaatual.com\/wp-content\/uploads\/2023\/06\/LOGOEIROS_Prancheta-1-tipo-preto.png\",\"width\":1667,\"height\":730,\"caption\":\"atlasgeoculturalafricaatual.com\"},\"image\":{\"@id\":\"https:\/\/atlasgeoculturalafricaatual.com\/#\/schema\/logo\/image\/\"}},{\"@type\":\"Person\",\"@id\":\"https:\/\/atlasgeoculturalafricaatual.com\/#\/schema\/person\/eeee269288097965a8c6f963043e4062\",\"name\":\"atlasgeoculturalafricaatual.com\",\"image\":{\"@type\":\"ImageObject\",\"inLanguage\":\"pt-BR\",\"@id\":\"https:\/\/atlasgeoculturalafricaatual.com\/#\/schema\/person\/image\/\",\"url\":\"https:\/\/secure.gravatar.com\/avatar\/7af55f21031d350b316a54060d50821f?s=96&d=mm&r=g\",\"contentUrl\":\"https:\/\/secure.gravatar.com\/avatar\/7af55f21031d350b316a54060d50821f?s=96&d=mm&r=g\",\"caption\":\"atlasgeoculturalafricaatual.com\"},\"sameAs\":[\"http:\/\/atlasgeoculturalafricaatual.com\"],\"url\":\"https:\/\/atlasgeoculturalafricaatual.com\/index.php\/author\/atlasgeoculturalafricaatual-com\/\"}]}<\/script>\n<!-- \/ Yoast SEO plugin. -->","yoast_head_json":{"title":"Arquitetura e urbanismo em \u00c1frica - atlasgeoculturalafricaatual.com","robots":{"index":"index","follow":"follow","max-snippet":"max-snippet:-1","max-image-preview":"max-image-preview:large","max-video-preview":"max-video-preview:-1"},"canonical":"https:\/\/atlasgeoculturalafricaatual.com\/index.php\/2022\/04\/22\/arquitetura-e-urbanismo-em-africa\/","og_locale":"pt_BR","og_type":"article","og_title":"Arquitetura e urbanismo em \u00c1frica - atlasgeoculturalafricaatual.com","og_description":"\u00c1frica atual: arquitetura e urbanismo africano Live organizada pela Zambezi. Participam: Marcelo Colen, presidente da Comiss\u00e3o de Promo\u00e7\u00e3o da IOguardade Racial e Conselheiro da OAB\/MG Nesir Freitas, mestranda, professora e [&hellip;]","og_url":"https:\/\/atlasgeoculturalafricaatual.com\/index.php\/2022\/04\/22\/arquitetura-e-urbanismo-em-africa\/","og_site_name":"atlasgeoculturalafricaatual.com","article_published_time":"2022-04-22T22:26:15+00:00","author":"atlasgeoculturalafricaatual.com","twitter_card":"summary_large_image","twitter_misc":{"Escrito por":"atlasgeoculturalafricaatual.com","Est. tempo de leitura":"1 minuto"},"schema":{"@context":"https:\/\/schema.org","@graph":[{"@type":"Article","@id":"https:\/\/atlasgeoculturalafricaatual.com\/index.php\/2022\/04\/22\/arquitetura-e-urbanismo-em-africa\/#article","isPartOf":{"@id":"https:\/\/atlasgeoculturalafricaatual.com\/index.php\/2022\/04\/22\/arquitetura-e-urbanismo-em-africa\/"},"author":{"name":"atlasgeoculturalafricaatual.com","@id":"https:\/\/atlasgeoculturalafricaatual.com\/#\/schema\/person\/eeee269288097965a8c6f963043e4062"},"headline":"Arquitetura e urbanismo em \u00c1frica","datePublished":"2022-04-22T22:26:15+00:00","dateModified":"2022-04-22T22:26:15+00:00","mainEntityOfPage":{"@id":"https:\/\/atlasgeoculturalafricaatual.com\/index.php\/2022\/04\/22\/arquitetura-e-urbanismo-em-africa\/"},"wordCount":218,"commentCount":0,"publisher":{"@id":"https:\/\/atlasgeoculturalafricaatual.com\/#organization"},"keywords":["Arquitetura e Urbanismo"],"articleSection":["A Africa","News"],"inLanguage":"pt-BR","potentialAction":[{"@type":"CommentAction","name":"Comment","target":["https:\/\/atlasgeoculturalafricaatual.com\/index.php\/2022\/04\/22\/arquitetura-e-urbanismo-em-africa\/#respond"]}]},{"@type":"WebPage","@id":"https:\/\/atlasgeoculturalafricaatual.com\/index.php\/2022\/04\/22\/arquitetura-e-urbanismo-em-africa\/","url":"https:\/\/atlasgeoculturalafricaatual.com\/index.php\/2022\/04\/22\/arquitetura-e-urbanismo-em-africa\/","name":"Arquitetura e urbanismo em \u00c1frica - atlasgeoculturalafricaatual.com","isPartOf":{"@id":"https:\/\/atlasgeoculturalafricaatual.com\/#website"},"datePublished":"2022-04-22T22:26:15+00:00","dateModified":"2022-04-22T22:26:15+00:00","breadcrumb":{"@id":"https:\/\/atlasgeoculturalafricaatual.com\/index.php\/2022\/04\/22\/arquitetura-e-urbanismo-em-africa\/#breadcrumb"},"inLanguage":"pt-BR","potentialAction":[{"@type":"ReadAction","target":["https:\/\/atlasgeoculturalafricaatual.com\/index.php\/2022\/04\/22\/arquitetura-e-urbanismo-em-africa\/"]}]},{"@type":"BreadcrumbList","@id":"https:\/\/atlasgeoculturalafricaatual.com\/index.php\/2022\/04\/22\/arquitetura-e-urbanismo-em-africa\/#breadcrumb","itemListElement":[{"@type":"ListItem","position":1,"name":"In\u00edcio","item":"https:\/\/atlasgeoculturalafricaatual.com\/"},{"@type":"ListItem","position":2,"name":"Arquitetura e urbanismo em \u00c1frica"}]},{"@type":"WebSite","@id":"https:\/\/atlasgeoculturalafricaatual.com\/#website","url":"https:\/\/atlasgeoculturalafricaatual.com\/","name":"atlasgeoculturalafricaatual.com","description":"O Atlas Geocultural da \u00c1frica \u00e9 um rico material de leitura e pesquisa, que visa apresentar de forma atual os pa\u00edses africanos, ainda t\u00e3o pouco conhecidos.","publisher":{"@id":"https:\/\/atlasgeoculturalafricaatual.com\/#organization"},"potentialAction":[{"@type":"SearchAction","target":{"@type":"EntryPoint","urlTemplate":"https:\/\/atlasgeoculturalafricaatual.com\/?s={search_term_string}"},"query-input":"required name=search_term_string"}],"inLanguage":"pt-BR"},{"@type":"Organization","@id":"https:\/\/atlasgeoculturalafricaatual.com\/#organization","name":"atlasgeoculturalafricaatual.com","url":"https:\/\/atlasgeoculturalafricaatual.com\/","logo":{"@type":"ImageObject","inLanguage":"pt-BR","@id":"https:\/\/atlasgeoculturalafricaatual.com\/#\/schema\/logo\/image\/","url":"http:\/\/atlasgeoculturalafricaatual.com\/wp-content\/uploads\/2023\/06\/LOGOEIROS_Prancheta-1-tipo-preto.png","contentUrl":"http:\/\/atlasgeoculturalafricaatual.com\/wp-content\/uploads\/2023\/06\/LOGOEIROS_Prancheta-1-tipo-preto.png","width":1667,"height":730,"caption":"atlasgeoculturalafricaatual.com"},"image":{"@id":"https:\/\/atlasgeoculturalafricaatual.com\/#\/schema\/logo\/image\/"}},{"@type":"Person","@id":"https:\/\/atlasgeoculturalafricaatual.com\/#\/schema\/person\/eeee269288097965a8c6f963043e4062","name":"atlasgeoculturalafricaatual.com","image":{"@type":"ImageObject","inLanguage":"pt-BR","@id":"https:\/\/atlasgeoculturalafricaatual.com\/#\/schema\/person\/image\/","url":"https:\/\/secure.gravatar.com\/avatar\/7af55f21031d350b316a54060d50821f?s=96&d=mm&r=g","contentUrl":"https:\/\/secure.gravatar.com\/avatar\/7af55f21031d350b316a54060d50821f?s=96&d=mm&r=g","caption":"atlasgeoculturalafricaatual.com"},"sameAs":["http:\/\/atlasgeoculturalafricaatual.com"],"url":"https:\/\/atlasgeoculturalafricaatual.com\/index.php\/author\/atlasgeoculturalafricaatual-com\/"}]}},"_links":{"self":[{"href":"https:\/\/atlasgeoculturalafricaatual.com\/index.php\/wp-json\/wp\/v2\/posts\/3910","targetHints":{"allow":["GET"]}}],"collection":[{"href":"https:\/\/atlasgeoculturalafricaatual.com\/index.php\/wp-json\/wp\/v2\/posts"}],"about":[{"href":"https:\/\/atlasgeoculturalafricaatual.com\/index.php\/wp-json\/wp\/v2\/types\/post"}],"author":[{"embeddable":true,"href":"https:\/\/atlasgeoculturalafricaatual.com\/index.php\/wp-json\/wp\/v2\/users\/1"}],"replies":[{"embeddable":true,"href":"https:\/\/atlasgeoculturalafricaatual.com\/index.php\/wp-json\/wp\/v2\/comments?post=3910"}],"version-history":[{"count":0,"href":"https:\/\/atlasgeoculturalafricaatual.com\/index.php\/wp-json\/wp\/v2\/posts\/3910\/revisions"}],"wp:featuredmedia":[{"embeddable":true,"href":"https:\/\/atlasgeoculturalafricaatual.com\/index.php\/wp-json\/"}],"wp:attachment":[{"href":"https:\/\/atlasgeoculturalafricaatual.com\/index.php\/wp-json\/wp\/v2\/media?parent=3910"}],"wp:term":[{"taxonomy":"category","embeddable":true,"href":"https:\/\/atlasgeoculturalafricaatual.com\/index.php\/wp-json\/wp\/v2\/categories?post=3910"},{"taxonomy":"post_tag","embeddable":true,"href":"https:\/\/atlasgeoculturalafricaatual.com\/index.php\/wp-json\/wp\/v2\/tags?post=3910"},{"taxonomy":"palavra-chave","embeddable":true,"href":"https:\/\/atlasgeoculturalafricaatual.com\/index.php\/wp-json\/wp\/v2\/palavra-chave?post=3910"}],"curies":[{"name":"wp","href":"https:\/\/api.w.org\/{rel}","templated":true}]}}