{"id":3543,"date":"2022-04-21T13:13:06","date_gmt":"2022-04-21T16:13:06","guid":{"rendered":"https:\/\/atlasgeoculturalafricaatual.com\/index.php\/2022\/04\/21\/mostra-cultural-afrofuturista-exibe-a-africa-moderna-e-atual\/"},"modified":"2022-04-21T13:13:06","modified_gmt":"2022-04-21T16:13:06","slug":"mostra-cultural-afrofuturista-exibe-a-africa-moderna-e-atual","status":"publish","type":"post","link":"https:\/\/atlasgeoculturalafricaatual.com\/index.php\/2022\/04\/21\/mostra-cultural-afrofuturista-exibe-a-africa-moderna-e-atual\/","title":{"rendered":"Mostra Cultural Afrofuturista exibe a \u00c1frica moderna e atual"},"content":{"rendered":"\t\t<div data-elementor-type=\"wp-post\" data-elementor-id=\"3543\" class=\"elementor elementor-3543\">\n\t\t\t\t\t\t\t\t\t<section class=\"elementor-section elementor-top-section elementor-element elementor-element-265d26e6 elementor-section-boxed elementor-section-height-default elementor-section-height-default\" data-id=\"265d26e6\" data-element_type=\"section\">\n\t\t\t\t\t\t<div class=\"elementor-container elementor-column-gap-default\">\n\t\t\t\t\t<div class=\"elementor-column elementor-col-100 elementor-top-column elementor-element elementor-element-66230ab4\" data-id=\"66230ab4\" data-element_type=\"column\">\n\t\t\t<div class=\"elementor-widget-wrap elementor-element-populated\">\n\t\t\t\t\t\t\t\t<div class=\"elementor-element elementor-element-68545a31 elementor-widget elementor-widget-text-editor\" data-id=\"68545a31\" data-element_type=\"widget\" data-widget_type=\"text-editor.default\">\n\t\t\t\t<div class=\"elementor-widget-container\">\n\t\t\t<style>\/*! elementor - v3.15.0 - 02-08-2023 *\/\n.elementor-widget-text-editor.elementor-drop-cap-view-stacked .elementor-drop-cap{background-color:#69727d;color:#fff}.elementor-widget-text-editor.elementor-drop-cap-view-framed .elementor-drop-cap{color:#69727d;border:3px solid;background-color:transparent}.elementor-widget-text-editor:not(.elementor-drop-cap-view-default) .elementor-drop-cap{margin-top:8px}.elementor-widget-text-editor:not(.elementor-drop-cap-view-default) .elementor-drop-cap-letter{width:1em;height:1em}.elementor-widget-text-editor .elementor-drop-cap{float:left;text-align:center;line-height:1;font-size:50px}.elementor-widget-text-editor .elementor-drop-cap-letter{display:inline-block}<\/style>\t\t\t\t<!-- wp:paragraph -->\n<p>A Mostra Cultural Afrofuturista procura divulgar os 54 pa\u00edses africanos por meio das artes e culturas sob o ponto de vista da \u00c1frica moderna e atual. O prop\u00f3sito \u00e9 apresentar o continente atrav\u00e9s de um acervo plural marcado por uma est\u00e9tica caracterizada por modalidade de artes manuais, pinturas, moda, esculturas, fotografias, v\u00eddeos de apresenta\u00e7\u00f5es musicais e de dan\u00e7as. As instala\u00e7\u00f5es da mostra permitem conhecer ainda um continente culturalmente alargado pela diversidade, e pela beleza est\u00e9tica africana.<\/p>\n<!-- \/wp:paragraph -->\n\n<!-- wp:paragraph -->\n<p>O conceito afrofuturista sci-fi (fic\u00e7\u00e3o cient\u00edfica) surgiu em meados dos anos 90 no meio acad\u00eamico dos EUA. G\u00eanero art\u00edstico que transcende a linguagem est\u00e9tica ao mesclar as culturas tradicionais, ancestrais e contempor\u00e2neas combinado com elementos sci-fi. Os princ\u00edpios do afrofuturismo interagem com a sofistica\u00e7\u00e3o da vida contempor\u00e2nea estabelecidas como pontos inacabados de possibilidades. A id\u00e9ia se espalhou e ampliou suas influ\u00eancias em produ\u00e7\u00f5es liter\u00e1rias, moda, arquitetura e musicais.<\/p>\n<!-- \/wp:paragraph -->\n\n<!-- wp:paragraph -->\n<p>Notadamente chegou ao cinema de forma massificada com o filme Pantera Negra de 2018 do diretor Ryan Coogler, protagonizado pelo ator Chadwick Boseman morto precocemente aos 42 anos. O filme retrata Wakanda, representa\u00e7\u00e3o de uma cidade ut\u00f3pica, que tem se reverberado como uma alternativa exequ\u00edvel \u00e0s constru\u00e7\u00f5es de Abuja na Nig\u00e9ria, Nova Cairo no Egito, Akon City no Senegal, Konza Tecnopolis no Qu\u00eania, Lanseria Smart City na \u00c1frica do Sul, entre outras experi\u00eancias.<\/p>\n<!-- \/wp:paragraph -->\n\n<!-- wp:paragraph -->\n<p>O evento ser\u00e1 realizado no espa\u00e7o Afro Empresarial localizado no Shopping Hortol\u00e2ndia no centro da cidade entre os dias 25 de abril a 1\u00ba de maio sempre das 10:00hrs at\u00e9 22:00 hrs.&nbsp; A curadoria da Mostra \u00e9 do professor Odair Marques da Silva, autor do Atlas GeoCultural da \u00c1frica, e uma realiza\u00e7\u00e3o da Editora Eiros do Brasil com apoio cultural da REAFRO, Rede Brasil Afroempreendedor, da Prefeitura Municipal de Hortol\u00e2ndia, Secretaria Municipal de Desenvolvimento Econ\u00f4mico e do Shopping Hortol\u00e2ndia<\/p>\n<!-- \/wp:paragraph -->\n\n<!-- wp:paragraph -->\n<p>Release produzido por Luciano Medina<\/p>\n<!-- \/wp:paragraph -->\n\n<!-- wp:paragraph -->\n<p><strong>Servi\u00e7o:<\/strong><\/p>\n<!-- \/wp:paragraph -->\n\n<!-- wp:paragraph -->\n<p>Data: de 25\/04 \u00e0 01\/05<\/p>\n<!-- \/wp:paragraph -->\n\n<!-- wp:paragraph -->\n<p>Hor\u00e1rio: 10h00 \u00e0s 22h00<\/p>\n<!-- \/wp:paragraph -->\n\n<!-- wp:paragraph -->\n<p>Local: Espa\u00e7o AfroEmpresarial -Shopping Center Hortol\u00e2ndia<\/p>\n<!-- \/wp:paragraph -->\n\n<!-- wp:paragraph -->\n<p>Endere\u00e7o: Rua Jos\u00e9 Camilo de Camargo, 5 &#8211; Remanso Campineiro no Centro da cidade.<\/p>\n<!-- \/wp:paragraph -->\n\n<!-- wp:paragraph -->\n<p>Mais informa\u00e7\u00f5es<\/p>\n<!-- \/wp:paragraph -->\n\n<!-- wp:paragraph -->\n<p>Luciano Medina<\/p>\n<!-- \/wp:paragraph -->\n\n<!-- wp:paragraph -->\n<p>19 99261 5780<\/p>\n<!-- \/wp:paragraph -->\t\t\t\t\t\t<\/div>\n\t\t\t\t<\/div>\n\t\t\t\t\t<\/div>\n\t\t<\/div>\n\t\t\t\t\t\t\t<\/div>\n\t\t<\/section>\n\t\t\t\t<section class=\"elementor-section elementor-top-section elementor-element elementor-element-1a1b073 elementor-section-boxed elementor-section-height-default elementor-section-height-default\" data-id=\"1a1b073\" data-element_type=\"section\">\n\t\t\t\t\t\t<div class=\"elementor-container elementor-column-gap-default\">\n\t\t\t\t\t<div class=\"elementor-column elementor-col-100 elementor-top-column elementor-element elementor-element-40bc7d5\" data-id=\"40bc7d5\" data-element_type=\"column\">\n\t\t\t<div class=\"elementor-widget-wrap elementor-element-populated\">\n\t\t\t\t\t\t\t\t<div class=\"elementor-element elementor-element-298ecae elementor-widget elementor-widget-image\" data-id=\"298ecae\" data-element_type=\"widget\" data-widget_type=\"image.default\">\n\t\t\t\t<div class=\"elementor-widget-container\">\n\t\t\t<style>\/*! elementor - v3.15.0 - 02-08-2023 *\/\n.elementor-widget-image{text-align:center}.elementor-widget-image a{display:inline-block}.elementor-widget-image a img[src$=\".svg\"]{width:48px}.elementor-widget-image img{vertical-align:middle;display:inline-block}<\/style>\t\t\t\t\t\t\t\t\t<figure class=\"wp-caption\">\n\t\t\t\t\t\t\t\t\t\t<img decoding=\"async\" src=\"\/\/africaatual.com.br\/wp-content\/uploads\/2022\/04\/Luciano-Medina.jpeg\" title=\"\" alt=\"Luciano Medina\" loading=\"lazy\" \/>\t\t\t\t\t\t\t\t\t\t\t<figcaption class=\"widget-image-caption wp-caption-text\"><\/figcaption>\n\t\t\t\t\t\t\t\t\t\t<\/figure>\n\t\t\t\t\t\t\t\t\t<\/div>\n\t\t\t\t<\/div>\n\t\t\t\t\t<\/div>\n\t\t<\/div>\n\t\t\t\t\t\t\t<\/div>\n\t\t<\/section>\n\t\t\t\t\t\t\t<\/div>\n\t\t","protected":false},"excerpt":{"rendered":"<p>A Mostra Cultural Afrofuturista procura divulgar os 54 pa\u00edses africanos por meio das artes e culturas sob o ponto de vista da \u00c1frica moderna e atual. O prop\u00f3sito \u00e9 apresentar [&hellip;]<\/p>\n","protected":false},"author":1,"featured_media":3573,"comment_status":"open","ping_status":"open","sticky":false,"template":"elementor_theme","format":"standard","meta":{"content-type":"","footnotes":""},"categories":[48,62],"tags":[74,75,76],"palavra-chave":[],"class_list":["post-3543","post","type-post","status-publish","format-standard","has-post-thumbnail","hentry","category-sem-categoria","category-news","tag-acervo","tag-eventos","tag-mostra-cultural","entry","has-media"],"aioseo_notices":[],"yoast_head":"<!-- This site is optimized with the Yoast SEO plugin v20.13 - https:\/\/yoast.com\/wordpress\/plugins\/seo\/ -->\n<title>Mostra Cultural Afrofuturista exibe a \u00c1frica moderna e atual - atlasgeoculturalafricaatual.com<\/title>\n<meta name=\"robots\" content=\"index, follow, max-snippet:-1, max-image-preview:large, max-video-preview:-1\" \/>\n<link rel=\"canonical\" href=\"https:\/\/atlasgeoculturalafricaatual.com\/index.php\/2022\/04\/21\/mostra-cultural-afrofuturista-exibe-a-africa-moderna-e-atual\/\" \/>\n<meta property=\"og:locale\" content=\"pt_BR\" \/>\n<meta property=\"og:type\" content=\"article\" \/>\n<meta property=\"og:title\" content=\"Mostra Cultural Afrofuturista exibe a \u00c1frica moderna e atual - atlasgeoculturalafricaatual.com\" \/>\n<meta property=\"og:description\" content=\"A Mostra Cultural Afrofuturista procura divulgar os 54 pa\u00edses africanos por meio das artes e culturas sob o ponto de vista da \u00c1frica moderna e atual. O prop\u00f3sito \u00e9 apresentar [&hellip;]\" \/>\n<meta property=\"og:url\" content=\"https:\/\/atlasgeoculturalafricaatual.com\/index.php\/2022\/04\/21\/mostra-cultural-afrofuturista-exibe-a-africa-moderna-e-atual\/\" \/>\n<meta property=\"og:site_name\" content=\"atlasgeoculturalafricaatual.com\" \/>\n<meta property=\"article:published_time\" content=\"2022-04-21T16:13:06+00:00\" \/>\n<meta property=\"og:image\" content=\"\" \/>\n<meta name=\"author\" content=\"atlasgeoculturalafricaatual.com\" \/>\n<meta name=\"twitter:card\" content=\"summary_large_image\" \/>\n<meta name=\"twitter:label1\" content=\"Escrito por\" \/>\n\t<meta name=\"twitter:data1\" content=\"atlasgeoculturalafricaatual.com\" \/>\n\t<meta name=\"twitter:label2\" content=\"Est. tempo de leitura\" \/>\n\t<meta name=\"twitter:data2\" content=\"2 minutos\" \/>\n<script type=\"application\/ld+json\" class=\"yoast-schema-graph\">{\"@context\":\"https:\/\/schema.org\",\"@graph\":[{\"@type\":\"Article\",\"@id\":\"https:\/\/atlasgeoculturalafricaatual.com\/index.php\/2022\/04\/21\/mostra-cultural-afrofuturista-exibe-a-africa-moderna-e-atual\/#article\",\"isPartOf\":{\"@id\":\"https:\/\/atlasgeoculturalafricaatual.com\/index.php\/2022\/04\/21\/mostra-cultural-afrofuturista-exibe-a-africa-moderna-e-atual\/\"},\"author\":{\"name\":\"atlasgeoculturalafricaatual.com\",\"@id\":\"https:\/\/atlasgeoculturalafricaatual.com\/#\/schema\/person\/eeee269288097965a8c6f963043e4062\"},\"headline\":\"Mostra Cultural Afrofuturista exibe a \u00c1frica moderna e atual\",\"datePublished\":\"2022-04-21T16:13:06+00:00\",\"dateModified\":\"2022-04-21T16:13:06+00:00\",\"mainEntityOfPage\":{\"@id\":\"https:\/\/atlasgeoculturalafricaatual.com\/index.php\/2022\/04\/21\/mostra-cultural-afrofuturista-exibe-a-africa-moderna-e-atual\/\"},\"wordCount\":376,\"commentCount\":0,\"publisher\":{\"@id\":\"https:\/\/atlasgeoculturalafricaatual.com\/#organization\"},\"keywords\":[\"Acervo\",\"Eventos\",\"Mostra Cultural\"],\"articleSection\":[\"A Africa\",\"News\"],\"inLanguage\":\"pt-BR\",\"potentialAction\":[{\"@type\":\"CommentAction\",\"name\":\"Comment\",\"target\":[\"https:\/\/atlasgeoculturalafricaatual.com\/index.php\/2022\/04\/21\/mostra-cultural-afrofuturista-exibe-a-africa-moderna-e-atual\/#respond\"]}]},{\"@type\":\"WebPage\",\"@id\":\"https:\/\/atlasgeoculturalafricaatual.com\/index.php\/2022\/04\/21\/mostra-cultural-afrofuturista-exibe-a-africa-moderna-e-atual\/\",\"url\":\"https:\/\/atlasgeoculturalafricaatual.com\/index.php\/2022\/04\/21\/mostra-cultural-afrofuturista-exibe-a-africa-moderna-e-atual\/\",\"name\":\"Mostra Cultural Afrofuturista exibe a \u00c1frica moderna e atual - atlasgeoculturalafricaatual.com\",\"isPartOf\":{\"@id\":\"https:\/\/atlasgeoculturalafricaatual.com\/#website\"},\"datePublished\":\"2022-04-21T16:13:06+00:00\",\"dateModified\":\"2022-04-21T16:13:06+00:00\",\"breadcrumb\":{\"@id\":\"https:\/\/atlasgeoculturalafricaatual.com\/index.php\/2022\/04\/21\/mostra-cultural-afrofuturista-exibe-a-africa-moderna-e-atual\/#breadcrumb\"},\"inLanguage\":\"pt-BR\",\"potentialAction\":[{\"@type\":\"ReadAction\",\"target\":[\"https:\/\/atlasgeoculturalafricaatual.com\/index.php\/2022\/04\/21\/mostra-cultural-afrofuturista-exibe-a-africa-moderna-e-atual\/\"]}]},{\"@type\":\"BreadcrumbList\",\"@id\":\"https:\/\/atlasgeoculturalafricaatual.com\/index.php\/2022\/04\/21\/mostra-cultural-afrofuturista-exibe-a-africa-moderna-e-atual\/#breadcrumb\",\"itemListElement\":[{\"@type\":\"ListItem\",\"position\":1,\"name\":\"In\u00edcio\",\"item\":\"https:\/\/atlasgeoculturalafricaatual.com\/\"},{\"@type\":\"ListItem\",\"position\":2,\"name\":\"Mostra Cultural Afrofuturista exibe a \u00c1frica moderna e atual\"}]},{\"@type\":\"WebSite\",\"@id\":\"https:\/\/atlasgeoculturalafricaatual.com\/#website\",\"url\":\"https:\/\/atlasgeoculturalafricaatual.com\/\",\"name\":\"atlasgeoculturalafricaatual.com\",\"description\":\"O Atlas Geocultural da \u00c1frica \u00e9 um rico material de leitura e pesquisa, que visa apresentar de forma atual os pa\u00edses africanos, ainda t\u00e3o pouco conhecidos.\",\"publisher\":{\"@id\":\"https:\/\/atlasgeoculturalafricaatual.com\/#organization\"},\"potentialAction\":[{\"@type\":\"SearchAction\",\"target\":{\"@type\":\"EntryPoint\",\"urlTemplate\":\"https:\/\/atlasgeoculturalafricaatual.com\/?s={search_term_string}\"},\"query-input\":\"required name=search_term_string\"}],\"inLanguage\":\"pt-BR\"},{\"@type\":\"Organization\",\"@id\":\"https:\/\/atlasgeoculturalafricaatual.com\/#organization\",\"name\":\"atlasgeoculturalafricaatual.com\",\"url\":\"https:\/\/atlasgeoculturalafricaatual.com\/\",\"logo\":{\"@type\":\"ImageObject\",\"inLanguage\":\"pt-BR\",\"@id\":\"https:\/\/atlasgeoculturalafricaatual.com\/#\/schema\/logo\/image\/\",\"url\":\"http:\/\/atlasgeoculturalafricaatual.com\/wp-content\/uploads\/2023\/06\/LOGOEIROS_Prancheta-1-tipo-preto.png\",\"contentUrl\":\"http:\/\/atlasgeoculturalafricaatual.com\/wp-content\/uploads\/2023\/06\/LOGOEIROS_Prancheta-1-tipo-preto.png\",\"width\":1667,\"height\":730,\"caption\":\"atlasgeoculturalafricaatual.com\"},\"image\":{\"@id\":\"https:\/\/atlasgeoculturalafricaatual.com\/#\/schema\/logo\/image\/\"}},{\"@type\":\"Person\",\"@id\":\"https:\/\/atlasgeoculturalafricaatual.com\/#\/schema\/person\/eeee269288097965a8c6f963043e4062\",\"name\":\"atlasgeoculturalafricaatual.com\",\"image\":{\"@type\":\"ImageObject\",\"inLanguage\":\"pt-BR\",\"@id\":\"https:\/\/atlasgeoculturalafricaatual.com\/#\/schema\/person\/image\/\",\"url\":\"https:\/\/secure.gravatar.com\/avatar\/7af55f21031d350b316a54060d50821f?s=96&d=mm&r=g\",\"contentUrl\":\"https:\/\/secure.gravatar.com\/avatar\/7af55f21031d350b316a54060d50821f?s=96&d=mm&r=g\",\"caption\":\"atlasgeoculturalafricaatual.com\"},\"sameAs\":[\"http:\/\/atlasgeoculturalafricaatual.com\"],\"url\":\"https:\/\/atlasgeoculturalafricaatual.com\/index.php\/author\/atlasgeoculturalafricaatual-com\/\"}]}<\/script>\n<!-- \/ Yoast SEO plugin. -->","yoast_head_json":{"title":"Mostra Cultural Afrofuturista exibe a \u00c1frica moderna e atual - atlasgeoculturalafricaatual.com","robots":{"index":"index","follow":"follow","max-snippet":"max-snippet:-1","max-image-preview":"max-image-preview:large","max-video-preview":"max-video-preview:-1"},"canonical":"https:\/\/atlasgeoculturalafricaatual.com\/index.php\/2022\/04\/21\/mostra-cultural-afrofuturista-exibe-a-africa-moderna-e-atual\/","og_locale":"pt_BR","og_type":"article","og_title":"Mostra Cultural Afrofuturista exibe a \u00c1frica moderna e atual - atlasgeoculturalafricaatual.com","og_description":"A Mostra Cultural Afrofuturista procura divulgar os 54 pa\u00edses africanos por meio das artes e culturas sob o ponto de vista da \u00c1frica moderna e atual. O prop\u00f3sito \u00e9 apresentar [&hellip;]","og_url":"https:\/\/atlasgeoculturalafricaatual.com\/index.php\/2022\/04\/21\/mostra-cultural-afrofuturista-exibe-a-africa-moderna-e-atual\/","og_site_name":"atlasgeoculturalafricaatual.com","article_published_time":"2022-04-21T16:13:06+00:00","og_image":[{"url":"httpsss:\/\/africaatual.com.br\/wp-content\/uploads\/2022\/04\/Luciano-Medina.jpeg"}],"author":"atlasgeoculturalafricaatual.com","twitter_card":"summary_large_image","twitter_misc":{"Escrito por":"atlasgeoculturalafricaatual.com","Est. tempo de leitura":"2 minutos"},"schema":{"@context":"https:\/\/schema.org","@graph":[{"@type":"Article","@id":"https:\/\/atlasgeoculturalafricaatual.com\/index.php\/2022\/04\/21\/mostra-cultural-afrofuturista-exibe-a-africa-moderna-e-atual\/#article","isPartOf":{"@id":"https:\/\/atlasgeoculturalafricaatual.com\/index.php\/2022\/04\/21\/mostra-cultural-afrofuturista-exibe-a-africa-moderna-e-atual\/"},"author":{"name":"atlasgeoculturalafricaatual.com","@id":"https:\/\/atlasgeoculturalafricaatual.com\/#\/schema\/person\/eeee269288097965a8c6f963043e4062"},"headline":"Mostra Cultural Afrofuturista exibe a \u00c1frica moderna e atual","datePublished":"2022-04-21T16:13:06+00:00","dateModified":"2022-04-21T16:13:06+00:00","mainEntityOfPage":{"@id":"https:\/\/atlasgeoculturalafricaatual.com\/index.php\/2022\/04\/21\/mostra-cultural-afrofuturista-exibe-a-africa-moderna-e-atual\/"},"wordCount":376,"commentCount":0,"publisher":{"@id":"https:\/\/atlasgeoculturalafricaatual.com\/#organization"},"keywords":["Acervo","Eventos","Mostra Cultural"],"articleSection":["A Africa","News"],"inLanguage":"pt-BR","potentialAction":[{"@type":"CommentAction","name":"Comment","target":["https:\/\/atlasgeoculturalafricaatual.com\/index.php\/2022\/04\/21\/mostra-cultural-afrofuturista-exibe-a-africa-moderna-e-atual\/#respond"]}]},{"@type":"WebPage","@id":"https:\/\/atlasgeoculturalafricaatual.com\/index.php\/2022\/04\/21\/mostra-cultural-afrofuturista-exibe-a-africa-moderna-e-atual\/","url":"https:\/\/atlasgeoculturalafricaatual.com\/index.php\/2022\/04\/21\/mostra-cultural-afrofuturista-exibe-a-africa-moderna-e-atual\/","name":"Mostra Cultural Afrofuturista exibe a \u00c1frica moderna e atual - atlasgeoculturalafricaatual.com","isPartOf":{"@id":"https:\/\/atlasgeoculturalafricaatual.com\/#website"},"datePublished":"2022-04-21T16:13:06+00:00","dateModified":"2022-04-21T16:13:06+00:00","breadcrumb":{"@id":"https:\/\/atlasgeoculturalafricaatual.com\/index.php\/2022\/04\/21\/mostra-cultural-afrofuturista-exibe-a-africa-moderna-e-atual\/#breadcrumb"},"inLanguage":"pt-BR","potentialAction":[{"@type":"ReadAction","target":["https:\/\/atlasgeoculturalafricaatual.com\/index.php\/2022\/04\/21\/mostra-cultural-afrofuturista-exibe-a-africa-moderna-e-atual\/"]}]},{"@type":"BreadcrumbList","@id":"https:\/\/atlasgeoculturalafricaatual.com\/index.php\/2022\/04\/21\/mostra-cultural-afrofuturista-exibe-a-africa-moderna-e-atual\/#breadcrumb","itemListElement":[{"@type":"ListItem","position":1,"name":"In\u00edcio","item":"https:\/\/atlasgeoculturalafricaatual.com\/"},{"@type":"ListItem","position":2,"name":"Mostra Cultural Afrofuturista exibe a \u00c1frica moderna e atual"}]},{"@type":"WebSite","@id":"https:\/\/atlasgeoculturalafricaatual.com\/#website","url":"https:\/\/atlasgeoculturalafricaatual.com\/","name":"atlasgeoculturalafricaatual.com","description":"O Atlas Geocultural da \u00c1frica \u00e9 um rico material de leitura e pesquisa, que visa apresentar de forma atual os pa\u00edses africanos, ainda t\u00e3o pouco conhecidos.","publisher":{"@id":"https:\/\/atlasgeoculturalafricaatual.com\/#organization"},"potentialAction":[{"@type":"SearchAction","target":{"@type":"EntryPoint","urlTemplate":"https:\/\/atlasgeoculturalafricaatual.com\/?s={search_term_string}"},"query-input":"required name=search_term_string"}],"inLanguage":"pt-BR"},{"@type":"Organization","@id":"https:\/\/atlasgeoculturalafricaatual.com\/#organization","name":"atlasgeoculturalafricaatual.com","url":"https:\/\/atlasgeoculturalafricaatual.com\/","logo":{"@type":"ImageObject","inLanguage":"pt-BR","@id":"https:\/\/atlasgeoculturalafricaatual.com\/#\/schema\/logo\/image\/","url":"http:\/\/atlasgeoculturalafricaatual.com\/wp-content\/uploads\/2023\/06\/LOGOEIROS_Prancheta-1-tipo-preto.png","contentUrl":"http:\/\/atlasgeoculturalafricaatual.com\/wp-content\/uploads\/2023\/06\/LOGOEIROS_Prancheta-1-tipo-preto.png","width":1667,"height":730,"caption":"atlasgeoculturalafricaatual.com"},"image":{"@id":"https:\/\/atlasgeoculturalafricaatual.com\/#\/schema\/logo\/image\/"}},{"@type":"Person","@id":"https:\/\/atlasgeoculturalafricaatual.com\/#\/schema\/person\/eeee269288097965a8c6f963043e4062","name":"atlasgeoculturalafricaatual.com","image":{"@type":"ImageObject","inLanguage":"pt-BR","@id":"https:\/\/atlasgeoculturalafricaatual.com\/#\/schema\/person\/image\/","url":"https:\/\/secure.gravatar.com\/avatar\/7af55f21031d350b316a54060d50821f?s=96&d=mm&r=g","contentUrl":"https:\/\/secure.gravatar.com\/avatar\/7af55f21031d350b316a54060d50821f?s=96&d=mm&r=g","caption":"atlasgeoculturalafricaatual.com"},"sameAs":["http:\/\/atlasgeoculturalafricaatual.com"],"url":"https:\/\/atlasgeoculturalafricaatual.com\/index.php\/author\/atlasgeoculturalafricaatual-com\/"}]}},"_links":{"self":[{"href":"https:\/\/atlasgeoculturalafricaatual.com\/index.php\/wp-json\/wp\/v2\/posts\/3543","targetHints":{"allow":["GET"]}}],"collection":[{"href":"https:\/\/atlasgeoculturalafricaatual.com\/index.php\/wp-json\/wp\/v2\/posts"}],"about":[{"href":"https:\/\/atlasgeoculturalafricaatual.com\/index.php\/wp-json\/wp\/v2\/types\/post"}],"author":[{"embeddable":true,"href":"https:\/\/atlasgeoculturalafricaatual.com\/index.php\/wp-json\/wp\/v2\/users\/1"}],"replies":[{"embeddable":true,"href":"https:\/\/atlasgeoculturalafricaatual.com\/index.php\/wp-json\/wp\/v2\/comments?post=3543"}],"version-history":[{"count":0,"href":"https:\/\/atlasgeoculturalafricaatual.com\/index.php\/wp-json\/wp\/v2\/posts\/3543\/revisions"}],"wp:featuredmedia":[{"embeddable":true,"href":"https:\/\/atlasgeoculturalafricaatual.com\/index.php\/wp-json\/"}],"wp:attachment":[{"href":"https:\/\/atlasgeoculturalafricaatual.com\/index.php\/wp-json\/wp\/v2\/media?parent=3543"}],"wp:term":[{"taxonomy":"category","embeddable":true,"href":"https:\/\/atlasgeoculturalafricaatual.com\/index.php\/wp-json\/wp\/v2\/categories?post=3543"},{"taxonomy":"post_tag","embeddable":true,"href":"https:\/\/atlasgeoculturalafricaatual.com\/index.php\/wp-json\/wp\/v2\/tags?post=3543"},{"taxonomy":"palavra-chave","embeddable":true,"href":"https:\/\/atlasgeoculturalafricaatual.com\/index.php\/wp-json\/wp\/v2\/palavra-chave?post=3543"}],"curies":[{"name":"wp","href":"https:\/\/api.w.org\/{rel}","templated":true}]}}