{"id":2386,"date":"2021-09-15T14:52:38","date_gmt":"2021-09-15T17:52:38","guid":{"rendered":"https:\/\/atlasgeoculturalafricaatual.com\/index.php\/2021\/09\/15\/projeto-educacional-para-criancas-em-africa-um-caso-em-destaque\/"},"modified":"2021-09-15T14:52:38","modified_gmt":"2021-09-15T17:52:38","slug":"projeto-educacional-para-criancas-em-africa-um-caso-em-destaque","status":"publish","type":"post","link":"https:\/\/atlasgeoculturalafricaatual.com\/index.php\/2021\/09\/15\/projeto-educacional-para-criancas-em-africa-um-caso-em-destaque\/","title":{"rendered":"Projeto educacional para crian\u00e7as em \u00c1frica: um caso em destaque"},"content":{"rendered":"\n<p>&#8220;<em>A educa\u00e7\u00e3o infantil \u00e9 um dos melhores investimentos que um pa\u00eds pode fazer para preparar as crian\u00e7as para o aprendizado e dar-lhes a chance de prosperar mais tarde na vida.<\/em>&#8220;<\/p>\n\n\n\n<p>&#8220;Dentro da estrutura de resultados da PGE, dois indicadores destacam o impacto que a PGE busca alcan\u00e7ar na Educa\u00e7\u00e3o Infantil.&nbsp;A GPE apoia os governos para melhorar o acesso a oportunidades de aprendizagem precoce de qualidade ao:<\/p>\n\n\n\n<p><strong>Apoio ao planejamento e an\u00e1lise do<\/strong>&nbsp;setor de Educa\u00e7\u00e3o Infantil: Os planos do setor de educa\u00e7\u00e3o devem incluir um componente de Educa\u00e7\u00e3o Infantil, e os parceiros de desenvolvimento levar\u00e3o isso em considera\u00e7\u00e3o ao endossar o plano.<\/p>\n\n\n\n<ul class=\"wp-block-list\"><li>Juntamente com o UNICEF sob a iniciativa BELDS, o GPE desenvolveu o&nbsp;<a rel=\"noreferrer noopener\" href=\"\/\/www.ece-accelerator.org\/\" target=\"_blank\">Kit de Ferramentas de An\u00e1lise e Planejamento do Acelerador ECE<\/a>&nbsp;, um recurso online gratuito para fortalecer as capacidades nacionais para planejar, custear, financiar e monitorar programas de ECE com efic\u00e1cia.<\/li><li>O Acelerador ECE inclui ferramentas interativas e personaliz\u00e1veis \u200b\u200bcom estudos de caso ilustrativos de pa\u00edses e exemplos para mostrar como os recursos foram aplicados em uma variedade de contextos.<\/li><li>Juntamente com a UNESCO, o UNICEF e o Banco Mundial, o GPE elaborou&nbsp;<a href=\"httpsss:\/\/www.globalpartnership.org\/content\/methodological-guidelines-education-sector-analysis-volume-2\">diretrizes para a an\u00e1lise do setor educacional<\/a>&nbsp;.&#8221;<\/li><\/ul>\n\n\n\n<p>Aprofunde suas informa\u00e7\u00f5es entrando no site\/fonte de imagens e textos explicitados nesta mat\u00e9ria: <\/p>\n\n\n\n<p><a href=\"httpsss:\/\/www.globalpartnership.org\/what-we-do\/early-learning\">httpsss:\/\/www.globalpartnership.org\/what-we-do\/early-learning<\/a><\/p>\n","protected":false},"excerpt":{"rendered":"<p>&#8220;A educa\u00e7\u00e3o infantil \u00e9 um dos melhores investimentos que um pa\u00eds pode fazer para preparar as crian\u00e7as para o aprendizado e dar-lhes a chance de prosperar mais tarde na vida.&#8220; [&hellip;]<\/p>\n","protected":false},"author":1,"featured_media":2388,"comment_status":"open","ping_status":"open","sticky":false,"template":"","format":"standard","meta":{"content-type":"","footnotes":""},"categories":[48],"tags":[],"palavra-chave":[],"class_list":["post-2386","post","type-post","status-publish","format-standard","has-post-thumbnail","hentry","category-sem-categoria","entry","has-media"],"aioseo_notices":[],"yoast_head":"<!-- This site is optimized with the Yoast SEO plugin v20.13 - https:\/\/yoast.com\/wordpress\/plugins\/seo\/ -->\n<title>Projeto educacional para crian\u00e7as em \u00c1frica: um caso em destaque - atlasgeoculturalafricaatual.com<\/title>\n<meta name=\"robots\" content=\"index, follow, max-snippet:-1, max-image-preview:large, max-video-preview:-1\" \/>\n<link rel=\"canonical\" href=\"https:\/\/atlasgeoculturalafricaatual.com\/index.php\/2021\/09\/15\/projeto-educacional-para-criancas-em-africa-um-caso-em-destaque\/\" \/>\n<meta property=\"og:locale\" content=\"pt_BR\" \/>\n<meta property=\"og:type\" content=\"article\" \/>\n<meta property=\"og:title\" content=\"Projeto educacional para crian\u00e7as em \u00c1frica: um caso em destaque - atlasgeoculturalafricaatual.com\" \/>\n<meta property=\"og:description\" content=\"&#8220;A educa\u00e7\u00e3o infantil \u00e9 um dos melhores investimentos que um pa\u00eds pode fazer para preparar as crian\u00e7as para o aprendizado e dar-lhes a chance de prosperar mais tarde na vida.&#8220; [&hellip;]\" \/>\n<meta property=\"og:url\" content=\"https:\/\/atlasgeoculturalafricaatual.com\/index.php\/2021\/09\/15\/projeto-educacional-para-criancas-em-africa-um-caso-em-destaque\/\" \/>\n<meta property=\"og:site_name\" content=\"atlasgeoculturalafricaatual.com\" \/>\n<meta property=\"article:published_time\" content=\"2021-09-15T17:52:38+00:00\" \/>\n<meta name=\"author\" content=\"atlasgeoculturalafricaatual.com\" \/>\n<meta name=\"twitter:card\" content=\"summary_large_image\" \/>\n<meta name=\"twitter:label1\" content=\"Escrito por\" \/>\n\t<meta name=\"twitter:data1\" content=\"atlasgeoculturalafricaatual.com\" \/>\n\t<meta name=\"twitter:label2\" content=\"Est. tempo de leitura\" \/>\n\t<meta name=\"twitter:data2\" content=\"1 minuto\" \/>\n<script type=\"application\/ld+json\" class=\"yoast-schema-graph\">{\"@context\":\"https:\/\/schema.org\",\"@graph\":[{\"@type\":\"Article\",\"@id\":\"https:\/\/atlasgeoculturalafricaatual.com\/index.php\/2021\/09\/15\/projeto-educacional-para-criancas-em-africa-um-caso-em-destaque\/#article\",\"isPartOf\":{\"@id\":\"https:\/\/atlasgeoculturalafricaatual.com\/index.php\/2021\/09\/15\/projeto-educacional-para-criancas-em-africa-um-caso-em-destaque\/\"},\"author\":{\"name\":\"atlasgeoculturalafricaatual.com\",\"@id\":\"https:\/\/atlasgeoculturalafricaatual.com\/#\/schema\/person\/eeee269288097965a8c6f963043e4062\"},\"headline\":\"Projeto educacional para crian\u00e7as em \u00c1frica: um caso em destaque\",\"datePublished\":\"2021-09-15T17:52:38+00:00\",\"dateModified\":\"2021-09-15T17:52:38+00:00\",\"mainEntityOfPage\":{\"@id\":\"https:\/\/atlasgeoculturalafricaatual.com\/index.php\/2021\/09\/15\/projeto-educacional-para-criancas-em-africa-um-caso-em-destaque\/\"},\"wordCount\":248,\"commentCount\":0,\"publisher\":{\"@id\":\"https:\/\/atlasgeoculturalafricaatual.com\/#organization\"},\"articleSection\":[\"A Africa\"],\"inLanguage\":\"pt-BR\",\"potentialAction\":[{\"@type\":\"CommentAction\",\"name\":\"Comment\",\"target\":[\"https:\/\/atlasgeoculturalafricaatual.com\/index.php\/2021\/09\/15\/projeto-educacional-para-criancas-em-africa-um-caso-em-destaque\/#respond\"]}]},{\"@type\":\"WebPage\",\"@id\":\"https:\/\/atlasgeoculturalafricaatual.com\/index.php\/2021\/09\/15\/projeto-educacional-para-criancas-em-africa-um-caso-em-destaque\/\",\"url\":\"https:\/\/atlasgeoculturalafricaatual.com\/index.php\/2021\/09\/15\/projeto-educacional-para-criancas-em-africa-um-caso-em-destaque\/\",\"name\":\"Projeto educacional para crian\u00e7as em \u00c1frica: um caso em destaque - atlasgeoculturalafricaatual.com\",\"isPartOf\":{\"@id\":\"https:\/\/atlasgeoculturalafricaatual.com\/#website\"},\"datePublished\":\"2021-09-15T17:52:38+00:00\",\"dateModified\":\"2021-09-15T17:52:38+00:00\",\"breadcrumb\":{\"@id\":\"https:\/\/atlasgeoculturalafricaatual.com\/index.php\/2021\/09\/15\/projeto-educacional-para-criancas-em-africa-um-caso-em-destaque\/#breadcrumb\"},\"inLanguage\":\"pt-BR\",\"potentialAction\":[{\"@type\":\"ReadAction\",\"target\":[\"https:\/\/atlasgeoculturalafricaatual.com\/index.php\/2021\/09\/15\/projeto-educacional-para-criancas-em-africa-um-caso-em-destaque\/\"]}]},{\"@type\":\"BreadcrumbList\",\"@id\":\"https:\/\/atlasgeoculturalafricaatual.com\/index.php\/2021\/09\/15\/projeto-educacional-para-criancas-em-africa-um-caso-em-destaque\/#breadcrumb\",\"itemListElement\":[{\"@type\":\"ListItem\",\"position\":1,\"name\":\"In\u00edcio\",\"item\":\"https:\/\/atlasgeoculturalafricaatual.com\/\"},{\"@type\":\"ListItem\",\"position\":2,\"name\":\"Projeto educacional para crian\u00e7as em \u00c1frica: um caso em destaque\"}]},{\"@type\":\"WebSite\",\"@id\":\"https:\/\/atlasgeoculturalafricaatual.com\/#website\",\"url\":\"https:\/\/atlasgeoculturalafricaatual.com\/\",\"name\":\"atlasgeoculturalafricaatual.com\",\"description\":\"O Atlas Geocultural da \u00c1frica \u00e9 um rico material de leitura e pesquisa, que visa apresentar de forma atual os pa\u00edses africanos, ainda t\u00e3o pouco conhecidos.\",\"publisher\":{\"@id\":\"https:\/\/atlasgeoculturalafricaatual.com\/#organization\"},\"potentialAction\":[{\"@type\":\"SearchAction\",\"target\":{\"@type\":\"EntryPoint\",\"urlTemplate\":\"https:\/\/atlasgeoculturalafricaatual.com\/?s={search_term_string}\"},\"query-input\":\"required name=search_term_string\"}],\"inLanguage\":\"pt-BR\"},{\"@type\":\"Organization\",\"@id\":\"https:\/\/atlasgeoculturalafricaatual.com\/#organization\",\"name\":\"atlasgeoculturalafricaatual.com\",\"url\":\"https:\/\/atlasgeoculturalafricaatual.com\/\",\"logo\":{\"@type\":\"ImageObject\",\"inLanguage\":\"pt-BR\",\"@id\":\"https:\/\/atlasgeoculturalafricaatual.com\/#\/schema\/logo\/image\/\",\"url\":\"http:\/\/atlasgeoculturalafricaatual.com\/wp-content\/uploads\/2023\/06\/LOGOEIROS_Prancheta-1-tipo-preto.png\",\"contentUrl\":\"http:\/\/atlasgeoculturalafricaatual.com\/wp-content\/uploads\/2023\/06\/LOGOEIROS_Prancheta-1-tipo-preto.png\",\"width\":1667,\"height\":730,\"caption\":\"atlasgeoculturalafricaatual.com\"},\"image\":{\"@id\":\"https:\/\/atlasgeoculturalafricaatual.com\/#\/schema\/logo\/image\/\"}},{\"@type\":\"Person\",\"@id\":\"https:\/\/atlasgeoculturalafricaatual.com\/#\/schema\/person\/eeee269288097965a8c6f963043e4062\",\"name\":\"atlasgeoculturalafricaatual.com\",\"image\":{\"@type\":\"ImageObject\",\"inLanguage\":\"pt-BR\",\"@id\":\"https:\/\/atlasgeoculturalafricaatual.com\/#\/schema\/person\/image\/\",\"url\":\"https:\/\/secure.gravatar.com\/avatar\/7af55f21031d350b316a54060d50821f?s=96&d=mm&r=g\",\"contentUrl\":\"https:\/\/secure.gravatar.com\/avatar\/7af55f21031d350b316a54060d50821f?s=96&d=mm&r=g\",\"caption\":\"atlasgeoculturalafricaatual.com\"},\"sameAs\":[\"http:\/\/atlasgeoculturalafricaatual.com\"],\"url\":\"https:\/\/atlasgeoculturalafricaatual.com\/index.php\/author\/atlasgeoculturalafricaatual-com\/\"}]}<\/script>\n<!-- \/ Yoast SEO plugin. -->","yoast_head_json":{"title":"Projeto educacional para crian\u00e7as em \u00c1frica: um caso em destaque - atlasgeoculturalafricaatual.com","robots":{"index":"index","follow":"follow","max-snippet":"max-snippet:-1","max-image-preview":"max-image-preview:large","max-video-preview":"max-video-preview:-1"},"canonical":"https:\/\/atlasgeoculturalafricaatual.com\/index.php\/2021\/09\/15\/projeto-educacional-para-criancas-em-africa-um-caso-em-destaque\/","og_locale":"pt_BR","og_type":"article","og_title":"Projeto educacional para crian\u00e7as em \u00c1frica: um caso em destaque - atlasgeoculturalafricaatual.com","og_description":"&#8220;A educa\u00e7\u00e3o infantil \u00e9 um dos melhores investimentos que um pa\u00eds pode fazer para preparar as crian\u00e7as para o aprendizado e dar-lhes a chance de prosperar mais tarde na vida.&#8220; [&hellip;]","og_url":"https:\/\/atlasgeoculturalafricaatual.com\/index.php\/2021\/09\/15\/projeto-educacional-para-criancas-em-africa-um-caso-em-destaque\/","og_site_name":"atlasgeoculturalafricaatual.com","article_published_time":"2021-09-15T17:52:38+00:00","author":"atlasgeoculturalafricaatual.com","twitter_card":"summary_large_image","twitter_misc":{"Escrito por":"atlasgeoculturalafricaatual.com","Est. tempo de leitura":"1 minuto"},"schema":{"@context":"https:\/\/schema.org","@graph":[{"@type":"Article","@id":"https:\/\/atlasgeoculturalafricaatual.com\/index.php\/2021\/09\/15\/projeto-educacional-para-criancas-em-africa-um-caso-em-destaque\/#article","isPartOf":{"@id":"https:\/\/atlasgeoculturalafricaatual.com\/index.php\/2021\/09\/15\/projeto-educacional-para-criancas-em-africa-um-caso-em-destaque\/"},"author":{"name":"atlasgeoculturalafricaatual.com","@id":"https:\/\/atlasgeoculturalafricaatual.com\/#\/schema\/person\/eeee269288097965a8c6f963043e4062"},"headline":"Projeto educacional para crian\u00e7as em \u00c1frica: um caso em destaque","datePublished":"2021-09-15T17:52:38+00:00","dateModified":"2021-09-15T17:52:38+00:00","mainEntityOfPage":{"@id":"https:\/\/atlasgeoculturalafricaatual.com\/index.php\/2021\/09\/15\/projeto-educacional-para-criancas-em-africa-um-caso-em-destaque\/"},"wordCount":248,"commentCount":0,"publisher":{"@id":"https:\/\/atlasgeoculturalafricaatual.com\/#organization"},"articleSection":["A Africa"],"inLanguage":"pt-BR","potentialAction":[{"@type":"CommentAction","name":"Comment","target":["https:\/\/atlasgeoculturalafricaatual.com\/index.php\/2021\/09\/15\/projeto-educacional-para-criancas-em-africa-um-caso-em-destaque\/#respond"]}]},{"@type":"WebPage","@id":"https:\/\/atlasgeoculturalafricaatual.com\/index.php\/2021\/09\/15\/projeto-educacional-para-criancas-em-africa-um-caso-em-destaque\/","url":"https:\/\/atlasgeoculturalafricaatual.com\/index.php\/2021\/09\/15\/projeto-educacional-para-criancas-em-africa-um-caso-em-destaque\/","name":"Projeto educacional para crian\u00e7as em \u00c1frica: um caso em destaque - atlasgeoculturalafricaatual.com","isPartOf":{"@id":"https:\/\/atlasgeoculturalafricaatual.com\/#website"},"datePublished":"2021-09-15T17:52:38+00:00","dateModified":"2021-09-15T17:52:38+00:00","breadcrumb":{"@id":"https:\/\/atlasgeoculturalafricaatual.com\/index.php\/2021\/09\/15\/projeto-educacional-para-criancas-em-africa-um-caso-em-destaque\/#breadcrumb"},"inLanguage":"pt-BR","potentialAction":[{"@type":"ReadAction","target":["https:\/\/atlasgeoculturalafricaatual.com\/index.php\/2021\/09\/15\/projeto-educacional-para-criancas-em-africa-um-caso-em-destaque\/"]}]},{"@type":"BreadcrumbList","@id":"https:\/\/atlasgeoculturalafricaatual.com\/index.php\/2021\/09\/15\/projeto-educacional-para-criancas-em-africa-um-caso-em-destaque\/#breadcrumb","itemListElement":[{"@type":"ListItem","position":1,"name":"In\u00edcio","item":"https:\/\/atlasgeoculturalafricaatual.com\/"},{"@type":"ListItem","position":2,"name":"Projeto educacional para crian\u00e7as em \u00c1frica: um caso em destaque"}]},{"@type":"WebSite","@id":"https:\/\/atlasgeoculturalafricaatual.com\/#website","url":"https:\/\/atlasgeoculturalafricaatual.com\/","name":"atlasgeoculturalafricaatual.com","description":"O Atlas Geocultural da \u00c1frica \u00e9 um rico material de leitura e pesquisa, que visa apresentar de forma atual os pa\u00edses africanos, ainda t\u00e3o pouco conhecidos.","publisher":{"@id":"https:\/\/atlasgeoculturalafricaatual.com\/#organization"},"potentialAction":[{"@type":"SearchAction","target":{"@type":"EntryPoint","urlTemplate":"https:\/\/atlasgeoculturalafricaatual.com\/?s={search_term_string}"},"query-input":"required name=search_term_string"}],"inLanguage":"pt-BR"},{"@type":"Organization","@id":"https:\/\/atlasgeoculturalafricaatual.com\/#organization","name":"atlasgeoculturalafricaatual.com","url":"https:\/\/atlasgeoculturalafricaatual.com\/","logo":{"@type":"ImageObject","inLanguage":"pt-BR","@id":"https:\/\/atlasgeoculturalafricaatual.com\/#\/schema\/logo\/image\/","url":"http:\/\/atlasgeoculturalafricaatual.com\/wp-content\/uploads\/2023\/06\/LOGOEIROS_Prancheta-1-tipo-preto.png","contentUrl":"http:\/\/atlasgeoculturalafricaatual.com\/wp-content\/uploads\/2023\/06\/LOGOEIROS_Prancheta-1-tipo-preto.png","width":1667,"height":730,"caption":"atlasgeoculturalafricaatual.com"},"image":{"@id":"https:\/\/atlasgeoculturalafricaatual.com\/#\/schema\/logo\/image\/"}},{"@type":"Person","@id":"https:\/\/atlasgeoculturalafricaatual.com\/#\/schema\/person\/eeee269288097965a8c6f963043e4062","name":"atlasgeoculturalafricaatual.com","image":{"@type":"ImageObject","inLanguage":"pt-BR","@id":"https:\/\/atlasgeoculturalafricaatual.com\/#\/schema\/person\/image\/","url":"https:\/\/secure.gravatar.com\/avatar\/7af55f21031d350b316a54060d50821f?s=96&d=mm&r=g","contentUrl":"https:\/\/secure.gravatar.com\/avatar\/7af55f21031d350b316a54060d50821f?s=96&d=mm&r=g","caption":"atlasgeoculturalafricaatual.com"},"sameAs":["http:\/\/atlasgeoculturalafricaatual.com"],"url":"https:\/\/atlasgeoculturalafricaatual.com\/index.php\/author\/atlasgeoculturalafricaatual-com\/"}]}},"_links":{"self":[{"href":"https:\/\/atlasgeoculturalafricaatual.com\/index.php\/wp-json\/wp\/v2\/posts\/2386","targetHints":{"allow":["GET"]}}],"collection":[{"href":"https:\/\/atlasgeoculturalafricaatual.com\/index.php\/wp-json\/wp\/v2\/posts"}],"about":[{"href":"https:\/\/atlasgeoculturalafricaatual.com\/index.php\/wp-json\/wp\/v2\/types\/post"}],"author":[{"embeddable":true,"href":"https:\/\/atlasgeoculturalafricaatual.com\/index.php\/wp-json\/wp\/v2\/users\/1"}],"replies":[{"embeddable":true,"href":"https:\/\/atlasgeoculturalafricaatual.com\/index.php\/wp-json\/wp\/v2\/comments?post=2386"}],"version-history":[{"count":0,"href":"https:\/\/atlasgeoculturalafricaatual.com\/index.php\/wp-json\/wp\/v2\/posts\/2386\/revisions"}],"wp:featuredmedia":[{"embeddable":true,"href":"https:\/\/atlasgeoculturalafricaatual.com\/index.php\/wp-json\/"}],"wp:attachment":[{"href":"https:\/\/atlasgeoculturalafricaatual.com\/index.php\/wp-json\/wp\/v2\/media?parent=2386"}],"wp:term":[{"taxonomy":"category","embeddable":true,"href":"https:\/\/atlasgeoculturalafricaatual.com\/index.php\/wp-json\/wp\/v2\/categories?post=2386"},{"taxonomy":"post_tag","embeddable":true,"href":"https:\/\/atlasgeoculturalafricaatual.com\/index.php\/wp-json\/wp\/v2\/tags?post=2386"},{"taxonomy":"palavra-chave","embeddable":true,"href":"https:\/\/atlasgeoculturalafricaatual.com\/index.php\/wp-json\/wp\/v2\/palavra-chave?post=2386"}],"curies":[{"name":"wp","href":"https:\/\/api.w.org\/{rel}","templated":true}]}}