{"id":2110,"date":"2021-08-05T10:02:07","date_gmt":"2021-08-05T13:02:07","guid":{"rendered":"https:\/\/atlasgeoculturalafricaatual.com\/index.php\/2021\/08\/05\/vida-estudantil-e-universitaria-dialogos-entre-brasil-e-angola\/"},"modified":"2021-08-05T10:02:07","modified_gmt":"2021-08-05T13:02:07","slug":"vida-estudantil-e-universitaria-dialogos-entre-brasil-e-angola","status":"publish","type":"post","link":"https:\/\/atlasgeoculturalafricaatual.com\/index.php\/2021\/08\/05\/vida-estudantil-e-universitaria-dialogos-entre-brasil-e-angola\/","title":{"rendered":"Vida Estudantil e Universit\u00e1ria: di\u00e1logos entre Brasil e Angola"},"content":{"rendered":"\n<p>&nbsp;A live &#8220;Vida Estudantil e Universit\u00e1ria: di\u00e1logos entre Brasil e Angola&#8221; ocorre no dia 09\/agosto\/2021 \u00e0s 17h30 na TV Matracas.&nbsp;<\/p>\n\n\n\n<p>Link:&nbsp;<a href=\"httpsss:\/\/www.blogger.com\/blog\/post\/edit\/2976165892999089967\/3542915354725167967#\">httpsss:\/\/youtu.be\/ed8a0oEPs5U<\/a><\/p>\n\n\n\n<p>O Programa semanal &#8220;Conex\u00f5es Brasil-\u00c1frica&#8221; ocorre sempre \u00e0s 17h30, das segundas-feiras, na TV Matracas, com o apresentador e entrevistador Prof. Dr. Odair Marques da Silva, autor do livro &#8220;Atlas Geocultural da \u00c1frica&#8221; (Projeto de divulga\u00e7\u00e3o dos pa\u00edses em \u00c1frica: africaatual.com.br).&nbsp;<\/p>\n\n\n\n<p>Nesta agenda, os entrevistados s\u00e3o:&nbsp;<\/p>\n\n\n\n<p>Katiana Prata,&nbsp;estudante do 4 ano, Curso de Pedagogia do Instituto Superior Dom Bosco, unidade org\u00e2nica da Universidade Cat\u00f3lica de Angola.<\/p>\n\n\n\n<div class=\"wp-block-image\"><figure class=\"aligncenter size-large\"><img decoding=\"async\" src=\"httpsss:\/\/africaatual.com.br\/wp-content\/uploads\/2021\/08\/katiana.jpg\" alt=\"\" class=\"wp-image-2115\"\/><\/figure><\/div>\n\n\n\n<p>Alberto Cayumba Capapiro, quarto ano do Curso de Filosofia, na Universidade Cat\u00f3lica de Angola(UCAN), no Instituto Superior Dom Bosco(ISDB) em Luanda\/Angola<\/p>\n\n\n\n<div class=\"wp-block-image\"><figure class=\"aligncenter size-large is-resized\"><img loading=\"lazy\" decoding=\"async\" src=\"httpsss:\/\/africaatual.com.br\/wp-content\/uploads\/2021\/08\/alberto-capapiro-1024x835.jpg\" alt=\"\" class=\"wp-image-2116\" width=\"475\" height=\"387\"\/><\/figure><\/div>\n\n\n\n<p>Nadya Oliveira,&nbsp;graduanda em Engenharia de Alimentos, no per\u00edodo integral, UNICAMP<\/p>\n\n\n\n<div class=\"wp-block-image\"><figure class=\"aligncenter size-large is-resized\"><img loading=\"lazy\" decoding=\"async\" src=\"httpsss:\/\/africaatual.com.br\/wp-content\/uploads\/2021\/08\/nadya.jpg\" alt=\"\" class=\"wp-image-2117\" width=\"460\" height=\"460\"\/><\/figure><\/div>\n\n\n\n<p>&nbsp;Vict\u00f3ria Rodrigues Paes Nascimento, 5\u00b0 semestre, Pedagogia, Unicamp<\/p>\n\n\n\n<div class=\"wp-block-image\"><figure class=\"aligncenter size-large is-resized\"><img loading=\"lazy\" decoding=\"async\" src=\"httpsss:\/\/africaatual.com.br\/wp-content\/uploads\/2021\/08\/victoria-unicamp-b-768x1024.jpg\" alt=\"\" class=\"wp-image-2119\" width=\"388\" height=\"517\"\/><\/figure><\/div>\n","protected":false},"excerpt":{"rendered":"<p>&nbsp;A live &#8220;Vida Estudantil e Universit\u00e1ria: di\u00e1logos entre Brasil e Angola&#8221; ocorre no dia 09\/agosto\/2021 \u00e0s 17h30 na TV Matracas.&nbsp; Link:&nbsp;httpsss:\/\/youtu.be\/ed8a0oEPs5U O Programa semanal &#8220;Conex\u00f5es Brasil-\u00c1frica&#8221; ocorre sempre \u00e0s 17h30, [&hellip;]<\/p>\n","protected":false},"author":1,"featured_media":2111,"comment_status":"open","ping_status":"open","sticky":false,"template":"","format":"standard","meta":{"content-type":"","footnotes":""},"categories":[48],"tags":[],"palavra-chave":[],"class_list":["post-2110","post","type-post","status-publish","format-standard","has-post-thumbnail","hentry","category-sem-categoria","entry","has-media"],"aioseo_notices":[],"yoast_head":"<!-- This site is optimized with the Yoast SEO plugin v20.13 - https:\/\/yoast.com\/wordpress\/plugins\/seo\/ -->\n<title>Vida Estudantil e Universit\u00e1ria: di\u00e1logos entre Brasil e Angola - atlasgeoculturalafricaatual.com<\/title>\n<meta name=\"robots\" content=\"index, follow, max-snippet:-1, max-image-preview:large, max-video-preview:-1\" \/>\n<link rel=\"canonical\" href=\"https:\/\/atlasgeoculturalafricaatual.com\/index.php\/2021\/08\/05\/vida-estudantil-e-universitaria-dialogos-entre-brasil-e-angola\/\" \/>\n<meta property=\"og:locale\" content=\"pt_BR\" \/>\n<meta property=\"og:type\" content=\"article\" \/>\n<meta property=\"og:title\" content=\"Vida Estudantil e Universit\u00e1ria: di\u00e1logos entre Brasil e Angola - atlasgeoculturalafricaatual.com\" \/>\n<meta property=\"og:description\" content=\"&nbsp;A live &#8220;Vida Estudantil e Universit\u00e1ria: di\u00e1logos entre Brasil e Angola&#8221; ocorre no dia 09\/agosto\/2021 \u00e0s 17h30 na TV Matracas.&nbsp; Link:&nbsp;httpsss:\/\/youtu.be\/ed8a0oEPs5U O Programa semanal &#8220;Conex\u00f5es Brasil-\u00c1frica&#8221; ocorre sempre \u00e0s 17h30, [&hellip;]\" \/>\n<meta property=\"og:url\" content=\"https:\/\/atlasgeoculturalafricaatual.com\/index.php\/2021\/08\/05\/vida-estudantil-e-universitaria-dialogos-entre-brasil-e-angola\/\" \/>\n<meta property=\"og:site_name\" content=\"atlasgeoculturalafricaatual.com\" \/>\n<meta property=\"article:published_time\" content=\"2021-08-05T13:02:07+00:00\" \/>\n<meta property=\"og:image\" content=\"\" \/>\n<meta name=\"author\" content=\"atlasgeoculturalafricaatual.com\" \/>\n<meta name=\"twitter:card\" content=\"summary_large_image\" \/>\n<meta name=\"twitter:label1\" content=\"Escrito por\" \/>\n\t<meta name=\"twitter:data1\" content=\"atlasgeoculturalafricaatual.com\" \/>\n\t<meta name=\"twitter:label2\" content=\"Est. tempo de leitura\" \/>\n\t<meta name=\"twitter:data2\" content=\"1 minuto\" \/>\n<script type=\"application\/ld+json\" class=\"yoast-schema-graph\">{\"@context\":\"https:\/\/schema.org\",\"@graph\":[{\"@type\":\"Article\",\"@id\":\"https:\/\/atlasgeoculturalafricaatual.com\/index.php\/2021\/08\/05\/vida-estudantil-e-universitaria-dialogos-entre-brasil-e-angola\/#article\",\"isPartOf\":{\"@id\":\"https:\/\/atlasgeoculturalafricaatual.com\/index.php\/2021\/08\/05\/vida-estudantil-e-universitaria-dialogos-entre-brasil-e-angola\/\"},\"author\":{\"name\":\"atlasgeoculturalafricaatual.com\",\"@id\":\"https:\/\/atlasgeoculturalafricaatual.com\/#\/schema\/person\/eeee269288097965a8c6f963043e4062\"},\"headline\":\"Vida Estudantil e Universit\u00e1ria: di\u00e1logos entre Brasil e Angola\",\"datePublished\":\"2021-08-05T13:02:07+00:00\",\"dateModified\":\"2021-08-05T13:02:07+00:00\",\"mainEntityOfPage\":{\"@id\":\"https:\/\/atlasgeoculturalafricaatual.com\/index.php\/2021\/08\/05\/vida-estudantil-e-universitaria-dialogos-entre-brasil-e-angola\/\"},\"wordCount\":168,\"commentCount\":0,\"publisher\":{\"@id\":\"https:\/\/atlasgeoculturalafricaatual.com\/#organization\"},\"articleSection\":[\"A Africa\"],\"inLanguage\":\"pt-BR\",\"potentialAction\":[{\"@type\":\"CommentAction\",\"name\":\"Comment\",\"target\":[\"https:\/\/atlasgeoculturalafricaatual.com\/index.php\/2021\/08\/05\/vida-estudantil-e-universitaria-dialogos-entre-brasil-e-angola\/#respond\"]}]},{\"@type\":\"WebPage\",\"@id\":\"https:\/\/atlasgeoculturalafricaatual.com\/index.php\/2021\/08\/05\/vida-estudantil-e-universitaria-dialogos-entre-brasil-e-angola\/\",\"url\":\"https:\/\/atlasgeoculturalafricaatual.com\/index.php\/2021\/08\/05\/vida-estudantil-e-universitaria-dialogos-entre-brasil-e-angola\/\",\"name\":\"Vida Estudantil e Universit\u00e1ria: di\u00e1logos entre Brasil e Angola - atlasgeoculturalafricaatual.com\",\"isPartOf\":{\"@id\":\"https:\/\/atlasgeoculturalafricaatual.com\/#website\"},\"datePublished\":\"2021-08-05T13:02:07+00:00\",\"dateModified\":\"2021-08-05T13:02:07+00:00\",\"breadcrumb\":{\"@id\":\"https:\/\/atlasgeoculturalafricaatual.com\/index.php\/2021\/08\/05\/vida-estudantil-e-universitaria-dialogos-entre-brasil-e-angola\/#breadcrumb\"},\"inLanguage\":\"pt-BR\",\"potentialAction\":[{\"@type\":\"ReadAction\",\"target\":[\"https:\/\/atlasgeoculturalafricaatual.com\/index.php\/2021\/08\/05\/vida-estudantil-e-universitaria-dialogos-entre-brasil-e-angola\/\"]}]},{\"@type\":\"BreadcrumbList\",\"@id\":\"https:\/\/atlasgeoculturalafricaatual.com\/index.php\/2021\/08\/05\/vida-estudantil-e-universitaria-dialogos-entre-brasil-e-angola\/#breadcrumb\",\"itemListElement\":[{\"@type\":\"ListItem\",\"position\":1,\"name\":\"In\u00edcio\",\"item\":\"https:\/\/atlasgeoculturalafricaatual.com\/\"},{\"@type\":\"ListItem\",\"position\":2,\"name\":\"Vida Estudantil e Universit\u00e1ria: di\u00e1logos entre Brasil e Angola\"}]},{\"@type\":\"WebSite\",\"@id\":\"https:\/\/atlasgeoculturalafricaatual.com\/#website\",\"url\":\"https:\/\/atlasgeoculturalafricaatual.com\/\",\"name\":\"atlasgeoculturalafricaatual.com\",\"description\":\"O Atlas Geocultural da \u00c1frica \u00e9 um rico material de leitura e pesquisa, que visa apresentar de forma atual os pa\u00edses africanos, ainda t\u00e3o pouco conhecidos.\",\"publisher\":{\"@id\":\"https:\/\/atlasgeoculturalafricaatual.com\/#organization\"},\"potentialAction\":[{\"@type\":\"SearchAction\",\"target\":{\"@type\":\"EntryPoint\",\"urlTemplate\":\"https:\/\/atlasgeoculturalafricaatual.com\/?s={search_term_string}\"},\"query-input\":\"required name=search_term_string\"}],\"inLanguage\":\"pt-BR\"},{\"@type\":\"Organization\",\"@id\":\"https:\/\/atlasgeoculturalafricaatual.com\/#organization\",\"name\":\"atlasgeoculturalafricaatual.com\",\"url\":\"https:\/\/atlasgeoculturalafricaatual.com\/\",\"logo\":{\"@type\":\"ImageObject\",\"inLanguage\":\"pt-BR\",\"@id\":\"https:\/\/atlasgeoculturalafricaatual.com\/#\/schema\/logo\/image\/\",\"url\":\"http:\/\/atlasgeoculturalafricaatual.com\/wp-content\/uploads\/2023\/06\/LOGOEIROS_Prancheta-1-tipo-preto.png\",\"contentUrl\":\"http:\/\/atlasgeoculturalafricaatual.com\/wp-content\/uploads\/2023\/06\/LOGOEIROS_Prancheta-1-tipo-preto.png\",\"width\":1667,\"height\":730,\"caption\":\"atlasgeoculturalafricaatual.com\"},\"image\":{\"@id\":\"https:\/\/atlasgeoculturalafricaatual.com\/#\/schema\/logo\/image\/\"}},{\"@type\":\"Person\",\"@id\":\"https:\/\/atlasgeoculturalafricaatual.com\/#\/schema\/person\/eeee269288097965a8c6f963043e4062\",\"name\":\"atlasgeoculturalafricaatual.com\",\"image\":{\"@type\":\"ImageObject\",\"inLanguage\":\"pt-BR\",\"@id\":\"https:\/\/atlasgeoculturalafricaatual.com\/#\/schema\/person\/image\/\",\"url\":\"https:\/\/secure.gravatar.com\/avatar\/7af55f21031d350b316a54060d50821f?s=96&d=mm&r=g\",\"contentUrl\":\"https:\/\/secure.gravatar.com\/avatar\/7af55f21031d350b316a54060d50821f?s=96&d=mm&r=g\",\"caption\":\"atlasgeoculturalafricaatual.com\"},\"sameAs\":[\"http:\/\/atlasgeoculturalafricaatual.com\"],\"url\":\"https:\/\/atlasgeoculturalafricaatual.com\/index.php\/author\/atlasgeoculturalafricaatual-com\/\"}]}<\/script>\n<!-- \/ Yoast SEO plugin. -->","yoast_head_json":{"title":"Vida Estudantil e Universit\u00e1ria: di\u00e1logos entre Brasil e Angola - atlasgeoculturalafricaatual.com","robots":{"index":"index","follow":"follow","max-snippet":"max-snippet:-1","max-image-preview":"max-image-preview:large","max-video-preview":"max-video-preview:-1"},"canonical":"https:\/\/atlasgeoculturalafricaatual.com\/index.php\/2021\/08\/05\/vida-estudantil-e-universitaria-dialogos-entre-brasil-e-angola\/","og_locale":"pt_BR","og_type":"article","og_title":"Vida Estudantil e Universit\u00e1ria: di\u00e1logos entre Brasil e Angola - atlasgeoculturalafricaatual.com","og_description":"&nbsp;A live &#8220;Vida Estudantil e Universit\u00e1ria: di\u00e1logos entre Brasil e Angola&#8221; ocorre no dia 09\/agosto\/2021 \u00e0s 17h30 na TV Matracas.&nbsp; Link:&nbsp;httpsss:\/\/youtu.be\/ed8a0oEPs5U O Programa semanal &#8220;Conex\u00f5es Brasil-\u00c1frica&#8221; ocorre sempre \u00e0s 17h30, [&hellip;]","og_url":"https:\/\/atlasgeoculturalafricaatual.com\/index.php\/2021\/08\/05\/vida-estudantil-e-universitaria-dialogos-entre-brasil-e-angola\/","og_site_name":"atlasgeoculturalafricaatual.com","article_published_time":"2021-08-05T13:02:07+00:00","og_image":[{"url":"httpsss:\/\/africaatual.com.br\/wp-content\/uploads\/2021\/08\/katiana.jpg"}],"author":"atlasgeoculturalafricaatual.com","twitter_card":"summary_large_image","twitter_misc":{"Escrito por":"atlasgeoculturalafricaatual.com","Est. tempo de leitura":"1 minuto"},"schema":{"@context":"https:\/\/schema.org","@graph":[{"@type":"Article","@id":"https:\/\/atlasgeoculturalafricaatual.com\/index.php\/2021\/08\/05\/vida-estudantil-e-universitaria-dialogos-entre-brasil-e-angola\/#article","isPartOf":{"@id":"https:\/\/atlasgeoculturalafricaatual.com\/index.php\/2021\/08\/05\/vida-estudantil-e-universitaria-dialogos-entre-brasil-e-angola\/"},"author":{"name":"atlasgeoculturalafricaatual.com","@id":"https:\/\/atlasgeoculturalafricaatual.com\/#\/schema\/person\/eeee269288097965a8c6f963043e4062"},"headline":"Vida Estudantil e Universit\u00e1ria: di\u00e1logos entre Brasil e Angola","datePublished":"2021-08-05T13:02:07+00:00","dateModified":"2021-08-05T13:02:07+00:00","mainEntityOfPage":{"@id":"https:\/\/atlasgeoculturalafricaatual.com\/index.php\/2021\/08\/05\/vida-estudantil-e-universitaria-dialogos-entre-brasil-e-angola\/"},"wordCount":168,"commentCount":0,"publisher":{"@id":"https:\/\/atlasgeoculturalafricaatual.com\/#organization"},"articleSection":["A Africa"],"inLanguage":"pt-BR","potentialAction":[{"@type":"CommentAction","name":"Comment","target":["https:\/\/atlasgeoculturalafricaatual.com\/index.php\/2021\/08\/05\/vida-estudantil-e-universitaria-dialogos-entre-brasil-e-angola\/#respond"]}]},{"@type":"WebPage","@id":"https:\/\/atlasgeoculturalafricaatual.com\/index.php\/2021\/08\/05\/vida-estudantil-e-universitaria-dialogos-entre-brasil-e-angola\/","url":"https:\/\/atlasgeoculturalafricaatual.com\/index.php\/2021\/08\/05\/vida-estudantil-e-universitaria-dialogos-entre-brasil-e-angola\/","name":"Vida Estudantil e Universit\u00e1ria: di\u00e1logos entre Brasil e Angola - atlasgeoculturalafricaatual.com","isPartOf":{"@id":"https:\/\/atlasgeoculturalafricaatual.com\/#website"},"datePublished":"2021-08-05T13:02:07+00:00","dateModified":"2021-08-05T13:02:07+00:00","breadcrumb":{"@id":"https:\/\/atlasgeoculturalafricaatual.com\/index.php\/2021\/08\/05\/vida-estudantil-e-universitaria-dialogos-entre-brasil-e-angola\/#breadcrumb"},"inLanguage":"pt-BR","potentialAction":[{"@type":"ReadAction","target":["https:\/\/atlasgeoculturalafricaatual.com\/index.php\/2021\/08\/05\/vida-estudantil-e-universitaria-dialogos-entre-brasil-e-angola\/"]}]},{"@type":"BreadcrumbList","@id":"https:\/\/atlasgeoculturalafricaatual.com\/index.php\/2021\/08\/05\/vida-estudantil-e-universitaria-dialogos-entre-brasil-e-angola\/#breadcrumb","itemListElement":[{"@type":"ListItem","position":1,"name":"In\u00edcio","item":"https:\/\/atlasgeoculturalafricaatual.com\/"},{"@type":"ListItem","position":2,"name":"Vida Estudantil e Universit\u00e1ria: di\u00e1logos entre Brasil e Angola"}]},{"@type":"WebSite","@id":"https:\/\/atlasgeoculturalafricaatual.com\/#website","url":"https:\/\/atlasgeoculturalafricaatual.com\/","name":"atlasgeoculturalafricaatual.com","description":"O Atlas Geocultural da \u00c1frica \u00e9 um rico material de leitura e pesquisa, que visa apresentar de forma atual os pa\u00edses africanos, ainda t\u00e3o pouco conhecidos.","publisher":{"@id":"https:\/\/atlasgeoculturalafricaatual.com\/#organization"},"potentialAction":[{"@type":"SearchAction","target":{"@type":"EntryPoint","urlTemplate":"https:\/\/atlasgeoculturalafricaatual.com\/?s={search_term_string}"},"query-input":"required name=search_term_string"}],"inLanguage":"pt-BR"},{"@type":"Organization","@id":"https:\/\/atlasgeoculturalafricaatual.com\/#organization","name":"atlasgeoculturalafricaatual.com","url":"https:\/\/atlasgeoculturalafricaatual.com\/","logo":{"@type":"ImageObject","inLanguage":"pt-BR","@id":"https:\/\/atlasgeoculturalafricaatual.com\/#\/schema\/logo\/image\/","url":"http:\/\/atlasgeoculturalafricaatual.com\/wp-content\/uploads\/2023\/06\/LOGOEIROS_Prancheta-1-tipo-preto.png","contentUrl":"http:\/\/atlasgeoculturalafricaatual.com\/wp-content\/uploads\/2023\/06\/LOGOEIROS_Prancheta-1-tipo-preto.png","width":1667,"height":730,"caption":"atlasgeoculturalafricaatual.com"},"image":{"@id":"https:\/\/atlasgeoculturalafricaatual.com\/#\/schema\/logo\/image\/"}},{"@type":"Person","@id":"https:\/\/atlasgeoculturalafricaatual.com\/#\/schema\/person\/eeee269288097965a8c6f963043e4062","name":"atlasgeoculturalafricaatual.com","image":{"@type":"ImageObject","inLanguage":"pt-BR","@id":"https:\/\/atlasgeoculturalafricaatual.com\/#\/schema\/person\/image\/","url":"https:\/\/secure.gravatar.com\/avatar\/7af55f21031d350b316a54060d50821f?s=96&d=mm&r=g","contentUrl":"https:\/\/secure.gravatar.com\/avatar\/7af55f21031d350b316a54060d50821f?s=96&d=mm&r=g","caption":"atlasgeoculturalafricaatual.com"},"sameAs":["http:\/\/atlasgeoculturalafricaatual.com"],"url":"https:\/\/atlasgeoculturalafricaatual.com\/index.php\/author\/atlasgeoculturalafricaatual-com\/"}]}},"_links":{"self":[{"href":"https:\/\/atlasgeoculturalafricaatual.com\/index.php\/wp-json\/wp\/v2\/posts\/2110","targetHints":{"allow":["GET"]}}],"collection":[{"href":"https:\/\/atlasgeoculturalafricaatual.com\/index.php\/wp-json\/wp\/v2\/posts"}],"about":[{"href":"https:\/\/atlasgeoculturalafricaatual.com\/index.php\/wp-json\/wp\/v2\/types\/post"}],"author":[{"embeddable":true,"href":"https:\/\/atlasgeoculturalafricaatual.com\/index.php\/wp-json\/wp\/v2\/users\/1"}],"replies":[{"embeddable":true,"href":"https:\/\/atlasgeoculturalafricaatual.com\/index.php\/wp-json\/wp\/v2\/comments?post=2110"}],"version-history":[{"count":0,"href":"https:\/\/atlasgeoculturalafricaatual.com\/index.php\/wp-json\/wp\/v2\/posts\/2110\/revisions"}],"wp:featuredmedia":[{"embeddable":true,"href":"https:\/\/atlasgeoculturalafricaatual.com\/index.php\/wp-json\/"}],"wp:attachment":[{"href":"https:\/\/atlasgeoculturalafricaatual.com\/index.php\/wp-json\/wp\/v2\/media?parent=2110"}],"wp:term":[{"taxonomy":"category","embeddable":true,"href":"https:\/\/atlasgeoculturalafricaatual.com\/index.php\/wp-json\/wp\/v2\/categories?post=2110"},{"taxonomy":"post_tag","embeddable":true,"href":"https:\/\/atlasgeoculturalafricaatual.com\/index.php\/wp-json\/wp\/v2\/tags?post=2110"},{"taxonomy":"palavra-chave","embeddable":true,"href":"https:\/\/atlasgeoculturalafricaatual.com\/index.php\/wp-json\/wp\/v2\/palavra-chave?post=2110"}],"curies":[{"name":"wp","href":"https:\/\/api.w.org\/{rel}","templated":true}]}}