{"id":2097,"date":"2021-08-01T13:42:22","date_gmt":"2021-08-01T16:42:22","guid":{"rendered":"https:\/\/atlasgeoculturalafricaatual.com\/index.php\/2021\/08\/01\/lideres-mulheres-no-continente-africano\/"},"modified":"2021-08-01T13:42:22","modified_gmt":"2021-08-01T16:42:22","slug":"lideres-mulheres-no-continente-africano","status":"publish","type":"post","link":"https:\/\/atlasgeoculturalafricaatual.com\/index.php\/2021\/08\/01\/lideres-mulheres-no-continente-africano\/","title":{"rendered":"Lideres mulheres no continente africano"},"content":{"rendered":"\n<p>Dia 31 de julho se celebram o &#8220;Dia da Mulher Africana&#8221; em muitos pa\u00edses do continente. <\/p>\n\n\n\n<figure class=\"wp-block-image size-large\"><img decoding=\"async\" src=\"httpsss:\/\/africaatual.com.br\/wp-content\/uploads\/2021\/08\/Wangari-colorido.png\" alt=\"\" class=\"wp-image-2098\"\/><figcaption>Wangari Maathai<\/figcaption><\/figure>\n\n\n\n<p>Nestes tempos de olimp\u00edadas, em que mulheres brasileiras se destacam em in\u00fameros esportes, entre elas as medalhistas Rebeca Andrade e Rayssa Leal, se perfaz uma importante refer\u00eancia para conhecermos lideran\u00e7as femininas em pa\u00edses da \u00c1frica. <\/p>\n\n\n\n<p>Uma das organiza\u00e7\u00f5es que investem na valoriza\u00e7\u00e3o do papel da mulher em \u00c1frica, realizando cursos, semin\u00e1rios, congressos e atividades de forma\u00e7\u00e3o de novas lideran\u00e7as e mesmo subsidiando-as em seus projetos se apresenta atrav\u00e9s da Organiza\u00e7\u00e3o Pan-Africana de mulheres, e muitas de suas atividades se permite pesquisar em seu <a href=\"httpsss:\/\/www.peacewomen.org\/civil-society-organisation\/pan-african-womens-organization\">site<\/a>. <\/p>\n\n\n\n<p>A Ag\u00eancia Angola Press desenvolve uma mat\u00e9ria que celebra esta data e as novas lideran\u00e7as. Nesta <a href=\"httpsss:\/\/www.angop.ao\/noticias\/sociedade\/mulheres-africanas-lideres-no-continente\/\">mat\u00e9ria<\/a>,  se elencam algumas expoentes: <\/p>\n\n\n\n<p>Wangari Maathai, ambientalista, Qu\u00eania (foto acima) <\/p>\n\n\n\n<p>Ellen Johnson, Presidente da Lib\u00e9ria<\/p>\n\n\n\n<p>Joyce Banda, Presidente do Malawi<\/p>\n\n\n\n<p>Leymah Gbowee, Liberia<\/p>\n\n\n\n<p>Nadine Gordimer, escritora, \u00c1frica do Sul<\/p>\n\n\n\n<p>Samia Suluhu Hassan, Presidente da Tanz\u00e2nia<\/p>\n\n\n\n<p>Sahle-Work Zewde, Presidente da Eti\u00f3pia<\/p>\n\n\n\n<p>Maria do Ros\u00e1rio Teixeira de Alva Sequeira Bragan\u00e7a Sambo, Angola, Ministra do Ensino Superior, Ci\u00eancia, Tecnologia e Inova\u00e7\u00e3o<\/p>\n\n\n\n<p>Fonte de pesquisa:<\/p>\n\n\n\n<p><a href=\"httpsss:\/\/www.angop.ao\/noticias\/sociedade\/mulheres-africanas-lideres-no-continente\/\">httpsss:\/\/www.angop.ao\/noticias\/sociedade\/mulheres-africanas-lideres-no-continente\/<\/a><\/p>\n\n\n\n<p>Cr\u00e9dito de imagem: httpsss:\/\/meninasemulheresnascienciasufpr.blogspot.com\/2021\/02\/wangari-maathai-nobel-da-paz-2004.html<\/p>\n\n\n\n<p><\/p>\n\n\n\n<p><\/p>\n\n\n\n<p><\/p>\n\n\n\n<p><\/p>\n\n\n\n<p><\/p>\n\n\n\n<p><\/p>\n","protected":false},"excerpt":{"rendered":"<p>Dia 31 de julho se celebram o &#8220;Dia da Mulher Africana&#8221; em muitos pa\u00edses do continente. Nestes tempos de olimp\u00edadas, em que mulheres brasileiras se destacam em in\u00fameros esportes, entre [&hellip;]<\/p>\n","protected":false},"author":1,"featured_media":2098,"comment_status":"open","ping_status":"open","sticky":false,"template":"","format":"standard","meta":{"content-type":"","footnotes":""},"categories":[48],"tags":[],"palavra-chave":[],"class_list":["post-2097","post","type-post","status-publish","format-standard","has-post-thumbnail","hentry","category-sem-categoria","entry","has-media"],"aioseo_notices":[],"yoast_head":"<!-- This site is optimized with the Yoast SEO plugin v20.13 - https:\/\/yoast.com\/wordpress\/plugins\/seo\/ -->\n<title>Lideres mulheres no continente africano - atlasgeoculturalafricaatual.com<\/title>\n<meta name=\"robots\" content=\"index, follow, max-snippet:-1, max-image-preview:large, max-video-preview:-1\" \/>\n<link rel=\"canonical\" href=\"https:\/\/atlasgeoculturalafricaatual.com\/index.php\/2021\/08\/01\/lideres-mulheres-no-continente-africano\/\" \/>\n<meta property=\"og:locale\" content=\"pt_BR\" \/>\n<meta property=\"og:type\" content=\"article\" \/>\n<meta property=\"og:title\" content=\"Lideres mulheres no continente africano - atlasgeoculturalafricaatual.com\" \/>\n<meta property=\"og:description\" content=\"Dia 31 de julho se celebram o &#8220;Dia da Mulher Africana&#8221; em muitos pa\u00edses do continente. Nestes tempos de olimp\u00edadas, em que mulheres brasileiras se destacam em in\u00fameros esportes, entre [&hellip;]\" \/>\n<meta property=\"og:url\" content=\"https:\/\/atlasgeoculturalafricaatual.com\/index.php\/2021\/08\/01\/lideres-mulheres-no-continente-africano\/\" \/>\n<meta property=\"og:site_name\" content=\"atlasgeoculturalafricaatual.com\" \/>\n<meta property=\"article:published_time\" content=\"2021-08-01T16:42:22+00:00\" \/>\n<meta property=\"og:image\" content=\"\" \/>\n<meta name=\"author\" content=\"atlasgeoculturalafricaatual.com\" \/>\n<meta name=\"twitter:card\" content=\"summary_large_image\" \/>\n<meta name=\"twitter:label1\" content=\"Escrito por\" \/>\n\t<meta name=\"twitter:data1\" content=\"atlasgeoculturalafricaatual.com\" \/>\n\t<meta name=\"twitter:label2\" content=\"Est. tempo de leitura\" \/>\n\t<meta name=\"twitter:data2\" content=\"1 minuto\" \/>\n<script type=\"application\/ld+json\" class=\"yoast-schema-graph\">{\"@context\":\"https:\/\/schema.org\",\"@graph\":[{\"@type\":\"Article\",\"@id\":\"https:\/\/atlasgeoculturalafricaatual.com\/index.php\/2021\/08\/01\/lideres-mulheres-no-continente-africano\/#article\",\"isPartOf\":{\"@id\":\"https:\/\/atlasgeoculturalafricaatual.com\/index.php\/2021\/08\/01\/lideres-mulheres-no-continente-africano\/\"},\"author\":{\"name\":\"atlasgeoculturalafricaatual.com\",\"@id\":\"https:\/\/atlasgeoculturalafricaatual.com\/#\/schema\/person\/eeee269288097965a8c6f963043e4062\"},\"headline\":\"Lideres mulheres no continente africano\",\"datePublished\":\"2021-08-01T16:42:22+00:00\",\"dateModified\":\"2021-08-01T16:42:22+00:00\",\"mainEntityOfPage\":{\"@id\":\"https:\/\/atlasgeoculturalafricaatual.com\/index.php\/2021\/08\/01\/lideres-mulheres-no-continente-africano\/\"},\"wordCount\":226,\"commentCount\":1,\"publisher\":{\"@id\":\"https:\/\/atlasgeoculturalafricaatual.com\/#organization\"},\"articleSection\":[\"A Africa\"],\"inLanguage\":\"pt-BR\",\"potentialAction\":[{\"@type\":\"CommentAction\",\"name\":\"Comment\",\"target\":[\"https:\/\/atlasgeoculturalafricaatual.com\/index.php\/2021\/08\/01\/lideres-mulheres-no-continente-africano\/#respond\"]}]},{\"@type\":\"WebPage\",\"@id\":\"https:\/\/atlasgeoculturalafricaatual.com\/index.php\/2021\/08\/01\/lideres-mulheres-no-continente-africano\/\",\"url\":\"https:\/\/atlasgeoculturalafricaatual.com\/index.php\/2021\/08\/01\/lideres-mulheres-no-continente-africano\/\",\"name\":\"Lideres mulheres no continente africano - atlasgeoculturalafricaatual.com\",\"isPartOf\":{\"@id\":\"https:\/\/atlasgeoculturalafricaatual.com\/#website\"},\"datePublished\":\"2021-08-01T16:42:22+00:00\",\"dateModified\":\"2021-08-01T16:42:22+00:00\",\"breadcrumb\":{\"@id\":\"https:\/\/atlasgeoculturalafricaatual.com\/index.php\/2021\/08\/01\/lideres-mulheres-no-continente-africano\/#breadcrumb\"},\"inLanguage\":\"pt-BR\",\"potentialAction\":[{\"@type\":\"ReadAction\",\"target\":[\"https:\/\/atlasgeoculturalafricaatual.com\/index.php\/2021\/08\/01\/lideres-mulheres-no-continente-africano\/\"]}]},{\"@type\":\"BreadcrumbList\",\"@id\":\"https:\/\/atlasgeoculturalafricaatual.com\/index.php\/2021\/08\/01\/lideres-mulheres-no-continente-africano\/#breadcrumb\",\"itemListElement\":[{\"@type\":\"ListItem\",\"position\":1,\"name\":\"In\u00edcio\",\"item\":\"https:\/\/atlasgeoculturalafricaatual.com\/\"},{\"@type\":\"ListItem\",\"position\":2,\"name\":\"Lideres mulheres no continente africano\"}]},{\"@type\":\"WebSite\",\"@id\":\"https:\/\/atlasgeoculturalafricaatual.com\/#website\",\"url\":\"https:\/\/atlasgeoculturalafricaatual.com\/\",\"name\":\"atlasgeoculturalafricaatual.com\",\"description\":\"O Atlas Geocultural da \u00c1frica \u00e9 um rico material de leitura e pesquisa, que visa apresentar de forma atual os pa\u00edses africanos, ainda t\u00e3o pouco conhecidos.\",\"publisher\":{\"@id\":\"https:\/\/atlasgeoculturalafricaatual.com\/#organization\"},\"potentialAction\":[{\"@type\":\"SearchAction\",\"target\":{\"@type\":\"EntryPoint\",\"urlTemplate\":\"https:\/\/atlasgeoculturalafricaatual.com\/?s={search_term_string}\"},\"query-input\":\"required name=search_term_string\"}],\"inLanguage\":\"pt-BR\"},{\"@type\":\"Organization\",\"@id\":\"https:\/\/atlasgeoculturalafricaatual.com\/#organization\",\"name\":\"atlasgeoculturalafricaatual.com\",\"url\":\"https:\/\/atlasgeoculturalafricaatual.com\/\",\"logo\":{\"@type\":\"ImageObject\",\"inLanguage\":\"pt-BR\",\"@id\":\"https:\/\/atlasgeoculturalafricaatual.com\/#\/schema\/logo\/image\/\",\"url\":\"http:\/\/atlasgeoculturalafricaatual.com\/wp-content\/uploads\/2023\/06\/LOGOEIROS_Prancheta-1-tipo-preto.png\",\"contentUrl\":\"http:\/\/atlasgeoculturalafricaatual.com\/wp-content\/uploads\/2023\/06\/LOGOEIROS_Prancheta-1-tipo-preto.png\",\"width\":1667,\"height\":730,\"caption\":\"atlasgeoculturalafricaatual.com\"},\"image\":{\"@id\":\"https:\/\/atlasgeoculturalafricaatual.com\/#\/schema\/logo\/image\/\"}},{\"@type\":\"Person\",\"@id\":\"https:\/\/atlasgeoculturalafricaatual.com\/#\/schema\/person\/eeee269288097965a8c6f963043e4062\",\"name\":\"atlasgeoculturalafricaatual.com\",\"image\":{\"@type\":\"ImageObject\",\"inLanguage\":\"pt-BR\",\"@id\":\"https:\/\/atlasgeoculturalafricaatual.com\/#\/schema\/person\/image\/\",\"url\":\"https:\/\/secure.gravatar.com\/avatar\/7af55f21031d350b316a54060d50821f?s=96&d=mm&r=g\",\"contentUrl\":\"https:\/\/secure.gravatar.com\/avatar\/7af55f21031d350b316a54060d50821f?s=96&d=mm&r=g\",\"caption\":\"atlasgeoculturalafricaatual.com\"},\"sameAs\":[\"http:\/\/atlasgeoculturalafricaatual.com\"],\"url\":\"https:\/\/atlasgeoculturalafricaatual.com\/index.php\/author\/atlasgeoculturalafricaatual-com\/\"}]}<\/script>\n<!-- \/ Yoast SEO plugin. -->","yoast_head_json":{"title":"Lideres mulheres no continente africano - atlasgeoculturalafricaatual.com","robots":{"index":"index","follow":"follow","max-snippet":"max-snippet:-1","max-image-preview":"max-image-preview:large","max-video-preview":"max-video-preview:-1"},"canonical":"https:\/\/atlasgeoculturalafricaatual.com\/index.php\/2021\/08\/01\/lideres-mulheres-no-continente-africano\/","og_locale":"pt_BR","og_type":"article","og_title":"Lideres mulheres no continente africano - atlasgeoculturalafricaatual.com","og_description":"Dia 31 de julho se celebram o &#8220;Dia da Mulher Africana&#8221; em muitos pa\u00edses do continente. Nestes tempos de olimp\u00edadas, em que mulheres brasileiras se destacam em in\u00fameros esportes, entre [&hellip;]","og_url":"https:\/\/atlasgeoculturalafricaatual.com\/index.php\/2021\/08\/01\/lideres-mulheres-no-continente-africano\/","og_site_name":"atlasgeoculturalafricaatual.com","article_published_time":"2021-08-01T16:42:22+00:00","og_image":[{"url":"httpsss:\/\/africaatual.com.br\/wp-content\/uploads\/2021\/08\/Wangari-colorido.png"}],"author":"atlasgeoculturalafricaatual.com","twitter_card":"summary_large_image","twitter_misc":{"Escrito por":"atlasgeoculturalafricaatual.com","Est. tempo de leitura":"1 minuto"},"schema":{"@context":"https:\/\/schema.org","@graph":[{"@type":"Article","@id":"https:\/\/atlasgeoculturalafricaatual.com\/index.php\/2021\/08\/01\/lideres-mulheres-no-continente-africano\/#article","isPartOf":{"@id":"https:\/\/atlasgeoculturalafricaatual.com\/index.php\/2021\/08\/01\/lideres-mulheres-no-continente-africano\/"},"author":{"name":"atlasgeoculturalafricaatual.com","@id":"https:\/\/atlasgeoculturalafricaatual.com\/#\/schema\/person\/eeee269288097965a8c6f963043e4062"},"headline":"Lideres mulheres no continente africano","datePublished":"2021-08-01T16:42:22+00:00","dateModified":"2021-08-01T16:42:22+00:00","mainEntityOfPage":{"@id":"https:\/\/atlasgeoculturalafricaatual.com\/index.php\/2021\/08\/01\/lideres-mulheres-no-continente-africano\/"},"wordCount":226,"commentCount":1,"publisher":{"@id":"https:\/\/atlasgeoculturalafricaatual.com\/#organization"},"articleSection":["A Africa"],"inLanguage":"pt-BR","potentialAction":[{"@type":"CommentAction","name":"Comment","target":["https:\/\/atlasgeoculturalafricaatual.com\/index.php\/2021\/08\/01\/lideres-mulheres-no-continente-africano\/#respond"]}]},{"@type":"WebPage","@id":"https:\/\/atlasgeoculturalafricaatual.com\/index.php\/2021\/08\/01\/lideres-mulheres-no-continente-africano\/","url":"https:\/\/atlasgeoculturalafricaatual.com\/index.php\/2021\/08\/01\/lideres-mulheres-no-continente-africano\/","name":"Lideres mulheres no continente africano - atlasgeoculturalafricaatual.com","isPartOf":{"@id":"https:\/\/atlasgeoculturalafricaatual.com\/#website"},"datePublished":"2021-08-01T16:42:22+00:00","dateModified":"2021-08-01T16:42:22+00:00","breadcrumb":{"@id":"https:\/\/atlasgeoculturalafricaatual.com\/index.php\/2021\/08\/01\/lideres-mulheres-no-continente-africano\/#breadcrumb"},"inLanguage":"pt-BR","potentialAction":[{"@type":"ReadAction","target":["https:\/\/atlasgeoculturalafricaatual.com\/index.php\/2021\/08\/01\/lideres-mulheres-no-continente-africano\/"]}]},{"@type":"BreadcrumbList","@id":"https:\/\/atlasgeoculturalafricaatual.com\/index.php\/2021\/08\/01\/lideres-mulheres-no-continente-africano\/#breadcrumb","itemListElement":[{"@type":"ListItem","position":1,"name":"In\u00edcio","item":"https:\/\/atlasgeoculturalafricaatual.com\/"},{"@type":"ListItem","position":2,"name":"Lideres mulheres no continente africano"}]},{"@type":"WebSite","@id":"https:\/\/atlasgeoculturalafricaatual.com\/#website","url":"https:\/\/atlasgeoculturalafricaatual.com\/","name":"atlasgeoculturalafricaatual.com","description":"O Atlas Geocultural da \u00c1frica \u00e9 um rico material de leitura e pesquisa, que visa apresentar de forma atual os pa\u00edses africanos, ainda t\u00e3o pouco conhecidos.","publisher":{"@id":"https:\/\/atlasgeoculturalafricaatual.com\/#organization"},"potentialAction":[{"@type":"SearchAction","target":{"@type":"EntryPoint","urlTemplate":"https:\/\/atlasgeoculturalafricaatual.com\/?s={search_term_string}"},"query-input":"required name=search_term_string"}],"inLanguage":"pt-BR"},{"@type":"Organization","@id":"https:\/\/atlasgeoculturalafricaatual.com\/#organization","name":"atlasgeoculturalafricaatual.com","url":"https:\/\/atlasgeoculturalafricaatual.com\/","logo":{"@type":"ImageObject","inLanguage":"pt-BR","@id":"https:\/\/atlasgeoculturalafricaatual.com\/#\/schema\/logo\/image\/","url":"http:\/\/atlasgeoculturalafricaatual.com\/wp-content\/uploads\/2023\/06\/LOGOEIROS_Prancheta-1-tipo-preto.png","contentUrl":"http:\/\/atlasgeoculturalafricaatual.com\/wp-content\/uploads\/2023\/06\/LOGOEIROS_Prancheta-1-tipo-preto.png","width":1667,"height":730,"caption":"atlasgeoculturalafricaatual.com"},"image":{"@id":"https:\/\/atlasgeoculturalafricaatual.com\/#\/schema\/logo\/image\/"}},{"@type":"Person","@id":"https:\/\/atlasgeoculturalafricaatual.com\/#\/schema\/person\/eeee269288097965a8c6f963043e4062","name":"atlasgeoculturalafricaatual.com","image":{"@type":"ImageObject","inLanguage":"pt-BR","@id":"https:\/\/atlasgeoculturalafricaatual.com\/#\/schema\/person\/image\/","url":"https:\/\/secure.gravatar.com\/avatar\/7af55f21031d350b316a54060d50821f?s=96&d=mm&r=g","contentUrl":"https:\/\/secure.gravatar.com\/avatar\/7af55f21031d350b316a54060d50821f?s=96&d=mm&r=g","caption":"atlasgeoculturalafricaatual.com"},"sameAs":["http:\/\/atlasgeoculturalafricaatual.com"],"url":"https:\/\/atlasgeoculturalafricaatual.com\/index.php\/author\/atlasgeoculturalafricaatual-com\/"}]}},"_links":{"self":[{"href":"https:\/\/atlasgeoculturalafricaatual.com\/index.php\/wp-json\/wp\/v2\/posts\/2097","targetHints":{"allow":["GET"]}}],"collection":[{"href":"https:\/\/atlasgeoculturalafricaatual.com\/index.php\/wp-json\/wp\/v2\/posts"}],"about":[{"href":"https:\/\/atlasgeoculturalafricaatual.com\/index.php\/wp-json\/wp\/v2\/types\/post"}],"author":[{"embeddable":true,"href":"https:\/\/atlasgeoculturalafricaatual.com\/index.php\/wp-json\/wp\/v2\/users\/1"}],"replies":[{"embeddable":true,"href":"https:\/\/atlasgeoculturalafricaatual.com\/index.php\/wp-json\/wp\/v2\/comments?post=2097"}],"version-history":[{"count":0,"href":"https:\/\/atlasgeoculturalafricaatual.com\/index.php\/wp-json\/wp\/v2\/posts\/2097\/revisions"}],"wp:featuredmedia":[{"embeddable":true,"href":"https:\/\/atlasgeoculturalafricaatual.com\/index.php\/wp-json\/"}],"wp:attachment":[{"href":"https:\/\/atlasgeoculturalafricaatual.com\/index.php\/wp-json\/wp\/v2\/media?parent=2097"}],"wp:term":[{"taxonomy":"category","embeddable":true,"href":"https:\/\/atlasgeoculturalafricaatual.com\/index.php\/wp-json\/wp\/v2\/categories?post=2097"},{"taxonomy":"post_tag","embeddable":true,"href":"https:\/\/atlasgeoculturalafricaatual.com\/index.php\/wp-json\/wp\/v2\/tags?post=2097"},{"taxonomy":"palavra-chave","embeddable":true,"href":"https:\/\/atlasgeoculturalafricaatual.com\/index.php\/wp-json\/wp\/v2\/palavra-chave?post=2097"}],"curies":[{"name":"wp","href":"https:\/\/api.w.org\/{rel}","templated":true}]}}