{"id":2020,"date":"2021-07-10T19:59:39","date_gmt":"2021-07-10T22:59:39","guid":{"rendered":"https:\/\/atlasgeoculturalafricaatual.com\/index.php\/2021\/07\/10\/conexao-brasil-africa\/"},"modified":"2021-07-10T19:59:39","modified_gmt":"2021-07-10T22:59:39","slug":"conexao-brasil-africa","status":"publish","type":"post","link":"https:\/\/atlasgeoculturalafricaatual.com\/index.php\/2021\/07\/10\/conexao-brasil-africa\/","title":{"rendered":"Conex\u00e3o Brasil-\u00c1frica"},"content":{"rendered":"\t\t<div data-elementor-type=\"wp-post\" data-elementor-id=\"2020\" class=\"elementor elementor-2020\">\n\t\t\t\t\t\t\t\t\t<section class=\"elementor-section elementor-top-section elementor-element elementor-element-35193c55 elementor-section-boxed elementor-section-height-default elementor-section-height-default\" data-id=\"35193c55\" data-element_type=\"section\">\n\t\t\t\t\t\t<div class=\"elementor-container elementor-column-gap-default\">\n\t\t\t\t\t<div class=\"elementor-column elementor-col-100 elementor-top-column elementor-element elementor-element-c36a5d7\" data-id=\"c36a5d7\" data-element_type=\"column\">\n\t\t\t<div class=\"elementor-widget-wrap elementor-element-populated\">\n\t\t\t\t\t\t\t\t<div class=\"elementor-element elementor-element-77d36d24 elementor-widget elementor-widget-text-editor\" data-id=\"77d36d24\" data-element_type=\"widget\" data-widget_type=\"text-editor.default\">\n\t\t\t\t<div class=\"elementor-widget-container\">\n\t\t\t<style>\/*! elementor - v3.15.0 - 02-08-2023 *\/\n.elementor-widget-text-editor.elementor-drop-cap-view-stacked .elementor-drop-cap{background-color:#69727d;color:#fff}.elementor-widget-text-editor.elementor-drop-cap-view-framed .elementor-drop-cap{color:#69727d;border:3px solid;background-color:transparent}.elementor-widget-text-editor:not(.elementor-drop-cap-view-default) .elementor-drop-cap{margin-top:8px}.elementor-widget-text-editor:not(.elementor-drop-cap-view-default) .elementor-drop-cap-letter{width:1em;height:1em}.elementor-widget-text-editor .elementor-drop-cap{float:left;text-align:center;line-height:1;font-size:50px}.elementor-widget-text-editor .elementor-drop-cap-letter{display:inline-block}<\/style>\t\t\t\t<!-- wp:image {\"id\":2021,\"sizeSlug\":\"large\",\"linkDestination\":\"none\"} -->\n<figure class=\"wp-block-image size-large\"><img decoding=\"async\" src=\"httpss:\/\/africaatual.com.br\/wp-content\/uploads\/2021\/07\/conexao-1-1024x1024.jpg\" alt=\"\" class=\"wp-image-2021\"\/><\/figure>\n<!-- \/wp:image -->\n\n<!-- wp:paragraph -->\n<p>Conex\u00e3o Brasil-\u00c1frica<\/p>\n<!-- \/wp:paragraph -->\n\n<!-- wp:paragraph -->\n<p>Dia 12\/07, 17h30.<\/p>\n<!-- \/wp:paragraph -->\n\n<!-- wp:paragraph -->\n<p>Com uma entrevista com o Mestre Nego Gato e a professora de capoeira Baixinha, a TV Matracas, em parceria com a TVT, lan\u00e7am o programa \u201cConex\u00e3o Brasil-\u00c1frica\u201d. <\/p>\n<!-- \/wp:paragraph -->\n\n<!-- wp:paragraph -->\n<p>O tema da primeira entrevista ser\u00e1 \u201cCapoeira: uma hist\u00f3ria afro-brasileira\u201d. <\/p>\n<!-- \/wp:paragraph -->\n\n<!-- wp:paragraph -->\n<p>O mestre Nego Gato (Odair Jos\u00e9 Batista) possui tradi\u00e7\u00e3o na capoeira, come\u00e7ou na capoeira em meados de 1980, teve sua formatura em 2013 e j\u00e1 percorre quarenta anos dedicados a esta arte brasileira, boa parte na regi\u00e3o de Campinas\/SP, hoje mora em Portugal. <\/p>\n<!-- \/wp:paragraph -->\n\n<!-- wp:paragraph -->\n<p>A Baixinha (Alessandra dos Santos) \u00e9 professora de capoeira, com gradua\u00e7\u00f5es em pedagogia e educa\u00e7\u00e3o f\u00edsica, com v\u00e1rias premia\u00e7\u00f5es, atua na regi\u00e3o do estado do Esp\u00edrito Santo. <\/p>\n<!-- \/wp:paragraph -->\n\n<!-- wp:paragraph -->\n<p>O \u00e2ncora convidado para a gest\u00e3o dessa programa\u00e7\u00e3o \u00e9 o Prof. Dr. Odair Marques da Silva. Especialista nas \u00e1reas de educa\u00e7\u00e3o e novas tecnologias aplicadas nas escolas, comp\u00f5e a REAFRO e a ENAFRO, atua tamb\u00e9m com investimentos em estudos africanos, com sua \u00faltima publica\u00e7\u00e3o: \u201cAtlas Geocultural da \u00c1frica\u201d e o site de divulga\u00e7\u00e3o dos pa\u00edses em \u00c1frica, o africaatual.com.br.<\/p>\n<!-- \/wp:paragraph -->\n\n<!-- wp:paragraph -->\n<p>O programa ir\u00e1 ao ar sempre \u00e0s segundas-feiras, as 17h30. Os links de transmiss\u00e3o s\u00e3o: TV Matracas (<a rel=\"noreferrer noopener\" href=\"httpsss:\/\/www.youtube.com\/channel\/UCo4jzUWprWemLN0hUEon0dA?fbclid=IwAR0agegix1Otm_OGzsZdT8rUKr9oLjZBoEU_ncriN-uQox7M1rHrywmQts0\" target=\"_blank\">httpsss:\/\/www.youtube.com\/channel\/UCo4jzUWprWemLN0hUEon0dA<\/a>) e TVT (<a rel=\"noreferrer noopener\" href=\"httpsss:\/\/www.youtube.com\/user\/redetvt?fbclid=IwAR2u9HTZ-CvShsnscZ9TEi_SeWS6w7bMJRQNwTvkntHrqbkbK-B-kRnjnHo\" target=\"_blank\">httpsss:\/\/www.youtube.com\/user\/redetvt<\/a>). <\/p>\n<!-- \/wp:paragraph -->\n\n<!-- wp:paragraph -->\n<p>O projeto possui a parceria cultural da ENAFRO (<a rel=\"noreferrer noopener\" href=\"httpss:\/\/www.enafro.com.br\/?fbclid=IwAR2DyG1_r2ar1-s4kjmRxEn1RD-wxW5iHPRRYnahA0kUu4aATFnOO4HKeqg\" target=\"_blank\">www.enafro.com.br<\/a>). <a href=\"httpsss:\/\/www.facebook.com\/hashtag\/atlasdaafica?__eep__=6&amp;__cft__[0]=AZWo7_lTkRzX2O3IHroUdwMRhzfVnCMiQWBVm2NJBL_o3E_EHOElkn5V3Lx6JBryYSc2Y2smgopaNkvPOq3p6i0qr7oSTqXjpl9xKd0ApnYoidPQdgr7R3EI2BTl6HXkUpk&amp;__tn__=*NK-R\">#atlasdaafica<\/a><a href=\"httpsss:\/\/www.facebook.com\/hashtag\/africaatual?__eep__=6&amp;__cft__[0]=AZWo7_lTkRzX2O3IHroUdwMRhzfVnCMiQWBVm2NJBL_o3E_EHOElkn5V3Lx6JBryYSc2Y2smgopaNkvPOq3p6i0qr7oSTqXjpl9xKd0ApnYoidPQdgr7R3EI2BTl6HXkUpk&amp;__tn__=*NK-R\">#africaatual<\/a><\/p>\n<!-- \/wp:paragraph -->\t\t\t\t\t\t<\/div>\n\t\t\t\t<\/div>\n\t\t\t\t\t<\/div>\n\t\t<\/div>\n\t\t\t\t\t\t\t<\/div>\n\t\t<\/section>\n\t\t\t\t\t\t\t<\/div>\n\t\t","protected":false},"excerpt":{"rendered":"<p>Conex\u00e3o Brasil-\u00c1frica Dia 12\/07, 17h30. Com uma entrevista com o Mestre Nego Gato e a professora de capoeira Baixinha, a TV Matracas, em parceria com a TVT, lan\u00e7am o programa [&hellip;]<\/p>\n","protected":false},"author":1,"featured_media":2021,"comment_status":"open","ping_status":"open","sticky":false,"template":"","format":"standard","meta":{"content-type":"","footnotes":""},"categories":[48],"tags":[],"palavra-chave":[],"class_list":["post-2020","post","type-post","status-publish","format-standard","has-post-thumbnail","hentry","category-sem-categoria","entry","has-media"],"aioseo_notices":[],"yoast_head":"<!-- This site is optimized with the Yoast SEO plugin v20.13 - https:\/\/yoast.com\/wordpress\/plugins\/seo\/ -->\n<title>Conex\u00e3o Brasil-\u00c1frica - atlasgeoculturalafricaatual.com<\/title>\n<meta name=\"robots\" content=\"index, follow, max-snippet:-1, max-image-preview:large, max-video-preview:-1\" \/>\n<link rel=\"canonical\" href=\"https:\/\/atlasgeoculturalafricaatual.com\/index.php\/2021\/07\/10\/conexao-brasil-africa\/\" \/>\n<meta property=\"og:locale\" content=\"pt_BR\" \/>\n<meta property=\"og:type\" content=\"article\" \/>\n<meta property=\"og:title\" content=\"Conex\u00e3o Brasil-\u00c1frica - atlasgeoculturalafricaatual.com\" \/>\n<meta property=\"og:description\" content=\"Conex\u00e3o Brasil-\u00c1frica Dia 12\/07, 17h30. Com uma entrevista com o Mestre Nego Gato e a professora de capoeira Baixinha, a TV Matracas, em parceria com a TVT, lan\u00e7am o programa [&hellip;]\" \/>\n<meta property=\"og:url\" content=\"https:\/\/atlasgeoculturalafricaatual.com\/index.php\/2021\/07\/10\/conexao-brasil-africa\/\" \/>\n<meta property=\"og:site_name\" content=\"atlasgeoculturalafricaatual.com\" \/>\n<meta property=\"article:published_time\" content=\"2021-07-10T22:59:39+00:00\" \/>\n<meta property=\"og:image\" content=\"\" \/>\n<meta name=\"author\" content=\"atlasgeoculturalafricaatual.com\" \/>\n<meta name=\"twitter:card\" content=\"summary_large_image\" \/>\n<meta name=\"twitter:label1\" content=\"Escrito por\" \/>\n\t<meta name=\"twitter:data1\" content=\"atlasgeoculturalafricaatual.com\" \/>\n\t<meta name=\"twitter:label2\" content=\"Est. tempo de leitura\" \/>\n\t<meta name=\"twitter:data2\" content=\"1 minuto\" \/>\n<script type=\"application\/ld+json\" class=\"yoast-schema-graph\">{\"@context\":\"https:\/\/schema.org\",\"@graph\":[{\"@type\":\"Article\",\"@id\":\"https:\/\/atlasgeoculturalafricaatual.com\/index.php\/2021\/07\/10\/conexao-brasil-africa\/#article\",\"isPartOf\":{\"@id\":\"https:\/\/atlasgeoculturalafricaatual.com\/index.php\/2021\/07\/10\/conexao-brasil-africa\/\"},\"author\":{\"name\":\"atlasgeoculturalafricaatual.com\",\"@id\":\"https:\/\/atlasgeoculturalafricaatual.com\/#\/schema\/person\/eeee269288097965a8c6f963043e4062\"},\"headline\":\"Conex\u00e3o Brasil-\u00c1frica\",\"datePublished\":\"2021-07-10T22:59:39+00:00\",\"dateModified\":\"2021-07-10T22:59:39+00:00\",\"mainEntityOfPage\":{\"@id\":\"https:\/\/atlasgeoculturalafricaatual.com\/index.php\/2021\/07\/10\/conexao-brasil-africa\/\"},\"wordCount\":247,\"commentCount\":0,\"publisher\":{\"@id\":\"https:\/\/atlasgeoculturalafricaatual.com\/#organization\"},\"articleSection\":[\"A Africa\"],\"inLanguage\":\"pt-BR\",\"potentialAction\":[{\"@type\":\"CommentAction\",\"name\":\"Comment\",\"target\":[\"https:\/\/atlasgeoculturalafricaatual.com\/index.php\/2021\/07\/10\/conexao-brasil-africa\/#respond\"]}]},{\"@type\":\"WebPage\",\"@id\":\"https:\/\/atlasgeoculturalafricaatual.com\/index.php\/2021\/07\/10\/conexao-brasil-africa\/\",\"url\":\"https:\/\/atlasgeoculturalafricaatual.com\/index.php\/2021\/07\/10\/conexao-brasil-africa\/\",\"name\":\"Conex\u00e3o Brasil-\u00c1frica - atlasgeoculturalafricaatual.com\",\"isPartOf\":{\"@id\":\"https:\/\/atlasgeoculturalafricaatual.com\/#website\"},\"datePublished\":\"2021-07-10T22:59:39+00:00\",\"dateModified\":\"2021-07-10T22:59:39+00:00\",\"breadcrumb\":{\"@id\":\"https:\/\/atlasgeoculturalafricaatual.com\/index.php\/2021\/07\/10\/conexao-brasil-africa\/#breadcrumb\"},\"inLanguage\":\"pt-BR\",\"potentialAction\":[{\"@type\":\"ReadAction\",\"target\":[\"https:\/\/atlasgeoculturalafricaatual.com\/index.php\/2021\/07\/10\/conexao-brasil-africa\/\"]}]},{\"@type\":\"BreadcrumbList\",\"@id\":\"https:\/\/atlasgeoculturalafricaatual.com\/index.php\/2021\/07\/10\/conexao-brasil-africa\/#breadcrumb\",\"itemListElement\":[{\"@type\":\"ListItem\",\"position\":1,\"name\":\"In\u00edcio\",\"item\":\"https:\/\/atlasgeoculturalafricaatual.com\/\"},{\"@type\":\"ListItem\",\"position\":2,\"name\":\"Conex\u00e3o Brasil-\u00c1frica\"}]},{\"@type\":\"WebSite\",\"@id\":\"https:\/\/atlasgeoculturalafricaatual.com\/#website\",\"url\":\"https:\/\/atlasgeoculturalafricaatual.com\/\",\"name\":\"atlasgeoculturalafricaatual.com\",\"description\":\"O Atlas Geocultural da \u00c1frica \u00e9 um rico material de leitura e pesquisa, que visa apresentar de forma atual os pa\u00edses africanos, ainda t\u00e3o pouco conhecidos.\",\"publisher\":{\"@id\":\"https:\/\/atlasgeoculturalafricaatual.com\/#organization\"},\"potentialAction\":[{\"@type\":\"SearchAction\",\"target\":{\"@type\":\"EntryPoint\",\"urlTemplate\":\"https:\/\/atlasgeoculturalafricaatual.com\/?s={search_term_string}\"},\"query-input\":\"required name=search_term_string\"}],\"inLanguage\":\"pt-BR\"},{\"@type\":\"Organization\",\"@id\":\"https:\/\/atlasgeoculturalafricaatual.com\/#organization\",\"name\":\"atlasgeoculturalafricaatual.com\",\"url\":\"https:\/\/atlasgeoculturalafricaatual.com\/\",\"logo\":{\"@type\":\"ImageObject\",\"inLanguage\":\"pt-BR\",\"@id\":\"https:\/\/atlasgeoculturalafricaatual.com\/#\/schema\/logo\/image\/\",\"url\":\"http:\/\/atlasgeoculturalafricaatual.com\/wp-content\/uploads\/2023\/06\/LOGOEIROS_Prancheta-1-tipo-preto.png\",\"contentUrl\":\"http:\/\/atlasgeoculturalafricaatual.com\/wp-content\/uploads\/2023\/06\/LOGOEIROS_Prancheta-1-tipo-preto.png\",\"width\":1667,\"height\":730,\"caption\":\"atlasgeoculturalafricaatual.com\"},\"image\":{\"@id\":\"https:\/\/atlasgeoculturalafricaatual.com\/#\/schema\/logo\/image\/\"}},{\"@type\":\"Person\",\"@id\":\"https:\/\/atlasgeoculturalafricaatual.com\/#\/schema\/person\/eeee269288097965a8c6f963043e4062\",\"name\":\"atlasgeoculturalafricaatual.com\",\"image\":{\"@type\":\"ImageObject\",\"inLanguage\":\"pt-BR\",\"@id\":\"https:\/\/atlasgeoculturalafricaatual.com\/#\/schema\/person\/image\/\",\"url\":\"https:\/\/secure.gravatar.com\/avatar\/7af55f21031d350b316a54060d50821f?s=96&d=mm&r=g\",\"contentUrl\":\"https:\/\/secure.gravatar.com\/avatar\/7af55f21031d350b316a54060d50821f?s=96&d=mm&r=g\",\"caption\":\"atlasgeoculturalafricaatual.com\"},\"sameAs\":[\"http:\/\/atlasgeoculturalafricaatual.com\"],\"url\":\"https:\/\/atlasgeoculturalafricaatual.com\/index.php\/author\/atlasgeoculturalafricaatual-com\/\"}]}<\/script>\n<!-- \/ Yoast SEO plugin. -->","yoast_head_json":{"title":"Conex\u00e3o Brasil-\u00c1frica - atlasgeoculturalafricaatual.com","robots":{"index":"index","follow":"follow","max-snippet":"max-snippet:-1","max-image-preview":"max-image-preview:large","max-video-preview":"max-video-preview:-1"},"canonical":"https:\/\/atlasgeoculturalafricaatual.com\/index.php\/2021\/07\/10\/conexao-brasil-africa\/","og_locale":"pt_BR","og_type":"article","og_title":"Conex\u00e3o Brasil-\u00c1frica - atlasgeoculturalafricaatual.com","og_description":"Conex\u00e3o Brasil-\u00c1frica Dia 12\/07, 17h30. Com uma entrevista com o Mestre Nego Gato e a professora de capoeira Baixinha, a TV Matracas, em parceria com a TVT, lan\u00e7am o programa [&hellip;]","og_url":"https:\/\/atlasgeoculturalafricaatual.com\/index.php\/2021\/07\/10\/conexao-brasil-africa\/","og_site_name":"atlasgeoculturalafricaatual.com","article_published_time":"2021-07-10T22:59:39+00:00","og_image":[{"url":"httpsss:\/\/africaatual.com.br\/wp-content\/uploads\/2021\/07\/conexao-1-1024x1024.jpg"}],"author":"atlasgeoculturalafricaatual.com","twitter_card":"summary_large_image","twitter_misc":{"Escrito por":"atlasgeoculturalafricaatual.com","Est. tempo de leitura":"1 minuto"},"schema":{"@context":"https:\/\/schema.org","@graph":[{"@type":"Article","@id":"https:\/\/atlasgeoculturalafricaatual.com\/index.php\/2021\/07\/10\/conexao-brasil-africa\/#article","isPartOf":{"@id":"https:\/\/atlasgeoculturalafricaatual.com\/index.php\/2021\/07\/10\/conexao-brasil-africa\/"},"author":{"name":"atlasgeoculturalafricaatual.com","@id":"https:\/\/atlasgeoculturalafricaatual.com\/#\/schema\/person\/eeee269288097965a8c6f963043e4062"},"headline":"Conex\u00e3o Brasil-\u00c1frica","datePublished":"2021-07-10T22:59:39+00:00","dateModified":"2021-07-10T22:59:39+00:00","mainEntityOfPage":{"@id":"https:\/\/atlasgeoculturalafricaatual.com\/index.php\/2021\/07\/10\/conexao-brasil-africa\/"},"wordCount":247,"commentCount":0,"publisher":{"@id":"https:\/\/atlasgeoculturalafricaatual.com\/#organization"},"articleSection":["A Africa"],"inLanguage":"pt-BR","potentialAction":[{"@type":"CommentAction","name":"Comment","target":["https:\/\/atlasgeoculturalafricaatual.com\/index.php\/2021\/07\/10\/conexao-brasil-africa\/#respond"]}]},{"@type":"WebPage","@id":"https:\/\/atlasgeoculturalafricaatual.com\/index.php\/2021\/07\/10\/conexao-brasil-africa\/","url":"https:\/\/atlasgeoculturalafricaatual.com\/index.php\/2021\/07\/10\/conexao-brasil-africa\/","name":"Conex\u00e3o Brasil-\u00c1frica - atlasgeoculturalafricaatual.com","isPartOf":{"@id":"https:\/\/atlasgeoculturalafricaatual.com\/#website"},"datePublished":"2021-07-10T22:59:39+00:00","dateModified":"2021-07-10T22:59:39+00:00","breadcrumb":{"@id":"https:\/\/atlasgeoculturalafricaatual.com\/index.php\/2021\/07\/10\/conexao-brasil-africa\/#breadcrumb"},"inLanguage":"pt-BR","potentialAction":[{"@type":"ReadAction","target":["https:\/\/atlasgeoculturalafricaatual.com\/index.php\/2021\/07\/10\/conexao-brasil-africa\/"]}]},{"@type":"BreadcrumbList","@id":"https:\/\/atlasgeoculturalafricaatual.com\/index.php\/2021\/07\/10\/conexao-brasil-africa\/#breadcrumb","itemListElement":[{"@type":"ListItem","position":1,"name":"In\u00edcio","item":"https:\/\/atlasgeoculturalafricaatual.com\/"},{"@type":"ListItem","position":2,"name":"Conex\u00e3o Brasil-\u00c1frica"}]},{"@type":"WebSite","@id":"https:\/\/atlasgeoculturalafricaatual.com\/#website","url":"https:\/\/atlasgeoculturalafricaatual.com\/","name":"atlasgeoculturalafricaatual.com","description":"O Atlas Geocultural da \u00c1frica \u00e9 um rico material de leitura e pesquisa, que visa apresentar de forma atual os pa\u00edses africanos, ainda t\u00e3o pouco conhecidos.","publisher":{"@id":"https:\/\/atlasgeoculturalafricaatual.com\/#organization"},"potentialAction":[{"@type":"SearchAction","target":{"@type":"EntryPoint","urlTemplate":"https:\/\/atlasgeoculturalafricaatual.com\/?s={search_term_string}"},"query-input":"required name=search_term_string"}],"inLanguage":"pt-BR"},{"@type":"Organization","@id":"https:\/\/atlasgeoculturalafricaatual.com\/#organization","name":"atlasgeoculturalafricaatual.com","url":"https:\/\/atlasgeoculturalafricaatual.com\/","logo":{"@type":"ImageObject","inLanguage":"pt-BR","@id":"https:\/\/atlasgeoculturalafricaatual.com\/#\/schema\/logo\/image\/","url":"http:\/\/atlasgeoculturalafricaatual.com\/wp-content\/uploads\/2023\/06\/LOGOEIROS_Prancheta-1-tipo-preto.png","contentUrl":"http:\/\/atlasgeoculturalafricaatual.com\/wp-content\/uploads\/2023\/06\/LOGOEIROS_Prancheta-1-tipo-preto.png","width":1667,"height":730,"caption":"atlasgeoculturalafricaatual.com"},"image":{"@id":"https:\/\/atlasgeoculturalafricaatual.com\/#\/schema\/logo\/image\/"}},{"@type":"Person","@id":"https:\/\/atlasgeoculturalafricaatual.com\/#\/schema\/person\/eeee269288097965a8c6f963043e4062","name":"atlasgeoculturalafricaatual.com","image":{"@type":"ImageObject","inLanguage":"pt-BR","@id":"https:\/\/atlasgeoculturalafricaatual.com\/#\/schema\/person\/image\/","url":"https:\/\/secure.gravatar.com\/avatar\/7af55f21031d350b316a54060d50821f?s=96&d=mm&r=g","contentUrl":"https:\/\/secure.gravatar.com\/avatar\/7af55f21031d350b316a54060d50821f?s=96&d=mm&r=g","caption":"atlasgeoculturalafricaatual.com"},"sameAs":["http:\/\/atlasgeoculturalafricaatual.com"],"url":"https:\/\/atlasgeoculturalafricaatual.com\/index.php\/author\/atlasgeoculturalafricaatual-com\/"}]}},"_links":{"self":[{"href":"https:\/\/atlasgeoculturalafricaatual.com\/index.php\/wp-json\/wp\/v2\/posts\/2020","targetHints":{"allow":["GET"]}}],"collection":[{"href":"https:\/\/atlasgeoculturalafricaatual.com\/index.php\/wp-json\/wp\/v2\/posts"}],"about":[{"href":"https:\/\/atlasgeoculturalafricaatual.com\/index.php\/wp-json\/wp\/v2\/types\/post"}],"author":[{"embeddable":true,"href":"https:\/\/atlasgeoculturalafricaatual.com\/index.php\/wp-json\/wp\/v2\/users\/1"}],"replies":[{"embeddable":true,"href":"https:\/\/atlasgeoculturalafricaatual.com\/index.php\/wp-json\/wp\/v2\/comments?post=2020"}],"version-history":[{"count":0,"href":"https:\/\/atlasgeoculturalafricaatual.com\/index.php\/wp-json\/wp\/v2\/posts\/2020\/revisions"}],"wp:featuredmedia":[{"embeddable":true,"href":"https:\/\/atlasgeoculturalafricaatual.com\/index.php\/wp-json\/"}],"wp:attachment":[{"href":"https:\/\/atlasgeoculturalafricaatual.com\/index.php\/wp-json\/wp\/v2\/media?parent=2020"}],"wp:term":[{"taxonomy":"category","embeddable":true,"href":"https:\/\/atlasgeoculturalafricaatual.com\/index.php\/wp-json\/wp\/v2\/categories?post=2020"},{"taxonomy":"post_tag","embeddable":true,"href":"https:\/\/atlasgeoculturalafricaatual.com\/index.php\/wp-json\/wp\/v2\/tags?post=2020"},{"taxonomy":"palavra-chave","embeddable":true,"href":"https:\/\/atlasgeoculturalafricaatual.com\/index.php\/wp-json\/wp\/v2\/palavra-chave?post=2020"}],"curies":[{"name":"wp","href":"https:\/\/api.w.org\/{rel}","templated":true}]}}