{"id":1892,"date":"2021-06-22T09:39:06","date_gmt":"2021-06-22T12:39:06","guid":{"rendered":"https:\/\/atlasgeoculturalafricaatual.com\/index.php\/2021\/06\/22\/arranha-ceus-em-africa-mais-um-recorde\/"},"modified":"2021-06-22T09:39:06","modified_gmt":"2021-06-22T12:39:06","slug":"arranha-ceus-em-africa-mais-um-recorde","status":"publish","type":"post","link":"https:\/\/atlasgeoculturalafricaatual.com\/index.php\/2021\/06\/22\/arranha-ceus-em-africa-mais-um-recorde\/","title":{"rendered":"Arranha-c\u00e9us em \u00c1frica. Mais um recorde."},"content":{"rendered":"\t\t<div data-elementor-type=\"wp-post\" data-elementor-id=\"1892\" class=\"elementor elementor-1892\">\n\t\t\t\t\t\t\t\t\t<section class=\"elementor-section elementor-top-section elementor-element elementor-element-42ee11e8 elementor-section-boxed elementor-section-height-default elementor-section-height-default\" data-id=\"42ee11e8\" data-element_type=\"section\">\n\t\t\t\t\t\t<div class=\"elementor-container elementor-column-gap-default\">\n\t\t\t\t\t<div class=\"elementor-column elementor-col-100 elementor-top-column elementor-element elementor-element-747f8183\" data-id=\"747f8183\" data-element_type=\"column\">\n\t\t\t<div class=\"elementor-widget-wrap elementor-element-populated\">\n\t\t\t\t\t\t\t\t<div class=\"elementor-element elementor-element-6286ffa7 elementor-widget elementor-widget-text-editor\" data-id=\"6286ffa7\" data-element_type=\"widget\" data-widget_type=\"text-editor.default\">\n\t\t\t\t<div class=\"elementor-widget-container\">\n\t\t\t<style>\/*! elementor - v3.15.0 - 02-08-2023 *\/\n.elementor-widget-text-editor.elementor-drop-cap-view-stacked .elementor-drop-cap{background-color:#69727d;color:#fff}.elementor-widget-text-editor.elementor-drop-cap-view-framed .elementor-drop-cap{color:#69727d;border:3px solid;background-color:transparent}.elementor-widget-text-editor:not(.elementor-drop-cap-view-default) .elementor-drop-cap{margin-top:8px}.elementor-widget-text-editor:not(.elementor-drop-cap-view-default) .elementor-drop-cap-letter{width:1em;height:1em}.elementor-widget-text-editor .elementor-drop-cap{float:left;text-align:center;line-height:1;font-size:50px}.elementor-widget-text-editor .elementor-drop-cap-letter{display:inline-block}<\/style>\t\t\t\t<!-- wp:preformatted -->\n<pre id=\"tw-target-text\" class=\"wp-block-preformatted\">Essam El-Gazzar, ministro da habita\u00e7\u00e3o do Egito informa que a constru\u00e7\u00e3o da nova capital do Egito acelera a nova era de coopera\u00e7\u00e3o Egito-China, com in\u00fameras obras de infraestrutura em andamento. <\/pre>\n<!-- \/wp:preformatted -->\n\n<!-- wp:paragraph -->\n<p>fonte: httpsss:\/\/www.arabnews.com\/node\/1878491\/middle-east<\/p>\n<!-- \/wp:paragraph -->\n\n<!-- wp:paragraph -->\n<p>           httpsss:\/\/dailynewsegypt.com\/2021\/06\/19\/china-built-tallest-skyscraper-in-africa-topped-out-in-egypts-new-capital\/<\/p>\n<!-- \/wp:paragraph -->\n\n<!-- wp:paragraph -->\n<p>           <\/p>\n<!-- \/wp:paragraph -->\t\t\t\t\t\t<\/div>\n\t\t\t\t<\/div>\n\t\t\t\t\t<\/div>\n\t\t<\/div>\n\t\t\t\t\t\t\t<\/div>\n\t\t<\/section>\n\t\t\t\t<section class=\"elementor-section elementor-top-section elementor-element elementor-element-a7a916c elementor-section-boxed elementor-section-height-default elementor-section-height-default\" data-id=\"a7a916c\" data-element_type=\"section\">\n\t\t\t\t\t\t<div class=\"elementor-container elementor-column-gap-default\">\n\t\t\t\t\t<div class=\"elementor-column elementor-col-100 elementor-top-column elementor-element elementor-element-f8a2321\" data-id=\"f8a2321\" data-element_type=\"column\">\n\t\t\t<div class=\"elementor-widget-wrap elementor-element-populated\">\n\t\t\t\t\t\t\t\t<div class=\"elementor-element elementor-element-57689e1 elementor-widget elementor-widget-image\" data-id=\"57689e1\" data-element_type=\"widget\" data-widget_type=\"image.default\">\n\t\t\t\t<div class=\"elementor-widget-container\">\n\t\t\t<style>\/*! elementor - v3.15.0 - 02-08-2023 *\/\n.elementor-widget-image{text-align:center}.elementor-widget-image a{display:inline-block}.elementor-widget-image a img[src$=\".svg\"]{width:48px}.elementor-widget-image img{vertical-align:middle;display:inline-block}<\/style>\t\t\t\t\t\t\t\t\t\t\t\t<img decoding=\"async\" src=\"\/\/africaatual.com.br\/wp-content\/uploads\/2021\/06\/torre-2-egito.jpg\" title=\"\" alt=\"\" loading=\"lazy\" \/>\t\t\t\t\t\t\t\t\t\t\t\t\t\t\t<\/div>\n\t\t\t\t<\/div>\n\t\t\t\t\t<\/div>\n\t\t<\/div>\n\t\t\t\t\t\t\t<\/div>\n\t\t<\/section>\n\t\t\t\t<section class=\"elementor-section elementor-top-section elementor-element elementor-element-4f08033 elementor-section-boxed elementor-section-height-default elementor-section-height-default\" data-id=\"4f08033\" data-element_type=\"section\">\n\t\t\t\t\t\t<div class=\"elementor-container elementor-column-gap-default\">\n\t\t\t\t\t<div class=\"elementor-column elementor-col-100 elementor-top-column elementor-element elementor-element-0975ffd\" data-id=\"0975ffd\" data-element_type=\"column\">\n\t\t\t<div class=\"elementor-widget-wrap elementor-element-populated\">\n\t\t\t\t\t\t\t\t<div class=\"elementor-element elementor-element-7c7ff87 elementor-widget elementor-widget-text-editor\" data-id=\"7c7ff87\" data-element_type=\"widget\" data-widget_type=\"text-editor.default\">\n\t\t\t\t<div class=\"elementor-widget-container\">\n\t\t\t\t\t\t\t<pre id=\"tw-target-text\" class=\"tw-data-text tw-text-large XcVN5d tw-ta\" dir=\"ltr\" data-placeholder=\"Tradu\u00e7\u00e3o\"><span class=\"Y2IQFc\" lang=\"pt\">O Dayli News do Egito descreve que \u201cEste \u00e9 o edif\u00edcio mais importante do Egito moderno, que marca a mais recente conquista de nosso pa\u00eds\u201d, disse o ministro eg\u00edpcio de Habita\u00e7\u00e3o, Servi\u00e7os P\u00fablicos e Comunidades Urbanas, Essam el-Gazzar, na cerim\u00f4nia.\n\nA Iconic Tower, cuja constru\u00e7\u00e3o come\u00e7ou em 2 de maio de 2018, \u00e9 um pr\u00e9dio alto composto que integra escrit\u00f3rios, hot\u00e9is, neg\u00f3cios, passeios tur\u00edsticos e outras fun\u00e7\u00f5es. Abrange uma \u00e1rea total de 65.000 metros quadrados, com dois pisos subterr\u00e2neos e 78 pisos acima do solo.\n\nSendo constru\u00eddo cerca de 50 km a leste da capital eg\u00edpcia Cairo, o Iconic Tower \u00e9 o arranha-c\u00e9u mais impressionante do projeto CBD que est\u00e1 sendo constru\u00eddo pela China State Construction Engineering Corporation (CSCEC). Com uma \u00e1rea total de cerca de 505.000 metros quadrados, o projeto CBD inclui 20 novos arranha-c\u00e9us e alguns projetos municipais.\n\nConvidados eg\u00edpcios e chineses, incluindo trabalhadores, engenheiros, propriet\u00e1rios e funcion\u00e1rios, tiraram selfies com alegria do edif\u00edcio hist\u00f3rico durante a cerim\u00f4nia.<\/span><\/pre>\t\t\t\t\t\t<\/div>\n\t\t\t\t<\/div>\n\t\t\t\t\t<\/div>\n\t\t<\/div>\n\t\t\t\t\t\t\t<\/div>\n\t\t<\/section>\n\t\t\t\t<section class=\"elementor-section elementor-top-section elementor-element elementor-element-d7eb114 elementor-section-boxed elementor-section-height-default elementor-section-height-default\" data-id=\"d7eb114\" data-element_type=\"section\">\n\t\t\t\t\t\t<div class=\"elementor-container elementor-column-gap-default\">\n\t\t\t\t\t<div class=\"elementor-column elementor-col-100 elementor-top-column elementor-element elementor-element-401be6b\" data-id=\"401be6b\" data-element_type=\"column\">\n\t\t\t<div class=\"elementor-widget-wrap elementor-element-populated\">\n\t\t\t\t\t\t\t\t<div class=\"elementor-element elementor-element-e14d06e elementor-widget elementor-widget-image\" data-id=\"e14d06e\" data-element_type=\"widget\" data-widget_type=\"image.default\">\n\t\t\t\t<div class=\"elementor-widget-container\">\n\t\t\t\t\t\t\t\t\t\t\t\t\t\t\t<img decoding=\"async\" src=\"\/\/africaatual.com.br\/wp-content\/uploads\/2021\/06\/imagem-torre-egito.jpeg\" title=\"\" alt=\"\" loading=\"lazy\" \/>\t\t\t\t\t\t\t\t\t\t\t\t\t\t\t<\/div>\n\t\t\t\t<\/div>\n\t\t\t\t\t<\/div>\n\t\t<\/div>\n\t\t\t\t\t\t\t<\/div>\n\t\t<\/section>\n\t\t\t\t<section class=\"elementor-section elementor-top-section elementor-element elementor-element-668229d elementor-section-boxed elementor-section-height-default elementor-section-height-default\" data-id=\"668229d\" data-element_type=\"section\">\n\t\t\t\t\t\t<div class=\"elementor-container elementor-column-gap-default\">\n\t\t\t\t\t<div class=\"elementor-column elementor-col-100 elementor-top-column elementor-element elementor-element-2805f52\" data-id=\"2805f52\" data-element_type=\"column\">\n\t\t\t<div class=\"elementor-widget-wrap elementor-element-populated\">\n\t\t\t\t\t\t\t\t<div class=\"elementor-element elementor-element-ad2d2fc elementor-widget elementor-widget-text-editor\" data-id=\"ad2d2fc\" data-element_type=\"widget\" data-widget_type=\"text-editor.default\">\n\t\t\t\t<div class=\"elementor-widget-container\">\n\t\t\t\t\t\t\t<p>O jornal ARAB NEWS, por sua vez, publica que\u00a0<\/p>\n<p><span>\u201cEste \u00e9 um dia hist\u00f3rico na hist\u00f3ria do Egito moderno e serve como uma documenta\u00e7\u00e3o do crescimento que o pa\u00eds est\u00e1 testemunhando\u201d, disse o Ministro da Habita\u00e7\u00e3o Al-Gazzar em uma fun\u00e7\u00e3o comemorativa do feito na quinta-feira.<\/span><\/p>\n<p><span>Os investimentos do projeto s\u00e3o estimados em US $ 3 bilh\u00f5es.<\/span><\/p>\n<p><span>O projeto est\u00e1 sendo implementado em conjunto pelo Minist\u00e9rio da Habita\u00e7\u00e3o eg\u00edpcio, representado pela Autoridade de Novas Comunidades Urbanas, e pela China State Construction Engineering Corporation, uma das maiores empreiteiras do mundo.<\/span><\/p>\n<p><span>Al-Gazzar disse que a lideran\u00e7a pol\u00edtica est\u00e1 demonstrando total interesse nos projetos de desenvolvimento do NAC.<\/span><\/p>\n<p><span>Ele disse que o projeto da Torre Iconic servir\u00e1 como um ponto de viragem na hist\u00f3ria da urbaniza\u00e7\u00e3o no Egito e que na pr\u00f3xima semana um novo projeto ser\u00e1 lan\u00e7ado na cidade de El-Alamein ao lado de v\u00e1rias novas torres, \u201co que confirma o grau de coopera\u00e7\u00e3o entre o Egito e China. \u201d<\/span><\/p>\n<p><span>Ele acrescentou que v\u00e1rios outros projetos ser\u00e3o inaugurados no pr\u00f3ximo per\u00edodo.<\/span><\/p>\n<p>\u00a0<\/p>\t\t\t\t\t\t<\/div>\n\t\t\t\t<\/div>\n\t\t\t\t\t<\/div>\n\t\t<\/div>\n\t\t\t\t\t\t\t<\/div>\n\t\t<\/section>\n\t\t\t\t\t\t\t<\/div>\n\t\t","protected":false},"excerpt":{"rendered":"<p>Essam El-Gazzar, ministro da habita\u00e7\u00e3o do Egito informa que a constru\u00e7\u00e3o da nova capital do Egito acelera a nova era de coopera\u00e7\u00e3o Egito-China, com in\u00fameras obras de infraestrutura em andamento. [&hellip;]<\/p>\n","protected":false},"author":1,"featured_media":1897,"comment_status":"open","ping_status":"open","sticky":false,"template":"","format":"standard","meta":{"content-type":"","footnotes":""},"categories":[48],"tags":[],"palavra-chave":[],"class_list":["post-1892","post","type-post","status-publish","format-standard","has-post-thumbnail","hentry","category-sem-categoria","entry","has-media"],"aioseo_notices":[],"yoast_head":"<!-- This site is optimized with the Yoast SEO plugin v20.13 - https:\/\/yoast.com\/wordpress\/plugins\/seo\/ -->\n<title>Arranha-c\u00e9us em \u00c1frica. Mais um recorde. - atlasgeoculturalafricaatual.com<\/title>\n<meta name=\"robots\" content=\"index, follow, max-snippet:-1, max-image-preview:large, max-video-preview:-1\" \/>\n<link rel=\"canonical\" href=\"https:\/\/atlasgeoculturalafricaatual.com\/index.php\/2021\/06\/22\/arranha-ceus-em-africa-mais-um-recorde\/\" \/>\n<meta property=\"og:locale\" content=\"pt_BR\" \/>\n<meta property=\"og:type\" content=\"article\" \/>\n<meta property=\"og:title\" content=\"Arranha-c\u00e9us em \u00c1frica. Mais um recorde. - atlasgeoculturalafricaatual.com\" \/>\n<meta property=\"og:description\" content=\"Essam El-Gazzar, ministro da habita\u00e7\u00e3o do Egito informa que a constru\u00e7\u00e3o da nova capital do Egito acelera a nova era de coopera\u00e7\u00e3o Egito-China, com in\u00fameras obras de infraestrutura em andamento. [&hellip;]\" \/>\n<meta property=\"og:url\" content=\"https:\/\/atlasgeoculturalafricaatual.com\/index.php\/2021\/06\/22\/arranha-ceus-em-africa-mais-um-recorde\/\" \/>\n<meta property=\"og:site_name\" content=\"atlasgeoculturalafricaatual.com\" \/>\n<meta property=\"article:published_time\" content=\"2021-06-22T12:39:06+00:00\" \/>\n<meta property=\"og:image\" content=\"\" \/>\n<meta name=\"author\" content=\"atlasgeoculturalafricaatual.com\" \/>\n<meta name=\"twitter:card\" content=\"summary_large_image\" \/>\n<meta name=\"twitter:label1\" content=\"Escrito por\" \/>\n\t<meta name=\"twitter:data1\" content=\"atlasgeoculturalafricaatual.com\" \/>\n\t<meta name=\"twitter:label2\" content=\"Est. tempo de leitura\" \/>\n\t<meta name=\"twitter:data2\" content=\"2 minutos\" \/>\n<script type=\"application\/ld+json\" class=\"yoast-schema-graph\">{\"@context\":\"https:\/\/schema.org\",\"@graph\":[{\"@type\":\"Article\",\"@id\":\"https:\/\/atlasgeoculturalafricaatual.com\/index.php\/2021\/06\/22\/arranha-ceus-em-africa-mais-um-recorde\/#article\",\"isPartOf\":{\"@id\":\"https:\/\/atlasgeoculturalafricaatual.com\/index.php\/2021\/06\/22\/arranha-ceus-em-africa-mais-um-recorde\/\"},\"author\":{\"name\":\"atlasgeoculturalafricaatual.com\",\"@id\":\"https:\/\/atlasgeoculturalafricaatual.com\/#\/schema\/person\/eeee269288097965a8c6f963043e4062\"},\"headline\":\"Arranha-c\u00e9us em \u00c1frica. Mais um recorde.\",\"datePublished\":\"2021-06-22T12:39:06+00:00\",\"dateModified\":\"2021-06-22T12:39:06+00:00\",\"mainEntityOfPage\":{\"@id\":\"https:\/\/atlasgeoculturalafricaatual.com\/index.php\/2021\/06\/22\/arranha-ceus-em-africa-mais-um-recorde\/\"},\"wordCount\":206,\"commentCount\":0,\"publisher\":{\"@id\":\"https:\/\/atlasgeoculturalafricaatual.com\/#organization\"},\"articleSection\":[\"A Africa\"],\"inLanguage\":\"pt-BR\",\"potentialAction\":[{\"@type\":\"CommentAction\",\"name\":\"Comment\",\"target\":[\"https:\/\/atlasgeoculturalafricaatual.com\/index.php\/2021\/06\/22\/arranha-ceus-em-africa-mais-um-recorde\/#respond\"]}]},{\"@type\":\"WebPage\",\"@id\":\"https:\/\/atlasgeoculturalafricaatual.com\/index.php\/2021\/06\/22\/arranha-ceus-em-africa-mais-um-recorde\/\",\"url\":\"https:\/\/atlasgeoculturalafricaatual.com\/index.php\/2021\/06\/22\/arranha-ceus-em-africa-mais-um-recorde\/\",\"name\":\"Arranha-c\u00e9us em \u00c1frica. Mais um recorde. - atlasgeoculturalafricaatual.com\",\"isPartOf\":{\"@id\":\"https:\/\/atlasgeoculturalafricaatual.com\/#website\"},\"datePublished\":\"2021-06-22T12:39:06+00:00\",\"dateModified\":\"2021-06-22T12:39:06+00:00\",\"breadcrumb\":{\"@id\":\"https:\/\/atlasgeoculturalafricaatual.com\/index.php\/2021\/06\/22\/arranha-ceus-em-africa-mais-um-recorde\/#breadcrumb\"},\"inLanguage\":\"pt-BR\",\"potentialAction\":[{\"@type\":\"ReadAction\",\"target\":[\"https:\/\/atlasgeoculturalafricaatual.com\/index.php\/2021\/06\/22\/arranha-ceus-em-africa-mais-um-recorde\/\"]}]},{\"@type\":\"BreadcrumbList\",\"@id\":\"https:\/\/atlasgeoculturalafricaatual.com\/index.php\/2021\/06\/22\/arranha-ceus-em-africa-mais-um-recorde\/#breadcrumb\",\"itemListElement\":[{\"@type\":\"ListItem\",\"position\":1,\"name\":\"In\u00edcio\",\"item\":\"https:\/\/atlasgeoculturalafricaatual.com\/\"},{\"@type\":\"ListItem\",\"position\":2,\"name\":\"Arranha-c\u00e9us em \u00c1frica. Mais um recorde.\"}]},{\"@type\":\"WebSite\",\"@id\":\"https:\/\/atlasgeoculturalafricaatual.com\/#website\",\"url\":\"https:\/\/atlasgeoculturalafricaatual.com\/\",\"name\":\"atlasgeoculturalafricaatual.com\",\"description\":\"O Atlas Geocultural da \u00c1frica \u00e9 um rico material de leitura e pesquisa, que visa apresentar de forma atual os pa\u00edses africanos, ainda t\u00e3o pouco conhecidos.\",\"publisher\":{\"@id\":\"https:\/\/atlasgeoculturalafricaatual.com\/#organization\"},\"potentialAction\":[{\"@type\":\"SearchAction\",\"target\":{\"@type\":\"EntryPoint\",\"urlTemplate\":\"https:\/\/atlasgeoculturalafricaatual.com\/?s={search_term_string}\"},\"query-input\":\"required name=search_term_string\"}],\"inLanguage\":\"pt-BR\"},{\"@type\":\"Organization\",\"@id\":\"https:\/\/atlasgeoculturalafricaatual.com\/#organization\",\"name\":\"atlasgeoculturalafricaatual.com\",\"url\":\"https:\/\/atlasgeoculturalafricaatual.com\/\",\"logo\":{\"@type\":\"ImageObject\",\"inLanguage\":\"pt-BR\",\"@id\":\"https:\/\/atlasgeoculturalafricaatual.com\/#\/schema\/logo\/image\/\",\"url\":\"http:\/\/atlasgeoculturalafricaatual.com\/wp-content\/uploads\/2023\/06\/LOGOEIROS_Prancheta-1-tipo-preto.png\",\"contentUrl\":\"http:\/\/atlasgeoculturalafricaatual.com\/wp-content\/uploads\/2023\/06\/LOGOEIROS_Prancheta-1-tipo-preto.png\",\"width\":1667,\"height\":730,\"caption\":\"atlasgeoculturalafricaatual.com\"},\"image\":{\"@id\":\"https:\/\/atlasgeoculturalafricaatual.com\/#\/schema\/logo\/image\/\"}},{\"@type\":\"Person\",\"@id\":\"https:\/\/atlasgeoculturalafricaatual.com\/#\/schema\/person\/eeee269288097965a8c6f963043e4062\",\"name\":\"atlasgeoculturalafricaatual.com\",\"image\":{\"@type\":\"ImageObject\",\"inLanguage\":\"pt-BR\",\"@id\":\"https:\/\/atlasgeoculturalafricaatual.com\/#\/schema\/person\/image\/\",\"url\":\"https:\/\/secure.gravatar.com\/avatar\/7af55f21031d350b316a54060d50821f?s=96&d=mm&r=g\",\"contentUrl\":\"https:\/\/secure.gravatar.com\/avatar\/7af55f21031d350b316a54060d50821f?s=96&d=mm&r=g\",\"caption\":\"atlasgeoculturalafricaatual.com\"},\"sameAs\":[\"http:\/\/atlasgeoculturalafricaatual.com\"],\"url\":\"https:\/\/atlasgeoculturalafricaatual.com\/index.php\/author\/atlasgeoculturalafricaatual-com\/\"}]}<\/script>\n<!-- \/ Yoast SEO plugin. -->","yoast_head_json":{"title":"Arranha-c\u00e9us em \u00c1frica. Mais um recorde. - atlasgeoculturalafricaatual.com","robots":{"index":"index","follow":"follow","max-snippet":"max-snippet:-1","max-image-preview":"max-image-preview:large","max-video-preview":"max-video-preview:-1"},"canonical":"https:\/\/atlasgeoculturalafricaatual.com\/index.php\/2021\/06\/22\/arranha-ceus-em-africa-mais-um-recorde\/","og_locale":"pt_BR","og_type":"article","og_title":"Arranha-c\u00e9us em \u00c1frica. Mais um recorde. - atlasgeoculturalafricaatual.com","og_description":"Essam El-Gazzar, ministro da habita\u00e7\u00e3o do Egito informa que a constru\u00e7\u00e3o da nova capital do Egito acelera a nova era de coopera\u00e7\u00e3o Egito-China, com in\u00fameras obras de infraestrutura em andamento. [&hellip;]","og_url":"https:\/\/atlasgeoculturalafricaatual.com\/index.php\/2021\/06\/22\/arranha-ceus-em-africa-mais-um-recorde\/","og_site_name":"atlasgeoculturalafricaatual.com","article_published_time":"2021-06-22T12:39:06+00:00","og_image":[{"url":"httpsss:\/\/africaatual.com.br\/wp-content\/uploads\/2021\/06\/torre-2-egito.jpg"}],"author":"atlasgeoculturalafricaatual.com","twitter_card":"summary_large_image","twitter_misc":{"Escrito por":"atlasgeoculturalafricaatual.com","Est. tempo de leitura":"2 minutos"},"schema":{"@context":"https:\/\/schema.org","@graph":[{"@type":"Article","@id":"https:\/\/atlasgeoculturalafricaatual.com\/index.php\/2021\/06\/22\/arranha-ceus-em-africa-mais-um-recorde\/#article","isPartOf":{"@id":"https:\/\/atlasgeoculturalafricaatual.com\/index.php\/2021\/06\/22\/arranha-ceus-em-africa-mais-um-recorde\/"},"author":{"name":"atlasgeoculturalafricaatual.com","@id":"https:\/\/atlasgeoculturalafricaatual.com\/#\/schema\/person\/eeee269288097965a8c6f963043e4062"},"headline":"Arranha-c\u00e9us em \u00c1frica. Mais um recorde.","datePublished":"2021-06-22T12:39:06+00:00","dateModified":"2021-06-22T12:39:06+00:00","mainEntityOfPage":{"@id":"https:\/\/atlasgeoculturalafricaatual.com\/index.php\/2021\/06\/22\/arranha-ceus-em-africa-mais-um-recorde\/"},"wordCount":206,"commentCount":0,"publisher":{"@id":"https:\/\/atlasgeoculturalafricaatual.com\/#organization"},"articleSection":["A Africa"],"inLanguage":"pt-BR","potentialAction":[{"@type":"CommentAction","name":"Comment","target":["https:\/\/atlasgeoculturalafricaatual.com\/index.php\/2021\/06\/22\/arranha-ceus-em-africa-mais-um-recorde\/#respond"]}]},{"@type":"WebPage","@id":"https:\/\/atlasgeoculturalafricaatual.com\/index.php\/2021\/06\/22\/arranha-ceus-em-africa-mais-um-recorde\/","url":"https:\/\/atlasgeoculturalafricaatual.com\/index.php\/2021\/06\/22\/arranha-ceus-em-africa-mais-um-recorde\/","name":"Arranha-c\u00e9us em \u00c1frica. Mais um recorde. - atlasgeoculturalafricaatual.com","isPartOf":{"@id":"https:\/\/atlasgeoculturalafricaatual.com\/#website"},"datePublished":"2021-06-22T12:39:06+00:00","dateModified":"2021-06-22T12:39:06+00:00","breadcrumb":{"@id":"https:\/\/atlasgeoculturalafricaatual.com\/index.php\/2021\/06\/22\/arranha-ceus-em-africa-mais-um-recorde\/#breadcrumb"},"inLanguage":"pt-BR","potentialAction":[{"@type":"ReadAction","target":["https:\/\/atlasgeoculturalafricaatual.com\/index.php\/2021\/06\/22\/arranha-ceus-em-africa-mais-um-recorde\/"]}]},{"@type":"BreadcrumbList","@id":"https:\/\/atlasgeoculturalafricaatual.com\/index.php\/2021\/06\/22\/arranha-ceus-em-africa-mais-um-recorde\/#breadcrumb","itemListElement":[{"@type":"ListItem","position":1,"name":"In\u00edcio","item":"https:\/\/atlasgeoculturalafricaatual.com\/"},{"@type":"ListItem","position":2,"name":"Arranha-c\u00e9us em \u00c1frica. Mais um recorde."}]},{"@type":"WebSite","@id":"https:\/\/atlasgeoculturalafricaatual.com\/#website","url":"https:\/\/atlasgeoculturalafricaatual.com\/","name":"atlasgeoculturalafricaatual.com","description":"O Atlas Geocultural da \u00c1frica \u00e9 um rico material de leitura e pesquisa, que visa apresentar de forma atual os pa\u00edses africanos, ainda t\u00e3o pouco conhecidos.","publisher":{"@id":"https:\/\/atlasgeoculturalafricaatual.com\/#organization"},"potentialAction":[{"@type":"SearchAction","target":{"@type":"EntryPoint","urlTemplate":"https:\/\/atlasgeoculturalafricaatual.com\/?s={search_term_string}"},"query-input":"required name=search_term_string"}],"inLanguage":"pt-BR"},{"@type":"Organization","@id":"https:\/\/atlasgeoculturalafricaatual.com\/#organization","name":"atlasgeoculturalafricaatual.com","url":"https:\/\/atlasgeoculturalafricaatual.com\/","logo":{"@type":"ImageObject","inLanguage":"pt-BR","@id":"https:\/\/atlasgeoculturalafricaatual.com\/#\/schema\/logo\/image\/","url":"http:\/\/atlasgeoculturalafricaatual.com\/wp-content\/uploads\/2023\/06\/LOGOEIROS_Prancheta-1-tipo-preto.png","contentUrl":"http:\/\/atlasgeoculturalafricaatual.com\/wp-content\/uploads\/2023\/06\/LOGOEIROS_Prancheta-1-tipo-preto.png","width":1667,"height":730,"caption":"atlasgeoculturalafricaatual.com"},"image":{"@id":"https:\/\/atlasgeoculturalafricaatual.com\/#\/schema\/logo\/image\/"}},{"@type":"Person","@id":"https:\/\/atlasgeoculturalafricaatual.com\/#\/schema\/person\/eeee269288097965a8c6f963043e4062","name":"atlasgeoculturalafricaatual.com","image":{"@type":"ImageObject","inLanguage":"pt-BR","@id":"https:\/\/atlasgeoculturalafricaatual.com\/#\/schema\/person\/image\/","url":"https:\/\/secure.gravatar.com\/avatar\/7af55f21031d350b316a54060d50821f?s=96&d=mm&r=g","contentUrl":"https:\/\/secure.gravatar.com\/avatar\/7af55f21031d350b316a54060d50821f?s=96&d=mm&r=g","caption":"atlasgeoculturalafricaatual.com"},"sameAs":["http:\/\/atlasgeoculturalafricaatual.com"],"url":"https:\/\/atlasgeoculturalafricaatual.com\/index.php\/author\/atlasgeoculturalafricaatual-com\/"}]}},"_links":{"self":[{"href":"https:\/\/atlasgeoculturalafricaatual.com\/index.php\/wp-json\/wp\/v2\/posts\/1892","targetHints":{"allow":["GET"]}}],"collection":[{"href":"https:\/\/atlasgeoculturalafricaatual.com\/index.php\/wp-json\/wp\/v2\/posts"}],"about":[{"href":"https:\/\/atlasgeoculturalafricaatual.com\/index.php\/wp-json\/wp\/v2\/types\/post"}],"author":[{"embeddable":true,"href":"https:\/\/atlasgeoculturalafricaatual.com\/index.php\/wp-json\/wp\/v2\/users\/1"}],"replies":[{"embeddable":true,"href":"https:\/\/atlasgeoculturalafricaatual.com\/index.php\/wp-json\/wp\/v2\/comments?post=1892"}],"version-history":[{"count":0,"href":"https:\/\/atlasgeoculturalafricaatual.com\/index.php\/wp-json\/wp\/v2\/posts\/1892\/revisions"}],"wp:featuredmedia":[{"embeddable":true,"href":"https:\/\/atlasgeoculturalafricaatual.com\/index.php\/wp-json\/"}],"wp:attachment":[{"href":"https:\/\/atlasgeoculturalafricaatual.com\/index.php\/wp-json\/wp\/v2\/media?parent=1892"}],"wp:term":[{"taxonomy":"category","embeddable":true,"href":"https:\/\/atlasgeoculturalafricaatual.com\/index.php\/wp-json\/wp\/v2\/categories?post=1892"},{"taxonomy":"post_tag","embeddable":true,"href":"https:\/\/atlasgeoculturalafricaatual.com\/index.php\/wp-json\/wp\/v2\/tags?post=1892"},{"taxonomy":"palavra-chave","embeddable":true,"href":"https:\/\/atlasgeoculturalafricaatual.com\/index.php\/wp-json\/wp\/v2\/palavra-chave?post=1892"}],"curies":[{"name":"wp","href":"https:\/\/api.w.org\/{rel}","templated":true}]}}