{"id":1855,"date":"2021-06-09T11:30:52","date_gmt":"2021-06-09T14:30:52","guid":{"rendered":"https:\/\/atlasgeoculturalafricaatual.com\/index.php\/2021\/06\/09\/isabel-fillardis-a-entrevista-da-reafro-tv\/"},"modified":"2021-06-09T11:30:52","modified_gmt":"2021-06-09T14:30:52","slug":"isabel-fillardis-a-entrevista-da-reafro-tv","status":"publish","type":"post","link":"https:\/\/atlasgeoculturalafricaatual.com\/index.php\/2021\/06\/09\/isabel-fillardis-a-entrevista-da-reafro-tv\/","title":{"rendered":"Isabel Fillardis: a entrevista da REAFRO-TV"},"content":{"rendered":"\t\t<div data-elementor-type=\"wp-post\" data-elementor-id=\"1855\" class=\"elementor elementor-1855\">\n\t\t\t\t\t\t\t\t\t<section class=\"elementor-section elementor-top-section elementor-element elementor-element-171e3556 elementor-section-boxed elementor-section-height-default elementor-section-height-default\" data-id=\"171e3556\" data-element_type=\"section\">\n\t\t\t\t\t\t<div class=\"elementor-container elementor-column-gap-default\">\n\t\t\t\t\t<div class=\"elementor-column elementor-col-100 elementor-top-column elementor-element elementor-element-14ea6810\" data-id=\"14ea6810\" data-element_type=\"column\">\n\t\t\t<div class=\"elementor-widget-wrap elementor-element-populated\">\n\t\t\t\t\t\t\t\t<div class=\"elementor-element elementor-element-1349936d elementor-widget elementor-widget-text-editor\" data-id=\"1349936d\" data-element_type=\"widget\" data-widget_type=\"text-editor.default\">\n\t\t\t\t<div class=\"elementor-widget-container\">\n\t\t\t<style>\/*! elementor - v3.15.0 - 02-08-2023 *\/\n.elementor-widget-text-editor.elementor-drop-cap-view-stacked .elementor-drop-cap{background-color:#69727d;color:#fff}.elementor-widget-text-editor.elementor-drop-cap-view-framed .elementor-drop-cap{color:#69727d;border:3px solid;background-color:transparent}.elementor-widget-text-editor:not(.elementor-drop-cap-view-default) .elementor-drop-cap{margin-top:8px}.elementor-widget-text-editor:not(.elementor-drop-cap-view-default) .elementor-drop-cap-letter{width:1em;height:1em}.elementor-widget-text-editor .elementor-drop-cap{float:left;text-align:center;line-height:1;font-size:50px}.elementor-widget-text-editor .elementor-drop-cap-letter{display:inline-block}<\/style>\t\t\t\t<!-- wp:paragraph -->\n<p>Em 1988, aos 15 anos, Isabel come\u00e7ou a carreira profissionalmente como modelo e assinou com a ag\u00eancia\u00a0<a href=\"httpsss:\/\/pt.wikipedia.org\/wiki\/Ford_Models\">Ford Models<\/a>, mudando-se para a It\u00e1lia para trabalhar. Em 1993 passou nos testes da\u00a0<a href=\"httpsss:\/\/pt.wikipedia.org\/wiki\/Rede_Globo\">Rede Globo<\/a>\u00a0para integrar a telenovela\u00a0<em><a href=\"httpsss:\/\/pt.wikipedia.org\/wiki\/Renascer\">Renascer<\/a><\/em>\u00a0como Ritinha, desistindo da carreira fora do pa\u00eds para focar-se na atua\u00e7\u00e3o e realiza\u00e7\u00e3o de trabalhos de modelagem apenas no Brasil.<sup><a href=\"httpsss:\/\/pt.wikipedia.org\/wiki\/Isabel_Fillardis#cite_note-1\">[1]<\/a><\/sup>\u00a0No mesmo ano o produtor musical Alexandre Agra escutou-a cantando durante os bastidores de um ensaio fotogr\u00e1fico e convidou-a para integrar, ao lado de Karla Prietto e Lilian Valeska, o\u00a0<em>girl group<\/em><a href=\"httpsss:\/\/pt.wikipedia.org\/wiki\/As_Sublimes\">As Sublimes<\/a>, inspirada no sucesso do\u00a0<a href=\"httpsss:\/\/pt.wikipedia.org\/wiki\/R%26B_contempor%C3%A2neo\">R&amp;B<\/a>\u00a0que levou ao estrelado grupos femininos internacionais como\u00a0<a href=\"httpsss:\/\/pt.wikipedia.org\/wiki\/TLC_(banda)\">TLC<\/a>,\u00a0<a href=\"httpsss:\/\/pt.wikipedia.org\/wiki\/En_Vogue\">En Vogue<\/a>\u00a0e\u00a0<a href=\"httpsss:\/\/pt.wikipedia.org\/wiki\/Salt-N-Pepa\">Salt-N-Pepa<\/a>, tendo o nome inspirado no trio\u00a0<a href=\"httpsss:\/\/pt.wikipedia.org\/wiki\/The_Supremes\">The Supremes<\/a>, sendo um dos primeiros\u00a0<em>girl groups<\/em>\u00a0brasileiros de destaque. Ela integrou a forma\u00e7\u00e3o do primeiro disco do trio, que lan\u00e7ou can\u00e7\u00f5es de sucesso como &#8220;Boneca de Fogo&#8221;, &#8220;Tyson Free&#8221; e &#8220;Menina Mulher da Pele Preta&#8221;, desfazendo-se em 1998.<\/p>\n<!-- \/wp:paragraph --><!-- wp:paragraph -->\n<p>fonte wikipedia.<\/p>\n<!-- \/wp:paragraph --><!-- wp:paragraph -->\n<p>Entrevista em 11\/06, as 17hs na REAFRO TV, bit.ly\/reafro-tv<\/p>\n<!-- \/wp:paragraph --><!-- wp:paragraph -->\n<p>\u00a0<\/p>\n<!-- \/wp:paragraph -->\t\t\t\t\t\t<\/div>\n\t\t\t\t<\/div>\n\t\t\t\t\t<\/div>\n\t\t<\/div>\n\t\t\t\t\t\t\t<\/div>\n\t\t<\/section>\n\t\t\t\t<section class=\"elementor-section elementor-top-section elementor-element elementor-element-1cd708f elementor-section-boxed elementor-section-height-default elementor-section-height-default\" data-id=\"1cd708f\" data-element_type=\"section\">\n\t\t\t\t\t\t<div class=\"elementor-container elementor-column-gap-default\">\n\t\t\t\t\t<div class=\"elementor-column elementor-col-100 elementor-top-column elementor-element elementor-element-8945538\" data-id=\"8945538\" data-element_type=\"column\">\n\t\t\t<div class=\"elementor-widget-wrap elementor-element-populated\">\n\t\t\t\t\t\t\t\t<div class=\"elementor-element elementor-element-8728262 elementor-widget elementor-widget-image\" data-id=\"8728262\" data-element_type=\"widget\" data-widget_type=\"image.default\">\n\t\t\t\t<div class=\"elementor-widget-container\">\n\t\t\t<style>\/*! elementor - v3.15.0 - 02-08-2023 *\/\n.elementor-widget-image{text-align:center}.elementor-widget-image a{display:inline-block}.elementor-widget-image a img[src$=\".svg\"]{width:48px}.elementor-widget-image img{vertical-align:middle;display:inline-block}<\/style>\t\t\t\t\t\t\t\t\t\t\t\t<img decoding=\"async\" src=\"\/\/africaatual.com.br\/wp-content\/uploads\/2021\/06\/isabel.jpg\" title=\"\" alt=\"\" loading=\"lazy\" \/>\t\t\t\t\t\t\t\t\t\t\t\t\t\t\t<\/div>\n\t\t\t\t<\/div>\n\t\t\t\t\t<\/div>\n\t\t<\/div>\n\t\t\t\t\t\t\t<\/div>\n\t\t<\/section>\n\t\t\t\t\t\t\t<\/div>\n\t\t","protected":false},"excerpt":{"rendered":"<p>Em 1988, aos 15 anos, Isabel come\u00e7ou a carreira profissionalmente como modelo e assinou com a ag\u00eancia&nbsp;Ford Models, mudando-se para a It\u00e1lia para trabalhar. Em 1993 passou nos testes da&nbsp;Rede [&hellip;]<\/p>\n","protected":false},"author":1,"featured_media":1859,"comment_status":"open","ping_status":"open","sticky":false,"template":"","format":"standard","meta":{"content-type":"","footnotes":""},"categories":[48],"tags":[],"palavra-chave":[],"class_list":["post-1855","post","type-post","status-publish","format-standard","has-post-thumbnail","hentry","category-sem-categoria","entry","has-media"],"aioseo_notices":[],"yoast_head":"<!-- This site is optimized with the Yoast SEO plugin v20.13 - https:\/\/yoast.com\/wordpress\/plugins\/seo\/ -->\n<title>Isabel Fillardis: a entrevista da REAFRO-TV - atlasgeoculturalafricaatual.com<\/title>\n<meta name=\"robots\" content=\"index, follow, max-snippet:-1, max-image-preview:large, max-video-preview:-1\" \/>\n<link rel=\"canonical\" href=\"https:\/\/atlasgeoculturalafricaatual.com\/index.php\/2021\/06\/09\/isabel-fillardis-a-entrevista-da-reafro-tv\/\" \/>\n<meta property=\"og:locale\" content=\"pt_BR\" \/>\n<meta property=\"og:type\" content=\"article\" \/>\n<meta property=\"og:title\" content=\"Isabel Fillardis: a entrevista da REAFRO-TV - atlasgeoculturalafricaatual.com\" \/>\n<meta property=\"og:description\" content=\"Em 1988, aos 15 anos, Isabel come\u00e7ou a carreira profissionalmente como modelo e assinou com a ag\u00eancia&nbsp;Ford Models, mudando-se para a It\u00e1lia para trabalhar. Em 1993 passou nos testes da&nbsp;Rede [&hellip;]\" \/>\n<meta property=\"og:url\" content=\"https:\/\/atlasgeoculturalafricaatual.com\/index.php\/2021\/06\/09\/isabel-fillardis-a-entrevista-da-reafro-tv\/\" \/>\n<meta property=\"og:site_name\" content=\"atlasgeoculturalafricaatual.com\" \/>\n<meta property=\"article:published_time\" content=\"2021-06-09T14:30:52+00:00\" \/>\n<meta property=\"og:image\" content=\"\" \/>\n<meta name=\"author\" content=\"atlasgeoculturalafricaatual.com\" \/>\n<meta name=\"twitter:card\" content=\"summary_large_image\" \/>\n<meta name=\"twitter:label1\" content=\"Escrito por\" \/>\n\t<meta name=\"twitter:data1\" content=\"atlasgeoculturalafricaatual.com\" \/>\n\t<meta name=\"twitter:label2\" content=\"Est. tempo de leitura\" \/>\n\t<meta name=\"twitter:data2\" content=\"1 minuto\" \/>\n<script type=\"application\/ld+json\" class=\"yoast-schema-graph\">{\"@context\":\"https:\/\/schema.org\",\"@graph\":[{\"@type\":\"Article\",\"@id\":\"https:\/\/atlasgeoculturalafricaatual.com\/index.php\/2021\/06\/09\/isabel-fillardis-a-entrevista-da-reafro-tv\/#article\",\"isPartOf\":{\"@id\":\"https:\/\/atlasgeoculturalafricaatual.com\/index.php\/2021\/06\/09\/isabel-fillardis-a-entrevista-da-reafro-tv\/\"},\"author\":{\"name\":\"atlasgeoculturalafricaatual.com\",\"@id\":\"https:\/\/atlasgeoculturalafricaatual.com\/#\/schema\/person\/eeee269288097965a8c6f963043e4062\"},\"headline\":\"Isabel Fillardis: a entrevista da REAFRO-TV\",\"datePublished\":\"2021-06-09T14:30:52+00:00\",\"dateModified\":\"2021-06-09T14:30:52+00:00\",\"mainEntityOfPage\":{\"@id\":\"https:\/\/atlasgeoculturalafricaatual.com\/index.php\/2021\/06\/09\/isabel-fillardis-a-entrevista-da-reafro-tv\/\"},\"wordCount\":200,\"commentCount\":0,\"publisher\":{\"@id\":\"https:\/\/atlasgeoculturalafricaatual.com\/#organization\"},\"articleSection\":[\"A Africa\"],\"inLanguage\":\"pt-BR\",\"potentialAction\":[{\"@type\":\"CommentAction\",\"name\":\"Comment\",\"target\":[\"https:\/\/atlasgeoculturalafricaatual.com\/index.php\/2021\/06\/09\/isabel-fillardis-a-entrevista-da-reafro-tv\/#respond\"]}]},{\"@type\":\"WebPage\",\"@id\":\"https:\/\/atlasgeoculturalafricaatual.com\/index.php\/2021\/06\/09\/isabel-fillardis-a-entrevista-da-reafro-tv\/\",\"url\":\"https:\/\/atlasgeoculturalafricaatual.com\/index.php\/2021\/06\/09\/isabel-fillardis-a-entrevista-da-reafro-tv\/\",\"name\":\"Isabel Fillardis: a entrevista da REAFRO-TV - atlasgeoculturalafricaatual.com\",\"isPartOf\":{\"@id\":\"https:\/\/atlasgeoculturalafricaatual.com\/#website\"},\"datePublished\":\"2021-06-09T14:30:52+00:00\",\"dateModified\":\"2021-06-09T14:30:52+00:00\",\"breadcrumb\":{\"@id\":\"https:\/\/atlasgeoculturalafricaatual.com\/index.php\/2021\/06\/09\/isabel-fillardis-a-entrevista-da-reafro-tv\/#breadcrumb\"},\"inLanguage\":\"pt-BR\",\"potentialAction\":[{\"@type\":\"ReadAction\",\"target\":[\"https:\/\/atlasgeoculturalafricaatual.com\/index.php\/2021\/06\/09\/isabel-fillardis-a-entrevista-da-reafro-tv\/\"]}]},{\"@type\":\"BreadcrumbList\",\"@id\":\"https:\/\/atlasgeoculturalafricaatual.com\/index.php\/2021\/06\/09\/isabel-fillardis-a-entrevista-da-reafro-tv\/#breadcrumb\",\"itemListElement\":[{\"@type\":\"ListItem\",\"position\":1,\"name\":\"In\u00edcio\",\"item\":\"https:\/\/atlasgeoculturalafricaatual.com\/\"},{\"@type\":\"ListItem\",\"position\":2,\"name\":\"Isabel Fillardis: a entrevista da REAFRO-TV\"}]},{\"@type\":\"WebSite\",\"@id\":\"https:\/\/atlasgeoculturalafricaatual.com\/#website\",\"url\":\"https:\/\/atlasgeoculturalafricaatual.com\/\",\"name\":\"atlasgeoculturalafricaatual.com\",\"description\":\"O Atlas Geocultural da \u00c1frica \u00e9 um rico material de leitura e pesquisa, que visa apresentar de forma atual os pa\u00edses africanos, ainda t\u00e3o pouco conhecidos.\",\"publisher\":{\"@id\":\"https:\/\/atlasgeoculturalafricaatual.com\/#organization\"},\"potentialAction\":[{\"@type\":\"SearchAction\",\"target\":{\"@type\":\"EntryPoint\",\"urlTemplate\":\"https:\/\/atlasgeoculturalafricaatual.com\/?s={search_term_string}\"},\"query-input\":\"required name=search_term_string\"}],\"inLanguage\":\"pt-BR\"},{\"@type\":\"Organization\",\"@id\":\"https:\/\/atlasgeoculturalafricaatual.com\/#organization\",\"name\":\"atlasgeoculturalafricaatual.com\",\"url\":\"https:\/\/atlasgeoculturalafricaatual.com\/\",\"logo\":{\"@type\":\"ImageObject\",\"inLanguage\":\"pt-BR\",\"@id\":\"https:\/\/atlasgeoculturalafricaatual.com\/#\/schema\/logo\/image\/\",\"url\":\"http:\/\/atlasgeoculturalafricaatual.com\/wp-content\/uploads\/2023\/06\/LOGOEIROS_Prancheta-1-tipo-preto.png\",\"contentUrl\":\"http:\/\/atlasgeoculturalafricaatual.com\/wp-content\/uploads\/2023\/06\/LOGOEIROS_Prancheta-1-tipo-preto.png\",\"width\":1667,\"height\":730,\"caption\":\"atlasgeoculturalafricaatual.com\"},\"image\":{\"@id\":\"https:\/\/atlasgeoculturalafricaatual.com\/#\/schema\/logo\/image\/\"}},{\"@type\":\"Person\",\"@id\":\"https:\/\/atlasgeoculturalafricaatual.com\/#\/schema\/person\/eeee269288097965a8c6f963043e4062\",\"name\":\"atlasgeoculturalafricaatual.com\",\"image\":{\"@type\":\"ImageObject\",\"inLanguage\":\"pt-BR\",\"@id\":\"https:\/\/atlasgeoculturalafricaatual.com\/#\/schema\/person\/image\/\",\"url\":\"https:\/\/secure.gravatar.com\/avatar\/7af55f21031d350b316a54060d50821f?s=96&d=mm&r=g\",\"contentUrl\":\"https:\/\/secure.gravatar.com\/avatar\/7af55f21031d350b316a54060d50821f?s=96&d=mm&r=g\",\"caption\":\"atlasgeoculturalafricaatual.com\"},\"sameAs\":[\"http:\/\/atlasgeoculturalafricaatual.com\"],\"url\":\"https:\/\/atlasgeoculturalafricaatual.com\/index.php\/author\/atlasgeoculturalafricaatual-com\/\"}]}<\/script>\n<!-- \/ Yoast SEO plugin. -->","yoast_head_json":{"title":"Isabel Fillardis: a entrevista da REAFRO-TV - atlasgeoculturalafricaatual.com","robots":{"index":"index","follow":"follow","max-snippet":"max-snippet:-1","max-image-preview":"max-image-preview:large","max-video-preview":"max-video-preview:-1"},"canonical":"https:\/\/atlasgeoculturalafricaatual.com\/index.php\/2021\/06\/09\/isabel-fillardis-a-entrevista-da-reafro-tv\/","og_locale":"pt_BR","og_type":"article","og_title":"Isabel Fillardis: a entrevista da REAFRO-TV - atlasgeoculturalafricaatual.com","og_description":"Em 1988, aos 15 anos, Isabel come\u00e7ou a carreira profissionalmente como modelo e assinou com a ag\u00eancia&nbsp;Ford Models, mudando-se para a It\u00e1lia para trabalhar. Em 1993 passou nos testes da&nbsp;Rede [&hellip;]","og_url":"https:\/\/atlasgeoculturalafricaatual.com\/index.php\/2021\/06\/09\/isabel-fillardis-a-entrevista-da-reafro-tv\/","og_site_name":"atlasgeoculturalafricaatual.com","article_published_time":"2021-06-09T14:30:52+00:00","og_image":[{"url":"httpsss:\/\/africaatual.com.br\/wp-content\/uploads\/2021\/06\/isabel-1024x1024.jpg"}],"author":"atlasgeoculturalafricaatual.com","twitter_card":"summary_large_image","twitter_misc":{"Escrito por":"atlasgeoculturalafricaatual.com","Est. tempo de leitura":"1 minuto"},"schema":{"@context":"https:\/\/schema.org","@graph":[{"@type":"Article","@id":"https:\/\/atlasgeoculturalafricaatual.com\/index.php\/2021\/06\/09\/isabel-fillardis-a-entrevista-da-reafro-tv\/#article","isPartOf":{"@id":"https:\/\/atlasgeoculturalafricaatual.com\/index.php\/2021\/06\/09\/isabel-fillardis-a-entrevista-da-reafro-tv\/"},"author":{"name":"atlasgeoculturalafricaatual.com","@id":"https:\/\/atlasgeoculturalafricaatual.com\/#\/schema\/person\/eeee269288097965a8c6f963043e4062"},"headline":"Isabel Fillardis: a entrevista da REAFRO-TV","datePublished":"2021-06-09T14:30:52+00:00","dateModified":"2021-06-09T14:30:52+00:00","mainEntityOfPage":{"@id":"https:\/\/atlasgeoculturalafricaatual.com\/index.php\/2021\/06\/09\/isabel-fillardis-a-entrevista-da-reafro-tv\/"},"wordCount":200,"commentCount":0,"publisher":{"@id":"https:\/\/atlasgeoculturalafricaatual.com\/#organization"},"articleSection":["A Africa"],"inLanguage":"pt-BR","potentialAction":[{"@type":"CommentAction","name":"Comment","target":["https:\/\/atlasgeoculturalafricaatual.com\/index.php\/2021\/06\/09\/isabel-fillardis-a-entrevista-da-reafro-tv\/#respond"]}]},{"@type":"WebPage","@id":"https:\/\/atlasgeoculturalafricaatual.com\/index.php\/2021\/06\/09\/isabel-fillardis-a-entrevista-da-reafro-tv\/","url":"https:\/\/atlasgeoculturalafricaatual.com\/index.php\/2021\/06\/09\/isabel-fillardis-a-entrevista-da-reafro-tv\/","name":"Isabel Fillardis: a entrevista da REAFRO-TV - atlasgeoculturalafricaatual.com","isPartOf":{"@id":"https:\/\/atlasgeoculturalafricaatual.com\/#website"},"datePublished":"2021-06-09T14:30:52+00:00","dateModified":"2021-06-09T14:30:52+00:00","breadcrumb":{"@id":"https:\/\/atlasgeoculturalafricaatual.com\/index.php\/2021\/06\/09\/isabel-fillardis-a-entrevista-da-reafro-tv\/#breadcrumb"},"inLanguage":"pt-BR","potentialAction":[{"@type":"ReadAction","target":["https:\/\/atlasgeoculturalafricaatual.com\/index.php\/2021\/06\/09\/isabel-fillardis-a-entrevista-da-reafro-tv\/"]}]},{"@type":"BreadcrumbList","@id":"https:\/\/atlasgeoculturalafricaatual.com\/index.php\/2021\/06\/09\/isabel-fillardis-a-entrevista-da-reafro-tv\/#breadcrumb","itemListElement":[{"@type":"ListItem","position":1,"name":"In\u00edcio","item":"https:\/\/atlasgeoculturalafricaatual.com\/"},{"@type":"ListItem","position":2,"name":"Isabel Fillardis: a entrevista da REAFRO-TV"}]},{"@type":"WebSite","@id":"https:\/\/atlasgeoculturalafricaatual.com\/#website","url":"https:\/\/atlasgeoculturalafricaatual.com\/","name":"atlasgeoculturalafricaatual.com","description":"O Atlas Geocultural da \u00c1frica \u00e9 um rico material de leitura e pesquisa, que visa apresentar de forma atual os pa\u00edses africanos, ainda t\u00e3o pouco conhecidos.","publisher":{"@id":"https:\/\/atlasgeoculturalafricaatual.com\/#organization"},"potentialAction":[{"@type":"SearchAction","target":{"@type":"EntryPoint","urlTemplate":"https:\/\/atlasgeoculturalafricaatual.com\/?s={search_term_string}"},"query-input":"required name=search_term_string"}],"inLanguage":"pt-BR"},{"@type":"Organization","@id":"https:\/\/atlasgeoculturalafricaatual.com\/#organization","name":"atlasgeoculturalafricaatual.com","url":"https:\/\/atlasgeoculturalafricaatual.com\/","logo":{"@type":"ImageObject","inLanguage":"pt-BR","@id":"https:\/\/atlasgeoculturalafricaatual.com\/#\/schema\/logo\/image\/","url":"http:\/\/atlasgeoculturalafricaatual.com\/wp-content\/uploads\/2023\/06\/LOGOEIROS_Prancheta-1-tipo-preto.png","contentUrl":"http:\/\/atlasgeoculturalafricaatual.com\/wp-content\/uploads\/2023\/06\/LOGOEIROS_Prancheta-1-tipo-preto.png","width":1667,"height":730,"caption":"atlasgeoculturalafricaatual.com"},"image":{"@id":"https:\/\/atlasgeoculturalafricaatual.com\/#\/schema\/logo\/image\/"}},{"@type":"Person","@id":"https:\/\/atlasgeoculturalafricaatual.com\/#\/schema\/person\/eeee269288097965a8c6f963043e4062","name":"atlasgeoculturalafricaatual.com","image":{"@type":"ImageObject","inLanguage":"pt-BR","@id":"https:\/\/atlasgeoculturalafricaatual.com\/#\/schema\/person\/image\/","url":"https:\/\/secure.gravatar.com\/avatar\/7af55f21031d350b316a54060d50821f?s=96&d=mm&r=g","contentUrl":"https:\/\/secure.gravatar.com\/avatar\/7af55f21031d350b316a54060d50821f?s=96&d=mm&r=g","caption":"atlasgeoculturalafricaatual.com"},"sameAs":["http:\/\/atlasgeoculturalafricaatual.com"],"url":"https:\/\/atlasgeoculturalafricaatual.com\/index.php\/author\/atlasgeoculturalafricaatual-com\/"}]}},"_links":{"self":[{"href":"https:\/\/atlasgeoculturalafricaatual.com\/index.php\/wp-json\/wp\/v2\/posts\/1855","targetHints":{"allow":["GET"]}}],"collection":[{"href":"https:\/\/atlasgeoculturalafricaatual.com\/index.php\/wp-json\/wp\/v2\/posts"}],"about":[{"href":"https:\/\/atlasgeoculturalafricaatual.com\/index.php\/wp-json\/wp\/v2\/types\/post"}],"author":[{"embeddable":true,"href":"https:\/\/atlasgeoculturalafricaatual.com\/index.php\/wp-json\/wp\/v2\/users\/1"}],"replies":[{"embeddable":true,"href":"https:\/\/atlasgeoculturalafricaatual.com\/index.php\/wp-json\/wp\/v2\/comments?post=1855"}],"version-history":[{"count":0,"href":"https:\/\/atlasgeoculturalafricaatual.com\/index.php\/wp-json\/wp\/v2\/posts\/1855\/revisions"}],"wp:featuredmedia":[{"embeddable":true,"href":"https:\/\/atlasgeoculturalafricaatual.com\/index.php\/wp-json\/"}],"wp:attachment":[{"href":"https:\/\/atlasgeoculturalafricaatual.com\/index.php\/wp-json\/wp\/v2\/media?parent=1855"}],"wp:term":[{"taxonomy":"category","embeddable":true,"href":"https:\/\/atlasgeoculturalafricaatual.com\/index.php\/wp-json\/wp\/v2\/categories?post=1855"},{"taxonomy":"post_tag","embeddable":true,"href":"https:\/\/atlasgeoculturalafricaatual.com\/index.php\/wp-json\/wp\/v2\/tags?post=1855"},{"taxonomy":"palavra-chave","embeddable":true,"href":"https:\/\/atlasgeoculturalafricaatual.com\/index.php\/wp-json\/wp\/v2\/palavra-chave?post=1855"}],"curies":[{"name":"wp","href":"https:\/\/api.w.org\/{rel}","templated":true}]}}