{"id":1818,"date":"2021-05-24T09:22:31","date_gmt":"2021-05-24T12:22:31","guid":{"rendered":"https:\/\/atlasgeoculturalafricaatual.com\/index.php\/2021\/05\/24\/vulcao-em-erupcao-no-congo\/"},"modified":"2021-05-24T09:22:31","modified_gmt":"2021-05-24T12:22:31","slug":"vulcao-em-erupcao-no-congo","status":"publish","type":"post","link":"https:\/\/atlasgeoculturalafricaatual.com\/index.php\/2021\/05\/24\/vulcao-em-erupcao-no-congo\/","title":{"rendered":"Vulc\u00e3o em erup\u00e7\u00e3o no Congo"},"content":{"rendered":"\n<figure class=\"wp-block-image size-large\"><img decoding=\"async\" src=\"httpsss:\/\/africaatual.com.br\/wp-content\/uploads\/2021\/05\/vulcao-Goma-1024x464.jpg\" alt=\"\" class=\"wp-image-1819\"\/><\/figure>\n\n\n\n<p>&#8220;A miss\u00e3o de paz da ONU na RDC,&nbsp;<a rel=\"noreferrer noopener\" href=\"\/\/monusco.unmissions.org\/en\" target=\"_blank\">MONUSCO<\/a>&nbsp;, tuitou no in\u00edcio do domingo que os helic\u00f3pteros da miss\u00e3o haviam feito voos de reconhecimento sobre a cratera, inclusive na manh\u00e3 de domingo, e estava &#8220;monitorando de perto a situa\u00e7\u00e3o&#8221;.<\/p>\n\n\n\n<p>&#8220;A \u00faltima vez que o Nyiragongo entrou em erup\u00e7\u00e3o em 2002, bem mais de 100.000 ficaram desabrigados e cerca de 250 pessoas foram mortas.&nbsp;\u00c9 um dos vulc\u00f5es mais ativos do mundo e a erup\u00e7\u00e3o mais letal do lago de lava, que supostamente causou a morte de mais de 600 pessoas em 1977.&#8221;<\/p>\n\n\n\n<p>&#8220;Mais de 5.000 pessoas cruzaram a fronteira de Goma com Ruanda enquanto a lava lenta era expelida, e pelo menos 25.000 foram deslocados em Sake, 25 quil\u00f4metros a noroeste de Goma, disse a ag\u00eancia.&#8221;&nbsp;<\/p>\n\n\n\n<p>\u201cNo entanto, a maioria das pessoas est\u00e1 voltando lentamente para casa, uma vez que a lava parou de fluir esta manh\u00e3\u201d, de acordo com o comunicado de imprensa, observando a preocupa\u00e7\u00e3o de que centenas est\u00e3o voltando para encontrar casas danificadas e abastecimento de \u00e1gua e eletricidade severamente interrompido.&#8221;&#8221;.<\/p>\n\n\n\n<p>Not\u00edcia e foto tem como fonte o boletim digital da ONU: <\/p>\n\n\n\n<p><a href=\"httpsss:\/\/news.un.org\/en\/story\/2021\/05\/1092582\">BOLETIM DA ONU<\/a><\/p>\n","protected":false},"excerpt":{"rendered":"<p>&#8220;A miss\u00e3o de paz da ONU na RDC,&nbsp;MONUSCO&nbsp;, tuitou no in\u00edcio do domingo que os helic\u00f3pteros da miss\u00e3o haviam feito voos de reconhecimento sobre a cratera, inclusive na manh\u00e3 de [&hellip;]<\/p>\n","protected":false},"author":1,"featured_media":1819,"comment_status":"open","ping_status":"open","sticky":false,"template":"","format":"standard","meta":{"content-type":"","footnotes":""},"categories":[48],"tags":[],"palavra-chave":[],"class_list":["post-1818","post","type-post","status-publish","format-standard","has-post-thumbnail","hentry","category-sem-categoria","entry","has-media"],"aioseo_notices":[],"yoast_head":"<!-- This site is optimized with the Yoast SEO plugin v20.13 - https:\/\/yoast.com\/wordpress\/plugins\/seo\/ -->\n<title>Vulc\u00e3o em erup\u00e7\u00e3o no Congo - atlasgeoculturalafricaatual.com<\/title>\n<meta name=\"robots\" content=\"index, follow, max-snippet:-1, max-image-preview:large, max-video-preview:-1\" \/>\n<link rel=\"canonical\" href=\"https:\/\/atlasgeoculturalafricaatual.com\/index.php\/2021\/05\/24\/vulcao-em-erupcao-no-congo\/\" \/>\n<meta property=\"og:locale\" content=\"pt_BR\" \/>\n<meta property=\"og:type\" content=\"article\" \/>\n<meta property=\"og:title\" content=\"Vulc\u00e3o em erup\u00e7\u00e3o no Congo - atlasgeoculturalafricaatual.com\" \/>\n<meta property=\"og:description\" content=\"&#8220;A miss\u00e3o de paz da ONU na RDC,&nbsp;MONUSCO&nbsp;, tuitou no in\u00edcio do domingo que os helic\u00f3pteros da miss\u00e3o haviam feito voos de reconhecimento sobre a cratera, inclusive na manh\u00e3 de [&hellip;]\" \/>\n<meta property=\"og:url\" content=\"https:\/\/atlasgeoculturalafricaatual.com\/index.php\/2021\/05\/24\/vulcao-em-erupcao-no-congo\/\" \/>\n<meta property=\"og:site_name\" content=\"atlasgeoculturalafricaatual.com\" \/>\n<meta property=\"article:published_time\" content=\"2021-05-24T12:22:31+00:00\" \/>\n<meta property=\"og:image\" content=\"\" \/>\n<meta name=\"author\" content=\"atlasgeoculturalafricaatual.com\" \/>\n<meta name=\"twitter:card\" content=\"summary_large_image\" \/>\n<meta name=\"twitter:label1\" content=\"Escrito por\" \/>\n\t<meta name=\"twitter:data1\" content=\"atlasgeoculturalafricaatual.com\" \/>\n\t<meta name=\"twitter:label2\" content=\"Est. tempo de leitura\" \/>\n\t<meta name=\"twitter:data2\" content=\"1 minuto\" \/>\n<script type=\"application\/ld+json\" class=\"yoast-schema-graph\">{\"@context\":\"https:\/\/schema.org\",\"@graph\":[{\"@type\":\"Article\",\"@id\":\"https:\/\/atlasgeoculturalafricaatual.com\/index.php\/2021\/05\/24\/vulcao-em-erupcao-no-congo\/#article\",\"isPartOf\":{\"@id\":\"https:\/\/atlasgeoculturalafricaatual.com\/index.php\/2021\/05\/24\/vulcao-em-erupcao-no-congo\/\"},\"author\":{\"name\":\"atlasgeoculturalafricaatual.com\",\"@id\":\"https:\/\/atlasgeoculturalafricaatual.com\/#\/schema\/person\/eeee269288097965a8c6f963043e4062\"},\"headline\":\"Vulc\u00e3o em erup\u00e7\u00e3o no Congo\",\"datePublished\":\"2021-05-24T12:22:31+00:00\",\"dateModified\":\"2021-05-24T12:22:31+00:00\",\"mainEntityOfPage\":{\"@id\":\"https:\/\/atlasgeoculturalafricaatual.com\/index.php\/2021\/05\/24\/vulcao-em-erupcao-no-congo\/\"},\"wordCount\":203,\"commentCount\":0,\"publisher\":{\"@id\":\"https:\/\/atlasgeoculturalafricaatual.com\/#organization\"},\"articleSection\":[\"A Africa\"],\"inLanguage\":\"pt-BR\",\"potentialAction\":[{\"@type\":\"CommentAction\",\"name\":\"Comment\",\"target\":[\"https:\/\/atlasgeoculturalafricaatual.com\/index.php\/2021\/05\/24\/vulcao-em-erupcao-no-congo\/#respond\"]}]},{\"@type\":\"WebPage\",\"@id\":\"https:\/\/atlasgeoculturalafricaatual.com\/index.php\/2021\/05\/24\/vulcao-em-erupcao-no-congo\/\",\"url\":\"https:\/\/atlasgeoculturalafricaatual.com\/index.php\/2021\/05\/24\/vulcao-em-erupcao-no-congo\/\",\"name\":\"Vulc\u00e3o em erup\u00e7\u00e3o no Congo - atlasgeoculturalafricaatual.com\",\"isPartOf\":{\"@id\":\"https:\/\/atlasgeoculturalafricaatual.com\/#website\"},\"datePublished\":\"2021-05-24T12:22:31+00:00\",\"dateModified\":\"2021-05-24T12:22:31+00:00\",\"breadcrumb\":{\"@id\":\"https:\/\/atlasgeoculturalafricaatual.com\/index.php\/2021\/05\/24\/vulcao-em-erupcao-no-congo\/#breadcrumb\"},\"inLanguage\":\"pt-BR\",\"potentialAction\":[{\"@type\":\"ReadAction\",\"target\":[\"https:\/\/atlasgeoculturalafricaatual.com\/index.php\/2021\/05\/24\/vulcao-em-erupcao-no-congo\/\"]}]},{\"@type\":\"BreadcrumbList\",\"@id\":\"https:\/\/atlasgeoculturalafricaatual.com\/index.php\/2021\/05\/24\/vulcao-em-erupcao-no-congo\/#breadcrumb\",\"itemListElement\":[{\"@type\":\"ListItem\",\"position\":1,\"name\":\"In\u00edcio\",\"item\":\"https:\/\/atlasgeoculturalafricaatual.com\/\"},{\"@type\":\"ListItem\",\"position\":2,\"name\":\"Vulc\u00e3o em erup\u00e7\u00e3o no Congo\"}]},{\"@type\":\"WebSite\",\"@id\":\"https:\/\/atlasgeoculturalafricaatual.com\/#website\",\"url\":\"https:\/\/atlasgeoculturalafricaatual.com\/\",\"name\":\"atlasgeoculturalafricaatual.com\",\"description\":\"O Atlas Geocultural da \u00c1frica \u00e9 um rico material de leitura e pesquisa, que visa apresentar de forma atual os pa\u00edses africanos, ainda t\u00e3o pouco conhecidos.\",\"publisher\":{\"@id\":\"https:\/\/atlasgeoculturalafricaatual.com\/#organization\"},\"potentialAction\":[{\"@type\":\"SearchAction\",\"target\":{\"@type\":\"EntryPoint\",\"urlTemplate\":\"https:\/\/atlasgeoculturalafricaatual.com\/?s={search_term_string}\"},\"query-input\":\"required name=search_term_string\"}],\"inLanguage\":\"pt-BR\"},{\"@type\":\"Organization\",\"@id\":\"https:\/\/atlasgeoculturalafricaatual.com\/#organization\",\"name\":\"atlasgeoculturalafricaatual.com\",\"url\":\"https:\/\/atlasgeoculturalafricaatual.com\/\",\"logo\":{\"@type\":\"ImageObject\",\"inLanguage\":\"pt-BR\",\"@id\":\"https:\/\/atlasgeoculturalafricaatual.com\/#\/schema\/logo\/image\/\",\"url\":\"http:\/\/atlasgeoculturalafricaatual.com\/wp-content\/uploads\/2023\/06\/LOGOEIROS_Prancheta-1-tipo-preto.png\",\"contentUrl\":\"http:\/\/atlasgeoculturalafricaatual.com\/wp-content\/uploads\/2023\/06\/LOGOEIROS_Prancheta-1-tipo-preto.png\",\"width\":1667,\"height\":730,\"caption\":\"atlasgeoculturalafricaatual.com\"},\"image\":{\"@id\":\"https:\/\/atlasgeoculturalafricaatual.com\/#\/schema\/logo\/image\/\"}},{\"@type\":\"Person\",\"@id\":\"https:\/\/atlasgeoculturalafricaatual.com\/#\/schema\/person\/eeee269288097965a8c6f963043e4062\",\"name\":\"atlasgeoculturalafricaatual.com\",\"image\":{\"@type\":\"ImageObject\",\"inLanguage\":\"pt-BR\",\"@id\":\"https:\/\/atlasgeoculturalafricaatual.com\/#\/schema\/person\/image\/\",\"url\":\"https:\/\/secure.gravatar.com\/avatar\/7af55f21031d350b316a54060d50821f?s=96&d=mm&r=g\",\"contentUrl\":\"https:\/\/secure.gravatar.com\/avatar\/7af55f21031d350b316a54060d50821f?s=96&d=mm&r=g\",\"caption\":\"atlasgeoculturalafricaatual.com\"},\"sameAs\":[\"http:\/\/atlasgeoculturalafricaatual.com\"],\"url\":\"https:\/\/atlasgeoculturalafricaatual.com\/index.php\/author\/atlasgeoculturalafricaatual-com\/\"}]}<\/script>\n<!-- \/ Yoast SEO plugin. -->","yoast_head_json":{"title":"Vulc\u00e3o em erup\u00e7\u00e3o no Congo - atlasgeoculturalafricaatual.com","robots":{"index":"index","follow":"follow","max-snippet":"max-snippet:-1","max-image-preview":"max-image-preview:large","max-video-preview":"max-video-preview:-1"},"canonical":"https:\/\/atlasgeoculturalafricaatual.com\/index.php\/2021\/05\/24\/vulcao-em-erupcao-no-congo\/","og_locale":"pt_BR","og_type":"article","og_title":"Vulc\u00e3o em erup\u00e7\u00e3o no Congo - atlasgeoculturalafricaatual.com","og_description":"&#8220;A miss\u00e3o de paz da ONU na RDC,&nbsp;MONUSCO&nbsp;, tuitou no in\u00edcio do domingo que os helic\u00f3pteros da miss\u00e3o haviam feito voos de reconhecimento sobre a cratera, inclusive na manh\u00e3 de [&hellip;]","og_url":"https:\/\/atlasgeoculturalafricaatual.com\/index.php\/2021\/05\/24\/vulcao-em-erupcao-no-congo\/","og_site_name":"atlasgeoculturalafricaatual.com","article_published_time":"2021-05-24T12:22:31+00:00","og_image":[{"url":"httpsss:\/\/africaatual.com.br\/wp-content\/uploads\/2021\/05\/vulcao-Goma-1024x464.jpg"}],"author":"atlasgeoculturalafricaatual.com","twitter_card":"summary_large_image","twitter_misc":{"Escrito por":"atlasgeoculturalafricaatual.com","Est. tempo de leitura":"1 minuto"},"schema":{"@context":"https:\/\/schema.org","@graph":[{"@type":"Article","@id":"https:\/\/atlasgeoculturalafricaatual.com\/index.php\/2021\/05\/24\/vulcao-em-erupcao-no-congo\/#article","isPartOf":{"@id":"https:\/\/atlasgeoculturalafricaatual.com\/index.php\/2021\/05\/24\/vulcao-em-erupcao-no-congo\/"},"author":{"name":"atlasgeoculturalafricaatual.com","@id":"https:\/\/atlasgeoculturalafricaatual.com\/#\/schema\/person\/eeee269288097965a8c6f963043e4062"},"headline":"Vulc\u00e3o em erup\u00e7\u00e3o no Congo","datePublished":"2021-05-24T12:22:31+00:00","dateModified":"2021-05-24T12:22:31+00:00","mainEntityOfPage":{"@id":"https:\/\/atlasgeoculturalafricaatual.com\/index.php\/2021\/05\/24\/vulcao-em-erupcao-no-congo\/"},"wordCount":203,"commentCount":0,"publisher":{"@id":"https:\/\/atlasgeoculturalafricaatual.com\/#organization"},"articleSection":["A Africa"],"inLanguage":"pt-BR","potentialAction":[{"@type":"CommentAction","name":"Comment","target":["https:\/\/atlasgeoculturalafricaatual.com\/index.php\/2021\/05\/24\/vulcao-em-erupcao-no-congo\/#respond"]}]},{"@type":"WebPage","@id":"https:\/\/atlasgeoculturalafricaatual.com\/index.php\/2021\/05\/24\/vulcao-em-erupcao-no-congo\/","url":"https:\/\/atlasgeoculturalafricaatual.com\/index.php\/2021\/05\/24\/vulcao-em-erupcao-no-congo\/","name":"Vulc\u00e3o em erup\u00e7\u00e3o no Congo - atlasgeoculturalafricaatual.com","isPartOf":{"@id":"https:\/\/atlasgeoculturalafricaatual.com\/#website"},"datePublished":"2021-05-24T12:22:31+00:00","dateModified":"2021-05-24T12:22:31+00:00","breadcrumb":{"@id":"https:\/\/atlasgeoculturalafricaatual.com\/index.php\/2021\/05\/24\/vulcao-em-erupcao-no-congo\/#breadcrumb"},"inLanguage":"pt-BR","potentialAction":[{"@type":"ReadAction","target":["https:\/\/atlasgeoculturalafricaatual.com\/index.php\/2021\/05\/24\/vulcao-em-erupcao-no-congo\/"]}]},{"@type":"BreadcrumbList","@id":"https:\/\/atlasgeoculturalafricaatual.com\/index.php\/2021\/05\/24\/vulcao-em-erupcao-no-congo\/#breadcrumb","itemListElement":[{"@type":"ListItem","position":1,"name":"In\u00edcio","item":"https:\/\/atlasgeoculturalafricaatual.com\/"},{"@type":"ListItem","position":2,"name":"Vulc\u00e3o em erup\u00e7\u00e3o no Congo"}]},{"@type":"WebSite","@id":"https:\/\/atlasgeoculturalafricaatual.com\/#website","url":"https:\/\/atlasgeoculturalafricaatual.com\/","name":"atlasgeoculturalafricaatual.com","description":"O Atlas Geocultural da \u00c1frica \u00e9 um rico material de leitura e pesquisa, que visa apresentar de forma atual os pa\u00edses africanos, ainda t\u00e3o pouco conhecidos.","publisher":{"@id":"https:\/\/atlasgeoculturalafricaatual.com\/#organization"},"potentialAction":[{"@type":"SearchAction","target":{"@type":"EntryPoint","urlTemplate":"https:\/\/atlasgeoculturalafricaatual.com\/?s={search_term_string}"},"query-input":"required name=search_term_string"}],"inLanguage":"pt-BR"},{"@type":"Organization","@id":"https:\/\/atlasgeoculturalafricaatual.com\/#organization","name":"atlasgeoculturalafricaatual.com","url":"https:\/\/atlasgeoculturalafricaatual.com\/","logo":{"@type":"ImageObject","inLanguage":"pt-BR","@id":"https:\/\/atlasgeoculturalafricaatual.com\/#\/schema\/logo\/image\/","url":"http:\/\/atlasgeoculturalafricaatual.com\/wp-content\/uploads\/2023\/06\/LOGOEIROS_Prancheta-1-tipo-preto.png","contentUrl":"http:\/\/atlasgeoculturalafricaatual.com\/wp-content\/uploads\/2023\/06\/LOGOEIROS_Prancheta-1-tipo-preto.png","width":1667,"height":730,"caption":"atlasgeoculturalafricaatual.com"},"image":{"@id":"https:\/\/atlasgeoculturalafricaatual.com\/#\/schema\/logo\/image\/"}},{"@type":"Person","@id":"https:\/\/atlasgeoculturalafricaatual.com\/#\/schema\/person\/eeee269288097965a8c6f963043e4062","name":"atlasgeoculturalafricaatual.com","image":{"@type":"ImageObject","inLanguage":"pt-BR","@id":"https:\/\/atlasgeoculturalafricaatual.com\/#\/schema\/person\/image\/","url":"https:\/\/secure.gravatar.com\/avatar\/7af55f21031d350b316a54060d50821f?s=96&d=mm&r=g","contentUrl":"https:\/\/secure.gravatar.com\/avatar\/7af55f21031d350b316a54060d50821f?s=96&d=mm&r=g","caption":"atlasgeoculturalafricaatual.com"},"sameAs":["http:\/\/atlasgeoculturalafricaatual.com"],"url":"https:\/\/atlasgeoculturalafricaatual.com\/index.php\/author\/atlasgeoculturalafricaatual-com\/"}]}},"_links":{"self":[{"href":"https:\/\/atlasgeoculturalafricaatual.com\/index.php\/wp-json\/wp\/v2\/posts\/1818","targetHints":{"allow":["GET"]}}],"collection":[{"href":"https:\/\/atlasgeoculturalafricaatual.com\/index.php\/wp-json\/wp\/v2\/posts"}],"about":[{"href":"https:\/\/atlasgeoculturalafricaatual.com\/index.php\/wp-json\/wp\/v2\/types\/post"}],"author":[{"embeddable":true,"href":"https:\/\/atlasgeoculturalafricaatual.com\/index.php\/wp-json\/wp\/v2\/users\/1"}],"replies":[{"embeddable":true,"href":"https:\/\/atlasgeoculturalafricaatual.com\/index.php\/wp-json\/wp\/v2\/comments?post=1818"}],"version-history":[{"count":0,"href":"https:\/\/atlasgeoculturalafricaatual.com\/index.php\/wp-json\/wp\/v2\/posts\/1818\/revisions"}],"wp:featuredmedia":[{"embeddable":true,"href":"https:\/\/atlasgeoculturalafricaatual.com\/index.php\/wp-json\/"}],"wp:attachment":[{"href":"https:\/\/atlasgeoculturalafricaatual.com\/index.php\/wp-json\/wp\/v2\/media?parent=1818"}],"wp:term":[{"taxonomy":"category","embeddable":true,"href":"https:\/\/atlasgeoculturalafricaatual.com\/index.php\/wp-json\/wp\/v2\/categories?post=1818"},{"taxonomy":"post_tag","embeddable":true,"href":"https:\/\/atlasgeoculturalafricaatual.com\/index.php\/wp-json\/wp\/v2\/tags?post=1818"},{"taxonomy":"palavra-chave","embeddable":true,"href":"https:\/\/atlasgeoculturalafricaatual.com\/index.php\/wp-json\/wp\/v2\/palavra-chave?post=1818"}],"curies":[{"name":"wp","href":"https:\/\/api.w.org\/{rel}","templated":true}]}}