{"id":1802,"date":"2021-05-21T17:14:25","date_gmt":"2021-05-21T20:14:25","guid":{"rendered":"https:\/\/atlasgeoculturalafricaatual.com\/index.php\/2021\/05\/21\/seminario-literatura-africana\/"},"modified":"2021-05-21T17:14:25","modified_gmt":"2021-05-21T20:14:25","slug":"seminario-literatura-africana","status":"publish","type":"post","link":"https:\/\/atlasgeoculturalafricaatual.com\/index.php\/2021\/05\/21\/seminario-literatura-africana\/","title":{"rendered":"Semin\u00e1rio &#8220;Literatura Africana&#8221;"},"content":{"rendered":"\t\t<div data-elementor-type=\"wp-post\" data-elementor-id=\"1802\" class=\"elementor elementor-1802\">\n\t\t\t\t\t\t\t\t\t<section class=\"elementor-section elementor-top-section elementor-element elementor-element-75c20bb3 elementor-section-boxed elementor-section-height-default elementor-section-height-default\" data-id=\"75c20bb3\" data-element_type=\"section\">\n\t\t\t\t\t\t<div class=\"elementor-container elementor-column-gap-default\">\n\t\t\t\t\t<div class=\"elementor-column elementor-col-100 elementor-top-column elementor-element elementor-element-4e2820fa\" data-id=\"4e2820fa\" data-element_type=\"column\">\n\t\t\t<div class=\"elementor-widget-wrap elementor-element-populated\">\n\t\t\t\t\t\t\t\t<div class=\"elementor-element elementor-element-1fd7e102 elementor-widget elementor-widget-text-editor\" data-id=\"1fd7e102\" data-element_type=\"widget\" data-widget_type=\"text-editor.default\">\n\t\t\t\t<div class=\"elementor-widget-container\">\n\t\t\t<style>\/*! elementor - v3.15.0 - 02-08-2023 *\/\n.elementor-widget-text-editor.elementor-drop-cap-view-stacked .elementor-drop-cap{background-color:#69727d;color:#fff}.elementor-widget-text-editor.elementor-drop-cap-view-framed .elementor-drop-cap{color:#69727d;border:3px solid;background-color:transparent}.elementor-widget-text-editor:not(.elementor-drop-cap-view-default) .elementor-drop-cap{margin-top:8px}.elementor-widget-text-editor:not(.elementor-drop-cap-view-default) .elementor-drop-cap-letter{width:1em;height:1em}.elementor-widget-text-editor .elementor-drop-cap{float:left;text-align:center;line-height:1;font-size:50px}.elementor-widget-text-editor .elementor-drop-cap-letter{display:inline-block}<\/style>\t\t\t\t<!-- wp:paragraph {\"align\":\"center\"} -->\n<p class=\"has-text-align-center\"><strong>Semin\u00e1rio de Literatura Africana<\/strong><\/p>\n<!-- \/wp:paragraph -->\n\n<!-- wp:paragraph {\"align\":\"center\"} -->\n<p class=\"has-text-align-center\"><strong>Celebra o Dia Internacional da \u00c1frica<\/strong><\/p>\n<!-- \/wp:paragraph -->\n\n<!-- wp:paragraph -->\n<p>Dia 25 de maio de 2021, 17h30 (encerra 19hs)<\/p>\n<!-- \/wp:paragraph -->\n\n<!-- wp:paragraph -->\n<p>Link:&nbsp; <a href=\"httpsss:\/\/meet.google.com\/brq-suhb-rdv\">httpsss:\/\/meet.google.com\/brq-suhb-rdv<\/a><\/p>\n<!-- \/wp:paragraph -->\n\n<!-- wp:paragraph -->\n<p><strong>Expositores<\/strong><\/p>\n<!-- \/wp:paragraph -->\n\n<!-- wp:image {\"align\":\"center\",\"id\":1805,\"sizeSlug\":\"large\"} -->\n<div class=\"wp-block-image\"><figure class=\"aligncenter size-large\"><img loading=\"lazy\" decoding=\"async\" width=\"158\" height=\"315\" src=\"httpss:\/\/africaatual.com.br\/wp-content\/uploads\/2021\/05\/jose-sangala.jpg\" alt=\"\" class=\"wp-image-1805\" srcset=\"https:\/\/atlasgeoculturalafricaatual.com\/wp-content\/uploads\/2021\/05\/jose-sangala.jpg 158w, https:\/\/atlasgeoculturalafricaatual.com\/wp-content\/uploads\/2021\/05\/jose-sangala-150x300.jpg 150w\" sizes=\"auto, (max-width: 158px) 100vw, 158px\" \/><\/figure><\/div>\n<!-- \/wp:image -->\n\n<!-- wp:paragraph -->\n<p>Joseh Sangala (Poet of Future). Poeta h\u00e1 9 anos, ativista social, de Luanda\/Angola, sua poesia \u00e9 o que tem de mais valioso, \u00e9 a arte que alimenta a vida de esperan\u00e7a, alivia as tens\u00f5es cr\u00edticas que vive em seu pa\u00eds, lhe d\u00e1 for\u00e7as, mesmo ainda jovem para acreditar em dias melhores.<\/p>\n<!-- \/wp:paragraph -->\n\n<!-- wp:image {\"id\":1806,\"width\":142,\"height\":131,\"sizeSlug\":\"large\"} -->\n<figure class=\"wp-block-image size-large is-resized\"><img loading=\"lazy\" decoding=\"async\" src=\"httpss:\/\/africaatual.com.br\/wp-content\/uploads\/2021\/05\/anselma.jpg\" alt=\"\" class=\"wp-image-1806\" width=\"142\" height=\"131\"\/><\/figure>\n<!-- \/wp:image -->\n\n<!-- wp:paragraph -->\n<p>Anselma Sales, professora, doutora em letras pelo Programa de Estudos \u00c1rabes (FFLCH\/USP)<\/p>\n<!-- \/wp:paragraph -->\n\n<!-- wp:image {\"id\":1807,\"width\":142,\"height\":142,\"sizeSlug\":\"large\"} -->\n<figure class=\"wp-block-image size-large is-resized\"><img loading=\"lazy\" decoding=\"async\" src=\"httpss:\/\/africaatual.com.br\/wp-content\/uploads\/2021\/05\/fco-evangelista.jpg\" alt=\"\" class=\"wp-image-1807\" width=\"142\" height=\"142\" srcset=\"https:\/\/atlasgeoculturalafricaatual.com\/wp-content\/uploads\/2021\/05\/fco-evangelista.jpg 225w, https:\/\/atlasgeoculturalafricaatual.com\/wp-content\/uploads\/2021\/05\/fco-evangelista-150x150.jpg 150w\" sizes=\"auto, (max-width: 142px) 100vw, 142px\" \/><\/figure>\n<!-- \/wp:image -->\n\n<!-- wp:paragraph -->\n<p>Francisco Evangelista, grupo de pesquisa educa\u00e7\u00e3o das rela\u00e7\u00f5es \u00e9tnico-raciais, HIPE\/UNISAL<\/p>\n<!-- \/wp:paragraph -->\n\n<!-- wp:image {\"id\":1808,\"width\":149,\"height\":149,\"sizeSlug\":\"large\"} -->\n<figure class=\"wp-block-image size-large is-resized\"><img loading=\"lazy\" decoding=\"async\" src=\"httpss:\/\/africaatual.com.br\/wp-content\/uploads\/2021\/05\/plinio.jpg\" alt=\"\" class=\"wp-image-1808\" width=\"149\" height=\"149\" srcset=\"https:\/\/atlasgeoculturalafricaatual.com\/wp-content\/uploads\/2021\/05\/plinio.jpg 398w, https:\/\/atlasgeoculturalafricaatual.com\/wp-content\/uploads\/2021\/05\/plinio-300x300.jpg 300w, https:\/\/atlasgeoculturalafricaatual.com\/wp-content\/uploads\/2021\/05\/plinio-150x150.jpg 150w\" sizes=\"auto, (max-width: 149px) 100vw, 149px\" \/><\/figure>\n<!-- \/wp:image -->\n\n<!-- wp:paragraph -->\n<p>Plinio Camilo, escrevinhador. Ator, roteirista, diretor teatral e educador social. Livros em destaques: OUTRAS VOZES, NOTAS DE ESCURECIMENTO e LUIZA.<\/p>\n<!-- \/wp:paragraph -->\n\n<!-- wp:paragraph -->\n<p>Media\u00e7\u00e3o<\/p>\n<!-- \/wp:paragraph -->\n\n<!-- wp:image {\"id\":1809,\"width\":126,\"height\":167,\"sizeSlug\":\"large\"} -->\n<figure class=\"wp-block-image size-large is-resized\"><img loading=\"lazy\" decoding=\"async\" src=\"httpss:\/\/africaatual.com.br\/wp-content\/uploads\/2021\/05\/ieda.jpg\" alt=\"\" class=\"wp-image-1809\" width=\"126\" height=\"167\" srcset=\"https:\/\/atlasgeoculturalafricaatual.com\/wp-content\/uploads\/2021\/05\/ieda.jpg 770w, https:\/\/atlasgeoculturalafricaatual.com\/wp-content\/uploads\/2021\/05\/ieda-226x300.jpg 226w, https:\/\/atlasgeoculturalafricaatual.com\/wp-content\/uploads\/2021\/05\/ieda-768x1021.jpg 768w\" sizes=\"auto, (max-width: 126px) 100vw, 126px\" \/><\/figure>\n<!-- \/wp:image -->\n\n<!-- wp:paragraph -->\n<p>Ieda Pereira, biblioterap\u00eauta, escritora e L\u00edder do Comit\u00ea de Educa\u00e7\u00e3o<\/p>\n<!-- \/wp:paragraph -->\n\n<!-- wp:image {\"id\":1730,\"width\":135,\"height\":130,\"sizeSlug\":\"large\"} -->\n<figure class=\"wp-block-image size-large is-resized\"><img loading=\"lazy\" decoding=\"async\" src=\"httpss:\/\/africaatual.com.br\/wp-content\/uploads\/2021\/04\/odair-foto-midias-sociais-1024x986.jpg\" alt=\"\" class=\"wp-image-1730\" width=\"135\" height=\"130\" srcset=\"https:\/\/atlasgeoculturalafricaatual.com\/wp-content\/uploads\/2021\/04\/odair-foto-midias-sociais-1024x986.jpg 1024w, https:\/\/atlasgeoculturalafricaatual.com\/wp-content\/uploads\/2021\/04\/odair-foto-midias-sociais-300x289.jpg 300w, https:\/\/atlasgeoculturalafricaatual.com\/wp-content\/uploads\/2021\/04\/odair-foto-midias-sociais-768x740.jpg 768w, https:\/\/atlasgeoculturalafricaatual.com\/wp-content\/uploads\/2021\/04\/odair-foto-midias-sociais-1536x1479.jpg 1536w, https:\/\/atlasgeoculturalafricaatual.com\/wp-content\/uploads\/2021\/04\/odair-foto-midias-sociais.jpg 1974w\" sizes=\"auto, (max-width: 135px) 100vw, 135px\" \/><\/figure>\n<!-- \/wp:image -->\n\n<!-- wp:paragraph -->\n<p>Odair Marques da Silva, autor do livro \u201cAtlas Geocultural da \u00c1frica\u201d, africaatual.com.br<\/p>\n<!-- \/wp:paragraph -->\n\n<!-- wp:paragraph -->\n<p>Para receber certificado, envie email com nome e fone\/whatsapp para <a href=\"mailto:inscricoes@enafro.com.br\">inscricoes@enafro.com.br<\/a><\/p>\n<!-- \/wp:paragraph -->\n\n<!-- wp:paragraph -->\n<p>Organiza\u00e7\u00e3o<\/p>\n<!-- \/wp:paragraph -->\n\n<!-- wp:paragraph -->\n<p>ENAFRO e Grupo de Mulheres do Brasil (n\u00facleo Barueri)<\/p>\n<!-- \/wp:paragraph -->\n\n<!-- wp:image {\"align\":\"left\",\"id\":1803,\"width\":154,\"height\":116,\"sizeSlug\":\"large\"} -->\n<div class=\"wp-block-image\"><figure class=\"alignleft size-large is-resized\"><img loading=\"lazy\" decoding=\"async\" src=\"httpss:\/\/africaatual.com.br\/wp-content\/uploads\/2021\/05\/Logo-Enafro-oficial-1-01-1024x768.jpg\" alt=\"\" class=\"wp-image-1803\" width=\"154\" height=\"116\"\/><\/figure><\/div>\n<!-- \/wp:image -->\n\n<!-- wp:image {\"align\":\"left\",\"id\":1804,\"width\":116,\"height\":90,\"sizeSlug\":\"large\"} -->\n<div class=\"wp-block-image\"><figure class=\"alignleft size-large is-resized\"><img loading=\"lazy\" decoding=\"async\" src=\"httpss:\/\/africaatual.com.br\/wp-content\/uploads\/2021\/05\/grupo-de-mulheres.jpg\" alt=\"\" class=\"wp-image-1804\" width=\"116\" height=\"90\" srcset=\"https:\/\/atlasgeoculturalafricaatual.com\/wp-content\/uploads\/2021\/05\/grupo-de-mulheres.jpg 507w, https:\/\/atlasgeoculturalafricaatual.com\/wp-content\/uploads\/2021\/05\/grupo-de-mulheres-300x233.jpg 300w\" sizes=\"auto, (max-width: 116px) 100vw, 116px\" \/><\/figure><\/div>\n<!-- \/wp:image -->\n\n<!-- wp:paragraph -->\n<p><\/p>\n<!-- \/wp:paragraph -->\t\t\t\t\t\t<\/div>\n\t\t\t\t<\/div>\n\t\t\t\t<div class=\"elementor-element elementor-element-554da53 elementor-widget elementor-widget-image\" data-id=\"554da53\" data-element_type=\"widget\" data-widget_type=\"image.default\">\n\t\t\t\t<div class=\"elementor-widget-container\">\n\t\t\t<style>\/*! elementor - v3.15.0 - 02-08-2023 *\/\n.elementor-widget-image{text-align:center}.elementor-widget-image a{display:inline-block}.elementor-widget-image a img[src$=\".svg\"]{width:48px}.elementor-widget-image img{vertical-align:middle;display:inline-block}<\/style>\t\t\t\t\t\t\t\t\t\t\t\t<img decoding=\"async\" src=\"\/\/africaatual.com.br\/wp-content\/uploads\/2021\/05\/logo-rede-afro-reafro-116x55-1.png\" title=\"\" alt=\"\" loading=\"lazy\" \/>\t\t\t\t\t\t\t\t\t\t\t\t\t\t\t<\/div>\n\t\t\t\t<\/div>\n\t\t\t\t\t<\/div>\n\t\t<\/div>\n\t\t\t\t\t\t\t<\/div>\n\t\t<\/section>\n\t\t\t\t\t\t\t<\/div>\n\t\t","protected":false},"excerpt":{"rendered":"<p>Semin\u00e1rio de Literatura Africana Celebra o Dia Internacional da \u00c1frica Dia 25 de maio de 2021, 17h30 (encerra 19hs) Link:&nbsp; httpsss:\/\/meet.google.com\/brq-suhb-rdv Expositores Joseh Sangala (Poet of Future). Poeta h\u00e1 9 [&hellip;]<\/p>\n","protected":false},"author":1,"featured_media":1811,"comment_status":"open","ping_status":"open","sticky":false,"template":"","format":"standard","meta":{"content-type":"","footnotes":""},"categories":[48],"tags":[],"palavra-chave":[],"class_list":["post-1802","post","type-post","status-publish","format-standard","has-post-thumbnail","hentry","category-sem-categoria","entry","has-media"],"aioseo_notices":[],"yoast_head":"<!-- This site is optimized with the Yoast SEO plugin v20.13 - https:\/\/yoast.com\/wordpress\/plugins\/seo\/ -->\n<title>Semin\u00e1rio &quot;Literatura Africana&quot; - atlasgeoculturalafricaatual.com<\/title>\n<meta name=\"robots\" content=\"index, follow, max-snippet:-1, max-image-preview:large, max-video-preview:-1\" \/>\n<link rel=\"canonical\" href=\"https:\/\/atlasgeoculturalafricaatual.com\/index.php\/2021\/05\/21\/seminario-literatura-africana\/\" \/>\n<meta property=\"og:locale\" content=\"pt_BR\" \/>\n<meta property=\"og:type\" content=\"article\" \/>\n<meta property=\"og:title\" content=\"Semin\u00e1rio &quot;Literatura Africana&quot; - atlasgeoculturalafricaatual.com\" \/>\n<meta property=\"og:description\" content=\"Semin\u00e1rio de Literatura Africana Celebra o Dia Internacional da \u00c1frica Dia 25 de maio de 2021, 17h30 (encerra 19hs) Link:&nbsp; httpsss:\/\/meet.google.com\/brq-suhb-rdv Expositores Joseh Sangala (Poet of Future). Poeta h\u00e1 9 [&hellip;]\" \/>\n<meta property=\"og:url\" content=\"https:\/\/atlasgeoculturalafricaatual.com\/index.php\/2021\/05\/21\/seminario-literatura-africana\/\" \/>\n<meta property=\"og:site_name\" content=\"atlasgeoculturalafricaatual.com\" \/>\n<meta property=\"article:published_time\" content=\"2021-05-21T20:14:25+00:00\" \/>\n<meta property=\"og:image\" content=\"\" \/>\n<meta name=\"author\" content=\"atlasgeoculturalafricaatual.com\" \/>\n<meta name=\"twitter:card\" content=\"summary_large_image\" \/>\n<meta name=\"twitter:label1\" content=\"Escrito por\" \/>\n\t<meta name=\"twitter:data1\" content=\"atlasgeoculturalafricaatual.com\" \/>\n\t<meta name=\"twitter:label2\" content=\"Est. tempo de leitura\" \/>\n\t<meta name=\"twitter:data2\" content=\"1 minuto\" \/>\n<script type=\"application\/ld+json\" class=\"yoast-schema-graph\">{\"@context\":\"https:\/\/schema.org\",\"@graph\":[{\"@type\":\"Article\",\"@id\":\"https:\/\/atlasgeoculturalafricaatual.com\/index.php\/2021\/05\/21\/seminario-literatura-africana\/#article\",\"isPartOf\":{\"@id\":\"https:\/\/atlasgeoculturalafricaatual.com\/index.php\/2021\/05\/21\/seminario-literatura-africana\/\"},\"author\":{\"name\":\"atlasgeoculturalafricaatual.com\",\"@id\":\"https:\/\/atlasgeoculturalafricaatual.com\/#\/schema\/person\/eeee269288097965a8c6f963043e4062\"},\"headline\":\"Semin\u00e1rio &#8220;Literatura Africana&#8221;\",\"datePublished\":\"2021-05-21T20:14:25+00:00\",\"dateModified\":\"2021-05-21T20:14:25+00:00\",\"mainEntityOfPage\":{\"@id\":\"https:\/\/atlasgeoculturalafricaatual.com\/index.php\/2021\/05\/21\/seminario-literatura-africana\/\"},\"wordCount\":186,\"commentCount\":2,\"publisher\":{\"@id\":\"https:\/\/atlasgeoculturalafricaatual.com\/#organization\"},\"articleSection\":[\"A Africa\"],\"inLanguage\":\"pt-BR\",\"potentialAction\":[{\"@type\":\"CommentAction\",\"name\":\"Comment\",\"target\":[\"https:\/\/atlasgeoculturalafricaatual.com\/index.php\/2021\/05\/21\/seminario-literatura-africana\/#respond\"]}]},{\"@type\":\"WebPage\",\"@id\":\"https:\/\/atlasgeoculturalafricaatual.com\/index.php\/2021\/05\/21\/seminario-literatura-africana\/\",\"url\":\"https:\/\/atlasgeoculturalafricaatual.com\/index.php\/2021\/05\/21\/seminario-literatura-africana\/\",\"name\":\"Semin\u00e1rio \\\"Literatura Africana\\\" - atlasgeoculturalafricaatual.com\",\"isPartOf\":{\"@id\":\"https:\/\/atlasgeoculturalafricaatual.com\/#website\"},\"datePublished\":\"2021-05-21T20:14:25+00:00\",\"dateModified\":\"2021-05-21T20:14:25+00:00\",\"breadcrumb\":{\"@id\":\"https:\/\/atlasgeoculturalafricaatual.com\/index.php\/2021\/05\/21\/seminario-literatura-africana\/#breadcrumb\"},\"inLanguage\":\"pt-BR\",\"potentialAction\":[{\"@type\":\"ReadAction\",\"target\":[\"https:\/\/atlasgeoculturalafricaatual.com\/index.php\/2021\/05\/21\/seminario-literatura-africana\/\"]}]},{\"@type\":\"BreadcrumbList\",\"@id\":\"https:\/\/atlasgeoculturalafricaatual.com\/index.php\/2021\/05\/21\/seminario-literatura-africana\/#breadcrumb\",\"itemListElement\":[{\"@type\":\"ListItem\",\"position\":1,\"name\":\"In\u00edcio\",\"item\":\"https:\/\/atlasgeoculturalafricaatual.com\/\"},{\"@type\":\"ListItem\",\"position\":2,\"name\":\"Semin\u00e1rio &#8220;Literatura Africana&#8221;\"}]},{\"@type\":\"WebSite\",\"@id\":\"https:\/\/atlasgeoculturalafricaatual.com\/#website\",\"url\":\"https:\/\/atlasgeoculturalafricaatual.com\/\",\"name\":\"atlasgeoculturalafricaatual.com\",\"description\":\"O Atlas Geocultural da \u00c1frica \u00e9 um rico material de leitura e pesquisa, que visa apresentar de forma atual os pa\u00edses africanos, ainda t\u00e3o pouco conhecidos.\",\"publisher\":{\"@id\":\"https:\/\/atlasgeoculturalafricaatual.com\/#organization\"},\"potentialAction\":[{\"@type\":\"SearchAction\",\"target\":{\"@type\":\"EntryPoint\",\"urlTemplate\":\"https:\/\/atlasgeoculturalafricaatual.com\/?s={search_term_string}\"},\"query-input\":\"required name=search_term_string\"}],\"inLanguage\":\"pt-BR\"},{\"@type\":\"Organization\",\"@id\":\"https:\/\/atlasgeoculturalafricaatual.com\/#organization\",\"name\":\"atlasgeoculturalafricaatual.com\",\"url\":\"https:\/\/atlasgeoculturalafricaatual.com\/\",\"logo\":{\"@type\":\"ImageObject\",\"inLanguage\":\"pt-BR\",\"@id\":\"https:\/\/atlasgeoculturalafricaatual.com\/#\/schema\/logo\/image\/\",\"url\":\"http:\/\/atlasgeoculturalafricaatual.com\/wp-content\/uploads\/2023\/06\/LOGOEIROS_Prancheta-1-tipo-preto.png\",\"contentUrl\":\"http:\/\/atlasgeoculturalafricaatual.com\/wp-content\/uploads\/2023\/06\/LOGOEIROS_Prancheta-1-tipo-preto.png\",\"width\":1667,\"height\":730,\"caption\":\"atlasgeoculturalafricaatual.com\"},\"image\":{\"@id\":\"https:\/\/atlasgeoculturalafricaatual.com\/#\/schema\/logo\/image\/\"}},{\"@type\":\"Person\",\"@id\":\"https:\/\/atlasgeoculturalafricaatual.com\/#\/schema\/person\/eeee269288097965a8c6f963043e4062\",\"name\":\"atlasgeoculturalafricaatual.com\",\"image\":{\"@type\":\"ImageObject\",\"inLanguage\":\"pt-BR\",\"@id\":\"https:\/\/atlasgeoculturalafricaatual.com\/#\/schema\/person\/image\/\",\"url\":\"https:\/\/secure.gravatar.com\/avatar\/7af55f21031d350b316a54060d50821f?s=96&d=mm&r=g\",\"contentUrl\":\"https:\/\/secure.gravatar.com\/avatar\/7af55f21031d350b316a54060d50821f?s=96&d=mm&r=g\",\"caption\":\"atlasgeoculturalafricaatual.com\"},\"sameAs\":[\"http:\/\/atlasgeoculturalafricaatual.com\"],\"url\":\"https:\/\/atlasgeoculturalafricaatual.com\/index.php\/author\/atlasgeoculturalafricaatual-com\/\"}]}<\/script>\n<!-- \/ Yoast SEO plugin. -->","yoast_head_json":{"title":"Semin\u00e1rio \"Literatura Africana\" - atlasgeoculturalafricaatual.com","robots":{"index":"index","follow":"follow","max-snippet":"max-snippet:-1","max-image-preview":"max-image-preview:large","max-video-preview":"max-video-preview:-1"},"canonical":"https:\/\/atlasgeoculturalafricaatual.com\/index.php\/2021\/05\/21\/seminario-literatura-africana\/","og_locale":"pt_BR","og_type":"article","og_title":"Semin\u00e1rio \"Literatura Africana\" - atlasgeoculturalafricaatual.com","og_description":"Semin\u00e1rio de Literatura Africana Celebra o Dia Internacional da \u00c1frica Dia 25 de maio de 2021, 17h30 (encerra 19hs) Link:&nbsp; httpsss:\/\/meet.google.com\/brq-suhb-rdv Expositores Joseh Sangala (Poet of Future). Poeta h\u00e1 9 [&hellip;]","og_url":"https:\/\/atlasgeoculturalafricaatual.com\/index.php\/2021\/05\/21\/seminario-literatura-africana\/","og_site_name":"atlasgeoculturalafricaatual.com","article_published_time":"2021-05-21T20:14:25+00:00","og_image":[{"url":"httpsss:\/\/africaatual.com.br\/wp-content\/uploads\/2021\/05\/jose-sangala.jpg"}],"author":"atlasgeoculturalafricaatual.com","twitter_card":"summary_large_image","twitter_misc":{"Escrito por":"atlasgeoculturalafricaatual.com","Est. tempo de leitura":"1 minuto"},"schema":{"@context":"https:\/\/schema.org","@graph":[{"@type":"Article","@id":"https:\/\/atlasgeoculturalafricaatual.com\/index.php\/2021\/05\/21\/seminario-literatura-africana\/#article","isPartOf":{"@id":"https:\/\/atlasgeoculturalafricaatual.com\/index.php\/2021\/05\/21\/seminario-literatura-africana\/"},"author":{"name":"atlasgeoculturalafricaatual.com","@id":"https:\/\/atlasgeoculturalafricaatual.com\/#\/schema\/person\/eeee269288097965a8c6f963043e4062"},"headline":"Semin\u00e1rio &#8220;Literatura Africana&#8221;","datePublished":"2021-05-21T20:14:25+00:00","dateModified":"2021-05-21T20:14:25+00:00","mainEntityOfPage":{"@id":"https:\/\/atlasgeoculturalafricaatual.com\/index.php\/2021\/05\/21\/seminario-literatura-africana\/"},"wordCount":186,"commentCount":2,"publisher":{"@id":"https:\/\/atlasgeoculturalafricaatual.com\/#organization"},"articleSection":["A Africa"],"inLanguage":"pt-BR","potentialAction":[{"@type":"CommentAction","name":"Comment","target":["https:\/\/atlasgeoculturalafricaatual.com\/index.php\/2021\/05\/21\/seminario-literatura-africana\/#respond"]}]},{"@type":"WebPage","@id":"https:\/\/atlasgeoculturalafricaatual.com\/index.php\/2021\/05\/21\/seminario-literatura-africana\/","url":"https:\/\/atlasgeoculturalafricaatual.com\/index.php\/2021\/05\/21\/seminario-literatura-africana\/","name":"Semin\u00e1rio \"Literatura Africana\" - atlasgeoculturalafricaatual.com","isPartOf":{"@id":"https:\/\/atlasgeoculturalafricaatual.com\/#website"},"datePublished":"2021-05-21T20:14:25+00:00","dateModified":"2021-05-21T20:14:25+00:00","breadcrumb":{"@id":"https:\/\/atlasgeoculturalafricaatual.com\/index.php\/2021\/05\/21\/seminario-literatura-africana\/#breadcrumb"},"inLanguage":"pt-BR","potentialAction":[{"@type":"ReadAction","target":["https:\/\/atlasgeoculturalafricaatual.com\/index.php\/2021\/05\/21\/seminario-literatura-africana\/"]}]},{"@type":"BreadcrumbList","@id":"https:\/\/atlasgeoculturalafricaatual.com\/index.php\/2021\/05\/21\/seminario-literatura-africana\/#breadcrumb","itemListElement":[{"@type":"ListItem","position":1,"name":"In\u00edcio","item":"https:\/\/atlasgeoculturalafricaatual.com\/"},{"@type":"ListItem","position":2,"name":"Semin\u00e1rio &#8220;Literatura Africana&#8221;"}]},{"@type":"WebSite","@id":"https:\/\/atlasgeoculturalafricaatual.com\/#website","url":"https:\/\/atlasgeoculturalafricaatual.com\/","name":"atlasgeoculturalafricaatual.com","description":"O Atlas Geocultural da \u00c1frica \u00e9 um rico material de leitura e pesquisa, que visa apresentar de forma atual os pa\u00edses africanos, ainda t\u00e3o pouco conhecidos.","publisher":{"@id":"https:\/\/atlasgeoculturalafricaatual.com\/#organization"},"potentialAction":[{"@type":"SearchAction","target":{"@type":"EntryPoint","urlTemplate":"https:\/\/atlasgeoculturalafricaatual.com\/?s={search_term_string}"},"query-input":"required name=search_term_string"}],"inLanguage":"pt-BR"},{"@type":"Organization","@id":"https:\/\/atlasgeoculturalafricaatual.com\/#organization","name":"atlasgeoculturalafricaatual.com","url":"https:\/\/atlasgeoculturalafricaatual.com\/","logo":{"@type":"ImageObject","inLanguage":"pt-BR","@id":"https:\/\/atlasgeoculturalafricaatual.com\/#\/schema\/logo\/image\/","url":"http:\/\/atlasgeoculturalafricaatual.com\/wp-content\/uploads\/2023\/06\/LOGOEIROS_Prancheta-1-tipo-preto.png","contentUrl":"http:\/\/atlasgeoculturalafricaatual.com\/wp-content\/uploads\/2023\/06\/LOGOEIROS_Prancheta-1-tipo-preto.png","width":1667,"height":730,"caption":"atlasgeoculturalafricaatual.com"},"image":{"@id":"https:\/\/atlasgeoculturalafricaatual.com\/#\/schema\/logo\/image\/"}},{"@type":"Person","@id":"https:\/\/atlasgeoculturalafricaatual.com\/#\/schema\/person\/eeee269288097965a8c6f963043e4062","name":"atlasgeoculturalafricaatual.com","image":{"@type":"ImageObject","inLanguage":"pt-BR","@id":"https:\/\/atlasgeoculturalafricaatual.com\/#\/schema\/person\/image\/","url":"https:\/\/secure.gravatar.com\/avatar\/7af55f21031d350b316a54060d50821f?s=96&d=mm&r=g","contentUrl":"https:\/\/secure.gravatar.com\/avatar\/7af55f21031d350b316a54060d50821f?s=96&d=mm&r=g","caption":"atlasgeoculturalafricaatual.com"},"sameAs":["http:\/\/atlasgeoculturalafricaatual.com"],"url":"https:\/\/atlasgeoculturalafricaatual.com\/index.php\/author\/atlasgeoculturalafricaatual-com\/"}]}},"_links":{"self":[{"href":"https:\/\/atlasgeoculturalafricaatual.com\/index.php\/wp-json\/wp\/v2\/posts\/1802","targetHints":{"allow":["GET"]}}],"collection":[{"href":"https:\/\/atlasgeoculturalafricaatual.com\/index.php\/wp-json\/wp\/v2\/posts"}],"about":[{"href":"https:\/\/atlasgeoculturalafricaatual.com\/index.php\/wp-json\/wp\/v2\/types\/post"}],"author":[{"embeddable":true,"href":"https:\/\/atlasgeoculturalafricaatual.com\/index.php\/wp-json\/wp\/v2\/users\/1"}],"replies":[{"embeddable":true,"href":"https:\/\/atlasgeoculturalafricaatual.com\/index.php\/wp-json\/wp\/v2\/comments?post=1802"}],"version-history":[{"count":0,"href":"https:\/\/atlasgeoculturalafricaatual.com\/index.php\/wp-json\/wp\/v2\/posts\/1802\/revisions"}],"wp:featuredmedia":[{"embeddable":true,"href":"https:\/\/atlasgeoculturalafricaatual.com\/index.php\/wp-json\/wp\/v2\/media\/1811"}],"wp:attachment":[{"href":"https:\/\/atlasgeoculturalafricaatual.com\/index.php\/wp-json\/wp\/v2\/media?parent=1802"}],"wp:term":[{"taxonomy":"category","embeddable":true,"href":"https:\/\/atlasgeoculturalafricaatual.com\/index.php\/wp-json\/wp\/v2\/categories?post=1802"},{"taxonomy":"post_tag","embeddable":true,"href":"https:\/\/atlasgeoculturalafricaatual.com\/index.php\/wp-json\/wp\/v2\/tags?post=1802"},{"taxonomy":"palavra-chave","embeddable":true,"href":"https:\/\/atlasgeoculturalafricaatual.com\/index.php\/wp-json\/wp\/v2\/palavra-chave?post=1802"}],"curies":[{"name":"wp","href":"https:\/\/api.w.org\/{rel}","templated":true}]}}