{"id":1767,"date":"2021-05-06T15:47:27","date_gmt":"2021-05-06T18:47:27","guid":{"rendered":"https:\/\/atlasgeoculturalafricaatual.com\/index.php\/2021\/05\/06\/uma-live-sobre-mocambique\/"},"modified":"2021-05-06T15:47:27","modified_gmt":"2021-05-06T18:47:27","slug":"uma-live-sobre-mocambique","status":"publish","type":"post","link":"https:\/\/atlasgeoculturalafricaatual.com\/index.php\/2021\/05\/06\/uma-live-sobre-mocambique\/","title":{"rendered":"Uma live sobre Mo\u00e7ambique"},"content":{"rendered":"\n<p>Assista a livre &#8220;Mo\u00e7ambique em Desenvolvimento&#8221;<\/p>\n\n\n\n<p>Com a participa\u00e7\u00e3o de Eduardo Macamo, advogado. <\/p>\n\n\n\n<p>Residente em Maputo, capital de Mo\u00e7ambique. <\/p>\n\n\n\n<p>Eduardo Macamo \u00e9 Advogado e S\u00f3cio da EM&amp;Advogados;<br>Mestrando em Ci\u00eancias jur\u00eddicas pela Faculdade de Direito da Universidade Eduardo Mondlane em coordena\u00e7\u00e3o com a Faculdade de Direito da Universidade de Lisboa (2019);<br>Curso de forma\u00e7\u00e3o de Defensores Oficiosos pelo Centro de Forma\u00e7\u00e3o Jur\u00eddica e Judici\u00e1ria (2013);<\/p>\n\n\n\n<p>Licenciatura em Direito pela Faculdade de Direito da Universidade Eduardo Mondlane (2012);<\/p>\n\n\n\n<figure class=\"wp-block-image size-large\"><img loading=\"lazy\" decoding=\"async\" width=\"1024\" height=\"1024\" src=\"httpsss:\/\/africaatual.com.br\/wp-content\/uploads\/2021\/05\/live-reafro-Mocambique-1024x1024.png\" alt=\"\" class=\"wp-image-1769\" srcset=\"https:\/\/atlasgeoculturalafricaatual.com\/wp-content\/uploads\/2021\/05\/live-reafro-Mocambique-1024x1024.png 1024w, https:\/\/atlasgeoculturalafricaatual.com\/wp-content\/uploads\/2021\/05\/live-reafro-Mocambique-300x300.png 300w, https:\/\/atlasgeoculturalafricaatual.com\/wp-content\/uploads\/2021\/05\/live-reafro-Mocambique-150x150.png 150w, https:\/\/atlasgeoculturalafricaatual.com\/wp-content\/uploads\/2021\/05\/live-reafro-Mocambique-768x768.png 768w, https:\/\/atlasgeoculturalafricaatual.com\/wp-content\/uploads\/2021\/05\/live-reafro-Mocambique-600x600.png 600w, https:\/\/atlasgeoculturalafricaatual.com\/wp-content\/uploads\/2021\/05\/live-reafro-Mocambique.png 1080w\" sizes=\"auto, (max-width: 1024px) 100vw, 1024px\" \/><\/figure>\n\n\n\n<p> <\/p>\n","protected":false},"excerpt":{"rendered":"<p>Assista a livre &#8220;Mo\u00e7ambique em Desenvolvimento&#8221; Com a participa\u00e7\u00e3o de Eduardo Macamo, advogado. Residente em Maputo, capital de Mo\u00e7ambique. Eduardo Macamo \u00e9 Advogado e S\u00f3cio da EM&amp;Advogados;Mestrando em Ci\u00eancias jur\u00eddicas [&hellip;]<\/p>\n","protected":false},"author":1,"featured_media":1769,"comment_status":"open","ping_status":"open","sticky":false,"template":"","format":"standard","meta":{"content-type":"","footnotes":""},"categories":[48],"tags":[],"palavra-chave":[],"class_list":["post-1767","post","type-post","status-publish","format-standard","has-post-thumbnail","hentry","category-sem-categoria","entry","has-media"],"aioseo_notices":[],"yoast_head":"<!-- This site is optimized with the Yoast SEO plugin v20.13 - https:\/\/yoast.com\/wordpress\/plugins\/seo\/ -->\n<title>Uma live sobre Mo\u00e7ambique - atlasgeoculturalafricaatual.com<\/title>\n<meta name=\"robots\" content=\"index, follow, max-snippet:-1, max-image-preview:large, max-video-preview:-1\" \/>\n<link rel=\"canonical\" href=\"https:\/\/atlasgeoculturalafricaatual.com\/index.php\/2021\/05\/06\/uma-live-sobre-mocambique\/\" \/>\n<meta property=\"og:locale\" content=\"pt_BR\" \/>\n<meta property=\"og:type\" content=\"article\" \/>\n<meta property=\"og:title\" content=\"Uma live sobre Mo\u00e7ambique - atlasgeoculturalafricaatual.com\" \/>\n<meta property=\"og:description\" content=\"Assista a livre &#8220;Mo\u00e7ambique em Desenvolvimento&#8221; Com a participa\u00e7\u00e3o de Eduardo Macamo, advogado. Residente em Maputo, capital de Mo\u00e7ambique. Eduardo Macamo \u00e9 Advogado e S\u00f3cio da EM&amp;Advogados;Mestrando em Ci\u00eancias jur\u00eddicas [&hellip;]\" \/>\n<meta property=\"og:url\" content=\"https:\/\/atlasgeoculturalafricaatual.com\/index.php\/2021\/05\/06\/uma-live-sobre-mocambique\/\" \/>\n<meta property=\"og:site_name\" content=\"atlasgeoculturalafricaatual.com\" \/>\n<meta property=\"article:published_time\" content=\"2021-05-06T18:47:27+00:00\" \/>\n<meta property=\"og:image\" content=\"\" \/>\n<meta name=\"author\" content=\"atlasgeoculturalafricaatual.com\" \/>\n<meta name=\"twitter:card\" content=\"summary_large_image\" \/>\n<meta name=\"twitter:label1\" content=\"Escrito por\" \/>\n\t<meta name=\"twitter:data1\" content=\"atlasgeoculturalafricaatual.com\" \/>\n<script type=\"application\/ld+json\" class=\"yoast-schema-graph\">{\"@context\":\"https:\/\/schema.org\",\"@graph\":[{\"@type\":\"Article\",\"@id\":\"https:\/\/atlasgeoculturalafricaatual.com\/index.php\/2021\/05\/06\/uma-live-sobre-mocambique\/#article\",\"isPartOf\":{\"@id\":\"https:\/\/atlasgeoculturalafricaatual.com\/index.php\/2021\/05\/06\/uma-live-sobre-mocambique\/\"},\"author\":{\"name\":\"atlasgeoculturalafricaatual.com\",\"@id\":\"https:\/\/atlasgeoculturalafricaatual.com\/#\/schema\/person\/eeee269288097965a8c6f963043e4062\"},\"headline\":\"Uma live sobre Mo\u00e7ambique\",\"datePublished\":\"2021-05-06T18:47:27+00:00\",\"dateModified\":\"2021-05-06T18:47:27+00:00\",\"mainEntityOfPage\":{\"@id\":\"https:\/\/atlasgeoculturalafricaatual.com\/index.php\/2021\/05\/06\/uma-live-sobre-mocambique\/\"},\"wordCount\":91,\"commentCount\":0,\"publisher\":{\"@id\":\"https:\/\/atlasgeoculturalafricaatual.com\/#organization\"},\"articleSection\":[\"A Africa\"],\"inLanguage\":\"pt-BR\",\"potentialAction\":[{\"@type\":\"CommentAction\",\"name\":\"Comment\",\"target\":[\"https:\/\/atlasgeoculturalafricaatual.com\/index.php\/2021\/05\/06\/uma-live-sobre-mocambique\/#respond\"]}]},{\"@type\":\"WebPage\",\"@id\":\"https:\/\/atlasgeoculturalafricaatual.com\/index.php\/2021\/05\/06\/uma-live-sobre-mocambique\/\",\"url\":\"https:\/\/atlasgeoculturalafricaatual.com\/index.php\/2021\/05\/06\/uma-live-sobre-mocambique\/\",\"name\":\"Uma live sobre Mo\u00e7ambique - atlasgeoculturalafricaatual.com\",\"isPartOf\":{\"@id\":\"https:\/\/atlasgeoculturalafricaatual.com\/#website\"},\"datePublished\":\"2021-05-06T18:47:27+00:00\",\"dateModified\":\"2021-05-06T18:47:27+00:00\",\"breadcrumb\":{\"@id\":\"https:\/\/atlasgeoculturalafricaatual.com\/index.php\/2021\/05\/06\/uma-live-sobre-mocambique\/#breadcrumb\"},\"inLanguage\":\"pt-BR\",\"potentialAction\":[{\"@type\":\"ReadAction\",\"target\":[\"https:\/\/atlasgeoculturalafricaatual.com\/index.php\/2021\/05\/06\/uma-live-sobre-mocambique\/\"]}]},{\"@type\":\"BreadcrumbList\",\"@id\":\"https:\/\/atlasgeoculturalafricaatual.com\/index.php\/2021\/05\/06\/uma-live-sobre-mocambique\/#breadcrumb\",\"itemListElement\":[{\"@type\":\"ListItem\",\"position\":1,\"name\":\"In\u00edcio\",\"item\":\"https:\/\/atlasgeoculturalafricaatual.com\/\"},{\"@type\":\"ListItem\",\"position\":2,\"name\":\"Uma live sobre Mo\u00e7ambique\"}]},{\"@type\":\"WebSite\",\"@id\":\"https:\/\/atlasgeoculturalafricaatual.com\/#website\",\"url\":\"https:\/\/atlasgeoculturalafricaatual.com\/\",\"name\":\"atlasgeoculturalafricaatual.com\",\"description\":\"O Atlas Geocultural da \u00c1frica \u00e9 um rico material de leitura e pesquisa, que visa apresentar de forma atual os pa\u00edses africanos, ainda t\u00e3o pouco conhecidos.\",\"publisher\":{\"@id\":\"https:\/\/atlasgeoculturalafricaatual.com\/#organization\"},\"potentialAction\":[{\"@type\":\"SearchAction\",\"target\":{\"@type\":\"EntryPoint\",\"urlTemplate\":\"https:\/\/atlasgeoculturalafricaatual.com\/?s={search_term_string}\"},\"query-input\":\"required name=search_term_string\"}],\"inLanguage\":\"pt-BR\"},{\"@type\":\"Organization\",\"@id\":\"https:\/\/atlasgeoculturalafricaatual.com\/#organization\",\"name\":\"atlasgeoculturalafricaatual.com\",\"url\":\"https:\/\/atlasgeoculturalafricaatual.com\/\",\"logo\":{\"@type\":\"ImageObject\",\"inLanguage\":\"pt-BR\",\"@id\":\"https:\/\/atlasgeoculturalafricaatual.com\/#\/schema\/logo\/image\/\",\"url\":\"http:\/\/atlasgeoculturalafricaatual.com\/wp-content\/uploads\/2023\/06\/LOGOEIROS_Prancheta-1-tipo-preto.png\",\"contentUrl\":\"http:\/\/atlasgeoculturalafricaatual.com\/wp-content\/uploads\/2023\/06\/LOGOEIROS_Prancheta-1-tipo-preto.png\",\"width\":1667,\"height\":730,\"caption\":\"atlasgeoculturalafricaatual.com\"},\"image\":{\"@id\":\"https:\/\/atlasgeoculturalafricaatual.com\/#\/schema\/logo\/image\/\"}},{\"@type\":\"Person\",\"@id\":\"https:\/\/atlasgeoculturalafricaatual.com\/#\/schema\/person\/eeee269288097965a8c6f963043e4062\",\"name\":\"atlasgeoculturalafricaatual.com\",\"image\":{\"@type\":\"ImageObject\",\"inLanguage\":\"pt-BR\",\"@id\":\"https:\/\/atlasgeoculturalafricaatual.com\/#\/schema\/person\/image\/\",\"url\":\"https:\/\/secure.gravatar.com\/avatar\/7af55f21031d350b316a54060d50821f?s=96&d=mm&r=g\",\"contentUrl\":\"https:\/\/secure.gravatar.com\/avatar\/7af55f21031d350b316a54060d50821f?s=96&d=mm&r=g\",\"caption\":\"atlasgeoculturalafricaatual.com\"},\"sameAs\":[\"http:\/\/atlasgeoculturalafricaatual.com\"],\"url\":\"https:\/\/atlasgeoculturalafricaatual.com\/index.php\/author\/atlasgeoculturalafricaatual-com\/\"}]}<\/script>\n<!-- \/ Yoast SEO plugin. -->","yoast_head_json":{"title":"Uma live sobre Mo\u00e7ambique - atlasgeoculturalafricaatual.com","robots":{"index":"index","follow":"follow","max-snippet":"max-snippet:-1","max-image-preview":"max-image-preview:large","max-video-preview":"max-video-preview:-1"},"canonical":"https:\/\/atlasgeoculturalafricaatual.com\/index.php\/2021\/05\/06\/uma-live-sobre-mocambique\/","og_locale":"pt_BR","og_type":"article","og_title":"Uma live sobre Mo\u00e7ambique - atlasgeoculturalafricaatual.com","og_description":"Assista a livre &#8220;Mo\u00e7ambique em Desenvolvimento&#8221; Com a participa\u00e7\u00e3o de Eduardo Macamo, advogado. Residente em Maputo, capital de Mo\u00e7ambique. Eduardo Macamo \u00e9 Advogado e S\u00f3cio da EM&amp;Advogados;Mestrando em Ci\u00eancias jur\u00eddicas [&hellip;]","og_url":"https:\/\/atlasgeoculturalafricaatual.com\/index.php\/2021\/05\/06\/uma-live-sobre-mocambique\/","og_site_name":"atlasgeoculturalafricaatual.com","article_published_time":"2021-05-06T18:47:27+00:00","og_image":[{"url":"httpsss:\/\/africaatual.com.br\/wp-content\/uploads\/2021\/05\/live-reafro-Mocambique-1024x1024.png"}],"author":"atlasgeoculturalafricaatual.com","twitter_card":"summary_large_image","twitter_misc":{"Escrito por":"atlasgeoculturalafricaatual.com"},"schema":{"@context":"https:\/\/schema.org","@graph":[{"@type":"Article","@id":"https:\/\/atlasgeoculturalafricaatual.com\/index.php\/2021\/05\/06\/uma-live-sobre-mocambique\/#article","isPartOf":{"@id":"https:\/\/atlasgeoculturalafricaatual.com\/index.php\/2021\/05\/06\/uma-live-sobre-mocambique\/"},"author":{"name":"atlasgeoculturalafricaatual.com","@id":"https:\/\/atlasgeoculturalafricaatual.com\/#\/schema\/person\/eeee269288097965a8c6f963043e4062"},"headline":"Uma live sobre Mo\u00e7ambique","datePublished":"2021-05-06T18:47:27+00:00","dateModified":"2021-05-06T18:47:27+00:00","mainEntityOfPage":{"@id":"https:\/\/atlasgeoculturalafricaatual.com\/index.php\/2021\/05\/06\/uma-live-sobre-mocambique\/"},"wordCount":91,"commentCount":0,"publisher":{"@id":"https:\/\/atlasgeoculturalafricaatual.com\/#organization"},"articleSection":["A Africa"],"inLanguage":"pt-BR","potentialAction":[{"@type":"CommentAction","name":"Comment","target":["https:\/\/atlasgeoculturalafricaatual.com\/index.php\/2021\/05\/06\/uma-live-sobre-mocambique\/#respond"]}]},{"@type":"WebPage","@id":"https:\/\/atlasgeoculturalafricaatual.com\/index.php\/2021\/05\/06\/uma-live-sobre-mocambique\/","url":"https:\/\/atlasgeoculturalafricaatual.com\/index.php\/2021\/05\/06\/uma-live-sobre-mocambique\/","name":"Uma live sobre Mo\u00e7ambique - atlasgeoculturalafricaatual.com","isPartOf":{"@id":"https:\/\/atlasgeoculturalafricaatual.com\/#website"},"datePublished":"2021-05-06T18:47:27+00:00","dateModified":"2021-05-06T18:47:27+00:00","breadcrumb":{"@id":"https:\/\/atlasgeoculturalafricaatual.com\/index.php\/2021\/05\/06\/uma-live-sobre-mocambique\/#breadcrumb"},"inLanguage":"pt-BR","potentialAction":[{"@type":"ReadAction","target":["https:\/\/atlasgeoculturalafricaatual.com\/index.php\/2021\/05\/06\/uma-live-sobre-mocambique\/"]}]},{"@type":"BreadcrumbList","@id":"https:\/\/atlasgeoculturalafricaatual.com\/index.php\/2021\/05\/06\/uma-live-sobre-mocambique\/#breadcrumb","itemListElement":[{"@type":"ListItem","position":1,"name":"In\u00edcio","item":"https:\/\/atlasgeoculturalafricaatual.com\/"},{"@type":"ListItem","position":2,"name":"Uma live sobre Mo\u00e7ambique"}]},{"@type":"WebSite","@id":"https:\/\/atlasgeoculturalafricaatual.com\/#website","url":"https:\/\/atlasgeoculturalafricaatual.com\/","name":"atlasgeoculturalafricaatual.com","description":"O Atlas Geocultural da \u00c1frica \u00e9 um rico material de leitura e pesquisa, que visa apresentar de forma atual os pa\u00edses africanos, ainda t\u00e3o pouco conhecidos.","publisher":{"@id":"https:\/\/atlasgeoculturalafricaatual.com\/#organization"},"potentialAction":[{"@type":"SearchAction","target":{"@type":"EntryPoint","urlTemplate":"https:\/\/atlasgeoculturalafricaatual.com\/?s={search_term_string}"},"query-input":"required name=search_term_string"}],"inLanguage":"pt-BR"},{"@type":"Organization","@id":"https:\/\/atlasgeoculturalafricaatual.com\/#organization","name":"atlasgeoculturalafricaatual.com","url":"https:\/\/atlasgeoculturalafricaatual.com\/","logo":{"@type":"ImageObject","inLanguage":"pt-BR","@id":"https:\/\/atlasgeoculturalafricaatual.com\/#\/schema\/logo\/image\/","url":"http:\/\/atlasgeoculturalafricaatual.com\/wp-content\/uploads\/2023\/06\/LOGOEIROS_Prancheta-1-tipo-preto.png","contentUrl":"http:\/\/atlasgeoculturalafricaatual.com\/wp-content\/uploads\/2023\/06\/LOGOEIROS_Prancheta-1-tipo-preto.png","width":1667,"height":730,"caption":"atlasgeoculturalafricaatual.com"},"image":{"@id":"https:\/\/atlasgeoculturalafricaatual.com\/#\/schema\/logo\/image\/"}},{"@type":"Person","@id":"https:\/\/atlasgeoculturalafricaatual.com\/#\/schema\/person\/eeee269288097965a8c6f963043e4062","name":"atlasgeoculturalafricaatual.com","image":{"@type":"ImageObject","inLanguage":"pt-BR","@id":"https:\/\/atlasgeoculturalafricaatual.com\/#\/schema\/person\/image\/","url":"https:\/\/secure.gravatar.com\/avatar\/7af55f21031d350b316a54060d50821f?s=96&d=mm&r=g","contentUrl":"https:\/\/secure.gravatar.com\/avatar\/7af55f21031d350b316a54060d50821f?s=96&d=mm&r=g","caption":"atlasgeoculturalafricaatual.com"},"sameAs":["http:\/\/atlasgeoculturalafricaatual.com"],"url":"https:\/\/atlasgeoculturalafricaatual.com\/index.php\/author\/atlasgeoculturalafricaatual-com\/"}]}},"_links":{"self":[{"href":"https:\/\/atlasgeoculturalafricaatual.com\/index.php\/wp-json\/wp\/v2\/posts\/1767","targetHints":{"allow":["GET"]}}],"collection":[{"href":"https:\/\/atlasgeoculturalafricaatual.com\/index.php\/wp-json\/wp\/v2\/posts"}],"about":[{"href":"https:\/\/atlasgeoculturalafricaatual.com\/index.php\/wp-json\/wp\/v2\/types\/post"}],"author":[{"embeddable":true,"href":"https:\/\/atlasgeoculturalafricaatual.com\/index.php\/wp-json\/wp\/v2\/users\/1"}],"replies":[{"embeddable":true,"href":"https:\/\/atlasgeoculturalafricaatual.com\/index.php\/wp-json\/wp\/v2\/comments?post=1767"}],"version-history":[{"count":0,"href":"https:\/\/atlasgeoculturalafricaatual.com\/index.php\/wp-json\/wp\/v2\/posts\/1767\/revisions"}],"wp:featuredmedia":[{"embeddable":true,"href":"https:\/\/atlasgeoculturalafricaatual.com\/index.php\/wp-json\/wp\/v2\/media\/1769"}],"wp:attachment":[{"href":"https:\/\/atlasgeoculturalafricaatual.com\/index.php\/wp-json\/wp\/v2\/media?parent=1767"}],"wp:term":[{"taxonomy":"category","embeddable":true,"href":"https:\/\/atlasgeoculturalafricaatual.com\/index.php\/wp-json\/wp\/v2\/categories?post=1767"},{"taxonomy":"post_tag","embeddable":true,"href":"https:\/\/atlasgeoculturalafricaatual.com\/index.php\/wp-json\/wp\/v2\/tags?post=1767"},{"taxonomy":"palavra-chave","embeddable":true,"href":"https:\/\/atlasgeoculturalafricaatual.com\/index.php\/wp-json\/wp\/v2\/palavra-chave?post=1767"}],"curies":[{"name":"wp","href":"https:\/\/api.w.org\/{rel}","templated":true}]}}