{"id":1625,"date":"2021-04-02T09:14:17","date_gmt":"2021-04-02T12:14:17","guid":{"rendered":"https:\/\/atlasgeoculturalafricaatual.com\/index.php\/2021\/04\/02\/africa-se-tornara-o-eixo-da-economia-global\/"},"modified":"2021-04-02T09:14:17","modified_gmt":"2021-04-02T12:14:17","slug":"africa-se-tornara-o-eixo-da-economia-global","status":"publish","type":"post","link":"https:\/\/atlasgeoculturalafricaatual.com\/index.php\/2021\/04\/02\/africa-se-tornara-o-eixo-da-economia-global\/","title":{"rendered":"\u00c1frica se tornar\u00e1 o eixo da economia global"},"content":{"rendered":"\n<figure class=\"wp-block-image size-large\"><img loading=\"lazy\" decoding=\"async\" width=\"284\" height=\"177\" src=\"httpsss:\/\/africaatual.com.br\/wp-content\/uploads\/2021\/04\/abiy-ahmed-2.jpg\" alt=\"\" class=\"wp-image-1627\"\/><figcaption>Abiy Ahmed, Eti\u00f3pia <\/figcaption><\/figure>\n\n\n\n<p>O t\u00edtulo da mat\u00e9ria pode parecer ousado, dado as informa\u00e7\u00f5es que est\u00e3o postadas, em m\u00e9dia, nas m\u00eddias brasileiras. Mas, \u00e9 um t\u00edtulo de publica\u00e7\u00e3o postada em <a rel=\"noreferrer noopener\" href=\"\/\/www.aa.com.tr\/en\/africa\/africa-to-become-global-economy-s-linchpin\/2184322\" target=\"_blank\">httpsss:\/\/www.aa.com.tr\/en\/africa\/africa-to-become-global-economy-s-linchpin\/2184322<\/a><\/p>\n\n\n\n<p>Abiy Ahmed, pr\u00eamio Nobel da Paz, \u00e9 uma das mais importantes lideran\u00e7as em Eti\u00f3pia. E, sua vis\u00e3o do desenvolvimento africano se embasa em informa\u00e7\u00f5es e estat\u00edsticas atuais do crescimento econ\u00f4mico de seus pa\u00edses. Uma das prioridades do continente se debru\u00e7a sobre quest\u00f5es de monitoramento clim\u00e1tico a utilizar processos de uma sistem\u00e1tica da economia inteligente. Al\u00e9m das implementa\u00e7\u00f5es de din\u00e2micas entre as na\u00e7\u00f5es, de metodologias para os seus processos de transforma\u00e7\u00e3o digital.  <\/p>\n\n\n\n<p>Na mat\u00e9ria citada, o premie destaca que <\/p>\n\n\n\n<p>\u201cPrecisamos aumentar nossos investimentos &#8211; uma tend\u00eancia j\u00e1 potencializada pela pandemia COVID-19.\u00a0A economia digital \u00e9 uma fonte de crescimento e um capacitador competitivo chave de outros setores produtivos \u201d.<\/p>\n\n\n\n<p>Essa declara\u00e7\u00e3o foi realizada na 53\u00aa sess\u00e3o da Comiss\u00e3o Econ\u00f3mica das Na\u00e7\u00f5es Unidas para \u00c1frica (CEA).<\/p>\n","protected":false},"excerpt":{"rendered":"<p>O t\u00edtulo da mat\u00e9ria pode parecer ousado, dado as informa\u00e7\u00f5es que est\u00e3o postadas, em m\u00e9dia, nas m\u00eddias brasileiras. Mas, \u00e9 um t\u00edtulo de publica\u00e7\u00e3o postada em httpsss:\/\/www.aa.com.tr\/en\/africa\/africa-to-become-global-economy-s-linchpin\/2184322 Abiy Ahmed, pr\u00eamio [&hellip;]<\/p>\n","protected":false},"author":1,"featured_media":1627,"comment_status":"open","ping_status":"open","sticky":false,"template":"","format":"standard","meta":{"content-type":"","footnotes":""},"categories":[48],"tags":[],"palavra-chave":[],"class_list":["post-1625","post","type-post","status-publish","format-standard","has-post-thumbnail","hentry","category-sem-categoria","entry","has-media"],"aioseo_notices":[],"yoast_head":"<!-- This site is optimized with the Yoast SEO plugin v20.13 - https:\/\/yoast.com\/wordpress\/plugins\/seo\/ -->\n<title>\u00c1frica se tornar\u00e1 o eixo da economia global - atlasgeoculturalafricaatual.com<\/title>\n<meta name=\"robots\" content=\"index, follow, max-snippet:-1, max-image-preview:large, max-video-preview:-1\" \/>\n<link rel=\"canonical\" href=\"https:\/\/atlasgeoculturalafricaatual.com\/index.php\/2021\/04\/02\/africa-se-tornara-o-eixo-da-economia-global\/\" \/>\n<meta property=\"og:locale\" content=\"pt_BR\" \/>\n<meta property=\"og:type\" content=\"article\" \/>\n<meta property=\"og:title\" content=\"\u00c1frica se tornar\u00e1 o eixo da economia global - atlasgeoculturalafricaatual.com\" \/>\n<meta property=\"og:description\" content=\"O t\u00edtulo da mat\u00e9ria pode parecer ousado, dado as informa\u00e7\u00f5es que est\u00e3o postadas, em m\u00e9dia, nas m\u00eddias brasileiras. Mas, \u00e9 um t\u00edtulo de publica\u00e7\u00e3o postada em httpsss:\/\/www.aa.com.tr\/en\/africa\/africa-to-become-global-economy-s-linchpin\/2184322 Abiy Ahmed, pr\u00eamio [&hellip;]\" \/>\n<meta property=\"og:url\" content=\"https:\/\/atlasgeoculturalafricaatual.com\/index.php\/2021\/04\/02\/africa-se-tornara-o-eixo-da-economia-global\/\" \/>\n<meta property=\"og:site_name\" content=\"atlasgeoculturalafricaatual.com\" \/>\n<meta property=\"article:published_time\" content=\"2021-04-02T12:14:17+00:00\" \/>\n<meta property=\"og:image\" content=\"\" \/>\n<meta name=\"author\" content=\"atlasgeoculturalafricaatual.com\" \/>\n<meta name=\"twitter:card\" content=\"summary_large_image\" \/>\n<meta name=\"twitter:label1\" content=\"Escrito por\" \/>\n\t<meta name=\"twitter:data1\" content=\"atlasgeoculturalafricaatual.com\" \/>\n\t<meta name=\"twitter:label2\" content=\"Est. tempo de leitura\" \/>\n\t<meta name=\"twitter:data2\" content=\"1 minuto\" \/>\n<script type=\"application\/ld+json\" class=\"yoast-schema-graph\">{\"@context\":\"https:\/\/schema.org\",\"@graph\":[{\"@type\":\"Article\",\"@id\":\"https:\/\/atlasgeoculturalafricaatual.com\/index.php\/2021\/04\/02\/africa-se-tornara-o-eixo-da-economia-global\/#article\",\"isPartOf\":{\"@id\":\"https:\/\/atlasgeoculturalafricaatual.com\/index.php\/2021\/04\/02\/africa-se-tornara-o-eixo-da-economia-global\/\"},\"author\":{\"name\":\"atlasgeoculturalafricaatual.com\",\"@id\":\"https:\/\/atlasgeoculturalafricaatual.com\/#\/schema\/person\/eeee269288097965a8c6f963043e4062\"},\"headline\":\"\u00c1frica se tornar\u00e1 o eixo da economia global\",\"datePublished\":\"2021-04-02T12:14:17+00:00\",\"dateModified\":\"2021-04-02T12:14:17+00:00\",\"mainEntityOfPage\":{\"@id\":\"https:\/\/atlasgeoculturalafricaatual.com\/index.php\/2021\/04\/02\/africa-se-tornara-o-eixo-da-economia-global\/\"},\"wordCount\":197,\"commentCount\":0,\"publisher\":{\"@id\":\"https:\/\/atlasgeoculturalafricaatual.com\/#organization\"},\"articleSection\":[\"A Africa\"],\"inLanguage\":\"pt-BR\",\"potentialAction\":[{\"@type\":\"CommentAction\",\"name\":\"Comment\",\"target\":[\"https:\/\/atlasgeoculturalafricaatual.com\/index.php\/2021\/04\/02\/africa-se-tornara-o-eixo-da-economia-global\/#respond\"]}]},{\"@type\":\"WebPage\",\"@id\":\"https:\/\/atlasgeoculturalafricaatual.com\/index.php\/2021\/04\/02\/africa-se-tornara-o-eixo-da-economia-global\/\",\"url\":\"https:\/\/atlasgeoculturalafricaatual.com\/index.php\/2021\/04\/02\/africa-se-tornara-o-eixo-da-economia-global\/\",\"name\":\"\u00c1frica se tornar\u00e1 o eixo da economia global - atlasgeoculturalafricaatual.com\",\"isPartOf\":{\"@id\":\"https:\/\/atlasgeoculturalafricaatual.com\/#website\"},\"datePublished\":\"2021-04-02T12:14:17+00:00\",\"dateModified\":\"2021-04-02T12:14:17+00:00\",\"breadcrumb\":{\"@id\":\"https:\/\/atlasgeoculturalafricaatual.com\/index.php\/2021\/04\/02\/africa-se-tornara-o-eixo-da-economia-global\/#breadcrumb\"},\"inLanguage\":\"pt-BR\",\"potentialAction\":[{\"@type\":\"ReadAction\",\"target\":[\"https:\/\/atlasgeoculturalafricaatual.com\/index.php\/2021\/04\/02\/africa-se-tornara-o-eixo-da-economia-global\/\"]}]},{\"@type\":\"BreadcrumbList\",\"@id\":\"https:\/\/atlasgeoculturalafricaatual.com\/index.php\/2021\/04\/02\/africa-se-tornara-o-eixo-da-economia-global\/#breadcrumb\",\"itemListElement\":[{\"@type\":\"ListItem\",\"position\":1,\"name\":\"In\u00edcio\",\"item\":\"https:\/\/atlasgeoculturalafricaatual.com\/\"},{\"@type\":\"ListItem\",\"position\":2,\"name\":\"\u00c1frica se tornar\u00e1 o eixo da economia global\"}]},{\"@type\":\"WebSite\",\"@id\":\"https:\/\/atlasgeoculturalafricaatual.com\/#website\",\"url\":\"https:\/\/atlasgeoculturalafricaatual.com\/\",\"name\":\"atlasgeoculturalafricaatual.com\",\"description\":\"O Atlas Geocultural da \u00c1frica \u00e9 um rico material de leitura e pesquisa, que visa apresentar de forma atual os pa\u00edses africanos, ainda t\u00e3o pouco conhecidos.\",\"publisher\":{\"@id\":\"https:\/\/atlasgeoculturalafricaatual.com\/#organization\"},\"potentialAction\":[{\"@type\":\"SearchAction\",\"target\":{\"@type\":\"EntryPoint\",\"urlTemplate\":\"https:\/\/atlasgeoculturalafricaatual.com\/?s={search_term_string}\"},\"query-input\":\"required name=search_term_string\"}],\"inLanguage\":\"pt-BR\"},{\"@type\":\"Organization\",\"@id\":\"https:\/\/atlasgeoculturalafricaatual.com\/#organization\",\"name\":\"atlasgeoculturalafricaatual.com\",\"url\":\"https:\/\/atlasgeoculturalafricaatual.com\/\",\"logo\":{\"@type\":\"ImageObject\",\"inLanguage\":\"pt-BR\",\"@id\":\"https:\/\/atlasgeoculturalafricaatual.com\/#\/schema\/logo\/image\/\",\"url\":\"http:\/\/atlasgeoculturalafricaatual.com\/wp-content\/uploads\/2023\/06\/LOGOEIROS_Prancheta-1-tipo-preto.png\",\"contentUrl\":\"http:\/\/atlasgeoculturalafricaatual.com\/wp-content\/uploads\/2023\/06\/LOGOEIROS_Prancheta-1-tipo-preto.png\",\"width\":1667,\"height\":730,\"caption\":\"atlasgeoculturalafricaatual.com\"},\"image\":{\"@id\":\"https:\/\/atlasgeoculturalafricaatual.com\/#\/schema\/logo\/image\/\"}},{\"@type\":\"Person\",\"@id\":\"https:\/\/atlasgeoculturalafricaatual.com\/#\/schema\/person\/eeee269288097965a8c6f963043e4062\",\"name\":\"atlasgeoculturalafricaatual.com\",\"image\":{\"@type\":\"ImageObject\",\"inLanguage\":\"pt-BR\",\"@id\":\"https:\/\/atlasgeoculturalafricaatual.com\/#\/schema\/person\/image\/\",\"url\":\"https:\/\/secure.gravatar.com\/avatar\/7af55f21031d350b316a54060d50821f?s=96&d=mm&r=g\",\"contentUrl\":\"https:\/\/secure.gravatar.com\/avatar\/7af55f21031d350b316a54060d50821f?s=96&d=mm&r=g\",\"caption\":\"atlasgeoculturalafricaatual.com\"},\"sameAs\":[\"http:\/\/atlasgeoculturalafricaatual.com\"],\"url\":\"https:\/\/atlasgeoculturalafricaatual.com\/index.php\/author\/atlasgeoculturalafricaatual-com\/\"}]}<\/script>\n<!-- \/ Yoast SEO plugin. -->","yoast_head_json":{"title":"\u00c1frica se tornar\u00e1 o eixo da economia global - atlasgeoculturalafricaatual.com","robots":{"index":"index","follow":"follow","max-snippet":"max-snippet:-1","max-image-preview":"max-image-preview:large","max-video-preview":"max-video-preview:-1"},"canonical":"https:\/\/atlasgeoculturalafricaatual.com\/index.php\/2021\/04\/02\/africa-se-tornara-o-eixo-da-economia-global\/","og_locale":"pt_BR","og_type":"article","og_title":"\u00c1frica se tornar\u00e1 o eixo da economia global - atlasgeoculturalafricaatual.com","og_description":"O t\u00edtulo da mat\u00e9ria pode parecer ousado, dado as informa\u00e7\u00f5es que est\u00e3o postadas, em m\u00e9dia, nas m\u00eddias brasileiras. Mas, \u00e9 um t\u00edtulo de publica\u00e7\u00e3o postada em httpsss:\/\/www.aa.com.tr\/en\/africa\/africa-to-become-global-economy-s-linchpin\/2184322 Abiy Ahmed, pr\u00eamio [&hellip;]","og_url":"https:\/\/atlasgeoculturalafricaatual.com\/index.php\/2021\/04\/02\/africa-se-tornara-o-eixo-da-economia-global\/","og_site_name":"atlasgeoculturalafricaatual.com","article_published_time":"2021-04-02T12:14:17+00:00","og_image":[{"url":"httpsss:\/\/africaatual.com.br\/wp-content\/uploads\/2021\/04\/abiy-ahmed-2.jpg"}],"author":"atlasgeoculturalafricaatual.com","twitter_card":"summary_large_image","twitter_misc":{"Escrito por":"atlasgeoculturalafricaatual.com","Est. tempo de leitura":"1 minuto"},"schema":{"@context":"https:\/\/schema.org","@graph":[{"@type":"Article","@id":"https:\/\/atlasgeoculturalafricaatual.com\/index.php\/2021\/04\/02\/africa-se-tornara-o-eixo-da-economia-global\/#article","isPartOf":{"@id":"https:\/\/atlasgeoculturalafricaatual.com\/index.php\/2021\/04\/02\/africa-se-tornara-o-eixo-da-economia-global\/"},"author":{"name":"atlasgeoculturalafricaatual.com","@id":"https:\/\/atlasgeoculturalafricaatual.com\/#\/schema\/person\/eeee269288097965a8c6f963043e4062"},"headline":"\u00c1frica se tornar\u00e1 o eixo da economia global","datePublished":"2021-04-02T12:14:17+00:00","dateModified":"2021-04-02T12:14:17+00:00","mainEntityOfPage":{"@id":"https:\/\/atlasgeoculturalafricaatual.com\/index.php\/2021\/04\/02\/africa-se-tornara-o-eixo-da-economia-global\/"},"wordCount":197,"commentCount":0,"publisher":{"@id":"https:\/\/atlasgeoculturalafricaatual.com\/#organization"},"articleSection":["A Africa"],"inLanguage":"pt-BR","potentialAction":[{"@type":"CommentAction","name":"Comment","target":["https:\/\/atlasgeoculturalafricaatual.com\/index.php\/2021\/04\/02\/africa-se-tornara-o-eixo-da-economia-global\/#respond"]}]},{"@type":"WebPage","@id":"https:\/\/atlasgeoculturalafricaatual.com\/index.php\/2021\/04\/02\/africa-se-tornara-o-eixo-da-economia-global\/","url":"https:\/\/atlasgeoculturalafricaatual.com\/index.php\/2021\/04\/02\/africa-se-tornara-o-eixo-da-economia-global\/","name":"\u00c1frica se tornar\u00e1 o eixo da economia global - atlasgeoculturalafricaatual.com","isPartOf":{"@id":"https:\/\/atlasgeoculturalafricaatual.com\/#website"},"datePublished":"2021-04-02T12:14:17+00:00","dateModified":"2021-04-02T12:14:17+00:00","breadcrumb":{"@id":"https:\/\/atlasgeoculturalafricaatual.com\/index.php\/2021\/04\/02\/africa-se-tornara-o-eixo-da-economia-global\/#breadcrumb"},"inLanguage":"pt-BR","potentialAction":[{"@type":"ReadAction","target":["https:\/\/atlasgeoculturalafricaatual.com\/index.php\/2021\/04\/02\/africa-se-tornara-o-eixo-da-economia-global\/"]}]},{"@type":"BreadcrumbList","@id":"https:\/\/atlasgeoculturalafricaatual.com\/index.php\/2021\/04\/02\/africa-se-tornara-o-eixo-da-economia-global\/#breadcrumb","itemListElement":[{"@type":"ListItem","position":1,"name":"In\u00edcio","item":"https:\/\/atlasgeoculturalafricaatual.com\/"},{"@type":"ListItem","position":2,"name":"\u00c1frica se tornar\u00e1 o eixo da economia global"}]},{"@type":"WebSite","@id":"https:\/\/atlasgeoculturalafricaatual.com\/#website","url":"https:\/\/atlasgeoculturalafricaatual.com\/","name":"atlasgeoculturalafricaatual.com","description":"O Atlas Geocultural da \u00c1frica \u00e9 um rico material de leitura e pesquisa, que visa apresentar de forma atual os pa\u00edses africanos, ainda t\u00e3o pouco conhecidos.","publisher":{"@id":"https:\/\/atlasgeoculturalafricaatual.com\/#organization"},"potentialAction":[{"@type":"SearchAction","target":{"@type":"EntryPoint","urlTemplate":"https:\/\/atlasgeoculturalafricaatual.com\/?s={search_term_string}"},"query-input":"required name=search_term_string"}],"inLanguage":"pt-BR"},{"@type":"Organization","@id":"https:\/\/atlasgeoculturalafricaatual.com\/#organization","name":"atlasgeoculturalafricaatual.com","url":"https:\/\/atlasgeoculturalafricaatual.com\/","logo":{"@type":"ImageObject","inLanguage":"pt-BR","@id":"https:\/\/atlasgeoculturalafricaatual.com\/#\/schema\/logo\/image\/","url":"http:\/\/atlasgeoculturalafricaatual.com\/wp-content\/uploads\/2023\/06\/LOGOEIROS_Prancheta-1-tipo-preto.png","contentUrl":"http:\/\/atlasgeoculturalafricaatual.com\/wp-content\/uploads\/2023\/06\/LOGOEIROS_Prancheta-1-tipo-preto.png","width":1667,"height":730,"caption":"atlasgeoculturalafricaatual.com"},"image":{"@id":"https:\/\/atlasgeoculturalafricaatual.com\/#\/schema\/logo\/image\/"}},{"@type":"Person","@id":"https:\/\/atlasgeoculturalafricaatual.com\/#\/schema\/person\/eeee269288097965a8c6f963043e4062","name":"atlasgeoculturalafricaatual.com","image":{"@type":"ImageObject","inLanguage":"pt-BR","@id":"https:\/\/atlasgeoculturalafricaatual.com\/#\/schema\/person\/image\/","url":"https:\/\/secure.gravatar.com\/avatar\/7af55f21031d350b316a54060d50821f?s=96&d=mm&r=g","contentUrl":"https:\/\/secure.gravatar.com\/avatar\/7af55f21031d350b316a54060d50821f?s=96&d=mm&r=g","caption":"atlasgeoculturalafricaatual.com"},"sameAs":["http:\/\/atlasgeoculturalafricaatual.com"],"url":"https:\/\/atlasgeoculturalafricaatual.com\/index.php\/author\/atlasgeoculturalafricaatual-com\/"}]}},"_links":{"self":[{"href":"https:\/\/atlasgeoculturalafricaatual.com\/index.php\/wp-json\/wp\/v2\/posts\/1625","targetHints":{"allow":["GET"]}}],"collection":[{"href":"https:\/\/atlasgeoculturalafricaatual.com\/index.php\/wp-json\/wp\/v2\/posts"}],"about":[{"href":"https:\/\/atlasgeoculturalafricaatual.com\/index.php\/wp-json\/wp\/v2\/types\/post"}],"author":[{"embeddable":true,"href":"https:\/\/atlasgeoculturalafricaatual.com\/index.php\/wp-json\/wp\/v2\/users\/1"}],"replies":[{"embeddable":true,"href":"https:\/\/atlasgeoculturalafricaatual.com\/index.php\/wp-json\/wp\/v2\/comments?post=1625"}],"version-history":[{"count":0,"href":"https:\/\/atlasgeoculturalafricaatual.com\/index.php\/wp-json\/wp\/v2\/posts\/1625\/revisions"}],"wp:featuredmedia":[{"embeddable":true,"href":"https:\/\/atlasgeoculturalafricaatual.com\/index.php\/wp-json\/wp\/v2\/media\/1627"}],"wp:attachment":[{"href":"https:\/\/atlasgeoculturalafricaatual.com\/index.php\/wp-json\/wp\/v2\/media?parent=1625"}],"wp:term":[{"taxonomy":"category","embeddable":true,"href":"https:\/\/atlasgeoculturalafricaatual.com\/index.php\/wp-json\/wp\/v2\/categories?post=1625"},{"taxonomy":"post_tag","embeddable":true,"href":"https:\/\/atlasgeoculturalafricaatual.com\/index.php\/wp-json\/wp\/v2\/tags?post=1625"},{"taxonomy":"palavra-chave","embeddable":true,"href":"https:\/\/atlasgeoculturalafricaatual.com\/index.php\/wp-json\/wp\/v2\/palavra-chave?post=1625"}],"curies":[{"name":"wp","href":"https:\/\/api.w.org\/{rel}","templated":true}]}}