{"id":1592,"date":"2021-01-31T14:40:18","date_gmt":"2021-01-31T17:40:18","guid":{"rendered":"https:\/\/atlasgeoculturalafricaatual.com\/index.php\/2021\/01\/31\/patrice-motsepe-voce-ja-ouviu-falar\/"},"modified":"2021-01-31T14:40:18","modified_gmt":"2021-01-31T17:40:18","slug":"patrice-motsepe-voce-ja-ouviu-falar","status":"publish","type":"post","link":"https:\/\/atlasgeoculturalafricaatual.com\/index.php\/2021\/01\/31\/patrice-motsepe-voce-ja-ouviu-falar\/","title":{"rendered":"Patrice Motsepe. Voc\u00ea j\u00e1 ouviu falar?"},"content":{"rendered":"\n<figure class=\"wp-block-image size-large\"><img loading=\"lazy\" decoding=\"async\" width=\"732\" height=\"419\" src=\"httpsss:\/\/africaatual.com.br\/wp-content\/uploads\/2021\/01\/mostepe.jpg\" alt=\"\" class=\"wp-image-1593\" srcset=\"https:\/\/atlasgeoculturalafricaatual.com\/wp-content\/uploads\/2021\/01\/mostepe.jpg 732w, https:\/\/atlasgeoculturalafricaatual.com\/wp-content\/uploads\/2021\/01\/mostepe-300x172.jpg 300w\" sizes=\"auto, (max-width: 732px) 100vw, 732px\" \/><figcaption>Patrice Motsepe (fonte: REUTERS \/ Ruben Sprich).<\/figcaption><\/figure>\n\n\n\n<p><strong>Juventude<\/strong><\/p>\n\n\n\n<p>Patrice Motsepe nasceu em 1962 no munic\u00edpio de Soweto, nos arredores de Joanesburgo.\u00a0Seu pai, Kgosi Augustine Motsepe, pertencia a um cl\u00e3 real da tribo Tswana e possu\u00eda uma loja spaza (uma pequena loja de conveni\u00eancia), perto de Pret\u00f3ria.\u00a0L\u00e1, o jovem Motsepe aprendeu o b\u00e1sico para administrar uma empresa.<\/p>\n\n\n\n<p><strong>Self-made man<\/strong><\/p>\n\n\n\n<p>Incomum para a \u00e9poca, os sete filhos da fam\u00edlia Motsepe conclu\u00edram a escola prim\u00e1ria em uma institui\u00e7\u00e3o cat\u00f3lica particular.&nbsp;Na d\u00e9cada de 1980, Motsepe recebeu um diploma de bacharel em artes na Universidade da Suazil\u00e2ndia e mais tarde recebeu permiss\u00e3o especial para se matricular na Universidade de Witwatersrand, uma institui\u00e7\u00e3o exclusivamente para brancos, onde se formou em direito de minera\u00e7\u00e3o e neg\u00f3cios.<\/p>\n\n\n\n<p>Em 1988, ele ingressou no escrit\u00f3rio de advocacia Bowman Gilfillan.&nbsp;Em 1994, apenas dois anos ap\u00f3s o fim do apartheid, ele se tornou o primeiro s\u00f3cio negro da empresa.<\/p>\n\n\n\n<p><strong>Minera\u00e7\u00e3o<\/strong><\/p>\n\n\n\n<p>Aproveitando a era p\u00f3s-apartheid, ele fundou a Future Mining em 1994 e lan\u00e7ou a African Rainbow Minerals Gold Limited em 1997, a primeira empresa de minera\u00e7\u00e3o pertencente a um sul-africano negro.\u00a0Motsepe construiu um imp\u00e9rio de pleno direito por meio de suas opera\u00e7\u00f5es de minera\u00e7\u00e3o de cobalto, n\u00edquel, min\u00e9rio de ferro, cobre e carv\u00e3o, e com o apoio do programa governamental Black Economic Empowerment (BEE).<\/p>\n\n\n\n<p><strong>Bilion\u00e1rio<\/strong><\/p>\n\n\n\n<p>Motsepe \u00e9 a personifica\u00e7\u00e3o perfeita do profissional negro em ascens\u00e3o que alavancou com sucesso as liberdades p\u00f3s-apartheid: de acordo com o \u00faltimo ranking de bilion\u00e1rios globais da revista Forbes, ele vem em d\u00e9cimo lugar e \u00e9 tamb\u00e9m o primeiro bilion\u00e1rio negro sul-africano.<\/p>\n\n\n\n<p><strong>Filantropo<\/strong><\/p>\n\n\n\n<p>Patrice criou a Motsepe Foundation, uma organiza\u00e7\u00e3o voltada para a melhoria da educa\u00e7\u00e3o e da sa\u00fade.\u00a0O bilion\u00e1rio \u00e9 tamb\u00e9m o primeiro africano a aderir ao The Giving Pledge, uma campanha fundada por Warren Buffett e Bill Gates.\u00a0Em 2013, ele concordou em doar metade de sua riqueza para causas beneficentes.<\/p>\n\n\n\n<p><strong>Mamelodi Sundowns Football Club<\/strong><\/p>\n\n\n\n<p>Desde 2004, Patrice \u00e9 presidente do Mamelodi Sundowns Football Club, a liga sul-africana com mais t\u00edtulos.&nbsp;Em 2016, foi coroado o vencedor da Liga dos Campe\u00f5es Africanos da CAF, ap\u00f3s derrotar na fase final a conceituada equipe eg\u00edpcia Zamalek.&nbsp;Em 2017, o clube conquistou a Superta\u00e7a CAF.<\/p>\n\n\n\n<p>Fonte: httpsss:\/\/www.theafricareport.com\/53598\/10-facts-about-south-africas-motsepe-the-latest-entrant-in-the-caf-presidential-race\/<\/p>\n","protected":false},"excerpt":{"rendered":"<p>Juventude Patrice Motsepe nasceu em 1962 no munic\u00edpio de Soweto, nos arredores de Joanesburgo.\u00a0Seu pai, Kgosi Augustine Motsepe, pertencia a um cl\u00e3 real da tribo Tswana e possu\u00eda uma loja [&hellip;]<\/p>\n","protected":false},"author":1,"featured_media":1593,"comment_status":"open","ping_status":"open","sticky":false,"template":"","format":"standard","meta":{"content-type":"","footnotes":""},"categories":[48],"tags":[],"palavra-chave":[],"class_list":["post-1592","post","type-post","status-publish","format-standard","has-post-thumbnail","hentry","category-sem-categoria","entry","has-media"],"aioseo_notices":[],"yoast_head":"<!-- This site is optimized with the Yoast SEO plugin v20.13 - https:\/\/yoast.com\/wordpress\/plugins\/seo\/ -->\n<title>Patrice Motsepe. Voc\u00ea j\u00e1 ouviu falar? - atlasgeoculturalafricaatual.com<\/title>\n<meta name=\"robots\" content=\"index, follow, max-snippet:-1, max-image-preview:large, max-video-preview:-1\" \/>\n<link rel=\"canonical\" href=\"https:\/\/atlasgeoculturalafricaatual.com\/index.php\/2021\/01\/31\/patrice-motsepe-voce-ja-ouviu-falar\/\" \/>\n<meta property=\"og:locale\" content=\"pt_BR\" \/>\n<meta property=\"og:type\" content=\"article\" \/>\n<meta property=\"og:title\" content=\"Patrice Motsepe. Voc\u00ea j\u00e1 ouviu falar? - atlasgeoculturalafricaatual.com\" \/>\n<meta property=\"og:description\" content=\"Juventude Patrice Motsepe nasceu em 1962 no munic\u00edpio de Soweto, nos arredores de Joanesburgo.\u00a0Seu pai, Kgosi Augustine Motsepe, pertencia a um cl\u00e3 real da tribo Tswana e possu\u00eda uma loja [&hellip;]\" \/>\n<meta property=\"og:url\" content=\"https:\/\/atlasgeoculturalafricaatual.com\/index.php\/2021\/01\/31\/patrice-motsepe-voce-ja-ouviu-falar\/\" \/>\n<meta property=\"og:site_name\" content=\"atlasgeoculturalafricaatual.com\" \/>\n<meta property=\"article:published_time\" content=\"2021-01-31T17:40:18+00:00\" \/>\n<meta property=\"og:image\" content=\"\" \/>\n<meta name=\"author\" content=\"atlasgeoculturalafricaatual.com\" \/>\n<meta name=\"twitter:card\" content=\"summary_large_image\" \/>\n<meta name=\"twitter:label1\" content=\"Escrito por\" \/>\n\t<meta name=\"twitter:data1\" content=\"atlasgeoculturalafricaatual.com\" \/>\n\t<meta name=\"twitter:label2\" content=\"Est. tempo de leitura\" \/>\n\t<meta name=\"twitter:data2\" content=\"2 minutos\" \/>\n<script type=\"application\/ld+json\" class=\"yoast-schema-graph\">{\"@context\":\"https:\/\/schema.org\",\"@graph\":[{\"@type\":\"Article\",\"@id\":\"https:\/\/atlasgeoculturalafricaatual.com\/index.php\/2021\/01\/31\/patrice-motsepe-voce-ja-ouviu-falar\/#article\",\"isPartOf\":{\"@id\":\"https:\/\/atlasgeoculturalafricaatual.com\/index.php\/2021\/01\/31\/patrice-motsepe-voce-ja-ouviu-falar\/\"},\"author\":{\"name\":\"atlasgeoculturalafricaatual.com\",\"@id\":\"https:\/\/atlasgeoculturalafricaatual.com\/#\/schema\/person\/eeee269288097965a8c6f963043e4062\"},\"headline\":\"Patrice Motsepe. Voc\u00ea j\u00e1 ouviu falar?\",\"datePublished\":\"2021-01-31T17:40:18+00:00\",\"dateModified\":\"2021-01-31T17:40:18+00:00\",\"mainEntityOfPage\":{\"@id\":\"https:\/\/atlasgeoculturalafricaatual.com\/index.php\/2021\/01\/31\/patrice-motsepe-voce-ja-ouviu-falar\/\"},\"wordCount\":411,\"commentCount\":1,\"publisher\":{\"@id\":\"https:\/\/atlasgeoculturalafricaatual.com\/#organization\"},\"articleSection\":[\"A Africa\"],\"inLanguage\":\"pt-BR\",\"potentialAction\":[{\"@type\":\"CommentAction\",\"name\":\"Comment\",\"target\":[\"https:\/\/atlasgeoculturalafricaatual.com\/index.php\/2021\/01\/31\/patrice-motsepe-voce-ja-ouviu-falar\/#respond\"]}]},{\"@type\":\"WebPage\",\"@id\":\"https:\/\/atlasgeoculturalafricaatual.com\/index.php\/2021\/01\/31\/patrice-motsepe-voce-ja-ouviu-falar\/\",\"url\":\"https:\/\/atlasgeoculturalafricaatual.com\/index.php\/2021\/01\/31\/patrice-motsepe-voce-ja-ouviu-falar\/\",\"name\":\"Patrice Motsepe. Voc\u00ea j\u00e1 ouviu falar? - atlasgeoculturalafricaatual.com\",\"isPartOf\":{\"@id\":\"https:\/\/atlasgeoculturalafricaatual.com\/#website\"},\"datePublished\":\"2021-01-31T17:40:18+00:00\",\"dateModified\":\"2021-01-31T17:40:18+00:00\",\"breadcrumb\":{\"@id\":\"https:\/\/atlasgeoculturalafricaatual.com\/index.php\/2021\/01\/31\/patrice-motsepe-voce-ja-ouviu-falar\/#breadcrumb\"},\"inLanguage\":\"pt-BR\",\"potentialAction\":[{\"@type\":\"ReadAction\",\"target\":[\"https:\/\/atlasgeoculturalafricaatual.com\/index.php\/2021\/01\/31\/patrice-motsepe-voce-ja-ouviu-falar\/\"]}]},{\"@type\":\"BreadcrumbList\",\"@id\":\"https:\/\/atlasgeoculturalafricaatual.com\/index.php\/2021\/01\/31\/patrice-motsepe-voce-ja-ouviu-falar\/#breadcrumb\",\"itemListElement\":[{\"@type\":\"ListItem\",\"position\":1,\"name\":\"In\u00edcio\",\"item\":\"https:\/\/atlasgeoculturalafricaatual.com\/\"},{\"@type\":\"ListItem\",\"position\":2,\"name\":\"Patrice Motsepe. Voc\u00ea j\u00e1 ouviu falar?\"}]},{\"@type\":\"WebSite\",\"@id\":\"https:\/\/atlasgeoculturalafricaatual.com\/#website\",\"url\":\"https:\/\/atlasgeoculturalafricaatual.com\/\",\"name\":\"atlasgeoculturalafricaatual.com\",\"description\":\"O Atlas Geocultural da \u00c1frica \u00e9 um rico material de leitura e pesquisa, que visa apresentar de forma atual os pa\u00edses africanos, ainda t\u00e3o pouco conhecidos.\",\"publisher\":{\"@id\":\"https:\/\/atlasgeoculturalafricaatual.com\/#organization\"},\"potentialAction\":[{\"@type\":\"SearchAction\",\"target\":{\"@type\":\"EntryPoint\",\"urlTemplate\":\"https:\/\/atlasgeoculturalafricaatual.com\/?s={search_term_string}\"},\"query-input\":\"required name=search_term_string\"}],\"inLanguage\":\"pt-BR\"},{\"@type\":\"Organization\",\"@id\":\"https:\/\/atlasgeoculturalafricaatual.com\/#organization\",\"name\":\"atlasgeoculturalafricaatual.com\",\"url\":\"https:\/\/atlasgeoculturalafricaatual.com\/\",\"logo\":{\"@type\":\"ImageObject\",\"inLanguage\":\"pt-BR\",\"@id\":\"https:\/\/atlasgeoculturalafricaatual.com\/#\/schema\/logo\/image\/\",\"url\":\"http:\/\/atlasgeoculturalafricaatual.com\/wp-content\/uploads\/2023\/06\/LOGOEIROS_Prancheta-1-tipo-preto.png\",\"contentUrl\":\"http:\/\/atlasgeoculturalafricaatual.com\/wp-content\/uploads\/2023\/06\/LOGOEIROS_Prancheta-1-tipo-preto.png\",\"width\":1667,\"height\":730,\"caption\":\"atlasgeoculturalafricaatual.com\"},\"image\":{\"@id\":\"https:\/\/atlasgeoculturalafricaatual.com\/#\/schema\/logo\/image\/\"}},{\"@type\":\"Person\",\"@id\":\"https:\/\/atlasgeoculturalafricaatual.com\/#\/schema\/person\/eeee269288097965a8c6f963043e4062\",\"name\":\"atlasgeoculturalafricaatual.com\",\"image\":{\"@type\":\"ImageObject\",\"inLanguage\":\"pt-BR\",\"@id\":\"https:\/\/atlasgeoculturalafricaatual.com\/#\/schema\/person\/image\/\",\"url\":\"https:\/\/secure.gravatar.com\/avatar\/7af55f21031d350b316a54060d50821f?s=96&d=mm&r=g\",\"contentUrl\":\"https:\/\/secure.gravatar.com\/avatar\/7af55f21031d350b316a54060d50821f?s=96&d=mm&r=g\",\"caption\":\"atlasgeoculturalafricaatual.com\"},\"sameAs\":[\"http:\/\/atlasgeoculturalafricaatual.com\"],\"url\":\"https:\/\/atlasgeoculturalafricaatual.com\/index.php\/author\/atlasgeoculturalafricaatual-com\/\"}]}<\/script>\n<!-- \/ Yoast SEO plugin. -->","yoast_head_json":{"title":"Patrice Motsepe. Voc\u00ea j\u00e1 ouviu falar? - atlasgeoculturalafricaatual.com","robots":{"index":"index","follow":"follow","max-snippet":"max-snippet:-1","max-image-preview":"max-image-preview:large","max-video-preview":"max-video-preview:-1"},"canonical":"https:\/\/atlasgeoculturalafricaatual.com\/index.php\/2021\/01\/31\/patrice-motsepe-voce-ja-ouviu-falar\/","og_locale":"pt_BR","og_type":"article","og_title":"Patrice Motsepe. Voc\u00ea j\u00e1 ouviu falar? - atlasgeoculturalafricaatual.com","og_description":"Juventude Patrice Motsepe nasceu em 1962 no munic\u00edpio de Soweto, nos arredores de Joanesburgo.\u00a0Seu pai, Kgosi Augustine Motsepe, pertencia a um cl\u00e3 real da tribo Tswana e possu\u00eda uma loja [&hellip;]","og_url":"https:\/\/atlasgeoculturalafricaatual.com\/index.php\/2021\/01\/31\/patrice-motsepe-voce-ja-ouviu-falar\/","og_site_name":"atlasgeoculturalafricaatual.com","article_published_time":"2021-01-31T17:40:18+00:00","og_image":[{"url":"httpsss:\/\/africaatual.com.br\/wp-content\/uploads\/2021\/01\/mostepe.jpg"}],"author":"atlasgeoculturalafricaatual.com","twitter_card":"summary_large_image","twitter_misc":{"Escrito por":"atlasgeoculturalafricaatual.com","Est. tempo de leitura":"2 minutos"},"schema":{"@context":"https:\/\/schema.org","@graph":[{"@type":"Article","@id":"https:\/\/atlasgeoculturalafricaatual.com\/index.php\/2021\/01\/31\/patrice-motsepe-voce-ja-ouviu-falar\/#article","isPartOf":{"@id":"https:\/\/atlasgeoculturalafricaatual.com\/index.php\/2021\/01\/31\/patrice-motsepe-voce-ja-ouviu-falar\/"},"author":{"name":"atlasgeoculturalafricaatual.com","@id":"https:\/\/atlasgeoculturalafricaatual.com\/#\/schema\/person\/eeee269288097965a8c6f963043e4062"},"headline":"Patrice Motsepe. Voc\u00ea j\u00e1 ouviu falar?","datePublished":"2021-01-31T17:40:18+00:00","dateModified":"2021-01-31T17:40:18+00:00","mainEntityOfPage":{"@id":"https:\/\/atlasgeoculturalafricaatual.com\/index.php\/2021\/01\/31\/patrice-motsepe-voce-ja-ouviu-falar\/"},"wordCount":411,"commentCount":1,"publisher":{"@id":"https:\/\/atlasgeoculturalafricaatual.com\/#organization"},"articleSection":["A Africa"],"inLanguage":"pt-BR","potentialAction":[{"@type":"CommentAction","name":"Comment","target":["https:\/\/atlasgeoculturalafricaatual.com\/index.php\/2021\/01\/31\/patrice-motsepe-voce-ja-ouviu-falar\/#respond"]}]},{"@type":"WebPage","@id":"https:\/\/atlasgeoculturalafricaatual.com\/index.php\/2021\/01\/31\/patrice-motsepe-voce-ja-ouviu-falar\/","url":"https:\/\/atlasgeoculturalafricaatual.com\/index.php\/2021\/01\/31\/patrice-motsepe-voce-ja-ouviu-falar\/","name":"Patrice Motsepe. Voc\u00ea j\u00e1 ouviu falar? - atlasgeoculturalafricaatual.com","isPartOf":{"@id":"https:\/\/atlasgeoculturalafricaatual.com\/#website"},"datePublished":"2021-01-31T17:40:18+00:00","dateModified":"2021-01-31T17:40:18+00:00","breadcrumb":{"@id":"https:\/\/atlasgeoculturalafricaatual.com\/index.php\/2021\/01\/31\/patrice-motsepe-voce-ja-ouviu-falar\/#breadcrumb"},"inLanguage":"pt-BR","potentialAction":[{"@type":"ReadAction","target":["https:\/\/atlasgeoculturalafricaatual.com\/index.php\/2021\/01\/31\/patrice-motsepe-voce-ja-ouviu-falar\/"]}]},{"@type":"BreadcrumbList","@id":"https:\/\/atlasgeoculturalafricaatual.com\/index.php\/2021\/01\/31\/patrice-motsepe-voce-ja-ouviu-falar\/#breadcrumb","itemListElement":[{"@type":"ListItem","position":1,"name":"In\u00edcio","item":"https:\/\/atlasgeoculturalafricaatual.com\/"},{"@type":"ListItem","position":2,"name":"Patrice Motsepe. Voc\u00ea j\u00e1 ouviu falar?"}]},{"@type":"WebSite","@id":"https:\/\/atlasgeoculturalafricaatual.com\/#website","url":"https:\/\/atlasgeoculturalafricaatual.com\/","name":"atlasgeoculturalafricaatual.com","description":"O Atlas Geocultural da \u00c1frica \u00e9 um rico material de leitura e pesquisa, que visa apresentar de forma atual os pa\u00edses africanos, ainda t\u00e3o pouco conhecidos.","publisher":{"@id":"https:\/\/atlasgeoculturalafricaatual.com\/#organization"},"potentialAction":[{"@type":"SearchAction","target":{"@type":"EntryPoint","urlTemplate":"https:\/\/atlasgeoculturalafricaatual.com\/?s={search_term_string}"},"query-input":"required name=search_term_string"}],"inLanguage":"pt-BR"},{"@type":"Organization","@id":"https:\/\/atlasgeoculturalafricaatual.com\/#organization","name":"atlasgeoculturalafricaatual.com","url":"https:\/\/atlasgeoculturalafricaatual.com\/","logo":{"@type":"ImageObject","inLanguage":"pt-BR","@id":"https:\/\/atlasgeoculturalafricaatual.com\/#\/schema\/logo\/image\/","url":"http:\/\/atlasgeoculturalafricaatual.com\/wp-content\/uploads\/2023\/06\/LOGOEIROS_Prancheta-1-tipo-preto.png","contentUrl":"http:\/\/atlasgeoculturalafricaatual.com\/wp-content\/uploads\/2023\/06\/LOGOEIROS_Prancheta-1-tipo-preto.png","width":1667,"height":730,"caption":"atlasgeoculturalafricaatual.com"},"image":{"@id":"https:\/\/atlasgeoculturalafricaatual.com\/#\/schema\/logo\/image\/"}},{"@type":"Person","@id":"https:\/\/atlasgeoculturalafricaatual.com\/#\/schema\/person\/eeee269288097965a8c6f963043e4062","name":"atlasgeoculturalafricaatual.com","image":{"@type":"ImageObject","inLanguage":"pt-BR","@id":"https:\/\/atlasgeoculturalafricaatual.com\/#\/schema\/person\/image\/","url":"https:\/\/secure.gravatar.com\/avatar\/7af55f21031d350b316a54060d50821f?s=96&d=mm&r=g","contentUrl":"https:\/\/secure.gravatar.com\/avatar\/7af55f21031d350b316a54060d50821f?s=96&d=mm&r=g","caption":"atlasgeoculturalafricaatual.com"},"sameAs":["http:\/\/atlasgeoculturalafricaatual.com"],"url":"https:\/\/atlasgeoculturalafricaatual.com\/index.php\/author\/atlasgeoculturalafricaatual-com\/"}]}},"_links":{"self":[{"href":"https:\/\/atlasgeoculturalafricaatual.com\/index.php\/wp-json\/wp\/v2\/posts\/1592","targetHints":{"allow":["GET"]}}],"collection":[{"href":"https:\/\/atlasgeoculturalafricaatual.com\/index.php\/wp-json\/wp\/v2\/posts"}],"about":[{"href":"https:\/\/atlasgeoculturalafricaatual.com\/index.php\/wp-json\/wp\/v2\/types\/post"}],"author":[{"embeddable":true,"href":"https:\/\/atlasgeoculturalafricaatual.com\/index.php\/wp-json\/wp\/v2\/users\/1"}],"replies":[{"embeddable":true,"href":"https:\/\/atlasgeoculturalafricaatual.com\/index.php\/wp-json\/wp\/v2\/comments?post=1592"}],"version-history":[{"count":0,"href":"https:\/\/atlasgeoculturalafricaatual.com\/index.php\/wp-json\/wp\/v2\/posts\/1592\/revisions"}],"wp:featuredmedia":[{"embeddable":true,"href":"https:\/\/atlasgeoculturalafricaatual.com\/index.php\/wp-json\/wp\/v2\/media\/1593"}],"wp:attachment":[{"href":"https:\/\/atlasgeoculturalafricaatual.com\/index.php\/wp-json\/wp\/v2\/media?parent=1592"}],"wp:term":[{"taxonomy":"category","embeddable":true,"href":"https:\/\/atlasgeoculturalafricaatual.com\/index.php\/wp-json\/wp\/v2\/categories?post=1592"},{"taxonomy":"post_tag","embeddable":true,"href":"https:\/\/atlasgeoculturalafricaatual.com\/index.php\/wp-json\/wp\/v2\/tags?post=1592"},{"taxonomy":"palavra-chave","embeddable":true,"href":"https:\/\/atlasgeoculturalafricaatual.com\/index.php\/wp-json\/wp\/v2\/palavra-chave?post=1592"}],"curies":[{"name":"wp","href":"https:\/\/api.w.org\/{rel}","templated":true}]}}