{"id":1546,"date":"2020-12-08T10:01:57","date_gmt":"2020-12-08T13:01:57","guid":{"rendered":"https:\/\/atlasgeoculturalafricaatual.com\/index.php\/2020\/12\/08\/global-black-youth-reune-os-jovens-negros\/"},"modified":"2020-12-08T10:01:57","modified_gmt":"2020-12-08T13:01:57","slug":"global-black-youth-reune-os-jovens-negros","status":"publish","type":"post","link":"https:\/\/atlasgeoculturalafricaatual.com\/index.php\/2020\/12\/08\/global-black-youth-reune-os-jovens-negros\/","title":{"rendered":"Global Black Youth re\u00fane os jovens negros"},"content":{"rendered":"\n<p>Global Black Youth re\u00fane os jovens negros mais inovadores e empreendedores do<br>mundo e investe neles para gerar solu\u00e7\u00f5es que podem impactar nossa sociedade global.<br>Trabalhamos no nexo de tecnologia, inova\u00e7\u00e3o e empreendedorismo.<br>Teremos nosso Global Black Youth Fest 2020 nos dias 11 e 12 de dezembro, reunindo<br>mais de 1.000 jovens negros inovadores e empreendedores. O evento \u00e9 projetado para<br>criar espa\u00e7os intencionais e alternativos para o avan\u00e7o das perspetivas, conhecimento,<br>posi\u00e7\u00f5es e condi\u00e7\u00f5es negras em uma escala global. O evento tamb\u00e9m apresentar\u00e1 um<br>Demo Day, um em Portugu\u00eas ou outro em Ingl\u00eas, conectando os fundadores negros ao<br>capital e recursos por meio de investidores, aceleradores e organiza\u00e7\u00f5es. O idioma<br>principal ser\u00e1 o ingl\u00eas, por\u00e9m teremos sess\u00f5es simult\u00e2neas em portugu\u00eas, espanhol e<br>franc\u00eas.<br>GBY social media handles:<br>Instagram: @globalblackyouth<br>Twitter: @gbyfest<br>Facebook: @globalblackyouth<br>LinkedIn: Global Black Youth<br>Hashtags to use for GBY: #globalblackyouth #weareglobalblackyouth #GBYFest2020<br>GBY Fest registration link: www.globalblackyouth.com\/gby-fest2020<\/p>\n\n\n\n<figure class=\"wp-block-image size-large\"><img loading=\"lazy\" decoding=\"async\" width=\"1024\" height=\"1024\" src=\"httpsss:\/\/africaatual.com.br\/wp-content\/uploads\/2020\/12\/bgy2-1024x1024.jpg\" alt=\"\" class=\"wp-image-1548\" srcset=\"https:\/\/atlasgeoculturalafricaatual.com\/wp-content\/uploads\/2020\/12\/bgy2-1024x1024.jpg 1024w, https:\/\/atlasgeoculturalafricaatual.com\/wp-content\/uploads\/2020\/12\/bgy2-300x300.jpg 300w, https:\/\/atlasgeoculturalafricaatual.com\/wp-content\/uploads\/2020\/12\/bgy2-150x150.jpg 150w, https:\/\/atlasgeoculturalafricaatual.com\/wp-content\/uploads\/2020\/12\/bgy2-768x768.jpg 768w, https:\/\/atlasgeoculturalafricaatual.com\/wp-content\/uploads\/2020\/12\/bgy2-600x600.jpg 600w, https:\/\/atlasgeoculturalafricaatual.com\/wp-content\/uploads\/2020\/12\/bgy2.jpg 1080w\" sizes=\"auto, (max-width: 1024px) 100vw, 1024px\" \/><\/figure>\n\n\n\n<figure class=\"wp-block-image size-large\"><img loading=\"lazy\" decoding=\"async\" width=\"1024\" height=\"1024\" src=\"httpsss:\/\/africaatual.com.br\/wp-content\/uploads\/2020\/12\/gby3-1024x1024.jpg\" alt=\"\" class=\"wp-image-1549\" srcset=\"https:\/\/atlasgeoculturalafricaatual.com\/wp-content\/uploads\/2020\/12\/gby3-1024x1024.jpg 1024w, https:\/\/atlasgeoculturalafricaatual.com\/wp-content\/uploads\/2020\/12\/gby3-300x300.jpg 300w, https:\/\/atlasgeoculturalafricaatual.com\/wp-content\/uploads\/2020\/12\/gby3-150x150.jpg 150w, https:\/\/atlasgeoculturalafricaatual.com\/wp-content\/uploads\/2020\/12\/gby3-768x768.jpg 768w, https:\/\/atlasgeoculturalafricaatual.com\/wp-content\/uploads\/2020\/12\/gby3-600x600.jpg 600w, https:\/\/atlasgeoculturalafricaatual.com\/wp-content\/uploads\/2020\/12\/gby3.jpg 1080w\" sizes=\"auto, (max-width: 1024px) 100vw, 1024px\" \/><\/figure>\n\n\n\n<figure class=\"wp-block-image size-large\"><img loading=\"lazy\" decoding=\"async\" width=\"1024\" height=\"1024\" src=\"httpsss:\/\/africaatual.com.br\/wp-content\/uploads\/2020\/12\/gby4-1024x1024.jpg\" alt=\"\" class=\"wp-image-1550\" srcset=\"https:\/\/atlasgeoculturalafricaatual.com\/wp-content\/uploads\/2020\/12\/gby4-1024x1024.jpg 1024w, https:\/\/atlasgeoculturalafricaatual.com\/wp-content\/uploads\/2020\/12\/gby4-300x300.jpg 300w, https:\/\/atlasgeoculturalafricaatual.com\/wp-content\/uploads\/2020\/12\/gby4-150x150.jpg 150w, https:\/\/atlasgeoculturalafricaatual.com\/wp-content\/uploads\/2020\/12\/gby4-768x768.jpg 768w, https:\/\/atlasgeoculturalafricaatual.com\/wp-content\/uploads\/2020\/12\/gby4-600x600.jpg 600w, https:\/\/atlasgeoculturalafricaatual.com\/wp-content\/uploads\/2020\/12\/gby4.jpg 1080w\" sizes=\"auto, (max-width: 1024px) 100vw, 1024px\" \/><\/figure>\n","protected":false},"excerpt":{"rendered":"<p>Global Black Youth re\u00fane os jovens negros mais inovadores e empreendedores domundo e investe neles para gerar solu\u00e7\u00f5es que podem impactar nossa sociedade global.Trabalhamos no nexo de tecnologia, inova\u00e7\u00e3o e [&hellip;]<\/p>\n","protected":false},"author":1,"featured_media":1547,"comment_status":"open","ping_status":"open","sticky":false,"template":"","format":"standard","meta":{"content-type":"","footnotes":""},"categories":[48],"tags":[],"palavra-chave":[],"class_list":["post-1546","post","type-post","status-publish","format-standard","has-post-thumbnail","hentry","category-sem-categoria","entry","has-media"],"aioseo_notices":[],"yoast_head":"<!-- This site is optimized with the Yoast SEO plugin v20.13 - https:\/\/yoast.com\/wordpress\/plugins\/seo\/ -->\n<title>Global Black Youth re\u00fane os jovens negros - atlasgeoculturalafricaatual.com<\/title>\n<meta name=\"robots\" content=\"index, follow, max-snippet:-1, max-image-preview:large, max-video-preview:-1\" \/>\n<link rel=\"canonical\" href=\"https:\/\/atlasgeoculturalafricaatual.com\/index.php\/2020\/12\/08\/global-black-youth-reune-os-jovens-negros\/\" \/>\n<meta property=\"og:locale\" content=\"pt_BR\" \/>\n<meta property=\"og:type\" content=\"article\" \/>\n<meta property=\"og:title\" content=\"Global Black Youth re\u00fane os jovens negros - atlasgeoculturalafricaatual.com\" \/>\n<meta property=\"og:description\" content=\"Global Black Youth re\u00fane os jovens negros mais inovadores e empreendedores domundo e investe neles para gerar solu\u00e7\u00f5es que podem impactar nossa sociedade global.Trabalhamos no nexo de tecnologia, inova\u00e7\u00e3o e [&hellip;]\" \/>\n<meta property=\"og:url\" content=\"https:\/\/atlasgeoculturalafricaatual.com\/index.php\/2020\/12\/08\/global-black-youth-reune-os-jovens-negros\/\" \/>\n<meta property=\"og:site_name\" content=\"atlasgeoculturalafricaatual.com\" \/>\n<meta property=\"article:published_time\" content=\"2020-12-08T13:01:57+00:00\" \/>\n<meta property=\"og:image\" content=\"\" \/>\n<meta name=\"author\" content=\"atlasgeoculturalafricaatual.com\" \/>\n<meta name=\"twitter:card\" content=\"summary_large_image\" \/>\n<meta name=\"twitter:label1\" content=\"Escrito por\" \/>\n\t<meta name=\"twitter:data1\" content=\"atlasgeoculturalafricaatual.com\" \/>\n\t<meta name=\"twitter:label2\" content=\"Est. tempo de leitura\" \/>\n\t<meta name=\"twitter:data2\" content=\"1 minuto\" \/>\n<script type=\"application\/ld+json\" class=\"yoast-schema-graph\">{\"@context\":\"https:\/\/schema.org\",\"@graph\":[{\"@type\":\"Article\",\"@id\":\"https:\/\/atlasgeoculturalafricaatual.com\/index.php\/2020\/12\/08\/global-black-youth-reune-os-jovens-negros\/#article\",\"isPartOf\":{\"@id\":\"https:\/\/atlasgeoculturalafricaatual.com\/index.php\/2020\/12\/08\/global-black-youth-reune-os-jovens-negros\/\"},\"author\":{\"name\":\"atlasgeoculturalafricaatual.com\",\"@id\":\"https:\/\/atlasgeoculturalafricaatual.com\/#\/schema\/person\/eeee269288097965a8c6f963043e4062\"},\"headline\":\"Global Black Youth re\u00fane os jovens negros\",\"datePublished\":\"2020-12-08T13:01:57+00:00\",\"dateModified\":\"2020-12-08T13:01:57+00:00\",\"mainEntityOfPage\":{\"@id\":\"https:\/\/atlasgeoculturalafricaatual.com\/index.php\/2020\/12\/08\/global-black-youth-reune-os-jovens-negros\/\"},\"wordCount\":163,\"commentCount\":0,\"publisher\":{\"@id\":\"https:\/\/atlasgeoculturalafricaatual.com\/#organization\"},\"articleSection\":[\"A Africa\"],\"inLanguage\":\"pt-BR\",\"potentialAction\":[{\"@type\":\"CommentAction\",\"name\":\"Comment\",\"target\":[\"https:\/\/atlasgeoculturalafricaatual.com\/index.php\/2020\/12\/08\/global-black-youth-reune-os-jovens-negros\/#respond\"]}]},{\"@type\":\"WebPage\",\"@id\":\"https:\/\/atlasgeoculturalafricaatual.com\/index.php\/2020\/12\/08\/global-black-youth-reune-os-jovens-negros\/\",\"url\":\"https:\/\/atlasgeoculturalafricaatual.com\/index.php\/2020\/12\/08\/global-black-youth-reune-os-jovens-negros\/\",\"name\":\"Global Black Youth re\u00fane os jovens negros - atlasgeoculturalafricaatual.com\",\"isPartOf\":{\"@id\":\"https:\/\/atlasgeoculturalafricaatual.com\/#website\"},\"datePublished\":\"2020-12-08T13:01:57+00:00\",\"dateModified\":\"2020-12-08T13:01:57+00:00\",\"breadcrumb\":{\"@id\":\"https:\/\/atlasgeoculturalafricaatual.com\/index.php\/2020\/12\/08\/global-black-youth-reune-os-jovens-negros\/#breadcrumb\"},\"inLanguage\":\"pt-BR\",\"potentialAction\":[{\"@type\":\"ReadAction\",\"target\":[\"https:\/\/atlasgeoculturalafricaatual.com\/index.php\/2020\/12\/08\/global-black-youth-reune-os-jovens-negros\/\"]}]},{\"@type\":\"BreadcrumbList\",\"@id\":\"https:\/\/atlasgeoculturalafricaatual.com\/index.php\/2020\/12\/08\/global-black-youth-reune-os-jovens-negros\/#breadcrumb\",\"itemListElement\":[{\"@type\":\"ListItem\",\"position\":1,\"name\":\"In\u00edcio\",\"item\":\"https:\/\/atlasgeoculturalafricaatual.com\/\"},{\"@type\":\"ListItem\",\"position\":2,\"name\":\"Global Black Youth re\u00fane os jovens negros\"}]},{\"@type\":\"WebSite\",\"@id\":\"https:\/\/atlasgeoculturalafricaatual.com\/#website\",\"url\":\"https:\/\/atlasgeoculturalafricaatual.com\/\",\"name\":\"atlasgeoculturalafricaatual.com\",\"description\":\"O Atlas Geocultural da \u00c1frica \u00e9 um rico material de leitura e pesquisa, que visa apresentar de forma atual os pa\u00edses africanos, ainda t\u00e3o pouco conhecidos.\",\"publisher\":{\"@id\":\"https:\/\/atlasgeoculturalafricaatual.com\/#organization\"},\"potentialAction\":[{\"@type\":\"SearchAction\",\"target\":{\"@type\":\"EntryPoint\",\"urlTemplate\":\"https:\/\/atlasgeoculturalafricaatual.com\/?s={search_term_string}\"},\"query-input\":\"required name=search_term_string\"}],\"inLanguage\":\"pt-BR\"},{\"@type\":\"Organization\",\"@id\":\"https:\/\/atlasgeoculturalafricaatual.com\/#organization\",\"name\":\"atlasgeoculturalafricaatual.com\",\"url\":\"https:\/\/atlasgeoculturalafricaatual.com\/\",\"logo\":{\"@type\":\"ImageObject\",\"inLanguage\":\"pt-BR\",\"@id\":\"https:\/\/atlasgeoculturalafricaatual.com\/#\/schema\/logo\/image\/\",\"url\":\"http:\/\/atlasgeoculturalafricaatual.com\/wp-content\/uploads\/2023\/06\/LOGOEIROS_Prancheta-1-tipo-preto.png\",\"contentUrl\":\"http:\/\/atlasgeoculturalafricaatual.com\/wp-content\/uploads\/2023\/06\/LOGOEIROS_Prancheta-1-tipo-preto.png\",\"width\":1667,\"height\":730,\"caption\":\"atlasgeoculturalafricaatual.com\"},\"image\":{\"@id\":\"https:\/\/atlasgeoculturalafricaatual.com\/#\/schema\/logo\/image\/\"}},{\"@type\":\"Person\",\"@id\":\"https:\/\/atlasgeoculturalafricaatual.com\/#\/schema\/person\/eeee269288097965a8c6f963043e4062\",\"name\":\"atlasgeoculturalafricaatual.com\",\"image\":{\"@type\":\"ImageObject\",\"inLanguage\":\"pt-BR\",\"@id\":\"https:\/\/atlasgeoculturalafricaatual.com\/#\/schema\/person\/image\/\",\"url\":\"https:\/\/secure.gravatar.com\/avatar\/7af55f21031d350b316a54060d50821f?s=96&d=mm&r=g\",\"contentUrl\":\"https:\/\/secure.gravatar.com\/avatar\/7af55f21031d350b316a54060d50821f?s=96&d=mm&r=g\",\"caption\":\"atlasgeoculturalafricaatual.com\"},\"sameAs\":[\"http:\/\/atlasgeoculturalafricaatual.com\"],\"url\":\"https:\/\/atlasgeoculturalafricaatual.com\/index.php\/author\/atlasgeoculturalafricaatual-com\/\"}]}<\/script>\n<!-- \/ Yoast SEO plugin. -->","yoast_head_json":{"title":"Global Black Youth re\u00fane os jovens negros - atlasgeoculturalafricaatual.com","robots":{"index":"index","follow":"follow","max-snippet":"max-snippet:-1","max-image-preview":"max-image-preview:large","max-video-preview":"max-video-preview:-1"},"canonical":"https:\/\/atlasgeoculturalafricaatual.com\/index.php\/2020\/12\/08\/global-black-youth-reune-os-jovens-negros\/","og_locale":"pt_BR","og_type":"article","og_title":"Global Black Youth re\u00fane os jovens negros - atlasgeoculturalafricaatual.com","og_description":"Global Black Youth re\u00fane os jovens negros mais inovadores e empreendedores domundo e investe neles para gerar solu\u00e7\u00f5es que podem impactar nossa sociedade global.Trabalhamos no nexo de tecnologia, inova\u00e7\u00e3o e [&hellip;]","og_url":"https:\/\/atlasgeoculturalafricaatual.com\/index.php\/2020\/12\/08\/global-black-youth-reune-os-jovens-negros\/","og_site_name":"atlasgeoculturalafricaatual.com","article_published_time":"2020-12-08T13:01:57+00:00","og_image":[{"url":"httpsss:\/\/africaatual.com.br\/wp-content\/uploads\/2020\/12\/bgy2-1024x1024.jpg"}],"author":"atlasgeoculturalafricaatual.com","twitter_card":"summary_large_image","twitter_misc":{"Escrito por":"atlasgeoculturalafricaatual.com","Est. tempo de leitura":"1 minuto"},"schema":{"@context":"https:\/\/schema.org","@graph":[{"@type":"Article","@id":"https:\/\/atlasgeoculturalafricaatual.com\/index.php\/2020\/12\/08\/global-black-youth-reune-os-jovens-negros\/#article","isPartOf":{"@id":"https:\/\/atlasgeoculturalafricaatual.com\/index.php\/2020\/12\/08\/global-black-youth-reune-os-jovens-negros\/"},"author":{"name":"atlasgeoculturalafricaatual.com","@id":"https:\/\/atlasgeoculturalafricaatual.com\/#\/schema\/person\/eeee269288097965a8c6f963043e4062"},"headline":"Global Black Youth re\u00fane os jovens negros","datePublished":"2020-12-08T13:01:57+00:00","dateModified":"2020-12-08T13:01:57+00:00","mainEntityOfPage":{"@id":"https:\/\/atlasgeoculturalafricaatual.com\/index.php\/2020\/12\/08\/global-black-youth-reune-os-jovens-negros\/"},"wordCount":163,"commentCount":0,"publisher":{"@id":"https:\/\/atlasgeoculturalafricaatual.com\/#organization"},"articleSection":["A Africa"],"inLanguage":"pt-BR","potentialAction":[{"@type":"CommentAction","name":"Comment","target":["https:\/\/atlasgeoculturalafricaatual.com\/index.php\/2020\/12\/08\/global-black-youth-reune-os-jovens-negros\/#respond"]}]},{"@type":"WebPage","@id":"https:\/\/atlasgeoculturalafricaatual.com\/index.php\/2020\/12\/08\/global-black-youth-reune-os-jovens-negros\/","url":"https:\/\/atlasgeoculturalafricaatual.com\/index.php\/2020\/12\/08\/global-black-youth-reune-os-jovens-negros\/","name":"Global Black Youth re\u00fane os jovens negros - atlasgeoculturalafricaatual.com","isPartOf":{"@id":"https:\/\/atlasgeoculturalafricaatual.com\/#website"},"datePublished":"2020-12-08T13:01:57+00:00","dateModified":"2020-12-08T13:01:57+00:00","breadcrumb":{"@id":"https:\/\/atlasgeoculturalafricaatual.com\/index.php\/2020\/12\/08\/global-black-youth-reune-os-jovens-negros\/#breadcrumb"},"inLanguage":"pt-BR","potentialAction":[{"@type":"ReadAction","target":["https:\/\/atlasgeoculturalafricaatual.com\/index.php\/2020\/12\/08\/global-black-youth-reune-os-jovens-negros\/"]}]},{"@type":"BreadcrumbList","@id":"https:\/\/atlasgeoculturalafricaatual.com\/index.php\/2020\/12\/08\/global-black-youth-reune-os-jovens-negros\/#breadcrumb","itemListElement":[{"@type":"ListItem","position":1,"name":"In\u00edcio","item":"https:\/\/atlasgeoculturalafricaatual.com\/"},{"@type":"ListItem","position":2,"name":"Global Black Youth re\u00fane os jovens negros"}]},{"@type":"WebSite","@id":"https:\/\/atlasgeoculturalafricaatual.com\/#website","url":"https:\/\/atlasgeoculturalafricaatual.com\/","name":"atlasgeoculturalafricaatual.com","description":"O Atlas Geocultural da \u00c1frica \u00e9 um rico material de leitura e pesquisa, que visa apresentar de forma atual os pa\u00edses africanos, ainda t\u00e3o pouco conhecidos.","publisher":{"@id":"https:\/\/atlasgeoculturalafricaatual.com\/#organization"},"potentialAction":[{"@type":"SearchAction","target":{"@type":"EntryPoint","urlTemplate":"https:\/\/atlasgeoculturalafricaatual.com\/?s={search_term_string}"},"query-input":"required name=search_term_string"}],"inLanguage":"pt-BR"},{"@type":"Organization","@id":"https:\/\/atlasgeoculturalafricaatual.com\/#organization","name":"atlasgeoculturalafricaatual.com","url":"https:\/\/atlasgeoculturalafricaatual.com\/","logo":{"@type":"ImageObject","inLanguage":"pt-BR","@id":"https:\/\/atlasgeoculturalafricaatual.com\/#\/schema\/logo\/image\/","url":"http:\/\/atlasgeoculturalafricaatual.com\/wp-content\/uploads\/2023\/06\/LOGOEIROS_Prancheta-1-tipo-preto.png","contentUrl":"http:\/\/atlasgeoculturalafricaatual.com\/wp-content\/uploads\/2023\/06\/LOGOEIROS_Prancheta-1-tipo-preto.png","width":1667,"height":730,"caption":"atlasgeoculturalafricaatual.com"},"image":{"@id":"https:\/\/atlasgeoculturalafricaatual.com\/#\/schema\/logo\/image\/"}},{"@type":"Person","@id":"https:\/\/atlasgeoculturalafricaatual.com\/#\/schema\/person\/eeee269288097965a8c6f963043e4062","name":"atlasgeoculturalafricaatual.com","image":{"@type":"ImageObject","inLanguage":"pt-BR","@id":"https:\/\/atlasgeoculturalafricaatual.com\/#\/schema\/person\/image\/","url":"https:\/\/secure.gravatar.com\/avatar\/7af55f21031d350b316a54060d50821f?s=96&d=mm&r=g","contentUrl":"https:\/\/secure.gravatar.com\/avatar\/7af55f21031d350b316a54060d50821f?s=96&d=mm&r=g","caption":"atlasgeoculturalafricaatual.com"},"sameAs":["http:\/\/atlasgeoculturalafricaatual.com"],"url":"https:\/\/atlasgeoculturalafricaatual.com\/index.php\/author\/atlasgeoculturalafricaatual-com\/"}]}},"_links":{"self":[{"href":"https:\/\/atlasgeoculturalafricaatual.com\/index.php\/wp-json\/wp\/v2\/posts\/1546","targetHints":{"allow":["GET"]}}],"collection":[{"href":"https:\/\/atlasgeoculturalafricaatual.com\/index.php\/wp-json\/wp\/v2\/posts"}],"about":[{"href":"https:\/\/atlasgeoculturalafricaatual.com\/index.php\/wp-json\/wp\/v2\/types\/post"}],"author":[{"embeddable":true,"href":"https:\/\/atlasgeoculturalafricaatual.com\/index.php\/wp-json\/wp\/v2\/users\/1"}],"replies":[{"embeddable":true,"href":"https:\/\/atlasgeoculturalafricaatual.com\/index.php\/wp-json\/wp\/v2\/comments?post=1546"}],"version-history":[{"count":0,"href":"https:\/\/atlasgeoculturalafricaatual.com\/index.php\/wp-json\/wp\/v2\/posts\/1546\/revisions"}],"wp:featuredmedia":[{"embeddable":true,"href":"https:\/\/atlasgeoculturalafricaatual.com\/index.php\/wp-json\/wp\/v2\/media\/1547"}],"wp:attachment":[{"href":"https:\/\/atlasgeoculturalafricaatual.com\/index.php\/wp-json\/wp\/v2\/media?parent=1546"}],"wp:term":[{"taxonomy":"category","embeddable":true,"href":"https:\/\/atlasgeoculturalafricaatual.com\/index.php\/wp-json\/wp\/v2\/categories?post=1546"},{"taxonomy":"post_tag","embeddable":true,"href":"https:\/\/atlasgeoculturalafricaatual.com\/index.php\/wp-json\/wp\/v2\/tags?post=1546"},{"taxonomy":"palavra-chave","embeddable":true,"href":"https:\/\/atlasgeoculturalafricaatual.com\/index.php\/wp-json\/wp\/v2\/palavra-chave?post=1546"}],"curies":[{"name":"wp","href":"https:\/\/api.w.org\/{rel}","templated":true}]}}