{"id":1526,"date":"2020-11-27T20:35:19","date_gmt":"2020-11-27T23:35:19","guid":{"rendered":"https:\/\/atlasgeoculturalafricaatual.com\/index.php\/2020\/11\/27\/uganda-uma-autoestrada-simbolo-de-modernidade\/"},"modified":"2020-11-27T20:35:19","modified_gmt":"2020-11-27T23:35:19","slug":"uganda-uma-autoestrada-simbolo-de-modernidade","status":"publish","type":"post","link":"https:\/\/atlasgeoculturalafricaatual.com\/index.php\/2020\/11\/27\/uganda-uma-autoestrada-simbolo-de-modernidade\/","title":{"rendered":"Uganda: uma autoestrada s\u00edmbolo de modernidade."},"content":{"rendered":"\t\t<div data-elementor-type=\"wp-post\" data-elementor-id=\"1526\" class=\"elementor elementor-1526\">\n\t\t\t\t\t\t\t\t\t<section class=\"elementor-section elementor-top-section elementor-element elementor-element-934b28d elementor-section-boxed elementor-section-height-default elementor-section-height-default\" data-id=\"934b28d\" data-element_type=\"section\">\n\t\t\t\t\t\t<div class=\"elementor-container elementor-column-gap-default\">\n\t\t\t\t\t<div class=\"elementor-column elementor-col-100 elementor-top-column elementor-element elementor-element-305277e7\" data-id=\"305277e7\" data-element_type=\"column\">\n\t\t\t<div class=\"elementor-widget-wrap elementor-element-populated\">\n\t\t\t\t\t\t\t\t<div class=\"elementor-element elementor-element-539f693e elementor-widget elementor-widget-text-editor\" data-id=\"539f693e\" data-element_type=\"widget\" data-widget_type=\"text-editor.default\">\n\t\t\t\t<div class=\"elementor-widget-container\">\n\t\t\t<style>\/*! elementor - v3.15.0 - 02-08-2023 *\/\n.elementor-widget-text-editor.elementor-drop-cap-view-stacked .elementor-drop-cap{background-color:#69727d;color:#fff}.elementor-widget-text-editor.elementor-drop-cap-view-framed .elementor-drop-cap{color:#69727d;border:3px solid;background-color:transparent}.elementor-widget-text-editor:not(.elementor-drop-cap-view-default) .elementor-drop-cap{margin-top:8px}.elementor-widget-text-editor:not(.elementor-drop-cap-view-default) .elementor-drop-cap-letter{width:1em;height:1em}.elementor-widget-text-editor .elementor-drop-cap{float:left;text-align:center;line-height:1;font-size:50px}.elementor-widget-text-editor .elementor-drop-cap-letter{display:inline-block}<\/style>\t\t\t\t<!-- wp:heading {\"level\":4} -->\n<h4>O futuro de Uganda nasce com uma via expressa verde, Por Gerald Tenywa<\/h4>\n<!-- \/wp:heading -->\n\n<!-- wp:paragraph -->\n<p>Mat\u00e9ria publicada em:  httpsss:\/\/www.newvision.co.ug\/news\/1533094\/uganda-future-born-green-expressway<\/p>\n<!-- \/wp:paragraph -->\n\n<!-- wp:paragraph -->\n<p>&#8220;A via expressa Kampala-Entebbe \u00e9 a primeira estrada de Uganda a ser suspensa sobre zonas \u00famidas e est\u00e1 prometendo se tornar um modelo de como a infraestrutura de concreto pode ser integrada ao ambiente natural.&#8221;<\/p>\n<!-- \/wp:paragraph -->\t\t\t\t\t\t<\/div>\n\t\t\t\t<\/div>\n\t\t\t\t\t<\/div>\n\t\t<\/div>\n\t\t\t\t\t\t\t<\/div>\n\t\t<\/section>\n\t\t\t\t<section class=\"elementor-section elementor-top-section elementor-element elementor-element-9d10aed elementor-section-boxed elementor-section-height-default elementor-section-height-default\" data-id=\"9d10aed\" data-element_type=\"section\">\n\t\t\t\t\t\t<div class=\"elementor-container elementor-column-gap-default\">\n\t\t\t\t\t<div class=\"elementor-column elementor-col-100 elementor-top-column elementor-element elementor-element-620d62a\" data-id=\"620d62a\" data-element_type=\"column\">\n\t\t\t<div class=\"elementor-widget-wrap elementor-element-populated\">\n\t\t\t\t\t\t\t\t<div class=\"elementor-element elementor-element-b3df269 elementor-widget elementor-widget-image\" data-id=\"b3df269\" data-element_type=\"widget\" data-widget_type=\"image.default\">\n\t\t\t\t<div class=\"elementor-widget-container\">\n\t\t\t<style>\/*! elementor - v3.15.0 - 02-08-2023 *\/\n.elementor-widget-image{text-align:center}.elementor-widget-image a{display:inline-block}.elementor-widget-image a img[src$=\".svg\"]{width:48px}.elementor-widget-image img{vertical-align:middle;display:inline-block}<\/style>\t\t\t\t\t\t\t\t\t\t\t\t<img loading=\"lazy\" decoding=\"async\" width=\"318\" height=\"159\" src=\"https:\/\/atlasgeoculturalafricaatual.com\/wp-content\/uploads\/2020\/11\/uganda-2.jpg\" class=\"attachment-large size-large wp-image-1530\" alt=\"\" srcset=\"https:\/\/atlasgeoculturalafricaatual.com\/wp-content\/uploads\/2020\/11\/uganda-2.jpg 318w, https:\/\/atlasgeoculturalafricaatual.com\/wp-content\/uploads\/2020\/11\/uganda-2-300x150.jpg 300w\" sizes=\"auto, (max-width: 318px) 100vw, 318px\" \/>\t\t\t\t\t\t\t\t\t\t\t\t\t\t\t<\/div>\n\t\t\t\t<\/div>\n\t\t\t\t\t<\/div>\n\t\t<\/div>\n\t\t\t\t\t\t\t<\/div>\n\t\t<\/section>\n\t\t\t\t<section class=\"elementor-section elementor-top-section elementor-element elementor-element-3865762 elementor-section-boxed elementor-section-height-default elementor-section-height-default\" data-id=\"3865762\" data-element_type=\"section\">\n\t\t\t\t\t\t<div class=\"elementor-container elementor-column-gap-default\">\n\t\t\t\t\t<div class=\"elementor-column elementor-col-100 elementor-top-column elementor-element elementor-element-42645cc\" data-id=\"42645cc\" data-element_type=\"column\">\n\t\t\t<div class=\"elementor-widget-wrap elementor-element-populated\">\n\t\t\t\t\t\t\t\t<div class=\"elementor-element elementor-element-47ec2a7 elementor-widget elementor-widget-text-editor\" data-id=\"47ec2a7\" data-element_type=\"widget\" data-widget_type=\"text-editor.default\">\n\t\t\t\t<div class=\"elementor-widget-container\">\n\t\t\t\t\t\t\t<p><strong><span>&#8220;\u00c0 primeira vista, a via expressa Entebbe mostra que Uganda est\u00e1 entrando na modernidade das superestradas. Esta \u00e9 a opini\u00e3o de Robert Kamya, morador de Kampala, que usou a via expressa e tamb\u00e9m viajou para a Nig\u00e9ria e a \u00c1frica do Sul.<\/span><\/strong><br \/><br \/><span>&#8220;\u00c9 um espet\u00e1culo&#8221;, disse Kamya \u00e0 New Vision em uma entrevista.\u00a0&#8220;A via expressa Kampala-Entebbe \u00e9 t\u00e3o bonita quanto as rodovias de Abuja, Nig\u00e9ria e Joanesburgo, \u00c1frica do Sul.&#8221;<\/span><br \/><br \/><span>\u00c0 dist\u00e2ncia, voc\u00ea v\u00ea o trabalho da tecnologia moderna \u00e0 medida que a estrada serpenteia pelas \u00e1reas periurbanas, situando-se na parte sul da Grande Kampala e no distrito de Wakiso.\u00a0A estrada foi constru\u00edda para conectar Kampala ao aeroporto de Entebbe.<\/span><br \/><br \/><span>Al\u00e9m de sua beleza, a via expressa Kampala-Entebbe tamb\u00e9m \u00e9 ecol\u00f3gica.\u00a0Os ricos ativos ecol\u00f3gicos, como os p\u00e2ntanos, foram deixados intactos porque a rodovia est\u00e1 suspensa sobre faixas de p\u00e2ntanos.\u00a0Os p\u00e2ntanos desempenham pap\u00e9is consagrados pelo tempo de limpeza de \u00e1guas residuais e armazenamento de \u00e1gua.&#8221;<\/span><\/p>\t\t\t\t\t\t<\/div>\n\t\t\t\t<\/div>\n\t\t\t\t\t<\/div>\n\t\t<\/div>\n\t\t\t\t\t\t\t<\/div>\n\t\t<\/section>\n\t\t\t\t<section class=\"elementor-section elementor-top-section elementor-element elementor-element-d9b0607 elementor-section-boxed elementor-section-height-default elementor-section-height-default\" data-id=\"d9b0607\" data-element_type=\"section\">\n\t\t\t\t\t\t<div class=\"elementor-container elementor-column-gap-default\">\n\t\t\t\t\t<div class=\"elementor-column elementor-col-100 elementor-top-column elementor-element elementor-element-20434dc\" data-id=\"20434dc\" data-element_type=\"column\">\n\t\t\t<div class=\"elementor-widget-wrap elementor-element-populated\">\n\t\t\t\t\t\t\t\t<div class=\"elementor-element elementor-element-19ec83c elementor-widget elementor-widget-image\" data-id=\"19ec83c\" data-element_type=\"widget\" data-widget_type=\"image.default\">\n\t\t\t\t<div class=\"elementor-widget-container\">\n\t\t\t\t\t\t\t\t\t\t\t\t\t\t\t<img loading=\"lazy\" decoding=\"async\" width=\"300\" height=\"168\" src=\"https:\/\/atlasgeoculturalafricaatual.com\/wp-content\/uploads\/2020\/11\/uganda-3.jpg\" class=\"attachment-large size-large wp-image-1533\" alt=\"\" \/>\t\t\t\t\t\t\t\t\t\t\t\t\t\t\t<\/div>\n\t\t\t\t<\/div>\n\t\t\t\t\t<\/div>\n\t\t<\/div>\n\t\t\t\t\t\t\t<\/div>\n\t\t<\/section>\n\t\t\t\t<section class=\"elementor-section elementor-top-section elementor-element elementor-element-9bd9e1c elementor-section-boxed elementor-section-height-default elementor-section-height-default\" data-id=\"9bd9e1c\" data-element_type=\"section\">\n\t\t\t\t\t\t<div class=\"elementor-container elementor-column-gap-default\">\n\t\t\t\t\t<div class=\"elementor-column elementor-col-100 elementor-top-column elementor-element elementor-element-eaea41d\" data-id=\"eaea41d\" data-element_type=\"column\">\n\t\t\t<div class=\"elementor-widget-wrap elementor-element-populated\">\n\t\t\t\t\t\t\t\t<div class=\"elementor-element elementor-element-4ced107 elementor-widget elementor-widget-text-editor\" data-id=\"4ced107\" data-element_type=\"widget\" data-widget_type=\"text-editor.default\">\n\t\t\t\t<div class=\"elementor-widget-container\">\n\t\t\t\t\t\t\t<p><span>&#8220;O porta-voz da UNRA, Allan Ssempebwa, disse que a via expressa Kampala-Entebbe, que custou US $ 476 milh\u00f5es (cerca de 1,8 trilh\u00e3o), \u00e9 uma das estradas mais caras do mundo porque precisava poupar os ativos ecol\u00f3gicos ecologicamente fr\u00e1geis.<\/span><br \/><br \/><span>Ele ressaltou que a via expressa atravessa cinco p\u00e2ntanos e tem quatro trevos em Busega, Kajjansi, Lweza e Mpala.\u00a0Tamb\u00e9m atravessa 14 p\u00e2ntanos sazonais, estendendo-se por 6 km, tem tr\u00eas pra\u00e7as de ped\u00e1gio, ponte de um p\u00e9 de altura, passarelas para ve\u00edculos, passarelas para pedestres e passarelas para corpos d&#8217;\u00e1gua.<\/span><br \/><br \/><span>\u201c\u00c9 importante observar que salvar o meio ambiente tem um custo alto e, portanto, explica alguns dos direcionadores de custo em projetos rodovi\u00e1rios t\u00e3o grandes\u201d, disse ele.<\/span><br \/><br \/><span>Ele tamb\u00e9m explicou que a constru\u00e7\u00e3o da via expressa Kampala-Entebbe deve reduzir o tempo de viagem ao redor do distrito comercial central, uma vez que oferece conectividade r\u00e1pida entre Entebbe e Kampala.<\/span><br \/><br \/><span>\u201cA sua viabilidade \u00e9, portanto, medida nos n\u00edveis de tr\u00e1fego que a estrada tem registado desde a sua inaugura\u00e7\u00e3o. Reduziu tremendamente o tr\u00e1fego na antiga estrada existente de Entebbe. \u00c9, portanto, uma alternativa vi\u00e1vel de liga\u00e7\u00e3o\u201d, afirmou.<\/span><br \/><br \/><span>A via expressa Kampala-Entebbe faz parte do anel vi\u00e1rio com projetos futuros, como a via expressa Kibuye, Busega, Mpigi e a conclus\u00e3o do projeto do Bypass Norte, sendo ativos vitais para o tr\u00e1fego ou motoristas.&#8221;<\/span><\/p>\t\t\t\t\t\t<\/div>\n\t\t\t\t<\/div>\n\t\t\t\t\t<\/div>\n\t\t<\/div>\n\t\t\t\t\t\t\t<\/div>\n\t\t<\/section>\n\t\t\t\t\t\t\t<\/div>\n\t\t","protected":false},"excerpt":{"rendered":"<p>O futuro de Uganda nasce com uma via expressa verde, Por Gerald Tenywa Mat\u00e9ria publicada em: httpsss:\/\/www.newvision.co.ug\/news\/1533094\/uganda-future-born-green-expressway &#8220;A via expressa Kampala-Entebbe \u00e9 a primeira estrada de Uganda a ser suspensa [&hellip;]<\/p>\n","protected":false},"author":1,"featured_media":1528,"comment_status":"open","ping_status":"open","sticky":false,"template":"","format":"standard","meta":{"content-type":"","footnotes":""},"categories":[48],"tags":[],"palavra-chave":[],"class_list":["post-1526","post","type-post","status-publish","format-standard","has-post-thumbnail","hentry","category-sem-categoria","entry","has-media"],"aioseo_notices":[],"yoast_head":"<!-- This site is optimized with the Yoast SEO plugin v20.13 - https:\/\/yoast.com\/wordpress\/plugins\/seo\/ -->\n<title>Uganda: uma autoestrada s\u00edmbolo de modernidade. - atlasgeoculturalafricaatual.com<\/title>\n<meta name=\"robots\" content=\"index, follow, max-snippet:-1, max-image-preview:large, max-video-preview:-1\" \/>\n<link rel=\"canonical\" href=\"https:\/\/atlasgeoculturalafricaatual.com\/index.php\/2020\/11\/27\/uganda-uma-autoestrada-simbolo-de-modernidade\/\" \/>\n<meta property=\"og:locale\" content=\"pt_BR\" \/>\n<meta property=\"og:type\" content=\"article\" \/>\n<meta property=\"og:title\" content=\"Uganda: uma autoestrada s\u00edmbolo de modernidade. - atlasgeoculturalafricaatual.com\" \/>\n<meta property=\"og:description\" content=\"O futuro de Uganda nasce com uma via expressa verde, Por Gerald Tenywa Mat\u00e9ria publicada em: httpsss:\/\/www.newvision.co.ug\/news\/1533094\/uganda-future-born-green-expressway &#8220;A via expressa Kampala-Entebbe \u00e9 a primeira estrada de Uganda a ser suspensa [&hellip;]\" \/>\n<meta property=\"og:url\" content=\"https:\/\/atlasgeoculturalafricaatual.com\/index.php\/2020\/11\/27\/uganda-uma-autoestrada-simbolo-de-modernidade\/\" \/>\n<meta property=\"og:site_name\" content=\"atlasgeoculturalafricaatual.com\" \/>\n<meta property=\"article:published_time\" content=\"2020-11-27T23:35:19+00:00\" \/>\n<meta property=\"og:image\" content=\"\" \/>\n<meta name=\"author\" content=\"atlasgeoculturalafricaatual.com\" \/>\n<meta name=\"twitter:card\" content=\"summary_large_image\" \/>\n<meta name=\"twitter:label1\" content=\"Escrito por\" \/>\n\t<meta name=\"twitter:data1\" content=\"atlasgeoculturalafricaatual.com\" \/>\n\t<meta name=\"twitter:label2\" content=\"Est. tempo de leitura\" \/>\n\t<meta name=\"twitter:data2\" content=\"2 minutos\" \/>\n<script type=\"application\/ld+json\" class=\"yoast-schema-graph\">{\"@context\":\"https:\/\/schema.org\",\"@graph\":[{\"@type\":\"Article\",\"@id\":\"https:\/\/atlasgeoculturalafricaatual.com\/index.php\/2020\/11\/27\/uganda-uma-autoestrada-simbolo-de-modernidade\/#article\",\"isPartOf\":{\"@id\":\"https:\/\/atlasgeoculturalafricaatual.com\/index.php\/2020\/11\/27\/uganda-uma-autoestrada-simbolo-de-modernidade\/\"},\"author\":{\"name\":\"atlasgeoculturalafricaatual.com\",\"@id\":\"https:\/\/atlasgeoculturalafricaatual.com\/#\/schema\/person\/eeee269288097965a8c6f963043e4062\"},\"headline\":\"Uganda: uma autoestrada s\u00edmbolo de modernidade.\",\"datePublished\":\"2020-11-27T23:35:19+00:00\",\"dateModified\":\"2020-11-27T23:35:19+00:00\",\"mainEntityOfPage\":{\"@id\":\"https:\/\/atlasgeoculturalafricaatual.com\/index.php\/2020\/11\/27\/uganda-uma-autoestrada-simbolo-de-modernidade\/\"},\"wordCount\":472,\"commentCount\":0,\"publisher\":{\"@id\":\"https:\/\/atlasgeoculturalafricaatual.com\/#organization\"},\"articleSection\":[\"A Africa\"],\"inLanguage\":\"pt-BR\",\"potentialAction\":[{\"@type\":\"CommentAction\",\"name\":\"Comment\",\"target\":[\"https:\/\/atlasgeoculturalafricaatual.com\/index.php\/2020\/11\/27\/uganda-uma-autoestrada-simbolo-de-modernidade\/#respond\"]}]},{\"@type\":\"WebPage\",\"@id\":\"https:\/\/atlasgeoculturalafricaatual.com\/index.php\/2020\/11\/27\/uganda-uma-autoestrada-simbolo-de-modernidade\/\",\"url\":\"https:\/\/atlasgeoculturalafricaatual.com\/index.php\/2020\/11\/27\/uganda-uma-autoestrada-simbolo-de-modernidade\/\",\"name\":\"Uganda: uma autoestrada s\u00edmbolo de modernidade. - atlasgeoculturalafricaatual.com\",\"isPartOf\":{\"@id\":\"https:\/\/atlasgeoculturalafricaatual.com\/#website\"},\"datePublished\":\"2020-11-27T23:35:19+00:00\",\"dateModified\":\"2020-11-27T23:35:19+00:00\",\"breadcrumb\":{\"@id\":\"https:\/\/atlasgeoculturalafricaatual.com\/index.php\/2020\/11\/27\/uganda-uma-autoestrada-simbolo-de-modernidade\/#breadcrumb\"},\"inLanguage\":\"pt-BR\",\"potentialAction\":[{\"@type\":\"ReadAction\",\"target\":[\"https:\/\/atlasgeoculturalafricaatual.com\/index.php\/2020\/11\/27\/uganda-uma-autoestrada-simbolo-de-modernidade\/\"]}]},{\"@type\":\"BreadcrumbList\",\"@id\":\"https:\/\/atlasgeoculturalafricaatual.com\/index.php\/2020\/11\/27\/uganda-uma-autoestrada-simbolo-de-modernidade\/#breadcrumb\",\"itemListElement\":[{\"@type\":\"ListItem\",\"position\":1,\"name\":\"In\u00edcio\",\"item\":\"https:\/\/atlasgeoculturalafricaatual.com\/\"},{\"@type\":\"ListItem\",\"position\":2,\"name\":\"Uganda: uma autoestrada s\u00edmbolo de modernidade.\"}]},{\"@type\":\"WebSite\",\"@id\":\"https:\/\/atlasgeoculturalafricaatual.com\/#website\",\"url\":\"https:\/\/atlasgeoculturalafricaatual.com\/\",\"name\":\"atlasgeoculturalafricaatual.com\",\"description\":\"O Atlas Geocultural da \u00c1frica \u00e9 um rico material de leitura e pesquisa, que visa apresentar de forma atual os pa\u00edses africanos, ainda t\u00e3o pouco conhecidos.\",\"publisher\":{\"@id\":\"https:\/\/atlasgeoculturalafricaatual.com\/#organization\"},\"potentialAction\":[{\"@type\":\"SearchAction\",\"target\":{\"@type\":\"EntryPoint\",\"urlTemplate\":\"https:\/\/atlasgeoculturalafricaatual.com\/?s={search_term_string}\"},\"query-input\":\"required name=search_term_string\"}],\"inLanguage\":\"pt-BR\"},{\"@type\":\"Organization\",\"@id\":\"https:\/\/atlasgeoculturalafricaatual.com\/#organization\",\"name\":\"atlasgeoculturalafricaatual.com\",\"url\":\"https:\/\/atlasgeoculturalafricaatual.com\/\",\"logo\":{\"@type\":\"ImageObject\",\"inLanguage\":\"pt-BR\",\"@id\":\"https:\/\/atlasgeoculturalafricaatual.com\/#\/schema\/logo\/image\/\",\"url\":\"http:\/\/atlasgeoculturalafricaatual.com\/wp-content\/uploads\/2023\/06\/LOGOEIROS_Prancheta-1-tipo-preto.png\",\"contentUrl\":\"http:\/\/atlasgeoculturalafricaatual.com\/wp-content\/uploads\/2023\/06\/LOGOEIROS_Prancheta-1-tipo-preto.png\",\"width\":1667,\"height\":730,\"caption\":\"atlasgeoculturalafricaatual.com\"},\"image\":{\"@id\":\"https:\/\/atlasgeoculturalafricaatual.com\/#\/schema\/logo\/image\/\"}},{\"@type\":\"Person\",\"@id\":\"https:\/\/atlasgeoculturalafricaatual.com\/#\/schema\/person\/eeee269288097965a8c6f963043e4062\",\"name\":\"atlasgeoculturalafricaatual.com\",\"image\":{\"@type\":\"ImageObject\",\"inLanguage\":\"pt-BR\",\"@id\":\"https:\/\/atlasgeoculturalafricaatual.com\/#\/schema\/person\/image\/\",\"url\":\"https:\/\/secure.gravatar.com\/avatar\/7af55f21031d350b316a54060d50821f?s=96&d=mm&r=g\",\"contentUrl\":\"https:\/\/secure.gravatar.com\/avatar\/7af55f21031d350b316a54060d50821f?s=96&d=mm&r=g\",\"caption\":\"atlasgeoculturalafricaatual.com\"},\"sameAs\":[\"http:\/\/atlasgeoculturalafricaatual.com\"],\"url\":\"https:\/\/atlasgeoculturalafricaatual.com\/index.php\/author\/atlasgeoculturalafricaatual-com\/\"}]}<\/script>\n<!-- \/ Yoast SEO plugin. -->","yoast_head_json":{"title":"Uganda: uma autoestrada s\u00edmbolo de modernidade. - atlasgeoculturalafricaatual.com","robots":{"index":"index","follow":"follow","max-snippet":"max-snippet:-1","max-image-preview":"max-image-preview:large","max-video-preview":"max-video-preview:-1"},"canonical":"https:\/\/atlasgeoculturalafricaatual.com\/index.php\/2020\/11\/27\/uganda-uma-autoestrada-simbolo-de-modernidade\/","og_locale":"pt_BR","og_type":"article","og_title":"Uganda: uma autoestrada s\u00edmbolo de modernidade. - atlasgeoculturalafricaatual.com","og_description":"O futuro de Uganda nasce com uma via expressa verde, Por Gerald Tenywa Mat\u00e9ria publicada em: httpsss:\/\/www.newvision.co.ug\/news\/1533094\/uganda-future-born-green-expressway &#8220;A via expressa Kampala-Entebbe \u00e9 a primeira estrada de Uganda a ser suspensa [&hellip;]","og_url":"https:\/\/atlasgeoculturalafricaatual.com\/index.php\/2020\/11\/27\/uganda-uma-autoestrada-simbolo-de-modernidade\/","og_site_name":"atlasgeoculturalafricaatual.com","article_published_time":"2020-11-27T23:35:19+00:00","og_image":[{"url":"httpsss:\/\/africaatual.com.br\/wp-content\/uploads\/2020\/11\/uganda-2.jpg"}],"author":"atlasgeoculturalafricaatual.com","twitter_card":"summary_large_image","twitter_misc":{"Escrito por":"atlasgeoculturalafricaatual.com","Est. tempo de leitura":"2 minutos"},"schema":{"@context":"https:\/\/schema.org","@graph":[{"@type":"Article","@id":"https:\/\/atlasgeoculturalafricaatual.com\/index.php\/2020\/11\/27\/uganda-uma-autoestrada-simbolo-de-modernidade\/#article","isPartOf":{"@id":"https:\/\/atlasgeoculturalafricaatual.com\/index.php\/2020\/11\/27\/uganda-uma-autoestrada-simbolo-de-modernidade\/"},"author":{"name":"atlasgeoculturalafricaatual.com","@id":"https:\/\/atlasgeoculturalafricaatual.com\/#\/schema\/person\/eeee269288097965a8c6f963043e4062"},"headline":"Uganda: uma autoestrada s\u00edmbolo de modernidade.","datePublished":"2020-11-27T23:35:19+00:00","dateModified":"2020-11-27T23:35:19+00:00","mainEntityOfPage":{"@id":"https:\/\/atlasgeoculturalafricaatual.com\/index.php\/2020\/11\/27\/uganda-uma-autoestrada-simbolo-de-modernidade\/"},"wordCount":472,"commentCount":0,"publisher":{"@id":"https:\/\/atlasgeoculturalafricaatual.com\/#organization"},"articleSection":["A Africa"],"inLanguage":"pt-BR","potentialAction":[{"@type":"CommentAction","name":"Comment","target":["https:\/\/atlasgeoculturalafricaatual.com\/index.php\/2020\/11\/27\/uganda-uma-autoestrada-simbolo-de-modernidade\/#respond"]}]},{"@type":"WebPage","@id":"https:\/\/atlasgeoculturalafricaatual.com\/index.php\/2020\/11\/27\/uganda-uma-autoestrada-simbolo-de-modernidade\/","url":"https:\/\/atlasgeoculturalafricaatual.com\/index.php\/2020\/11\/27\/uganda-uma-autoestrada-simbolo-de-modernidade\/","name":"Uganda: uma autoestrada s\u00edmbolo de modernidade. - atlasgeoculturalafricaatual.com","isPartOf":{"@id":"https:\/\/atlasgeoculturalafricaatual.com\/#website"},"datePublished":"2020-11-27T23:35:19+00:00","dateModified":"2020-11-27T23:35:19+00:00","breadcrumb":{"@id":"https:\/\/atlasgeoculturalafricaatual.com\/index.php\/2020\/11\/27\/uganda-uma-autoestrada-simbolo-de-modernidade\/#breadcrumb"},"inLanguage":"pt-BR","potentialAction":[{"@type":"ReadAction","target":["https:\/\/atlasgeoculturalafricaatual.com\/index.php\/2020\/11\/27\/uganda-uma-autoestrada-simbolo-de-modernidade\/"]}]},{"@type":"BreadcrumbList","@id":"https:\/\/atlasgeoculturalafricaatual.com\/index.php\/2020\/11\/27\/uganda-uma-autoestrada-simbolo-de-modernidade\/#breadcrumb","itemListElement":[{"@type":"ListItem","position":1,"name":"In\u00edcio","item":"https:\/\/atlasgeoculturalafricaatual.com\/"},{"@type":"ListItem","position":2,"name":"Uganda: uma autoestrada s\u00edmbolo de modernidade."}]},{"@type":"WebSite","@id":"https:\/\/atlasgeoculturalafricaatual.com\/#website","url":"https:\/\/atlasgeoculturalafricaatual.com\/","name":"atlasgeoculturalafricaatual.com","description":"O Atlas Geocultural da \u00c1frica \u00e9 um rico material de leitura e pesquisa, que visa apresentar de forma atual os pa\u00edses africanos, ainda t\u00e3o pouco conhecidos.","publisher":{"@id":"https:\/\/atlasgeoculturalafricaatual.com\/#organization"},"potentialAction":[{"@type":"SearchAction","target":{"@type":"EntryPoint","urlTemplate":"https:\/\/atlasgeoculturalafricaatual.com\/?s={search_term_string}"},"query-input":"required name=search_term_string"}],"inLanguage":"pt-BR"},{"@type":"Organization","@id":"https:\/\/atlasgeoculturalafricaatual.com\/#organization","name":"atlasgeoculturalafricaatual.com","url":"https:\/\/atlasgeoculturalafricaatual.com\/","logo":{"@type":"ImageObject","inLanguage":"pt-BR","@id":"https:\/\/atlasgeoculturalafricaatual.com\/#\/schema\/logo\/image\/","url":"http:\/\/atlasgeoculturalafricaatual.com\/wp-content\/uploads\/2023\/06\/LOGOEIROS_Prancheta-1-tipo-preto.png","contentUrl":"http:\/\/atlasgeoculturalafricaatual.com\/wp-content\/uploads\/2023\/06\/LOGOEIROS_Prancheta-1-tipo-preto.png","width":1667,"height":730,"caption":"atlasgeoculturalafricaatual.com"},"image":{"@id":"https:\/\/atlasgeoculturalafricaatual.com\/#\/schema\/logo\/image\/"}},{"@type":"Person","@id":"https:\/\/atlasgeoculturalafricaatual.com\/#\/schema\/person\/eeee269288097965a8c6f963043e4062","name":"atlasgeoculturalafricaatual.com","image":{"@type":"ImageObject","inLanguage":"pt-BR","@id":"https:\/\/atlasgeoculturalafricaatual.com\/#\/schema\/person\/image\/","url":"https:\/\/secure.gravatar.com\/avatar\/7af55f21031d350b316a54060d50821f?s=96&d=mm&r=g","contentUrl":"https:\/\/secure.gravatar.com\/avatar\/7af55f21031d350b316a54060d50821f?s=96&d=mm&r=g","caption":"atlasgeoculturalafricaatual.com"},"sameAs":["http:\/\/atlasgeoculturalafricaatual.com"],"url":"https:\/\/atlasgeoculturalafricaatual.com\/index.php\/author\/atlasgeoculturalafricaatual-com\/"}]}},"_links":{"self":[{"href":"https:\/\/atlasgeoculturalafricaatual.com\/index.php\/wp-json\/wp\/v2\/posts\/1526","targetHints":{"allow":["GET"]}}],"collection":[{"href":"https:\/\/atlasgeoculturalafricaatual.com\/index.php\/wp-json\/wp\/v2\/posts"}],"about":[{"href":"https:\/\/atlasgeoculturalafricaatual.com\/index.php\/wp-json\/wp\/v2\/types\/post"}],"author":[{"embeddable":true,"href":"https:\/\/atlasgeoculturalafricaatual.com\/index.php\/wp-json\/wp\/v2\/users\/1"}],"replies":[{"embeddable":true,"href":"https:\/\/atlasgeoculturalafricaatual.com\/index.php\/wp-json\/wp\/v2\/comments?post=1526"}],"version-history":[{"count":0,"href":"https:\/\/atlasgeoculturalafricaatual.com\/index.php\/wp-json\/wp\/v2\/posts\/1526\/revisions"}],"wp:featuredmedia":[{"embeddable":true,"href":"https:\/\/atlasgeoculturalafricaatual.com\/index.php\/wp-json\/wp\/v2\/media\/1528"}],"wp:attachment":[{"href":"https:\/\/atlasgeoculturalafricaatual.com\/index.php\/wp-json\/wp\/v2\/media?parent=1526"}],"wp:term":[{"taxonomy":"category","embeddable":true,"href":"https:\/\/atlasgeoculturalafricaatual.com\/index.php\/wp-json\/wp\/v2\/categories?post=1526"},{"taxonomy":"post_tag","embeddable":true,"href":"https:\/\/atlasgeoculturalafricaatual.com\/index.php\/wp-json\/wp\/v2\/tags?post=1526"},{"taxonomy":"palavra-chave","embeddable":true,"href":"https:\/\/atlasgeoculturalafricaatual.com\/index.php\/wp-json\/wp\/v2\/palavra-chave?post=1526"}],"curies":[{"name":"wp","href":"https:\/\/api.w.org\/{rel}","templated":true}]}}