{"id":1496,"date":"2020-11-09T14:02:02","date_gmt":"2020-11-09T17:02:02","guid":{"rendered":"https:\/\/atlasgeoculturalafricaatual.com\/index.php\/2020\/11\/09\/livro-em-lancamento-atlas-da-africa\/"},"modified":"2020-11-09T14:02:02","modified_gmt":"2020-11-09T17:02:02","slug":"livro-em-lancamento-atlas-da-africa","status":"publish","type":"post","link":"https:\/\/atlasgeoculturalafricaatual.com\/index.php\/2020\/11\/09\/livro-em-lancamento-atlas-da-africa\/","title":{"rendered":"Livro em lan\u00e7amento: Atlas da \u00c1frica"},"content":{"rendered":"\t\t<div data-elementor-type=\"wp-post\" data-elementor-id=\"1496\" class=\"elementor elementor-1496\">\n\t\t\t\t\t\t\t\t\t<section class=\"elementor-section elementor-top-section elementor-element elementor-element-5309fce7 elementor-section-boxed elementor-section-height-default elementor-section-height-default\" data-id=\"5309fce7\" data-element_type=\"section\">\n\t\t\t\t\t\t<div class=\"elementor-container elementor-column-gap-default\">\n\t\t\t\t\t<div class=\"elementor-column elementor-col-100 elementor-top-column elementor-element elementor-element-c1b60ef\" data-id=\"c1b60ef\" data-element_type=\"column\">\n\t\t\t<div class=\"elementor-widget-wrap elementor-element-populated\">\n\t\t\t\t\t\t\t\t<div class=\"elementor-element elementor-element-58d82072 elementor-widget elementor-widget-text-editor\" data-id=\"58d82072\" data-element_type=\"widget\" data-widget_type=\"text-editor.default\">\n\t\t\t\t<div class=\"elementor-widget-container\">\n\t\t\t<style>\/*! elementor - v3.15.0 - 02-08-2023 *\/\n.elementor-widget-text-editor.elementor-drop-cap-view-stacked .elementor-drop-cap{background-color:#69727d;color:#fff}.elementor-widget-text-editor.elementor-drop-cap-view-framed .elementor-drop-cap{color:#69727d;border:3px solid;background-color:transparent}.elementor-widget-text-editor:not(.elementor-drop-cap-view-default) .elementor-drop-cap{margin-top:8px}.elementor-widget-text-editor:not(.elementor-drop-cap-view-default) .elementor-drop-cap-letter{width:1em;height:1em}.elementor-widget-text-editor .elementor-drop-cap{float:left;text-align:center;line-height:1;font-size:50px}.elementor-widget-text-editor .elementor-drop-cap-letter{display:inline-block}<\/style>\t\t\t\t<!-- wp:paragraph -->\n<p>Neste m\u00eas da consci\u00eancia negra est\u00e1 sendo lan\u00e7ada mais uma importante publica\u00e7\u00e3o, no contexto do fortalecimento de projetos afirmativos e valoriza\u00e7\u00e3o de na\u00e7\u00f5es africanas e afrodescendentes, \u00e9 o Atlas Geocultural da \u00c1frica. Promovido pela editora Express\u00e3o e Arte, o autor, Prof. Dr. Odair Marques da Silva, assume uma proposi\u00e7\u00e3o de novos estudos africanistas ao contextuar como denominador comum no livro a proposi\u00e7\u00e3o por ampliar a oferta de informa\u00e7\u00f5es atuais e relevantes, partindo de um conjunto de aspectos basilares, sistematizados e organizados de cada pa\u00eds do continente africano. O objetivo fundamental proporciona um olhar diferenciado e atualizado sobre esses pa\u00edses, a fim de estimular pesquisas posteriores, principalmente no que tange \u00e0 curiosidade pedag\u00f3gica e \u00e0 releitura do contexto internacional que se recomp\u00f5e a partir das a\u00e7\u00f5es desenvolvimentistas nesses pa\u00edses.<\/p>\n<!-- \/wp:paragraph -->\n\n<!-- wp:paragraph -->\n<p>A produ\u00e7\u00e3o tem a caracter\u00edstica de incremento informativo, em est\u00edmulo e subs\u00eddio aos projetos escolares. Mesmo com as legisla\u00e7\u00f5es brasileiras vigentes, que abordam a relev\u00e2ncia de se estudar esse continente, ainda se observa, na m\u00eddia brasileira e nas produ\u00e7\u00f5es did\u00e1ticas nacionais, a fragilidade de colet\u00e2neas de informa\u00e7\u00f5es qualitativas nessa modalidade tem\u00e1tica. Dessa maneira, os materiais componentes do livro procuram acrescentar elementos que agreguem conte\u00fados e diversidades tem\u00e1ticas.&nbsp;<\/p>\n<!-- \/wp:paragraph -->\n\n<!-- wp:paragraph -->\n<p>O Atlas Geocultural da \u00c1frica, portanto, insere-se de forma alvissareira nesse clima de interesse pelos povos, pela cultura, pela infraestrutura econ\u00f4mica, pela import\u00e2ncia cultural, hist\u00f3rica e estrat\u00e9gica que os pa\u00edses africanos intercalam com a hist\u00f3ria da forma\u00e7\u00e3o cultural e econ\u00f4mica brasileira. O Atlas distancia-se da proposi\u00e7\u00e3o de se tornar um comp\u00eandio ou de apresentar uma densa descri\u00e7\u00e3o de cada pa\u00eds. O intuito base \u00e9 oferecer um conjunto de mapas, termos e informa\u00e7\u00f5es sintetizadas, para agu\u00e7ar a curiosidade pedag\u00f3gica e os estudos, e ir ao encontro das expectativas de agregar ingredientes \u00e0s pesquisas, \u00e0s apresenta\u00e7\u00f5es de escolares e aos c\u00edrculos de conversa.<\/p>\n<!-- \/wp:paragraph -->\n\n<!-- wp:paragraph -->\n<p>Servi\u00e7o<\/p>\n<!-- \/wp:paragraph -->\n\n<!-- wp:paragraph -->\n<p>Lives de lan\u00e7amento em 11\/12, \u00e0s 17hs, no canal www.bit.ly\/africaatualtv e no canal oficial da REAFRO em 12\/12, \u00e0s 18hs, <a href=\"httpss:\/\/www.bit.ly\/reafro-tv\">www.bit.ly\/reafro-tv<\/a>.<\/p>\n<!-- \/wp:paragraph -->\n\n<!-- wp:paragraph -->\n<p>Promo\u00e7\u00e3o especial de parcerias, para este lan\u00e7amento, com 37% de desconto.<\/p>\n<!-- \/wp:paragraph -->\n\n<!-- wp:paragraph -->\n<p>Outras informa\u00e7\u00f5es em <a href=\"httpss:\/\/www.africaatual.com.br\">www.africaatual.com.br<\/a>.<\/p>\n<!-- \/wp:paragraph -->\n\n<!-- wp:paragraph -->\n<p>Vendas em <a href=\"httpsss:\/\/www.editoraexpressaoearte.com.br\/\">httpsss:\/\/www.editoraexpressaoearte.com.br\/<\/a>&nbsp; e&nbsp; httpsss:\/\/www.clubedapreta.com.br\/<\/p>\n<!-- \/wp:paragraph -->\t\t\t\t\t\t<\/div>\n\t\t\t\t<\/div>\n\t\t\t\t\t<\/div>\n\t\t<\/div>\n\t\t\t\t\t\t\t<\/div>\n\t\t<\/section>\n\t\t\t\t<section class=\"elementor-section elementor-top-section elementor-element elementor-element-35f8ef8 elementor-section-boxed elementor-section-height-default elementor-section-height-default\" data-id=\"35f8ef8\" data-element_type=\"section\">\n\t\t\t\t\t\t<div class=\"elementor-container elementor-column-gap-default\">\n\t\t\t\t\t<div class=\"elementor-column elementor-col-100 elementor-top-column elementor-element elementor-element-4bfe5ab\" data-id=\"4bfe5ab\" data-element_type=\"column\">\n\t\t\t<div class=\"elementor-widget-wrap elementor-element-populated\">\n\t\t\t\t\t\t\t\t<div class=\"elementor-element elementor-element-d18d3b5 elementor-widget elementor-widget-image\" data-id=\"d18d3b5\" data-element_type=\"widget\" data-widget_type=\"image.default\">\n\t\t\t\t<div class=\"elementor-widget-container\">\n\t\t\t<style>\/*! elementor - v3.15.0 - 02-08-2023 *\/\n.elementor-widget-image{text-align:center}.elementor-widget-image a{display:inline-block}.elementor-widget-image a img[src$=\".svg\"]{width:48px}.elementor-widget-image img{vertical-align:middle;display:inline-block}<\/style>\t\t\t\t\t\t\t\t\t\t\t\t<img loading=\"lazy\" decoding=\"async\" width=\"1024\" height=\"1024\" src=\"https:\/\/atlasgeoculturalafricaatual.com\/wp-content\/uploads\/2020\/11\/Convite-atlas-lancto-11-11-1024x1024.png\" class=\"attachment-large size-large wp-image-1498\" alt=\"\" srcset=\"https:\/\/atlasgeoculturalafricaatual.com\/wp-content\/uploads\/2020\/11\/Convite-atlas-lancto-11-11-1024x1024.png 1024w, https:\/\/atlasgeoculturalafricaatual.com\/wp-content\/uploads\/2020\/11\/Convite-atlas-lancto-11-11-300x300.png 300w, https:\/\/atlasgeoculturalafricaatual.com\/wp-content\/uploads\/2020\/11\/Convite-atlas-lancto-11-11-150x150.png 150w, https:\/\/atlasgeoculturalafricaatual.com\/wp-content\/uploads\/2020\/11\/Convite-atlas-lancto-11-11-768x768.png 768w, https:\/\/atlasgeoculturalafricaatual.com\/wp-content\/uploads\/2020\/11\/Convite-atlas-lancto-11-11-600x600.png 600w, https:\/\/atlasgeoculturalafricaatual.com\/wp-content\/uploads\/2020\/11\/Convite-atlas-lancto-11-11.png 1080w\" sizes=\"auto, (max-width: 1024px) 100vw, 1024px\" \/>\t\t\t\t\t\t\t\t\t\t\t\t\t\t\t<\/div>\n\t\t\t\t<\/div>\n\t\t\t\t\t<\/div>\n\t\t<\/div>\n\t\t\t\t\t\t\t<\/div>\n\t\t<\/section>\n\t\t\t\t<section class=\"elementor-section elementor-top-section elementor-element elementor-element-06ba06a elementor-section-boxed elementor-section-height-default elementor-section-height-default\" data-id=\"06ba06a\" data-element_type=\"section\">\n\t\t\t\t\t\t<div class=\"elementor-container elementor-column-gap-default\">\n\t\t\t\t\t<div class=\"elementor-column elementor-col-100 elementor-top-column elementor-element elementor-element-d77634b\" data-id=\"d77634b\" data-element_type=\"column\">\n\t\t\t<div class=\"elementor-widget-wrap elementor-element-populated\">\n\t\t\t\t\t\t\t\t<div class=\"elementor-element elementor-element-ed35cc7 elementor-widget elementor-widget-image\" data-id=\"ed35cc7\" data-element_type=\"widget\" data-widget_type=\"image.default\">\n\t\t\t\t<div class=\"elementor-widget-container\">\n\t\t\t\t\t\t\t\t\t\t\t\t\t\t\t<img loading=\"lazy\" decoding=\"async\" width=\"1024\" height=\"1024\" src=\"https:\/\/atlasgeoculturalafricaatual.com\/wp-content\/uploads\/2020\/11\/a-live-12-11-atlas-livro-1024x1024.jpeg\" class=\"attachment-large size-large wp-image-1506\" alt=\"\" srcset=\"https:\/\/atlasgeoculturalafricaatual.com\/wp-content\/uploads\/2020\/11\/a-live-12-11-atlas-livro-1024x1024.jpeg 1024w, https:\/\/atlasgeoculturalafricaatual.com\/wp-content\/uploads\/2020\/11\/a-live-12-11-atlas-livro-300x300.jpeg 300w, https:\/\/atlasgeoculturalafricaatual.com\/wp-content\/uploads\/2020\/11\/a-live-12-11-atlas-livro-150x150.jpeg 150w, https:\/\/atlasgeoculturalafricaatual.com\/wp-content\/uploads\/2020\/11\/a-live-12-11-atlas-livro-768x768.jpeg 768w, https:\/\/atlasgeoculturalafricaatual.com\/wp-content\/uploads\/2020\/11\/a-live-12-11-atlas-livro-600x600.jpeg 600w, https:\/\/atlasgeoculturalafricaatual.com\/wp-content\/uploads\/2020\/11\/a-live-12-11-atlas-livro.jpeg 1080w\" sizes=\"auto, (max-width: 1024px) 100vw, 1024px\" \/>\t\t\t\t\t\t\t\t\t\t\t\t\t\t\t<\/div>\n\t\t\t\t<\/div>\n\t\t\t\t\t<\/div>\n\t\t<\/div>\n\t\t\t\t\t\t\t<\/div>\n\t\t<\/section>\n\t\t\t\t<section class=\"elementor-section elementor-top-section elementor-element elementor-element-9e1d431 elementor-section-boxed elementor-section-height-default elementor-section-height-default\" data-id=\"9e1d431\" data-element_type=\"section\">\n\t\t\t\t\t\t<div class=\"elementor-container elementor-column-gap-default\">\n\t\t\t\t\t<div class=\"elementor-column elementor-col-100 elementor-top-column elementor-element elementor-element-efecc68\" data-id=\"efecc68\" data-element_type=\"column\">\n\t\t\t<div class=\"elementor-widget-wrap elementor-element-populated\">\n\t\t\t\t\t\t\t\t<div class=\"elementor-element elementor-element-ca5f837 elementor-widget elementor-widget-text-editor\" data-id=\"ca5f837\" data-element_type=\"widget\" data-widget_type=\"text-editor.default\">\n\t\t\t\t<div class=\"elementor-widget-container\">\n\t\t\t\t\t\t\t<p><em><strong><span style=\"font-size: 15px;\">Geocultural Atlas of Africa: a Brazilian Perspective.<\/span><\/strong><\/em><\/p>\n<p class=\"MsoNormal\"><span lang=\"EN\">\u00a0\u00a0\u00a0\u00a0\u00a0\u00a0\u00a0 In this month of black awareness, another important publication is being launched, in the context of strengthening affirmative projects and valuing African and Afro-descendant nations, is the Geocultural Atlas of Africa. Promoted by the publisher Express\u00e3o e Arte, the author, Prof. Dr. Odair Marques da Silva, assumes a proposal for new Africanist studies by contextualizing the proposition for expanding the offer of current and relevant information as a common denominator in the book, starting from a set of basic, systematized and organized aspects of each country on the African continent.\u00a0<\/span><\/p>\n<p class=\"MsoNormal\"><span lang=\"EN\">\u00a0\u00a0\u00a0\u00a0\u00a0\u00a0 The fundamental objective provides a differentiated and updated look at these countries, in order to stimulate further research, mainly with regard to pedagogical curiosity and the reinterpretation of the international context that is recovered from the developmental actions in these countries.<\/span><\/p>\n<p>\u00a0<\/p>\t\t\t\t\t\t<\/div>\n\t\t\t\t<\/div>\n\t\t\t\t\t<\/div>\n\t\t<\/div>\n\t\t\t\t\t\t\t<\/div>\n\t\t<\/section>\n\t\t\t\t\t\t\t<\/div>\n\t\t","protected":false},"excerpt":{"rendered":"<p>Neste m\u00eas da consci\u00eancia negra est\u00e1 sendo lan\u00e7ada mais uma importante publica\u00e7\u00e3o, no contexto do fortalecimento de projetos afirmativos e valoriza\u00e7\u00e3o de na\u00e7\u00f5es africanas e afrodescendentes, \u00e9 o Atlas Geocultural [&hellip;]<\/p>\n","protected":false},"author":1,"featured_media":1498,"comment_status":"open","ping_status":"open","sticky":false,"template":"","format":"standard","meta":{"content-type":"","footnotes":""},"categories":[48],"tags":[],"palavra-chave":[],"class_list":["post-1496","post","type-post","status-publish","format-standard","has-post-thumbnail","hentry","category-sem-categoria","entry","has-media"],"aioseo_notices":[],"yoast_head":"<!-- This site is optimized with the Yoast SEO plugin v20.13 - https:\/\/yoast.com\/wordpress\/plugins\/seo\/ -->\n<title>Livro em lan\u00e7amento: Atlas da \u00c1frica - atlasgeoculturalafricaatual.com<\/title>\n<meta name=\"robots\" content=\"index, follow, max-snippet:-1, max-image-preview:large, max-video-preview:-1\" \/>\n<link rel=\"canonical\" href=\"https:\/\/atlasgeoculturalafricaatual.com\/index.php\/2020\/11\/09\/livro-em-lancamento-atlas-da-africa\/\" \/>\n<meta property=\"og:locale\" content=\"pt_BR\" \/>\n<meta property=\"og:type\" content=\"article\" \/>\n<meta property=\"og:title\" content=\"Livro em lan\u00e7amento: Atlas da \u00c1frica - atlasgeoculturalafricaatual.com\" \/>\n<meta property=\"og:description\" content=\"Neste m\u00eas da consci\u00eancia negra est\u00e1 sendo lan\u00e7ada mais uma importante publica\u00e7\u00e3o, no contexto do fortalecimento de projetos afirmativos e valoriza\u00e7\u00e3o de na\u00e7\u00f5es africanas e afrodescendentes, \u00e9 o Atlas Geocultural [&hellip;]\" \/>\n<meta property=\"og:url\" content=\"https:\/\/atlasgeoculturalafricaatual.com\/index.php\/2020\/11\/09\/livro-em-lancamento-atlas-da-africa\/\" \/>\n<meta property=\"og:site_name\" content=\"atlasgeoculturalafricaatual.com\" \/>\n<meta property=\"article:published_time\" content=\"2020-11-09T17:02:02+00:00\" \/>\n<meta property=\"og:image\" content=\"\" \/>\n<meta name=\"author\" content=\"atlasgeoculturalafricaatual.com\" \/>\n<meta name=\"twitter:card\" content=\"summary_large_image\" \/>\n<meta name=\"twitter:label1\" content=\"Escrito por\" \/>\n\t<meta name=\"twitter:data1\" content=\"atlasgeoculturalafricaatual.com\" \/>\n\t<meta name=\"twitter:label2\" content=\"Est. tempo de leitura\" \/>\n\t<meta name=\"twitter:data2\" content=\"3 minutos\" \/>\n<script type=\"application\/ld+json\" class=\"yoast-schema-graph\">{\"@context\":\"https:\/\/schema.org\",\"@graph\":[{\"@type\":\"Article\",\"@id\":\"https:\/\/atlasgeoculturalafricaatual.com\/index.php\/2020\/11\/09\/livro-em-lancamento-atlas-da-africa\/#article\",\"isPartOf\":{\"@id\":\"https:\/\/atlasgeoculturalafricaatual.com\/index.php\/2020\/11\/09\/livro-em-lancamento-atlas-da-africa\/\"},\"author\":{\"name\":\"atlasgeoculturalafricaatual.com\",\"@id\":\"https:\/\/atlasgeoculturalafricaatual.com\/#\/schema\/person\/eeee269288097965a8c6f963043e4062\"},\"headline\":\"Livro em lan\u00e7amento: Atlas da \u00c1frica\",\"datePublished\":\"2020-11-09T17:02:02+00:00\",\"dateModified\":\"2020-11-09T17:02:02+00:00\",\"mainEntityOfPage\":{\"@id\":\"https:\/\/atlasgeoculturalafricaatual.com\/index.php\/2020\/11\/09\/livro-em-lancamento-atlas-da-africa\/\"},\"wordCount\":563,\"commentCount\":0,\"publisher\":{\"@id\":\"https:\/\/atlasgeoculturalafricaatual.com\/#organization\"},\"articleSection\":[\"A Africa\"],\"inLanguage\":\"pt-BR\",\"potentialAction\":[{\"@type\":\"CommentAction\",\"name\":\"Comment\",\"target\":[\"https:\/\/atlasgeoculturalafricaatual.com\/index.php\/2020\/11\/09\/livro-em-lancamento-atlas-da-africa\/#respond\"]}]},{\"@type\":\"WebPage\",\"@id\":\"https:\/\/atlasgeoculturalafricaatual.com\/index.php\/2020\/11\/09\/livro-em-lancamento-atlas-da-africa\/\",\"url\":\"https:\/\/atlasgeoculturalafricaatual.com\/index.php\/2020\/11\/09\/livro-em-lancamento-atlas-da-africa\/\",\"name\":\"Livro em lan\u00e7amento: Atlas da \u00c1frica - atlasgeoculturalafricaatual.com\",\"isPartOf\":{\"@id\":\"https:\/\/atlasgeoculturalafricaatual.com\/#website\"},\"datePublished\":\"2020-11-09T17:02:02+00:00\",\"dateModified\":\"2020-11-09T17:02:02+00:00\",\"breadcrumb\":{\"@id\":\"https:\/\/atlasgeoculturalafricaatual.com\/index.php\/2020\/11\/09\/livro-em-lancamento-atlas-da-africa\/#breadcrumb\"},\"inLanguage\":\"pt-BR\",\"potentialAction\":[{\"@type\":\"ReadAction\",\"target\":[\"https:\/\/atlasgeoculturalafricaatual.com\/index.php\/2020\/11\/09\/livro-em-lancamento-atlas-da-africa\/\"]}]},{\"@type\":\"BreadcrumbList\",\"@id\":\"https:\/\/atlasgeoculturalafricaatual.com\/index.php\/2020\/11\/09\/livro-em-lancamento-atlas-da-africa\/#breadcrumb\",\"itemListElement\":[{\"@type\":\"ListItem\",\"position\":1,\"name\":\"In\u00edcio\",\"item\":\"https:\/\/atlasgeoculturalafricaatual.com\/\"},{\"@type\":\"ListItem\",\"position\":2,\"name\":\"Livro em lan\u00e7amento: Atlas da \u00c1frica\"}]},{\"@type\":\"WebSite\",\"@id\":\"https:\/\/atlasgeoculturalafricaatual.com\/#website\",\"url\":\"https:\/\/atlasgeoculturalafricaatual.com\/\",\"name\":\"atlasgeoculturalafricaatual.com\",\"description\":\"O Atlas Geocultural da \u00c1frica \u00e9 um rico material de leitura e pesquisa, que visa apresentar de forma atual os pa\u00edses africanos, ainda t\u00e3o pouco conhecidos.\",\"publisher\":{\"@id\":\"https:\/\/atlasgeoculturalafricaatual.com\/#organization\"},\"potentialAction\":[{\"@type\":\"SearchAction\",\"target\":{\"@type\":\"EntryPoint\",\"urlTemplate\":\"https:\/\/atlasgeoculturalafricaatual.com\/?s={search_term_string}\"},\"query-input\":\"required name=search_term_string\"}],\"inLanguage\":\"pt-BR\"},{\"@type\":\"Organization\",\"@id\":\"https:\/\/atlasgeoculturalafricaatual.com\/#organization\",\"name\":\"atlasgeoculturalafricaatual.com\",\"url\":\"https:\/\/atlasgeoculturalafricaatual.com\/\",\"logo\":{\"@type\":\"ImageObject\",\"inLanguage\":\"pt-BR\",\"@id\":\"https:\/\/atlasgeoculturalafricaatual.com\/#\/schema\/logo\/image\/\",\"url\":\"http:\/\/atlasgeoculturalafricaatual.com\/wp-content\/uploads\/2023\/06\/LOGOEIROS_Prancheta-1-tipo-preto.png\",\"contentUrl\":\"http:\/\/atlasgeoculturalafricaatual.com\/wp-content\/uploads\/2023\/06\/LOGOEIROS_Prancheta-1-tipo-preto.png\",\"width\":1667,\"height\":730,\"caption\":\"atlasgeoculturalafricaatual.com\"},\"image\":{\"@id\":\"https:\/\/atlasgeoculturalafricaatual.com\/#\/schema\/logo\/image\/\"}},{\"@type\":\"Person\",\"@id\":\"https:\/\/atlasgeoculturalafricaatual.com\/#\/schema\/person\/eeee269288097965a8c6f963043e4062\",\"name\":\"atlasgeoculturalafricaatual.com\",\"image\":{\"@type\":\"ImageObject\",\"inLanguage\":\"pt-BR\",\"@id\":\"https:\/\/atlasgeoculturalafricaatual.com\/#\/schema\/person\/image\/\",\"url\":\"https:\/\/secure.gravatar.com\/avatar\/7af55f21031d350b316a54060d50821f?s=96&d=mm&r=g\",\"contentUrl\":\"https:\/\/secure.gravatar.com\/avatar\/7af55f21031d350b316a54060d50821f?s=96&d=mm&r=g\",\"caption\":\"atlasgeoculturalafricaatual.com\"},\"sameAs\":[\"http:\/\/atlasgeoculturalafricaatual.com\"],\"url\":\"https:\/\/atlasgeoculturalafricaatual.com\/index.php\/author\/atlasgeoculturalafricaatual-com\/\"}]}<\/script>\n<!-- \/ Yoast SEO plugin. -->","yoast_head_json":{"title":"Livro em lan\u00e7amento: Atlas da \u00c1frica - atlasgeoculturalafricaatual.com","robots":{"index":"index","follow":"follow","max-snippet":"max-snippet:-1","max-image-preview":"max-image-preview:large","max-video-preview":"max-video-preview:-1"},"canonical":"https:\/\/atlasgeoculturalafricaatual.com\/index.php\/2020\/11\/09\/livro-em-lancamento-atlas-da-africa\/","og_locale":"pt_BR","og_type":"article","og_title":"Livro em lan\u00e7amento: Atlas da \u00c1frica - atlasgeoculturalafricaatual.com","og_description":"Neste m\u00eas da consci\u00eancia negra est\u00e1 sendo lan\u00e7ada mais uma importante publica\u00e7\u00e3o, no contexto do fortalecimento de projetos afirmativos e valoriza\u00e7\u00e3o de na\u00e7\u00f5es africanas e afrodescendentes, \u00e9 o Atlas Geocultural [&hellip;]","og_url":"https:\/\/atlasgeoculturalafricaatual.com\/index.php\/2020\/11\/09\/livro-em-lancamento-atlas-da-africa\/","og_site_name":"atlasgeoculturalafricaatual.com","article_published_time":"2020-11-09T17:02:02+00:00","og_image":[{"url":"httpsss:\/\/africaatual.com.br\/wp-content\/uploads\/2020\/11\/Convite-atlas-lancto-11-11-1024x1024.png"}],"author":"atlasgeoculturalafricaatual.com","twitter_card":"summary_large_image","twitter_misc":{"Escrito por":"atlasgeoculturalafricaatual.com","Est. tempo de leitura":"3 minutos"},"schema":{"@context":"https:\/\/schema.org","@graph":[{"@type":"Article","@id":"https:\/\/atlasgeoculturalafricaatual.com\/index.php\/2020\/11\/09\/livro-em-lancamento-atlas-da-africa\/#article","isPartOf":{"@id":"https:\/\/atlasgeoculturalafricaatual.com\/index.php\/2020\/11\/09\/livro-em-lancamento-atlas-da-africa\/"},"author":{"name":"atlasgeoculturalafricaatual.com","@id":"https:\/\/atlasgeoculturalafricaatual.com\/#\/schema\/person\/eeee269288097965a8c6f963043e4062"},"headline":"Livro em lan\u00e7amento: Atlas da \u00c1frica","datePublished":"2020-11-09T17:02:02+00:00","dateModified":"2020-11-09T17:02:02+00:00","mainEntityOfPage":{"@id":"https:\/\/atlasgeoculturalafricaatual.com\/index.php\/2020\/11\/09\/livro-em-lancamento-atlas-da-africa\/"},"wordCount":563,"commentCount":0,"publisher":{"@id":"https:\/\/atlasgeoculturalafricaatual.com\/#organization"},"articleSection":["A Africa"],"inLanguage":"pt-BR","potentialAction":[{"@type":"CommentAction","name":"Comment","target":["https:\/\/atlasgeoculturalafricaatual.com\/index.php\/2020\/11\/09\/livro-em-lancamento-atlas-da-africa\/#respond"]}]},{"@type":"WebPage","@id":"https:\/\/atlasgeoculturalafricaatual.com\/index.php\/2020\/11\/09\/livro-em-lancamento-atlas-da-africa\/","url":"https:\/\/atlasgeoculturalafricaatual.com\/index.php\/2020\/11\/09\/livro-em-lancamento-atlas-da-africa\/","name":"Livro em lan\u00e7amento: Atlas da \u00c1frica - atlasgeoculturalafricaatual.com","isPartOf":{"@id":"https:\/\/atlasgeoculturalafricaatual.com\/#website"},"datePublished":"2020-11-09T17:02:02+00:00","dateModified":"2020-11-09T17:02:02+00:00","breadcrumb":{"@id":"https:\/\/atlasgeoculturalafricaatual.com\/index.php\/2020\/11\/09\/livro-em-lancamento-atlas-da-africa\/#breadcrumb"},"inLanguage":"pt-BR","potentialAction":[{"@type":"ReadAction","target":["https:\/\/atlasgeoculturalafricaatual.com\/index.php\/2020\/11\/09\/livro-em-lancamento-atlas-da-africa\/"]}]},{"@type":"BreadcrumbList","@id":"https:\/\/atlasgeoculturalafricaatual.com\/index.php\/2020\/11\/09\/livro-em-lancamento-atlas-da-africa\/#breadcrumb","itemListElement":[{"@type":"ListItem","position":1,"name":"In\u00edcio","item":"https:\/\/atlasgeoculturalafricaatual.com\/"},{"@type":"ListItem","position":2,"name":"Livro em lan\u00e7amento: Atlas da \u00c1frica"}]},{"@type":"WebSite","@id":"https:\/\/atlasgeoculturalafricaatual.com\/#website","url":"https:\/\/atlasgeoculturalafricaatual.com\/","name":"atlasgeoculturalafricaatual.com","description":"O Atlas Geocultural da \u00c1frica \u00e9 um rico material de leitura e pesquisa, que visa apresentar de forma atual os pa\u00edses africanos, ainda t\u00e3o pouco conhecidos.","publisher":{"@id":"https:\/\/atlasgeoculturalafricaatual.com\/#organization"},"potentialAction":[{"@type":"SearchAction","target":{"@type":"EntryPoint","urlTemplate":"https:\/\/atlasgeoculturalafricaatual.com\/?s={search_term_string}"},"query-input":"required name=search_term_string"}],"inLanguage":"pt-BR"},{"@type":"Organization","@id":"https:\/\/atlasgeoculturalafricaatual.com\/#organization","name":"atlasgeoculturalafricaatual.com","url":"https:\/\/atlasgeoculturalafricaatual.com\/","logo":{"@type":"ImageObject","inLanguage":"pt-BR","@id":"https:\/\/atlasgeoculturalafricaatual.com\/#\/schema\/logo\/image\/","url":"http:\/\/atlasgeoculturalafricaatual.com\/wp-content\/uploads\/2023\/06\/LOGOEIROS_Prancheta-1-tipo-preto.png","contentUrl":"http:\/\/atlasgeoculturalafricaatual.com\/wp-content\/uploads\/2023\/06\/LOGOEIROS_Prancheta-1-tipo-preto.png","width":1667,"height":730,"caption":"atlasgeoculturalafricaatual.com"},"image":{"@id":"https:\/\/atlasgeoculturalafricaatual.com\/#\/schema\/logo\/image\/"}},{"@type":"Person","@id":"https:\/\/atlasgeoculturalafricaatual.com\/#\/schema\/person\/eeee269288097965a8c6f963043e4062","name":"atlasgeoculturalafricaatual.com","image":{"@type":"ImageObject","inLanguage":"pt-BR","@id":"https:\/\/atlasgeoculturalafricaatual.com\/#\/schema\/person\/image\/","url":"https:\/\/secure.gravatar.com\/avatar\/7af55f21031d350b316a54060d50821f?s=96&d=mm&r=g","contentUrl":"https:\/\/secure.gravatar.com\/avatar\/7af55f21031d350b316a54060d50821f?s=96&d=mm&r=g","caption":"atlasgeoculturalafricaatual.com"},"sameAs":["http:\/\/atlasgeoculturalafricaatual.com"],"url":"https:\/\/atlasgeoculturalafricaatual.com\/index.php\/author\/atlasgeoculturalafricaatual-com\/"}]}},"_links":{"self":[{"href":"https:\/\/atlasgeoculturalafricaatual.com\/index.php\/wp-json\/wp\/v2\/posts\/1496","targetHints":{"allow":["GET"]}}],"collection":[{"href":"https:\/\/atlasgeoculturalafricaatual.com\/index.php\/wp-json\/wp\/v2\/posts"}],"about":[{"href":"https:\/\/atlasgeoculturalafricaatual.com\/index.php\/wp-json\/wp\/v2\/types\/post"}],"author":[{"embeddable":true,"href":"https:\/\/atlasgeoculturalafricaatual.com\/index.php\/wp-json\/wp\/v2\/users\/1"}],"replies":[{"embeddable":true,"href":"https:\/\/atlasgeoculturalafricaatual.com\/index.php\/wp-json\/wp\/v2\/comments?post=1496"}],"version-history":[{"count":0,"href":"https:\/\/atlasgeoculturalafricaatual.com\/index.php\/wp-json\/wp\/v2\/posts\/1496\/revisions"}],"wp:featuredmedia":[{"embeddable":true,"href":"https:\/\/atlasgeoculturalafricaatual.com\/index.php\/wp-json\/wp\/v2\/media\/1498"}],"wp:attachment":[{"href":"https:\/\/atlasgeoculturalafricaatual.com\/index.php\/wp-json\/wp\/v2\/media?parent=1496"}],"wp:term":[{"taxonomy":"category","embeddable":true,"href":"https:\/\/atlasgeoculturalafricaatual.com\/index.php\/wp-json\/wp\/v2\/categories?post=1496"},{"taxonomy":"post_tag","embeddable":true,"href":"https:\/\/atlasgeoculturalafricaatual.com\/index.php\/wp-json\/wp\/v2\/tags?post=1496"},{"taxonomy":"palavra-chave","embeddable":true,"href":"https:\/\/atlasgeoculturalafricaatual.com\/index.php\/wp-json\/wp\/v2\/palavra-chave?post=1496"}],"curies":[{"name":"wp","href":"https:\/\/api.w.org\/{rel}","templated":true}]}}