{"id":1493,"date":"2020-11-09T11:05:33","date_gmt":"2020-11-09T14:05:33","guid":{"rendered":"https:\/\/atlasgeoculturalafricaatual.com\/index.php\/2020\/11\/09\/a-vitoria-de-joe-biden-e-kamala-harris-a-presidencia-dos-eua\/"},"modified":"2020-11-09T11:05:33","modified_gmt":"2020-11-09T14:05:33","slug":"a-vitoria-de-joe-biden-e-kamala-harris-a-presidencia-dos-eua","status":"publish","type":"post","link":"https:\/\/atlasgeoculturalafricaatual.com\/index.php\/2020\/11\/09\/a-vitoria-de-joe-biden-e-kamala-harris-a-presidencia-dos-eua\/","title":{"rendered":"A Vit\u00f3ria  de Joe Biden e Kamala Harris \u00e0 Presid\u00eancia dos EUA"},"content":{"rendered":"\n<p>A Vit\u00f3ria&nbsp; de Joe Biden e Kamala Harris \u00e0 Presid\u00eancia dos EUA, declarada de forma incontest\u00e1vel&nbsp; pelos \u00f3rg\u00e3os de imprensa no dia 7&nbsp; de novembro de 2020, tem significados m\u00faltiplos neste momento da hist\u00f3ria para o&nbsp; mundo e em especial para os Estados Unidos da Am\u00e9rica.&nbsp;<\/p>\n\n\n\n<p>Biden teve como primeiro emprego &#8211; salva vidas em um clube de afro americanos em sua Cidade Natal,em seguida se elegeu Vereador, primeiro cargo pol\u00edtico,&nbsp; prop\u00f4s projetos de lei, dentre os quais,&nbsp; de inclus\u00e3o&nbsp; da comunidade negra local nos programas sociais. Em 1972, foi eleito o mais jovem Senador da hist\u00f3ria Americana.&nbsp; Agora Presidente aos&nbsp; 77 anos, com a maior vota\u00e7\u00e3o &nbsp; para um presidente dos EUA, tendo como Vice Presidente uma mulher &#8211; Kamala Harris, filha de imigrantes e negra. Tendo sua trajet\u00f3ria nesta corrida eleitoral sido&nbsp; marcada pela importante participa\u00e7\u00e3o da Comunidade Afro-Americana, das mulheres e do eleitorado jovem, em um cen\u00e1rio de Pandemia do Corona Viris19, e na efervesc\u00eancia do movimento reivindicat\u00f3rio &#8211; Black Lives Matter &#8211; Vidas Negras Importam.<\/p>\n\n\n\n<p>Os discursos de ambos na noite do dia 7 de novembro, foi a lembran\u00e7a das hist\u00f3rias de cada um \u00e0 sua forma, Biden junto \u00e0 Comunidade Afro Americana, onde a Comunidade, foi fundamental na sua primeira elei\u00e7\u00e3o como Senador em 1972, nas Prim\u00e1rias para ser escolhido candidato e agora nas elei\u00e7\u00f5es propriamente ditas. Kamala mulher negra&nbsp; filha de imigrantes que fez hist\u00f3ria no pa\u00eds e por suas qualidades e seu ativismo na defesa do movimento -Black Lives Matter &#8211; Vidas Negras importam, foram ingredientes cruciais para a vit\u00f3ria do dupla.&nbsp;<\/p>\n\n\n\n<p>A vit\u00f3ria Biden-Kamala \u00e0 Presid\u00eancia dos&nbsp; EUA, \u00e9 para o mundo, uma vit\u00f3ria da Democracia, da aten\u00e7\u00e3o ao aquecimento global, do respeito \u00e0 Ci\u00eancia, aos Direitos Humanos e&nbsp; combate ao racismo sist\u00eamico e estrutural na sociedade americana. Saliento que tanto Biden quanto Kamala deram \u00eanfase que a agenda racial deve estar no centro das quest\u00f5es econ\u00f4micas da Administra\u00e7\u00e3o e deve ser&nbsp; uma prioridade por si s\u00f3, buscando a expans\u00e3o&nbsp; de pol\u00edticas de investimentos em \u201cempres\u00e1rios negros, latinos e indigenas\u201d .<\/p>\n\n\n\n<p>Um pa\u00eds, ex-escravocrata,&nbsp; de popula\u00e7\u00e3o composta por 12,3% de negros, elegeu em menos de 20&nbsp; anos duas vezes um Presidente Negro e agora uma Vice Presidente Negra com ideais humanistas. Espero que possa ser o in\u00edcio de uma grande mudan\u00e7a mundial e que o humanismo e a empatia flores\u00e7a nos&nbsp; cora\u00e7\u00f5es desta humanidade, at\u00e9 ent\u00e3o muito polarizada.<\/p>\n\n\n\n<p>Por final&nbsp; vislumbro uma janela de oportunidades do fomento ao empreendedorismo Negro n\u00e3o s\u00f3 nos EUA, mas tamb\u00e9m no intercambio com esse segmento na Diaspora Americana,&nbsp; em especial no Brasil com aproximadamente 55% da sua&nbsp; popula\u00e7\u00e3o negra.<\/p>\n\n\n\n<p>Ademir Jos\u00e9 da Silva, advogado. <\/p>\n\n\n\n<p>Presidente da Comiss\u00e3o da Verdade sobre a Escravid\u00e3o Negra no Brasil -OAB Campinas<\/p>\n\n\n\n<p>Membro Coordenador da Comiss\u00e3o da Verdade sobre a Escravid\u00e3o Negra no Brasil OAB SP<\/p>\n\n\n\n<p>Membro Consultor da Comiss\u00e3o Nacional da Verdade sobre a Escravid\u00e3o Negra no Brasil-\u201dCFOAB\u201d<\/p>\n\n\n\n<p>Diretor Jur\u00eddico do Congresso Nacional Afro Brasileiro &#8211; CNAB.<\/p>\n\n\n\n<p>fonte: httpsss:\/\/reafro.org\/site\/a-vitoria-de-joe-biden-e-kamala-harris-a-presidencia-dos-eua\/<\/p>\n","protected":false},"excerpt":{"rendered":"<p>A Vit\u00f3ria&nbsp; de Joe Biden e Kamala Harris \u00e0 Presid\u00eancia dos EUA, declarada de forma incontest\u00e1vel&nbsp; pelos \u00f3rg\u00e3os de imprensa no dia 7&nbsp; de novembro de 2020, tem significados m\u00faltiplos [&hellip;]<\/p>\n","protected":false},"author":1,"featured_media":1494,"comment_status":"open","ping_status":"open","sticky":false,"template":"","format":"standard","meta":{"content-type":"","footnotes":""},"categories":[48],"tags":[],"palavra-chave":[],"class_list":["post-1493","post","type-post","status-publish","format-standard","has-post-thumbnail","hentry","category-sem-categoria","entry","has-media"],"aioseo_notices":[],"yoast_head":"<!-- This site is optimized with the Yoast SEO plugin v20.13 - https:\/\/yoast.com\/wordpress\/plugins\/seo\/ -->\n<title>A Vit\u00f3ria de Joe Biden e Kamala Harris \u00e0 Presid\u00eancia dos EUA - atlasgeoculturalafricaatual.com<\/title>\n<meta name=\"robots\" content=\"index, follow, max-snippet:-1, max-image-preview:large, max-video-preview:-1\" \/>\n<link rel=\"canonical\" href=\"https:\/\/atlasgeoculturalafricaatual.com\/index.php\/2020\/11\/09\/a-vitoria-de-joe-biden-e-kamala-harris-a-presidencia-dos-eua\/\" \/>\n<meta property=\"og:locale\" content=\"pt_BR\" \/>\n<meta property=\"og:type\" content=\"article\" \/>\n<meta property=\"og:title\" content=\"A Vit\u00f3ria de Joe Biden e Kamala Harris \u00e0 Presid\u00eancia dos EUA - atlasgeoculturalafricaatual.com\" \/>\n<meta property=\"og:description\" content=\"A Vit\u00f3ria&nbsp; de Joe Biden e Kamala Harris \u00e0 Presid\u00eancia dos EUA, declarada de forma incontest\u00e1vel&nbsp; pelos \u00f3rg\u00e3os de imprensa no dia 7&nbsp; de novembro de 2020, tem significados m\u00faltiplos [&hellip;]\" \/>\n<meta property=\"og:url\" content=\"https:\/\/atlasgeoculturalafricaatual.com\/index.php\/2020\/11\/09\/a-vitoria-de-joe-biden-e-kamala-harris-a-presidencia-dos-eua\/\" \/>\n<meta property=\"og:site_name\" content=\"atlasgeoculturalafricaatual.com\" \/>\n<meta property=\"article:published_time\" content=\"2020-11-09T14:05:33+00:00\" \/>\n<meta name=\"author\" content=\"atlasgeoculturalafricaatual.com\" \/>\n<meta name=\"twitter:card\" content=\"summary_large_image\" \/>\n<meta name=\"twitter:label1\" content=\"Escrito por\" \/>\n\t<meta name=\"twitter:data1\" content=\"atlasgeoculturalafricaatual.com\" \/>\n\t<meta name=\"twitter:label2\" content=\"Est. tempo de leitura\" \/>\n\t<meta name=\"twitter:data2\" content=\"3 minutos\" \/>\n<script type=\"application\/ld+json\" class=\"yoast-schema-graph\">{\"@context\":\"https:\/\/schema.org\",\"@graph\":[{\"@type\":\"Article\",\"@id\":\"https:\/\/atlasgeoculturalafricaatual.com\/index.php\/2020\/11\/09\/a-vitoria-de-joe-biden-e-kamala-harris-a-presidencia-dos-eua\/#article\",\"isPartOf\":{\"@id\":\"https:\/\/atlasgeoculturalafricaatual.com\/index.php\/2020\/11\/09\/a-vitoria-de-joe-biden-e-kamala-harris-a-presidencia-dos-eua\/\"},\"author\":{\"name\":\"atlasgeoculturalafricaatual.com\",\"@id\":\"https:\/\/atlasgeoculturalafricaatual.com\/#\/schema\/person\/eeee269288097965a8c6f963043e4062\"},\"headline\":\"A Vit\u00f3ria de Joe Biden e Kamala Harris \u00e0 Presid\u00eancia dos EUA\",\"datePublished\":\"2020-11-09T14:05:33+00:00\",\"dateModified\":\"2020-11-09T14:05:33+00:00\",\"mainEntityOfPage\":{\"@id\":\"https:\/\/atlasgeoculturalafricaatual.com\/index.php\/2020\/11\/09\/a-vitoria-de-joe-biden-e-kamala-harris-a-presidencia-dos-eua\/\"},\"wordCount\":569,\"commentCount\":0,\"publisher\":{\"@id\":\"https:\/\/atlasgeoculturalafricaatual.com\/#organization\"},\"articleSection\":[\"A Africa\"],\"inLanguage\":\"pt-BR\",\"potentialAction\":[{\"@type\":\"CommentAction\",\"name\":\"Comment\",\"target\":[\"https:\/\/atlasgeoculturalafricaatual.com\/index.php\/2020\/11\/09\/a-vitoria-de-joe-biden-e-kamala-harris-a-presidencia-dos-eua\/#respond\"]}]},{\"@type\":\"WebPage\",\"@id\":\"https:\/\/atlasgeoculturalafricaatual.com\/index.php\/2020\/11\/09\/a-vitoria-de-joe-biden-e-kamala-harris-a-presidencia-dos-eua\/\",\"url\":\"https:\/\/atlasgeoculturalafricaatual.com\/index.php\/2020\/11\/09\/a-vitoria-de-joe-biden-e-kamala-harris-a-presidencia-dos-eua\/\",\"name\":\"A Vit\u00f3ria de Joe Biden e Kamala Harris \u00e0 Presid\u00eancia dos EUA - atlasgeoculturalafricaatual.com\",\"isPartOf\":{\"@id\":\"https:\/\/atlasgeoculturalafricaatual.com\/#website\"},\"datePublished\":\"2020-11-09T14:05:33+00:00\",\"dateModified\":\"2020-11-09T14:05:33+00:00\",\"breadcrumb\":{\"@id\":\"https:\/\/atlasgeoculturalafricaatual.com\/index.php\/2020\/11\/09\/a-vitoria-de-joe-biden-e-kamala-harris-a-presidencia-dos-eua\/#breadcrumb\"},\"inLanguage\":\"pt-BR\",\"potentialAction\":[{\"@type\":\"ReadAction\",\"target\":[\"https:\/\/atlasgeoculturalafricaatual.com\/index.php\/2020\/11\/09\/a-vitoria-de-joe-biden-e-kamala-harris-a-presidencia-dos-eua\/\"]}]},{\"@type\":\"BreadcrumbList\",\"@id\":\"https:\/\/atlasgeoculturalafricaatual.com\/index.php\/2020\/11\/09\/a-vitoria-de-joe-biden-e-kamala-harris-a-presidencia-dos-eua\/#breadcrumb\",\"itemListElement\":[{\"@type\":\"ListItem\",\"position\":1,\"name\":\"In\u00edcio\",\"item\":\"https:\/\/atlasgeoculturalafricaatual.com\/\"},{\"@type\":\"ListItem\",\"position\":2,\"name\":\"A Vit\u00f3ria de Joe Biden e Kamala Harris \u00e0 Presid\u00eancia dos EUA\"}]},{\"@type\":\"WebSite\",\"@id\":\"https:\/\/atlasgeoculturalafricaatual.com\/#website\",\"url\":\"https:\/\/atlasgeoculturalafricaatual.com\/\",\"name\":\"atlasgeoculturalafricaatual.com\",\"description\":\"O Atlas Geocultural da \u00c1frica \u00e9 um rico material de leitura e pesquisa, que visa apresentar de forma atual os pa\u00edses africanos, ainda t\u00e3o pouco conhecidos.\",\"publisher\":{\"@id\":\"https:\/\/atlasgeoculturalafricaatual.com\/#organization\"},\"potentialAction\":[{\"@type\":\"SearchAction\",\"target\":{\"@type\":\"EntryPoint\",\"urlTemplate\":\"https:\/\/atlasgeoculturalafricaatual.com\/?s={search_term_string}\"},\"query-input\":\"required name=search_term_string\"}],\"inLanguage\":\"pt-BR\"},{\"@type\":\"Organization\",\"@id\":\"https:\/\/atlasgeoculturalafricaatual.com\/#organization\",\"name\":\"atlasgeoculturalafricaatual.com\",\"url\":\"https:\/\/atlasgeoculturalafricaatual.com\/\",\"logo\":{\"@type\":\"ImageObject\",\"inLanguage\":\"pt-BR\",\"@id\":\"https:\/\/atlasgeoculturalafricaatual.com\/#\/schema\/logo\/image\/\",\"url\":\"http:\/\/atlasgeoculturalafricaatual.com\/wp-content\/uploads\/2023\/06\/LOGOEIROS_Prancheta-1-tipo-preto.png\",\"contentUrl\":\"http:\/\/atlasgeoculturalafricaatual.com\/wp-content\/uploads\/2023\/06\/LOGOEIROS_Prancheta-1-tipo-preto.png\",\"width\":1667,\"height\":730,\"caption\":\"atlasgeoculturalafricaatual.com\"},\"image\":{\"@id\":\"https:\/\/atlasgeoculturalafricaatual.com\/#\/schema\/logo\/image\/\"}},{\"@type\":\"Person\",\"@id\":\"https:\/\/atlasgeoculturalafricaatual.com\/#\/schema\/person\/eeee269288097965a8c6f963043e4062\",\"name\":\"atlasgeoculturalafricaatual.com\",\"image\":{\"@type\":\"ImageObject\",\"inLanguage\":\"pt-BR\",\"@id\":\"https:\/\/atlasgeoculturalafricaatual.com\/#\/schema\/person\/image\/\",\"url\":\"https:\/\/secure.gravatar.com\/avatar\/7af55f21031d350b316a54060d50821f?s=96&d=mm&r=g\",\"contentUrl\":\"https:\/\/secure.gravatar.com\/avatar\/7af55f21031d350b316a54060d50821f?s=96&d=mm&r=g\",\"caption\":\"atlasgeoculturalafricaatual.com\"},\"sameAs\":[\"http:\/\/atlasgeoculturalafricaatual.com\"],\"url\":\"https:\/\/atlasgeoculturalafricaatual.com\/index.php\/author\/atlasgeoculturalafricaatual-com\/\"}]}<\/script>\n<!-- \/ Yoast SEO plugin. -->","yoast_head_json":{"title":"A Vit\u00f3ria de Joe Biden e Kamala Harris \u00e0 Presid\u00eancia dos EUA - atlasgeoculturalafricaatual.com","robots":{"index":"index","follow":"follow","max-snippet":"max-snippet:-1","max-image-preview":"max-image-preview:large","max-video-preview":"max-video-preview:-1"},"canonical":"https:\/\/atlasgeoculturalafricaatual.com\/index.php\/2020\/11\/09\/a-vitoria-de-joe-biden-e-kamala-harris-a-presidencia-dos-eua\/","og_locale":"pt_BR","og_type":"article","og_title":"A Vit\u00f3ria de Joe Biden e Kamala Harris \u00e0 Presid\u00eancia dos EUA - atlasgeoculturalafricaatual.com","og_description":"A Vit\u00f3ria&nbsp; de Joe Biden e Kamala Harris \u00e0 Presid\u00eancia dos EUA, declarada de forma incontest\u00e1vel&nbsp; pelos \u00f3rg\u00e3os de imprensa no dia 7&nbsp; de novembro de 2020, tem significados m\u00faltiplos [&hellip;]","og_url":"https:\/\/atlasgeoculturalafricaatual.com\/index.php\/2020\/11\/09\/a-vitoria-de-joe-biden-e-kamala-harris-a-presidencia-dos-eua\/","og_site_name":"atlasgeoculturalafricaatual.com","article_published_time":"2020-11-09T14:05:33+00:00","author":"atlasgeoculturalafricaatual.com","twitter_card":"summary_large_image","twitter_misc":{"Escrito por":"atlasgeoculturalafricaatual.com","Est. tempo de leitura":"3 minutos"},"schema":{"@context":"https:\/\/schema.org","@graph":[{"@type":"Article","@id":"https:\/\/atlasgeoculturalafricaatual.com\/index.php\/2020\/11\/09\/a-vitoria-de-joe-biden-e-kamala-harris-a-presidencia-dos-eua\/#article","isPartOf":{"@id":"https:\/\/atlasgeoculturalafricaatual.com\/index.php\/2020\/11\/09\/a-vitoria-de-joe-biden-e-kamala-harris-a-presidencia-dos-eua\/"},"author":{"name":"atlasgeoculturalafricaatual.com","@id":"https:\/\/atlasgeoculturalafricaatual.com\/#\/schema\/person\/eeee269288097965a8c6f963043e4062"},"headline":"A Vit\u00f3ria de Joe Biden e Kamala Harris \u00e0 Presid\u00eancia dos EUA","datePublished":"2020-11-09T14:05:33+00:00","dateModified":"2020-11-09T14:05:33+00:00","mainEntityOfPage":{"@id":"https:\/\/atlasgeoculturalafricaatual.com\/index.php\/2020\/11\/09\/a-vitoria-de-joe-biden-e-kamala-harris-a-presidencia-dos-eua\/"},"wordCount":569,"commentCount":0,"publisher":{"@id":"https:\/\/atlasgeoculturalafricaatual.com\/#organization"},"articleSection":["A Africa"],"inLanguage":"pt-BR","potentialAction":[{"@type":"CommentAction","name":"Comment","target":["https:\/\/atlasgeoculturalafricaatual.com\/index.php\/2020\/11\/09\/a-vitoria-de-joe-biden-e-kamala-harris-a-presidencia-dos-eua\/#respond"]}]},{"@type":"WebPage","@id":"https:\/\/atlasgeoculturalafricaatual.com\/index.php\/2020\/11\/09\/a-vitoria-de-joe-biden-e-kamala-harris-a-presidencia-dos-eua\/","url":"https:\/\/atlasgeoculturalafricaatual.com\/index.php\/2020\/11\/09\/a-vitoria-de-joe-biden-e-kamala-harris-a-presidencia-dos-eua\/","name":"A Vit\u00f3ria de Joe Biden e Kamala Harris \u00e0 Presid\u00eancia dos EUA - atlasgeoculturalafricaatual.com","isPartOf":{"@id":"https:\/\/atlasgeoculturalafricaatual.com\/#website"},"datePublished":"2020-11-09T14:05:33+00:00","dateModified":"2020-11-09T14:05:33+00:00","breadcrumb":{"@id":"https:\/\/atlasgeoculturalafricaatual.com\/index.php\/2020\/11\/09\/a-vitoria-de-joe-biden-e-kamala-harris-a-presidencia-dos-eua\/#breadcrumb"},"inLanguage":"pt-BR","potentialAction":[{"@type":"ReadAction","target":["https:\/\/atlasgeoculturalafricaatual.com\/index.php\/2020\/11\/09\/a-vitoria-de-joe-biden-e-kamala-harris-a-presidencia-dos-eua\/"]}]},{"@type":"BreadcrumbList","@id":"https:\/\/atlasgeoculturalafricaatual.com\/index.php\/2020\/11\/09\/a-vitoria-de-joe-biden-e-kamala-harris-a-presidencia-dos-eua\/#breadcrumb","itemListElement":[{"@type":"ListItem","position":1,"name":"In\u00edcio","item":"https:\/\/atlasgeoculturalafricaatual.com\/"},{"@type":"ListItem","position":2,"name":"A Vit\u00f3ria de Joe Biden e Kamala Harris \u00e0 Presid\u00eancia dos EUA"}]},{"@type":"WebSite","@id":"https:\/\/atlasgeoculturalafricaatual.com\/#website","url":"https:\/\/atlasgeoculturalafricaatual.com\/","name":"atlasgeoculturalafricaatual.com","description":"O Atlas Geocultural da \u00c1frica \u00e9 um rico material de leitura e pesquisa, que visa apresentar de forma atual os pa\u00edses africanos, ainda t\u00e3o pouco conhecidos.","publisher":{"@id":"https:\/\/atlasgeoculturalafricaatual.com\/#organization"},"potentialAction":[{"@type":"SearchAction","target":{"@type":"EntryPoint","urlTemplate":"https:\/\/atlasgeoculturalafricaatual.com\/?s={search_term_string}"},"query-input":"required name=search_term_string"}],"inLanguage":"pt-BR"},{"@type":"Organization","@id":"https:\/\/atlasgeoculturalafricaatual.com\/#organization","name":"atlasgeoculturalafricaatual.com","url":"https:\/\/atlasgeoculturalafricaatual.com\/","logo":{"@type":"ImageObject","inLanguage":"pt-BR","@id":"https:\/\/atlasgeoculturalafricaatual.com\/#\/schema\/logo\/image\/","url":"http:\/\/atlasgeoculturalafricaatual.com\/wp-content\/uploads\/2023\/06\/LOGOEIROS_Prancheta-1-tipo-preto.png","contentUrl":"http:\/\/atlasgeoculturalafricaatual.com\/wp-content\/uploads\/2023\/06\/LOGOEIROS_Prancheta-1-tipo-preto.png","width":1667,"height":730,"caption":"atlasgeoculturalafricaatual.com"},"image":{"@id":"https:\/\/atlasgeoculturalafricaatual.com\/#\/schema\/logo\/image\/"}},{"@type":"Person","@id":"https:\/\/atlasgeoculturalafricaatual.com\/#\/schema\/person\/eeee269288097965a8c6f963043e4062","name":"atlasgeoculturalafricaatual.com","image":{"@type":"ImageObject","inLanguage":"pt-BR","@id":"https:\/\/atlasgeoculturalafricaatual.com\/#\/schema\/person\/image\/","url":"https:\/\/secure.gravatar.com\/avatar\/7af55f21031d350b316a54060d50821f?s=96&d=mm&r=g","contentUrl":"https:\/\/secure.gravatar.com\/avatar\/7af55f21031d350b316a54060d50821f?s=96&d=mm&r=g","caption":"atlasgeoculturalafricaatual.com"},"sameAs":["http:\/\/atlasgeoculturalafricaatual.com"],"url":"https:\/\/atlasgeoculturalafricaatual.com\/index.php\/author\/atlasgeoculturalafricaatual-com\/"}]}},"_links":{"self":[{"href":"https:\/\/atlasgeoculturalafricaatual.com\/index.php\/wp-json\/wp\/v2\/posts\/1493","targetHints":{"allow":["GET"]}}],"collection":[{"href":"https:\/\/atlasgeoculturalafricaatual.com\/index.php\/wp-json\/wp\/v2\/posts"}],"about":[{"href":"https:\/\/atlasgeoculturalafricaatual.com\/index.php\/wp-json\/wp\/v2\/types\/post"}],"author":[{"embeddable":true,"href":"https:\/\/atlasgeoculturalafricaatual.com\/index.php\/wp-json\/wp\/v2\/users\/1"}],"replies":[{"embeddable":true,"href":"https:\/\/atlasgeoculturalafricaatual.com\/index.php\/wp-json\/wp\/v2\/comments?post=1493"}],"version-history":[{"count":0,"href":"https:\/\/atlasgeoculturalafricaatual.com\/index.php\/wp-json\/wp\/v2\/posts\/1493\/revisions"}],"wp:featuredmedia":[{"embeddable":true,"href":"https:\/\/atlasgeoculturalafricaatual.com\/index.php\/wp-json\/wp\/v2\/media\/1494"}],"wp:attachment":[{"href":"https:\/\/atlasgeoculturalafricaatual.com\/index.php\/wp-json\/wp\/v2\/media?parent=1493"}],"wp:term":[{"taxonomy":"category","embeddable":true,"href":"https:\/\/atlasgeoculturalafricaatual.com\/index.php\/wp-json\/wp\/v2\/categories?post=1493"},{"taxonomy":"post_tag","embeddable":true,"href":"https:\/\/atlasgeoculturalafricaatual.com\/index.php\/wp-json\/wp\/v2\/tags?post=1493"},{"taxonomy":"palavra-chave","embeddable":true,"href":"https:\/\/atlasgeoculturalafricaatual.com\/index.php\/wp-json\/wp\/v2\/palavra-chave?post=1493"}],"curies":[{"name":"wp","href":"https:\/\/api.w.org\/{rel}","templated":true}]}}