{"id":1197,"date":"2020-07-17T07:45:55","date_gmt":"2020-07-17T10:45:55","guid":{"rendered":"https:\/\/atlasgeoculturalafricaatual.com\/index.php\/2020\/07\/17\/mandela-day\/"},"modified":"2020-07-17T07:45:55","modified_gmt":"2020-07-17T10:45:55","slug":"mandela-day","status":"publish","type":"post","link":"https:\/\/atlasgeoculturalafricaatual.com\/index.php\/2020\/07\/17\/mandela-day\/","title":{"rendered":"Mandela Day"},"content":{"rendered":"\t\t<div data-elementor-type=\"wp-post\" data-elementor-id=\"1197\" class=\"elementor elementor-1197\">\n\t\t\t\t\t\t\t\t\t<section class=\"elementor-section elementor-top-section elementor-element elementor-element-245d1b04 elementor-section-boxed elementor-section-height-default elementor-section-height-default\" data-id=\"245d1b04\" data-element_type=\"section\">\n\t\t\t\t\t\t<div class=\"elementor-container elementor-column-gap-default\">\n\t\t\t\t\t<div class=\"elementor-column elementor-col-100 elementor-top-column elementor-element elementor-element-4eb95b96\" data-id=\"4eb95b96\" data-element_type=\"column\">\n\t\t\t<div class=\"elementor-widget-wrap elementor-element-populated\">\n\t\t\t\t\t\t\t\t<div class=\"elementor-element elementor-element-125aecba elementor-widget elementor-widget-text-editor\" data-id=\"125aecba\" data-element_type=\"widget\" data-widget_type=\"text-editor.default\">\n\t\t\t\t<div class=\"elementor-widget-container\">\n\t\t\t<style>\/*! elementor - v3.15.0 - 02-08-2023 *\/\n.elementor-widget-text-editor.elementor-drop-cap-view-stacked .elementor-drop-cap{background-color:#69727d;color:#fff}.elementor-widget-text-editor.elementor-drop-cap-view-framed .elementor-drop-cap{color:#69727d;border:3px solid;background-color:transparent}.elementor-widget-text-editor:not(.elementor-drop-cap-view-default) .elementor-drop-cap{margin-top:8px}.elementor-widget-text-editor:not(.elementor-drop-cap-view-default) .elementor-drop-cap-letter{width:1em;height:1em}.elementor-widget-text-editor .elementor-drop-cap{float:left;text-align:center;line-height:1;font-size:50px}.elementor-widget-text-editor .elementor-drop-cap-letter{display:inline-block}<\/style>\t\t\t\t<p><em><strong>Dia Internacional Nelson Mandela<\/strong><\/em><\/p>\n<!-- wp:image {\"id\":1198,\"sizeSlug\":\"large\"} -->\n<figure class=\"wp-block-image size-large\"><\/figure>\n<!-- \/wp:image -->\t\t\t\t\t\t<\/div>\n\t\t\t\t<\/div>\n\t\t\t\t\t<\/div>\n\t\t<\/div>\n\t\t\t\t\t\t\t<\/div>\n\t\t<\/section>\n\t\t\t\t<section class=\"elementor-section elementor-top-section elementor-element elementor-element-aff44ca elementor-section-boxed elementor-section-height-default elementor-section-height-default\" data-id=\"aff44ca\" data-element_type=\"section\">\n\t\t\t\t\t\t<div class=\"elementor-container elementor-column-gap-default\">\n\t\t\t\t\t<div class=\"elementor-column elementor-col-100 elementor-top-column elementor-element elementor-element-b0413f3\" data-id=\"b0413f3\" data-element_type=\"column\">\n\t\t\t<div class=\"elementor-widget-wrap elementor-element-populated\">\n\t\t\t\t\t\t\t\t<div class=\"elementor-element elementor-element-b3d7ab5 elementor-widget elementor-widget-text-editor\" data-id=\"b3d7ab5\" data-element_type=\"widget\" data-widget_type=\"text-editor.default\">\n\t\t\t\t<div class=\"elementor-widget-container\">\n\t\t\t\t\t\t\t<p>O dia de 18 de julho est\u00e1 instituido pela Assembleia Geral das Na\u00e7\u00f5es Unidas, a ONU, como o &#8220;Dia Internacional Nelson Mandela&#8221;. Por sua import\u00e2ncia, milh\u00f5es de ativistas e volunt\u00e1rios\u00a0 a celebram com uma imensa gama de iniciativas, em\u00a0todas as partes do mundo<\/p>\t\t\t\t\t\t<\/div>\n\t\t\t\t<\/div>\n\t\t\t\t\t<\/div>\n\t\t<\/div>\n\t\t\t\t\t\t\t<\/div>\n\t\t<\/section>\n\t\t\t\t<section class=\"elementor-section elementor-top-section elementor-element elementor-element-6da3066 elementor-section-boxed elementor-section-height-default elementor-section-height-default\" data-id=\"6da3066\" data-element_type=\"section\">\n\t\t\t\t\t\t<div class=\"elementor-container elementor-column-gap-default\">\n\t\t\t\t\t<div class=\"elementor-column elementor-col-100 elementor-top-column elementor-element elementor-element-969f9fa\" data-id=\"969f9fa\" data-element_type=\"column\">\n\t\t\t<div class=\"elementor-widget-wrap elementor-element-populated\">\n\t\t\t\t\t\t\t\t<div class=\"elementor-element elementor-element-fee51e0 elementor-widget elementor-widget-text-editor\" data-id=\"fee51e0\" data-element_type=\"widget\" data-widget_type=\"text-editor.default\">\n\t\t\t\t<div class=\"elementor-widget-container\">\n\t\t\t\t\t\t\t<p><a href=\"httpss:\/\/africaatual.com.br\">africaatual.com.br<\/a> presta esta homenagem e convida voc\u00ea a publicar um post em suas redes sociais.\u00a0 \u00a0<\/p>\t\t\t\t\t\t<\/div>\n\t\t\t\t<\/div>\n\t\t\t\t\t<\/div>\n\t\t<\/div>\n\t\t\t\t\t\t\t<\/div>\n\t\t<\/section>\n\t\t\t\t<section class=\"elementor-section elementor-top-section elementor-element elementor-element-be7bfab elementor-section-boxed elementor-section-height-default elementor-section-height-default\" data-id=\"be7bfab\" data-element_type=\"section\">\n\t\t\t\t\t\t<div class=\"elementor-container elementor-column-gap-default\">\n\t\t\t\t\t<div class=\"elementor-column elementor-col-100 elementor-top-column elementor-element elementor-element-83e863a\" data-id=\"83e863a\" data-element_type=\"column\">\n\t\t\t<div class=\"elementor-widget-wrap elementor-element-populated\">\n\t\t\t\t\t\t\t\t<div class=\"elementor-element elementor-element-343a9c1 elementor-widget elementor-widget-image\" data-id=\"343a9c1\" data-element_type=\"widget\" data-widget_type=\"image.default\">\n\t\t\t\t<div class=\"elementor-widget-container\">\n\t\t\t<style>\/*! elementor - v3.15.0 - 02-08-2023 *\/\n.elementor-widget-image{text-align:center}.elementor-widget-image a{display:inline-block}.elementor-widget-image a img[src$=\".svg\"]{width:48px}.elementor-widget-image img{vertical-align:middle;display:inline-block}<\/style>\t\t\t\t\t\t\t\t\t\t\t\t<img loading=\"lazy\" decoding=\"async\" width=\"480\" height=\"613\" src=\"https:\/\/atlasgeoculturalafricaatual.com\/wp-content\/uploads\/2020\/07\/nelson-mandela-l.jpg\" class=\"attachment-large size-large wp-image-1215\" alt=\"\" srcset=\"https:\/\/atlasgeoculturalafricaatual.com\/wp-content\/uploads\/2020\/07\/nelson-mandela-l.jpg 480w, https:\/\/atlasgeoculturalafricaatual.com\/wp-content\/uploads\/2020\/07\/nelson-mandela-l-235x300.jpg 235w\" sizes=\"auto, (max-width: 480px) 100vw, 480px\" \/>\t\t\t\t\t\t\t\t\t\t\t\t\t\t\t<\/div>\n\t\t\t\t<\/div>\n\t\t\t\t\t<\/div>\n\t\t<\/div>\n\t\t\t\t\t\t\t<\/div>\n\t\t<\/section>\n\t\t\t\t<section class=\"elementor-section elementor-top-section elementor-element elementor-element-da2dd81 elementor-section-boxed elementor-section-height-default elementor-section-height-default\" data-id=\"da2dd81\" data-element_type=\"section\">\n\t\t\t\t\t\t<div class=\"elementor-container elementor-column-gap-default\">\n\t\t\t\t\t<div class=\"elementor-column elementor-col-100 elementor-top-column elementor-element elementor-element-368e2a7\" data-id=\"368e2a7\" data-element_type=\"column\">\n\t\t\t<div class=\"elementor-widget-wrap elementor-element-populated\">\n\t\t\t\t\t\t\t\t<div class=\"elementor-element elementor-element-9c1fe2e elementor-widget elementor-widget-text-editor\" data-id=\"9c1fe2e\" data-element_type=\"widget\" data-widget_type=\"text-editor.default\">\n\t\t\t\t<div class=\"elementor-widget-container\">\n\t\t\t\t\t\t\t<p>Nelson Mandela \u00e9 considerado um dos mais significativos personagens da hist\u00f3ria da humanidade. Vencedor do Pr\u00eamio Nobel da Paz de 1993, popularmente conhecido em \u00c1frica do Sul por Madiba (nome em sua etnia).\u00a0<\/p>\n<p>Formou-se em Direito e, em sua atua\u00e7\u00e3o cidad\u00e3, desenvolve as organiza\u00e7\u00f5es locais e internacionais em resist\u00eancia e supera\u00e7\u00e3o ao denominado sistema de Aphartheid, uma violenta forma institucionalizada de segrega\u00e7\u00e3o racial.\u00a0<\/p>\n<p>Nelson Mandela \u00e9 preso por acusa\u00e7\u00e3o de insubordina\u00e7\u00e3o e passa 27 anos na pris\u00e3o.\u00a0<\/p>\n<p>Por fim, o Aphartheid \u00e9 derrotado pelos movimentos sociais sul-africanos e pela solidariedade e press\u00e3o internacional.\u00a0<\/p>\n<p>De forma impressionante, em sua biografia e trajet\u00f3ria, Nelson Mandela \u00e9 eleito presidente da \u00c1frica do Sul, desenvolve todo um projeto nacional de recomposi\u00e7\u00e3o da sociedade sul-africana. Hoje, a \u00c1frica do Sul atua com acelerado processo de desenvolvimento econ\u00f4mico e social. Tamb\u00e9m cria a Comiss\u00e3o da Verdade e Reconcilia\u00e7\u00e3o (por reverbera\u00e7\u00e3o tamb\u00e9m \u00e9 institu\u00edda no Brasil) e de forma corajosa d\u00e1 publiciza\u00e7\u00e3o aos horrores do Aphartheid.\u00a0<\/p>\n<p>Mandela recebe centenas de homenagens em vida e est\u00e1 registrado na hist\u00f3ria da humanidade como refer\u00eancia internacional pela luta aos direitos humanos e o respeito \u00e0 democracia.\u00a0 \u00a0<\/p>\n<p>\u00a0<\/p>\t\t\t\t\t\t<\/div>\n\t\t\t\t<\/div>\n\t\t\t\t\t<\/div>\n\t\t<\/div>\n\t\t\t\t\t\t\t<\/div>\n\t\t<\/section>\n\t\t\t\t<section class=\"elementor-section elementor-top-section elementor-element elementor-element-2f1af85 elementor-section-boxed elementor-section-height-default elementor-section-height-default\" data-id=\"2f1af85\" data-element_type=\"section\">\n\t\t\t\t\t\t<div class=\"elementor-container elementor-column-gap-default\">\n\t\t\t\t\t<div class=\"elementor-column elementor-col-100 elementor-top-column elementor-element elementor-element-6e0ba68\" data-id=\"6e0ba68\" data-element_type=\"column\">\n\t\t\t<div class=\"elementor-widget-wrap elementor-element-populated\">\n\t\t\t\t\t\t\t\t<div class=\"elementor-element elementor-element-cf100b1 elementor-widget elementor-widget-text-editor\" data-id=\"cf100b1\" data-element_type=\"widget\" data-widget_type=\"text-editor.default\">\n\t\t\t\t<div class=\"elementor-widget-container\">\n\t\t\t\t\t\t\t<p>Seguem alguns v\u00eddeos para voc\u00ea aprofundar seus conhecimentos nessa hist\u00f3ria:\u00a0<\/p>\n<p>Reportagem da ONU : <a href=\"httpsss:\/\/youtu.be\/EXXQC-liJ1Q\">httpsss:\/\/youtu.be\/EXXQC-liJ1Q<\/a><\/p>\n<p>Homenagem da ONU:\u00a0<\/p>\n<p>httpsss:\/\/youtu.be\/cqkp2jBY1vA<\/p>\n<p>\u00a0<\/p>\n<p>\u00a0<\/p>\n<p>\u00a0<\/p>\n<p>\u00a0<\/p>\t\t\t\t\t\t<\/div>\n\t\t\t\t<\/div>\n\t\t\t\t\t<\/div>\n\t\t<\/div>\n\t\t\t\t\t\t\t<\/div>\n\t\t<\/section>\n\t\t\t\t\t\t\t<\/div>\n\t\t","protected":false},"excerpt":{"rendered":"<p>Dia Internacional Nelson Mandela O dia de 18 de julho est\u00e1 instituido pela Assembleia Geral das Na\u00e7\u00f5es Unidas, a ONU, como o &#8220;Dia Internacional Nelson Mandela&#8221;. Por sua import\u00e2ncia, milh\u00f5es [&hellip;]<\/p>\n","protected":false},"author":1,"featured_media":1198,"comment_status":"open","ping_status":"open","sticky":false,"template":"","format":"standard","meta":{"content-type":"","footnotes":""},"categories":[48],"tags":[60],"palavra-chave":[],"class_list":["post-1197","post","type-post","status-publish","format-standard","has-post-thumbnail","hentry","category-sem-categoria","tag-cultura","entry","has-media"],"aioseo_notices":[],"yoast_head":"<!-- This site is optimized with the Yoast SEO plugin v20.13 - https:\/\/yoast.com\/wordpress\/plugins\/seo\/ -->\n<title>Mandela Day - atlasgeoculturalafricaatual.com<\/title>\n<meta name=\"robots\" content=\"index, follow, max-snippet:-1, max-image-preview:large, max-video-preview:-1\" \/>\n<link rel=\"canonical\" href=\"https:\/\/atlasgeoculturalafricaatual.com\/index.php\/2020\/07\/17\/mandela-day\/\" \/>\n<meta property=\"og:locale\" content=\"pt_BR\" \/>\n<meta property=\"og:type\" content=\"article\" \/>\n<meta property=\"og:title\" content=\"Mandela Day - atlasgeoculturalafricaatual.com\" \/>\n<meta property=\"og:description\" content=\"Dia Internacional Nelson Mandela O dia de 18 de julho est\u00e1 instituido pela Assembleia Geral das Na\u00e7\u00f5es Unidas, a ONU, como o &#8220;Dia Internacional Nelson Mandela&#8221;. Por sua import\u00e2ncia, milh\u00f5es [&hellip;]\" \/>\n<meta property=\"og:url\" content=\"https:\/\/atlasgeoculturalafricaatual.com\/index.php\/2020\/07\/17\/mandela-day\/\" \/>\n<meta property=\"og:site_name\" content=\"atlasgeoculturalafricaatual.com\" \/>\n<meta property=\"article:published_time\" content=\"2020-07-17T10:45:55+00:00\" \/>\n<meta property=\"og:image\" content=\"\" \/>\n<meta name=\"author\" content=\"atlasgeoculturalafricaatual.com\" \/>\n<meta name=\"twitter:card\" content=\"summary_large_image\" \/>\n<meta name=\"twitter:label1\" content=\"Escrito por\" \/>\n\t<meta name=\"twitter:data1\" content=\"atlasgeoculturalafricaatual.com\" \/>\n\t<meta name=\"twitter:label2\" content=\"Est. tempo de leitura\" \/>\n\t<meta name=\"twitter:data2\" content=\"2 minutos\" \/>\n<script type=\"application\/ld+json\" class=\"yoast-schema-graph\">{\"@context\":\"https:\/\/schema.org\",\"@graph\":[{\"@type\":\"Article\",\"@id\":\"https:\/\/atlasgeoculturalafricaatual.com\/index.php\/2020\/07\/17\/mandela-day\/#article\",\"isPartOf\":{\"@id\":\"https:\/\/atlasgeoculturalafricaatual.com\/index.php\/2020\/07\/17\/mandela-day\/\"},\"author\":{\"name\":\"atlasgeoculturalafricaatual.com\",\"@id\":\"https:\/\/atlasgeoculturalafricaatual.com\/#\/schema\/person\/eeee269288097965a8c6f963043e4062\"},\"headline\":\"Mandela Day\",\"datePublished\":\"2020-07-17T10:45:55+00:00\",\"dateModified\":\"2020-07-17T10:45:55+00:00\",\"mainEntityOfPage\":{\"@id\":\"https:\/\/atlasgeoculturalafricaatual.com\/index.php\/2020\/07\/17\/mandela-day\/\"},\"wordCount\":313,\"commentCount\":5,\"publisher\":{\"@id\":\"https:\/\/atlasgeoculturalafricaatual.com\/#organization\"},\"keywords\":[\"Cultura\"],\"articleSection\":[\"A Africa\"],\"inLanguage\":\"pt-BR\",\"potentialAction\":[{\"@type\":\"CommentAction\",\"name\":\"Comment\",\"target\":[\"https:\/\/atlasgeoculturalafricaatual.com\/index.php\/2020\/07\/17\/mandela-day\/#respond\"]}]},{\"@type\":\"WebPage\",\"@id\":\"https:\/\/atlasgeoculturalafricaatual.com\/index.php\/2020\/07\/17\/mandela-day\/\",\"url\":\"https:\/\/atlasgeoculturalafricaatual.com\/index.php\/2020\/07\/17\/mandela-day\/\",\"name\":\"Mandela Day - atlasgeoculturalafricaatual.com\",\"isPartOf\":{\"@id\":\"https:\/\/atlasgeoculturalafricaatual.com\/#website\"},\"datePublished\":\"2020-07-17T10:45:55+00:00\",\"dateModified\":\"2020-07-17T10:45:55+00:00\",\"breadcrumb\":{\"@id\":\"https:\/\/atlasgeoculturalafricaatual.com\/index.php\/2020\/07\/17\/mandela-day\/#breadcrumb\"},\"inLanguage\":\"pt-BR\",\"potentialAction\":[{\"@type\":\"ReadAction\",\"target\":[\"https:\/\/atlasgeoculturalafricaatual.com\/index.php\/2020\/07\/17\/mandela-day\/\"]}]},{\"@type\":\"BreadcrumbList\",\"@id\":\"https:\/\/atlasgeoculturalafricaatual.com\/index.php\/2020\/07\/17\/mandela-day\/#breadcrumb\",\"itemListElement\":[{\"@type\":\"ListItem\",\"position\":1,\"name\":\"In\u00edcio\",\"item\":\"https:\/\/atlasgeoculturalafricaatual.com\/\"},{\"@type\":\"ListItem\",\"position\":2,\"name\":\"Mandela Day\"}]},{\"@type\":\"WebSite\",\"@id\":\"https:\/\/atlasgeoculturalafricaatual.com\/#website\",\"url\":\"https:\/\/atlasgeoculturalafricaatual.com\/\",\"name\":\"atlasgeoculturalafricaatual.com\",\"description\":\"O Atlas Geocultural da \u00c1frica \u00e9 um rico material de leitura e pesquisa, que visa apresentar de forma atual os pa\u00edses africanos, ainda t\u00e3o pouco conhecidos.\",\"publisher\":{\"@id\":\"https:\/\/atlasgeoculturalafricaatual.com\/#organization\"},\"potentialAction\":[{\"@type\":\"SearchAction\",\"target\":{\"@type\":\"EntryPoint\",\"urlTemplate\":\"https:\/\/atlasgeoculturalafricaatual.com\/?s={search_term_string}\"},\"query-input\":\"required name=search_term_string\"}],\"inLanguage\":\"pt-BR\"},{\"@type\":\"Organization\",\"@id\":\"https:\/\/atlasgeoculturalafricaatual.com\/#organization\",\"name\":\"atlasgeoculturalafricaatual.com\",\"url\":\"https:\/\/atlasgeoculturalafricaatual.com\/\",\"logo\":{\"@type\":\"ImageObject\",\"inLanguage\":\"pt-BR\",\"@id\":\"https:\/\/atlasgeoculturalafricaatual.com\/#\/schema\/logo\/image\/\",\"url\":\"http:\/\/atlasgeoculturalafricaatual.com\/wp-content\/uploads\/2023\/06\/LOGOEIROS_Prancheta-1-tipo-preto.png\",\"contentUrl\":\"http:\/\/atlasgeoculturalafricaatual.com\/wp-content\/uploads\/2023\/06\/LOGOEIROS_Prancheta-1-tipo-preto.png\",\"width\":1667,\"height\":730,\"caption\":\"atlasgeoculturalafricaatual.com\"},\"image\":{\"@id\":\"https:\/\/atlasgeoculturalafricaatual.com\/#\/schema\/logo\/image\/\"}},{\"@type\":\"Person\",\"@id\":\"https:\/\/atlasgeoculturalafricaatual.com\/#\/schema\/person\/eeee269288097965a8c6f963043e4062\",\"name\":\"atlasgeoculturalafricaatual.com\",\"image\":{\"@type\":\"ImageObject\",\"inLanguage\":\"pt-BR\",\"@id\":\"https:\/\/atlasgeoculturalafricaatual.com\/#\/schema\/person\/image\/\",\"url\":\"https:\/\/secure.gravatar.com\/avatar\/7af55f21031d350b316a54060d50821f?s=96&d=mm&r=g\",\"contentUrl\":\"https:\/\/secure.gravatar.com\/avatar\/7af55f21031d350b316a54060d50821f?s=96&d=mm&r=g\",\"caption\":\"atlasgeoculturalafricaatual.com\"},\"sameAs\":[\"http:\/\/atlasgeoculturalafricaatual.com\"],\"url\":\"https:\/\/atlasgeoculturalafricaatual.com\/index.php\/author\/atlasgeoculturalafricaatual-com\/\"}]}<\/script>\n<!-- \/ Yoast SEO plugin. -->","yoast_head_json":{"title":"Mandela Day - atlasgeoculturalafricaatual.com","robots":{"index":"index","follow":"follow","max-snippet":"max-snippet:-1","max-image-preview":"max-image-preview:large","max-video-preview":"max-video-preview:-1"},"canonical":"https:\/\/atlasgeoculturalafricaatual.com\/index.php\/2020\/07\/17\/mandela-day\/","og_locale":"pt_BR","og_type":"article","og_title":"Mandela Day - atlasgeoculturalafricaatual.com","og_description":"Dia Internacional Nelson Mandela O dia de 18 de julho est\u00e1 instituido pela Assembleia Geral das Na\u00e7\u00f5es Unidas, a ONU, como o &#8220;Dia Internacional Nelson Mandela&#8221;. Por sua import\u00e2ncia, milh\u00f5es [&hellip;]","og_url":"https:\/\/atlasgeoculturalafricaatual.com\/index.php\/2020\/07\/17\/mandela-day\/","og_site_name":"atlasgeoculturalafricaatual.com","article_published_time":"2020-07-17T10:45:55+00:00","og_image":[{"url":"httpsss:\/\/africaatual.com.br\/wp-content\/uploads\/2020\/07\/nelson-mandela-l.jpg"}],"author":"atlasgeoculturalafricaatual.com","twitter_card":"summary_large_image","twitter_misc":{"Escrito por":"atlasgeoculturalafricaatual.com","Est. tempo de leitura":"2 minutos"},"schema":{"@context":"https:\/\/schema.org","@graph":[{"@type":"Article","@id":"https:\/\/atlasgeoculturalafricaatual.com\/index.php\/2020\/07\/17\/mandela-day\/#article","isPartOf":{"@id":"https:\/\/atlasgeoculturalafricaatual.com\/index.php\/2020\/07\/17\/mandela-day\/"},"author":{"name":"atlasgeoculturalafricaatual.com","@id":"https:\/\/atlasgeoculturalafricaatual.com\/#\/schema\/person\/eeee269288097965a8c6f963043e4062"},"headline":"Mandela Day","datePublished":"2020-07-17T10:45:55+00:00","dateModified":"2020-07-17T10:45:55+00:00","mainEntityOfPage":{"@id":"https:\/\/atlasgeoculturalafricaatual.com\/index.php\/2020\/07\/17\/mandela-day\/"},"wordCount":313,"commentCount":5,"publisher":{"@id":"https:\/\/atlasgeoculturalafricaatual.com\/#organization"},"keywords":["Cultura"],"articleSection":["A Africa"],"inLanguage":"pt-BR","potentialAction":[{"@type":"CommentAction","name":"Comment","target":["https:\/\/atlasgeoculturalafricaatual.com\/index.php\/2020\/07\/17\/mandela-day\/#respond"]}]},{"@type":"WebPage","@id":"https:\/\/atlasgeoculturalafricaatual.com\/index.php\/2020\/07\/17\/mandela-day\/","url":"https:\/\/atlasgeoculturalafricaatual.com\/index.php\/2020\/07\/17\/mandela-day\/","name":"Mandela Day - atlasgeoculturalafricaatual.com","isPartOf":{"@id":"https:\/\/atlasgeoculturalafricaatual.com\/#website"},"datePublished":"2020-07-17T10:45:55+00:00","dateModified":"2020-07-17T10:45:55+00:00","breadcrumb":{"@id":"https:\/\/atlasgeoculturalafricaatual.com\/index.php\/2020\/07\/17\/mandela-day\/#breadcrumb"},"inLanguage":"pt-BR","potentialAction":[{"@type":"ReadAction","target":["https:\/\/atlasgeoculturalafricaatual.com\/index.php\/2020\/07\/17\/mandela-day\/"]}]},{"@type":"BreadcrumbList","@id":"https:\/\/atlasgeoculturalafricaatual.com\/index.php\/2020\/07\/17\/mandela-day\/#breadcrumb","itemListElement":[{"@type":"ListItem","position":1,"name":"In\u00edcio","item":"https:\/\/atlasgeoculturalafricaatual.com\/"},{"@type":"ListItem","position":2,"name":"Mandela Day"}]},{"@type":"WebSite","@id":"https:\/\/atlasgeoculturalafricaatual.com\/#website","url":"https:\/\/atlasgeoculturalafricaatual.com\/","name":"atlasgeoculturalafricaatual.com","description":"O Atlas Geocultural da \u00c1frica \u00e9 um rico material de leitura e pesquisa, que visa apresentar de forma atual os pa\u00edses africanos, ainda t\u00e3o pouco conhecidos.","publisher":{"@id":"https:\/\/atlasgeoculturalafricaatual.com\/#organization"},"potentialAction":[{"@type":"SearchAction","target":{"@type":"EntryPoint","urlTemplate":"https:\/\/atlasgeoculturalafricaatual.com\/?s={search_term_string}"},"query-input":"required name=search_term_string"}],"inLanguage":"pt-BR"},{"@type":"Organization","@id":"https:\/\/atlasgeoculturalafricaatual.com\/#organization","name":"atlasgeoculturalafricaatual.com","url":"https:\/\/atlasgeoculturalafricaatual.com\/","logo":{"@type":"ImageObject","inLanguage":"pt-BR","@id":"https:\/\/atlasgeoculturalafricaatual.com\/#\/schema\/logo\/image\/","url":"http:\/\/atlasgeoculturalafricaatual.com\/wp-content\/uploads\/2023\/06\/LOGOEIROS_Prancheta-1-tipo-preto.png","contentUrl":"http:\/\/atlasgeoculturalafricaatual.com\/wp-content\/uploads\/2023\/06\/LOGOEIROS_Prancheta-1-tipo-preto.png","width":1667,"height":730,"caption":"atlasgeoculturalafricaatual.com"},"image":{"@id":"https:\/\/atlasgeoculturalafricaatual.com\/#\/schema\/logo\/image\/"}},{"@type":"Person","@id":"https:\/\/atlasgeoculturalafricaatual.com\/#\/schema\/person\/eeee269288097965a8c6f963043e4062","name":"atlasgeoculturalafricaatual.com","image":{"@type":"ImageObject","inLanguage":"pt-BR","@id":"https:\/\/atlasgeoculturalafricaatual.com\/#\/schema\/person\/image\/","url":"https:\/\/secure.gravatar.com\/avatar\/7af55f21031d350b316a54060d50821f?s=96&d=mm&r=g","contentUrl":"https:\/\/secure.gravatar.com\/avatar\/7af55f21031d350b316a54060d50821f?s=96&d=mm&r=g","caption":"atlasgeoculturalafricaatual.com"},"sameAs":["http:\/\/atlasgeoculturalafricaatual.com"],"url":"https:\/\/atlasgeoculturalafricaatual.com\/index.php\/author\/atlasgeoculturalafricaatual-com\/"}]}},"_links":{"self":[{"href":"https:\/\/atlasgeoculturalafricaatual.com\/index.php\/wp-json\/wp\/v2\/posts\/1197","targetHints":{"allow":["GET"]}}],"collection":[{"href":"https:\/\/atlasgeoculturalafricaatual.com\/index.php\/wp-json\/wp\/v2\/posts"}],"about":[{"href":"https:\/\/atlasgeoculturalafricaatual.com\/index.php\/wp-json\/wp\/v2\/types\/post"}],"author":[{"embeddable":true,"href":"https:\/\/atlasgeoculturalafricaatual.com\/index.php\/wp-json\/wp\/v2\/users\/1"}],"replies":[{"embeddable":true,"href":"https:\/\/atlasgeoculturalafricaatual.com\/index.php\/wp-json\/wp\/v2\/comments?post=1197"}],"version-history":[{"count":0,"href":"https:\/\/atlasgeoculturalafricaatual.com\/index.php\/wp-json\/wp\/v2\/posts\/1197\/revisions"}],"wp:featuredmedia":[{"embeddable":true,"href":"https:\/\/atlasgeoculturalafricaatual.com\/index.php\/wp-json\/wp\/v2\/media\/1198"}],"wp:attachment":[{"href":"https:\/\/atlasgeoculturalafricaatual.com\/index.php\/wp-json\/wp\/v2\/media?parent=1197"}],"wp:term":[{"taxonomy":"category","embeddable":true,"href":"https:\/\/atlasgeoculturalafricaatual.com\/index.php\/wp-json\/wp\/v2\/categories?post=1197"},{"taxonomy":"post_tag","embeddable":true,"href":"https:\/\/atlasgeoculturalafricaatual.com\/index.php\/wp-json\/wp\/v2\/tags?post=1197"},{"taxonomy":"palavra-chave","embeddable":true,"href":"https:\/\/atlasgeoculturalafricaatual.com\/index.php\/wp-json\/wp\/v2\/palavra-chave?post=1197"}],"curies":[{"name":"wp","href":"https:\/\/api.w.org\/{rel}","templated":true}]}}