{"id":1133,"date":"2020-06-25T11:08:26","date_gmt":"2020-06-25T14:08:26","guid":{"rendered":"https:\/\/atlasgeoculturalafricaatual.com\/index.php\/2020\/06\/25\/celebre-o-25-de-junho-dia-da-independencia-nacional-de-mocambique\/"},"modified":"2020-06-25T11:08:26","modified_gmt":"2020-06-25T14:08:26","slug":"celebre-o-25-de-junho-dia-da-independencia-nacional-de-mocambique","status":"publish","type":"post","link":"https:\/\/atlasgeoculturalafricaatual.com\/index.php\/2020\/06\/25\/celebre-o-25-de-junho-dia-da-independencia-nacional-de-mocambique\/","title":{"rendered":"Celebre o 25 de junho. Dia da Independ\u00eancia Nacional de Mo\u00e7ambique."},"content":{"rendered":"\t\t<div data-elementor-type=\"wp-post\" data-elementor-id=\"1133\" class=\"elementor elementor-1133\">\n\t\t\t\t\t\t\t\t\t<section class=\"elementor-section elementor-top-section elementor-element elementor-element-b3e998b elementor-section-boxed elementor-section-height-default elementor-section-height-default\" data-id=\"b3e998b\" data-element_type=\"section\">\n\t\t\t\t\t\t<div class=\"elementor-container elementor-column-gap-default\">\n\t\t\t\t\t<div class=\"elementor-column elementor-col-100 elementor-top-column elementor-element elementor-element-21c90f5\" data-id=\"21c90f5\" data-element_type=\"column\">\n\t\t\t<div class=\"elementor-widget-wrap elementor-element-populated\">\n\t\t\t\t\t\t\t\t<div class=\"elementor-element elementor-element-ca5ea6b elementor-widget elementor-widget-image\" data-id=\"ca5ea6b\" data-element_type=\"widget\" data-widget_type=\"image.default\">\n\t\t\t\t<div class=\"elementor-widget-container\">\n\t\t\t<style>\/*! elementor - v3.15.0 - 02-08-2023 *\/\n.elementor-widget-image{text-align:center}.elementor-widget-image a{display:inline-block}.elementor-widget-image a img[src$=\".svg\"]{width:48px}.elementor-widget-image img{vertical-align:middle;display:inline-block}<\/style>\t\t\t\t\t\t\t\t\t\t\t\t<img loading=\"lazy\" decoding=\"async\" width=\"1024\" height=\"576\" src=\"https:\/\/atlasgeoculturalafricaatual.com\/wp-content\/uploads\/2020\/06\/ponte-1024x576.jpg\" class=\"attachment-large size-large wp-image-1136\" alt=\"\" srcset=\"https:\/\/atlasgeoculturalafricaatual.com\/wp-content\/uploads\/2020\/06\/ponte-1024x576.jpg 1024w, https:\/\/atlasgeoculturalafricaatual.com\/wp-content\/uploads\/2020\/06\/ponte-300x169.jpg 300w, https:\/\/atlasgeoculturalafricaatual.com\/wp-content\/uploads\/2020\/06\/ponte-768x432.jpg 768w, https:\/\/atlasgeoculturalafricaatual.com\/wp-content\/uploads\/2020\/06\/ponte-800x450.jpg 800w, https:\/\/atlasgeoculturalafricaatual.com\/wp-content\/uploads\/2020\/06\/ponte.jpg 1280w\" sizes=\"auto, (max-width: 1024px) 100vw, 1024px\" \/>\t\t\t\t\t\t\t\t\t\t\t\t\t\t\t<\/div>\n\t\t\t\t<\/div>\n\t\t\t\t\t<\/div>\n\t\t<\/div>\n\t\t\t\t\t\t\t<\/div>\n\t\t<\/section>\n\t\t\t\t<section class=\"elementor-section elementor-top-section elementor-element elementor-element-99dd247 elementor-section-boxed elementor-section-height-default elementor-section-height-default\" data-id=\"99dd247\" data-element_type=\"section\">\n\t\t\t\t\t\t<div class=\"elementor-container elementor-column-gap-default\">\n\t\t\t\t\t<div class=\"elementor-column elementor-col-100 elementor-top-column elementor-element elementor-element-bef3013\" data-id=\"bef3013\" data-element_type=\"column\">\n\t\t\t<div class=\"elementor-widget-wrap elementor-element-populated\">\n\t\t\t\t\t\t\t\t<div class=\"elementor-element elementor-element-d092a9e elementor-widget elementor-widget-text-editor\" data-id=\"d092a9e\" data-element_type=\"widget\" data-widget_type=\"text-editor.default\">\n\t\t\t\t<div class=\"elementor-widget-container\">\n\t\t\t<style>\/*! elementor - v3.15.0 - 02-08-2023 *\/\n.elementor-widget-text-editor.elementor-drop-cap-view-stacked .elementor-drop-cap{background-color:#69727d;color:#fff}.elementor-widget-text-editor.elementor-drop-cap-view-framed .elementor-drop-cap{color:#69727d;border:3px solid;background-color:transparent}.elementor-widget-text-editor:not(.elementor-drop-cap-view-default) .elementor-drop-cap{margin-top:8px}.elementor-widget-text-editor:not(.elementor-drop-cap-view-default) .elementor-drop-cap-letter{width:1em;height:1em}.elementor-widget-text-editor .elementor-drop-cap{float:left;text-align:center;line-height:1;font-size:50px}.elementor-widget-text-editor .elementor-drop-cap-letter{display:inline-block}<\/style>\t\t\t\t<p>Ponte Maputo-Katembe inaugurada, importante infraestrutura na capital.\u00a0<\/p><p>fonte:\u00a0<\/p><p>httpsss:\/\/interlusofona.info\/pr-mocambique-inaugurou-ponte-que-liga-as-duas-margens-da-baia-de-maputo\/<\/p>\t\t\t\t\t\t<\/div>\n\t\t\t\t<\/div>\n\t\t\t\t\t<\/div>\n\t\t<\/div>\n\t\t\t\t\t\t\t<\/div>\n\t\t<\/section>\n\t\t\t\t<section class=\"elementor-section elementor-top-section elementor-element elementor-element-bae1b69 elementor-section-boxed elementor-section-height-default elementor-section-height-default\" data-id=\"bae1b69\" data-element_type=\"section\">\n\t\t\t\t\t\t<div class=\"elementor-container elementor-column-gap-default\">\n\t\t\t\t\t<div class=\"elementor-column elementor-col-100 elementor-top-column elementor-element elementor-element-0ab8988\" data-id=\"0ab8988\" data-element_type=\"column\">\n\t\t\t<div class=\"elementor-widget-wrap elementor-element-populated\">\n\t\t\t\t\t\t\t\t<div class=\"elementor-element elementor-element-bb6fd81 elementor-widget elementor-widget-text-editor\" data-id=\"bb6fd81\" data-element_type=\"widget\" data-widget_type=\"text-editor.default\">\n\t\t\t\t<div class=\"elementor-widget-container\">\n\t\t\t\t\t\t\t<p>&#8220;A Associa\u00e7\u00e3o dos Estudantes Mo\u00e7ambicanos na Universidade da Integra\u00e7\u00e3o Internacional da Lusofonia Afro-Brasileira (Aemoz-Unilab) promove, em 25 de junho, a Semana de Mo\u00e7ambique. As atividades t\u00eam como foco a celebra\u00e7\u00e3o dos 45 anos da Independ\u00eancia de Mo\u00e7ambique e a promo\u00e7\u00e3o da diversidade sociocultural por meio da ci\u00eancia e arte. A participa\u00e7\u00e3o ocorre via plataforma Zoom, neste<strong><a href=\"httpsss:\/\/us04web.zoom.us\/j\/72383087557?pwd=NnlpQVlFMEQreURkRzRpY1JLMUljUT09\" target=\"_blank\" rel=\"noopener noreferrer\">\u00a0link.<\/a><\/strong><\/p><p>A Rep\u00fablica de Mo\u00e7ambique \u00e9 um pa\u00eds com mais de 801 mil quil\u00f4metros quadrados no sudeste africano e que tem como capital a cidade de Maputo. Independente do dom\u00ednio colonial lusitano desde 25 de Junho de 1975 (em 2020 completando 45 anos),<\/p><p>Mo\u00e7ambique \u00e9 um pa\u00eds em franco crescimento e integra a Comunidade de Desenvolvimento da \u00c1frica Austral (SADC), Comunidade dos Pa\u00edses Africanos de L\u00edngua Oficial Portuguesa (Palop), Comunidade dos Pa\u00edses de L\u00edngua Portuguesa (CPLP) e a Organiza\u00e7\u00e3o das Na\u00e7\u00f5es Unidas (ONU), entre diversas outras organiza\u00e7\u00f5es internacionais.&#8221;\u00a0<\/p><p>fonte:\u00a0<\/p><p>httpss:\/\/www.unilab.edu.br\/noticias\/2020\/06\/18\/independencia-de-mocambique-sera-comemorada-com-atividades-on-line-na-proxima-quinta-feira-25\/<\/p><p>\u00a0<\/p>\t\t\t\t\t\t<\/div>\n\t\t\t\t<\/div>\n\t\t\t\t\t<\/div>\n\t\t<\/div>\n\t\t\t\t\t\t\t<\/div>\n\t\t<\/section>\n\t\t\t\t\t\t\t<\/div>\n\t\t","protected":false},"excerpt":{"rendered":"<p>Ponte Maputo-Katembe inaugurada, importante infraestrutura na capital.&nbsp; fonte:&nbsp; httpsss:\/\/interlusofona.info\/pr-mocambique-inaugurou-ponte-que-liga-as-duas-margens-da-baia-de-maputo\/ &#8220;A Associa\u00e7\u00e3o dos Estudantes Mo\u00e7ambicanos na Universidade da Integra\u00e7\u00e3o Internacional da Lusofonia Afro-Brasileira (Aemoz-Unilab) promove, em 25 de junho, a Semana [&hellip;]<\/p>\n","protected":false},"author":1,"featured_media":1134,"comment_status":"open","ping_status":"open","sticky":false,"template":"","format":"standard","meta":{"content-type":"","footnotes":""},"categories":[48],"tags":[],"palavra-chave":[],"class_list":["post-1133","post","type-post","status-publish","format-standard","has-post-thumbnail","hentry","category-sem-categoria","entry","has-media"],"aioseo_notices":[],"yoast_head":"<!-- This site is optimized with the Yoast SEO plugin v20.13 - https:\/\/yoast.com\/wordpress\/plugins\/seo\/ -->\n<title>Celebre o 25 de junho. Dia da Independ\u00eancia Nacional de Mo\u00e7ambique. - atlasgeoculturalafricaatual.com<\/title>\n<meta name=\"robots\" content=\"index, follow, max-snippet:-1, max-image-preview:large, max-video-preview:-1\" \/>\n<link rel=\"canonical\" href=\"https:\/\/atlasgeoculturalafricaatual.com\/index.php\/2020\/06\/25\/celebre-o-25-de-junho-dia-da-independencia-nacional-de-mocambique\/\" \/>\n<meta property=\"og:locale\" content=\"pt_BR\" \/>\n<meta property=\"og:type\" content=\"article\" \/>\n<meta property=\"og:title\" content=\"Celebre o 25 de junho. Dia da Independ\u00eancia Nacional de Mo\u00e7ambique. - atlasgeoculturalafricaatual.com\" \/>\n<meta property=\"og:description\" content=\"Ponte Maputo-Katembe inaugurada, importante infraestrutura na capital.&nbsp; fonte:&nbsp; httpsss:\/\/interlusofona.info\/pr-mocambique-inaugurou-ponte-que-liga-as-duas-margens-da-baia-de-maputo\/ &#8220;A Associa\u00e7\u00e3o dos Estudantes Mo\u00e7ambicanos na Universidade da Integra\u00e7\u00e3o Internacional da Lusofonia Afro-Brasileira (Aemoz-Unilab) promove, em 25 de junho, a Semana [&hellip;]\" \/>\n<meta property=\"og:url\" content=\"https:\/\/atlasgeoculturalafricaatual.com\/index.php\/2020\/06\/25\/celebre-o-25-de-junho-dia-da-independencia-nacional-de-mocambique\/\" \/>\n<meta property=\"og:site_name\" content=\"atlasgeoculturalafricaatual.com\" \/>\n<meta property=\"article:published_time\" content=\"2020-06-25T14:08:26+00:00\" \/>\n<meta property=\"og:image\" content=\"\" \/>\n<meta name=\"author\" content=\"atlasgeoculturalafricaatual.com\" \/>\n<meta name=\"twitter:card\" content=\"summary_large_image\" \/>\n<meta name=\"twitter:label1\" content=\"Escrito por\" \/>\n\t<meta name=\"twitter:data1\" content=\"atlasgeoculturalafricaatual.com\" \/>\n\t<meta name=\"twitter:label2\" content=\"Est. tempo de leitura\" \/>\n\t<meta name=\"twitter:data2\" content=\"1 minuto\" \/>\n<script type=\"application\/ld+json\" class=\"yoast-schema-graph\">{\"@context\":\"https:\/\/schema.org\",\"@graph\":[{\"@type\":\"Article\",\"@id\":\"https:\/\/atlasgeoculturalafricaatual.com\/index.php\/2020\/06\/25\/celebre-o-25-de-junho-dia-da-independencia-nacional-de-mocambique\/#article\",\"isPartOf\":{\"@id\":\"https:\/\/atlasgeoculturalafricaatual.com\/index.php\/2020\/06\/25\/celebre-o-25-de-junho-dia-da-independencia-nacional-de-mocambique\/\"},\"author\":{\"name\":\"atlasgeoculturalafricaatual.com\",\"@id\":\"https:\/\/atlasgeoculturalafricaatual.com\/#\/schema\/person\/eeee269288097965a8c6f963043e4062\"},\"headline\":\"Celebre o 25 de junho. Dia da Independ\u00eancia Nacional de Mo\u00e7ambique.\",\"datePublished\":\"2020-06-25T14:08:26+00:00\",\"dateModified\":\"2020-06-25T14:08:26+00:00\",\"mainEntityOfPage\":{\"@id\":\"https:\/\/atlasgeoculturalafricaatual.com\/index.php\/2020\/06\/25\/celebre-o-25-de-junho-dia-da-independencia-nacional-de-mocambique\/\"},\"wordCount\":197,\"commentCount\":1,\"publisher\":{\"@id\":\"https:\/\/atlasgeoculturalafricaatual.com\/#organization\"},\"articleSection\":[\"A Africa\"],\"inLanguage\":\"pt-BR\",\"potentialAction\":[{\"@type\":\"CommentAction\",\"name\":\"Comment\",\"target\":[\"https:\/\/atlasgeoculturalafricaatual.com\/index.php\/2020\/06\/25\/celebre-o-25-de-junho-dia-da-independencia-nacional-de-mocambique\/#respond\"]}]},{\"@type\":\"WebPage\",\"@id\":\"https:\/\/atlasgeoculturalafricaatual.com\/index.php\/2020\/06\/25\/celebre-o-25-de-junho-dia-da-independencia-nacional-de-mocambique\/\",\"url\":\"https:\/\/atlasgeoculturalafricaatual.com\/index.php\/2020\/06\/25\/celebre-o-25-de-junho-dia-da-independencia-nacional-de-mocambique\/\",\"name\":\"Celebre o 25 de junho. Dia da Independ\u00eancia Nacional de Mo\u00e7ambique. - atlasgeoculturalafricaatual.com\",\"isPartOf\":{\"@id\":\"https:\/\/atlasgeoculturalafricaatual.com\/#website\"},\"datePublished\":\"2020-06-25T14:08:26+00:00\",\"dateModified\":\"2020-06-25T14:08:26+00:00\",\"breadcrumb\":{\"@id\":\"https:\/\/atlasgeoculturalafricaatual.com\/index.php\/2020\/06\/25\/celebre-o-25-de-junho-dia-da-independencia-nacional-de-mocambique\/#breadcrumb\"},\"inLanguage\":\"pt-BR\",\"potentialAction\":[{\"@type\":\"ReadAction\",\"target\":[\"https:\/\/atlasgeoculturalafricaatual.com\/index.php\/2020\/06\/25\/celebre-o-25-de-junho-dia-da-independencia-nacional-de-mocambique\/\"]}]},{\"@type\":\"BreadcrumbList\",\"@id\":\"https:\/\/atlasgeoculturalafricaatual.com\/index.php\/2020\/06\/25\/celebre-o-25-de-junho-dia-da-independencia-nacional-de-mocambique\/#breadcrumb\",\"itemListElement\":[{\"@type\":\"ListItem\",\"position\":1,\"name\":\"In\u00edcio\",\"item\":\"https:\/\/atlasgeoculturalafricaatual.com\/\"},{\"@type\":\"ListItem\",\"position\":2,\"name\":\"Celebre o 25 de junho. Dia da Independ\u00eancia Nacional de Mo\u00e7ambique.\"}]},{\"@type\":\"WebSite\",\"@id\":\"https:\/\/atlasgeoculturalafricaatual.com\/#website\",\"url\":\"https:\/\/atlasgeoculturalafricaatual.com\/\",\"name\":\"atlasgeoculturalafricaatual.com\",\"description\":\"O Atlas Geocultural da \u00c1frica \u00e9 um rico material de leitura e pesquisa, que visa apresentar de forma atual os pa\u00edses africanos, ainda t\u00e3o pouco conhecidos.\",\"publisher\":{\"@id\":\"https:\/\/atlasgeoculturalafricaatual.com\/#organization\"},\"potentialAction\":[{\"@type\":\"SearchAction\",\"target\":{\"@type\":\"EntryPoint\",\"urlTemplate\":\"https:\/\/atlasgeoculturalafricaatual.com\/?s={search_term_string}\"},\"query-input\":\"required name=search_term_string\"}],\"inLanguage\":\"pt-BR\"},{\"@type\":\"Organization\",\"@id\":\"https:\/\/atlasgeoculturalafricaatual.com\/#organization\",\"name\":\"atlasgeoculturalafricaatual.com\",\"url\":\"https:\/\/atlasgeoculturalafricaatual.com\/\",\"logo\":{\"@type\":\"ImageObject\",\"inLanguage\":\"pt-BR\",\"@id\":\"https:\/\/atlasgeoculturalafricaatual.com\/#\/schema\/logo\/image\/\",\"url\":\"http:\/\/atlasgeoculturalafricaatual.com\/wp-content\/uploads\/2023\/06\/LOGOEIROS_Prancheta-1-tipo-preto.png\",\"contentUrl\":\"http:\/\/atlasgeoculturalafricaatual.com\/wp-content\/uploads\/2023\/06\/LOGOEIROS_Prancheta-1-tipo-preto.png\",\"width\":1667,\"height\":730,\"caption\":\"atlasgeoculturalafricaatual.com\"},\"image\":{\"@id\":\"https:\/\/atlasgeoculturalafricaatual.com\/#\/schema\/logo\/image\/\"}},{\"@type\":\"Person\",\"@id\":\"https:\/\/atlasgeoculturalafricaatual.com\/#\/schema\/person\/eeee269288097965a8c6f963043e4062\",\"name\":\"atlasgeoculturalafricaatual.com\",\"image\":{\"@type\":\"ImageObject\",\"inLanguage\":\"pt-BR\",\"@id\":\"https:\/\/atlasgeoculturalafricaatual.com\/#\/schema\/person\/image\/\",\"url\":\"https:\/\/secure.gravatar.com\/avatar\/7af55f21031d350b316a54060d50821f?s=96&d=mm&r=g\",\"contentUrl\":\"https:\/\/secure.gravatar.com\/avatar\/7af55f21031d350b316a54060d50821f?s=96&d=mm&r=g\",\"caption\":\"atlasgeoculturalafricaatual.com\"},\"sameAs\":[\"http:\/\/atlasgeoculturalafricaatual.com\"],\"url\":\"https:\/\/atlasgeoculturalafricaatual.com\/index.php\/author\/atlasgeoculturalafricaatual-com\/\"}]}<\/script>\n<!-- \/ Yoast SEO plugin. -->","yoast_head_json":{"title":"Celebre o 25 de junho. Dia da Independ\u00eancia Nacional de Mo\u00e7ambique. - atlasgeoculturalafricaatual.com","robots":{"index":"index","follow":"follow","max-snippet":"max-snippet:-1","max-image-preview":"max-image-preview:large","max-video-preview":"max-video-preview:-1"},"canonical":"https:\/\/atlasgeoculturalafricaatual.com\/index.php\/2020\/06\/25\/celebre-o-25-de-junho-dia-da-independencia-nacional-de-mocambique\/","og_locale":"pt_BR","og_type":"article","og_title":"Celebre o 25 de junho. Dia da Independ\u00eancia Nacional de Mo\u00e7ambique. - atlasgeoculturalafricaatual.com","og_description":"Ponte Maputo-Katembe inaugurada, importante infraestrutura na capital.&nbsp; fonte:&nbsp; httpsss:\/\/interlusofona.info\/pr-mocambique-inaugurou-ponte-que-liga-as-duas-margens-da-baia-de-maputo\/ &#8220;A Associa\u00e7\u00e3o dos Estudantes Mo\u00e7ambicanos na Universidade da Integra\u00e7\u00e3o Internacional da Lusofonia Afro-Brasileira (Aemoz-Unilab) promove, em 25 de junho, a Semana [&hellip;]","og_url":"https:\/\/atlasgeoculturalafricaatual.com\/index.php\/2020\/06\/25\/celebre-o-25-de-junho-dia-da-independencia-nacional-de-mocambique\/","og_site_name":"atlasgeoculturalafricaatual.com","article_published_time":"2020-06-25T14:08:26+00:00","og_image":[{"url":"httpsss:\/\/africaatual.com.br\/wp-content\/uploads\/2020\/06\/ponte-1024x576.jpg"}],"author":"atlasgeoculturalafricaatual.com","twitter_card":"summary_large_image","twitter_misc":{"Escrito por":"atlasgeoculturalafricaatual.com","Est. tempo de leitura":"1 minuto"},"schema":{"@context":"https:\/\/schema.org","@graph":[{"@type":"Article","@id":"https:\/\/atlasgeoculturalafricaatual.com\/index.php\/2020\/06\/25\/celebre-o-25-de-junho-dia-da-independencia-nacional-de-mocambique\/#article","isPartOf":{"@id":"https:\/\/atlasgeoculturalafricaatual.com\/index.php\/2020\/06\/25\/celebre-o-25-de-junho-dia-da-independencia-nacional-de-mocambique\/"},"author":{"name":"atlasgeoculturalafricaatual.com","@id":"https:\/\/atlasgeoculturalafricaatual.com\/#\/schema\/person\/eeee269288097965a8c6f963043e4062"},"headline":"Celebre o 25 de junho. Dia da Independ\u00eancia Nacional de Mo\u00e7ambique.","datePublished":"2020-06-25T14:08:26+00:00","dateModified":"2020-06-25T14:08:26+00:00","mainEntityOfPage":{"@id":"https:\/\/atlasgeoculturalafricaatual.com\/index.php\/2020\/06\/25\/celebre-o-25-de-junho-dia-da-independencia-nacional-de-mocambique\/"},"wordCount":197,"commentCount":1,"publisher":{"@id":"https:\/\/atlasgeoculturalafricaatual.com\/#organization"},"articleSection":["A Africa"],"inLanguage":"pt-BR","potentialAction":[{"@type":"CommentAction","name":"Comment","target":["https:\/\/atlasgeoculturalafricaatual.com\/index.php\/2020\/06\/25\/celebre-o-25-de-junho-dia-da-independencia-nacional-de-mocambique\/#respond"]}]},{"@type":"WebPage","@id":"https:\/\/atlasgeoculturalafricaatual.com\/index.php\/2020\/06\/25\/celebre-o-25-de-junho-dia-da-independencia-nacional-de-mocambique\/","url":"https:\/\/atlasgeoculturalafricaatual.com\/index.php\/2020\/06\/25\/celebre-o-25-de-junho-dia-da-independencia-nacional-de-mocambique\/","name":"Celebre o 25 de junho. Dia da Independ\u00eancia Nacional de Mo\u00e7ambique. - atlasgeoculturalafricaatual.com","isPartOf":{"@id":"https:\/\/atlasgeoculturalafricaatual.com\/#website"},"datePublished":"2020-06-25T14:08:26+00:00","dateModified":"2020-06-25T14:08:26+00:00","breadcrumb":{"@id":"https:\/\/atlasgeoculturalafricaatual.com\/index.php\/2020\/06\/25\/celebre-o-25-de-junho-dia-da-independencia-nacional-de-mocambique\/#breadcrumb"},"inLanguage":"pt-BR","potentialAction":[{"@type":"ReadAction","target":["https:\/\/atlasgeoculturalafricaatual.com\/index.php\/2020\/06\/25\/celebre-o-25-de-junho-dia-da-independencia-nacional-de-mocambique\/"]}]},{"@type":"BreadcrumbList","@id":"https:\/\/atlasgeoculturalafricaatual.com\/index.php\/2020\/06\/25\/celebre-o-25-de-junho-dia-da-independencia-nacional-de-mocambique\/#breadcrumb","itemListElement":[{"@type":"ListItem","position":1,"name":"In\u00edcio","item":"https:\/\/atlasgeoculturalafricaatual.com\/"},{"@type":"ListItem","position":2,"name":"Celebre o 25 de junho. Dia da Independ\u00eancia Nacional de Mo\u00e7ambique."}]},{"@type":"WebSite","@id":"https:\/\/atlasgeoculturalafricaatual.com\/#website","url":"https:\/\/atlasgeoculturalafricaatual.com\/","name":"atlasgeoculturalafricaatual.com","description":"O Atlas Geocultural da \u00c1frica \u00e9 um rico material de leitura e pesquisa, que visa apresentar de forma atual os pa\u00edses africanos, ainda t\u00e3o pouco conhecidos.","publisher":{"@id":"https:\/\/atlasgeoculturalafricaatual.com\/#organization"},"potentialAction":[{"@type":"SearchAction","target":{"@type":"EntryPoint","urlTemplate":"https:\/\/atlasgeoculturalafricaatual.com\/?s={search_term_string}"},"query-input":"required name=search_term_string"}],"inLanguage":"pt-BR"},{"@type":"Organization","@id":"https:\/\/atlasgeoculturalafricaatual.com\/#organization","name":"atlasgeoculturalafricaatual.com","url":"https:\/\/atlasgeoculturalafricaatual.com\/","logo":{"@type":"ImageObject","inLanguage":"pt-BR","@id":"https:\/\/atlasgeoculturalafricaatual.com\/#\/schema\/logo\/image\/","url":"http:\/\/atlasgeoculturalafricaatual.com\/wp-content\/uploads\/2023\/06\/LOGOEIROS_Prancheta-1-tipo-preto.png","contentUrl":"http:\/\/atlasgeoculturalafricaatual.com\/wp-content\/uploads\/2023\/06\/LOGOEIROS_Prancheta-1-tipo-preto.png","width":1667,"height":730,"caption":"atlasgeoculturalafricaatual.com"},"image":{"@id":"https:\/\/atlasgeoculturalafricaatual.com\/#\/schema\/logo\/image\/"}},{"@type":"Person","@id":"https:\/\/atlasgeoculturalafricaatual.com\/#\/schema\/person\/eeee269288097965a8c6f963043e4062","name":"atlasgeoculturalafricaatual.com","image":{"@type":"ImageObject","inLanguage":"pt-BR","@id":"https:\/\/atlasgeoculturalafricaatual.com\/#\/schema\/person\/image\/","url":"https:\/\/secure.gravatar.com\/avatar\/7af55f21031d350b316a54060d50821f?s=96&d=mm&r=g","contentUrl":"https:\/\/secure.gravatar.com\/avatar\/7af55f21031d350b316a54060d50821f?s=96&d=mm&r=g","caption":"atlasgeoculturalafricaatual.com"},"sameAs":["http:\/\/atlasgeoculturalafricaatual.com"],"url":"https:\/\/atlasgeoculturalafricaatual.com\/index.php\/author\/atlasgeoculturalafricaatual-com\/"}]}},"_links":{"self":[{"href":"https:\/\/atlasgeoculturalafricaatual.com\/index.php\/wp-json\/wp\/v2\/posts\/1133","targetHints":{"allow":["GET"]}}],"collection":[{"href":"https:\/\/atlasgeoculturalafricaatual.com\/index.php\/wp-json\/wp\/v2\/posts"}],"about":[{"href":"https:\/\/atlasgeoculturalafricaatual.com\/index.php\/wp-json\/wp\/v2\/types\/post"}],"author":[{"embeddable":true,"href":"https:\/\/atlasgeoculturalafricaatual.com\/index.php\/wp-json\/wp\/v2\/users\/1"}],"replies":[{"embeddable":true,"href":"https:\/\/atlasgeoculturalafricaatual.com\/index.php\/wp-json\/wp\/v2\/comments?post=1133"}],"version-history":[{"count":0,"href":"https:\/\/atlasgeoculturalafricaatual.com\/index.php\/wp-json\/wp\/v2\/posts\/1133\/revisions"}],"wp:featuredmedia":[{"embeddable":true,"href":"https:\/\/atlasgeoculturalafricaatual.com\/index.php\/wp-json\/wp\/v2\/media\/1134"}],"wp:attachment":[{"href":"https:\/\/atlasgeoculturalafricaatual.com\/index.php\/wp-json\/wp\/v2\/media?parent=1133"}],"wp:term":[{"taxonomy":"category","embeddable":true,"href":"https:\/\/atlasgeoculturalafricaatual.com\/index.php\/wp-json\/wp\/v2\/categories?post=1133"},{"taxonomy":"post_tag","embeddable":true,"href":"https:\/\/atlasgeoculturalafricaatual.com\/index.php\/wp-json\/wp\/v2\/tags?post=1133"},{"taxonomy":"palavra-chave","embeddable":true,"href":"https:\/\/atlasgeoculturalafricaatual.com\/index.php\/wp-json\/wp\/v2\/palavra-chave?post=1133"}],"curies":[{"name":"wp","href":"https:\/\/api.w.org\/{rel}","templated":true}]}}