{"id":1100,"date":"2020-06-12T10:03:41","date_gmt":"2020-06-12T13:03:41","guid":{"rendered":"https:\/\/atlasgeoculturalafricaatual.com\/index.php\/2020\/06\/12\/contribuicoes-africanas-para-a-educacao\/"},"modified":"2020-06-12T10:03:41","modified_gmt":"2020-06-12T13:03:41","slug":"contribuicoes-africanas-para-a-educacao","status":"publish","type":"post","link":"https:\/\/atlasgeoculturalafricaatual.com\/index.php\/2020\/06\/12\/contribuicoes-africanas-para-a-educacao\/","title":{"rendered":"Contribui\u00e7\u00f5es Africanas para a Educa\u00e7\u00e3o"},"content":{"rendered":"\t\t<div data-elementor-type=\"wp-post\" data-elementor-id=\"1100\" class=\"elementor elementor-1100\">\n\t\t\t\t\t\t\t\t\t<section class=\"elementor-section elementor-top-section elementor-element elementor-element-03f8a0f elementor-section-boxed elementor-section-height-default elementor-section-height-default\" data-id=\"03f8a0f\" data-element_type=\"section\">\n\t\t\t\t\t\t<div class=\"elementor-container elementor-column-gap-default\">\n\t\t\t\t\t<div class=\"elementor-column elementor-col-100 elementor-top-column elementor-element elementor-element-64da572\" data-id=\"64da572\" data-element_type=\"column\">\n\t\t\t<div class=\"elementor-widget-wrap elementor-element-populated\">\n\t\t\t\t\t\t\t\t<div class=\"elementor-element elementor-element-b448c1a elementor-widget elementor-widget-text-editor\" data-id=\"b448c1a\" data-element_type=\"widget\" data-widget_type=\"text-editor.default\">\n\t\t\t\t<div class=\"elementor-widget-container\">\n\t\t\t<style>\/*! elementor - v3.15.0 - 02-08-2023 *\/\n.elementor-widget-text-editor.elementor-drop-cap-view-stacked .elementor-drop-cap{background-color:#69727d;color:#fff}.elementor-widget-text-editor.elementor-drop-cap-view-framed .elementor-drop-cap{color:#69727d;border:3px solid;background-color:transparent}.elementor-widget-text-editor:not(.elementor-drop-cap-view-default) .elementor-drop-cap{margin-top:8px}.elementor-widget-text-editor:not(.elementor-drop-cap-view-default) .elementor-drop-cap-letter{width:1em;height:1em}.elementor-widget-text-editor .elementor-drop-cap{float:left;text-align:center;line-height:1;font-size:50px}.elementor-widget-text-editor .elementor-drop-cap-letter{display:inline-block}<\/style>\t\t\t\t<div dir=\"auto\">Convite<\/div><div dir=\"auto\">I Jornada Online de Educa\u00e7\u00e3o do DEDUC &#8211; UFRN.<\/div><div dir=\"auto\">Participe em Mesa Redonda. Ter\u00e7a-feira, 15hs.<\/div><div dir=\"auto\">Contribui\u00e7\u00f5es Africanas para a Educa\u00e7\u00e3o.<\/div><div dir=\"auto\">link <a class=\"oajrlxb2 g5ia77u1 qu0x051f esr5mh6w e9989ue4 r7d6kgcz rq0escxv nhd2j8a9 nc684nl6 p7hjln8o kvgmc6g5 cxmmr5t8 oygrvhab hcukyx3x jb3vyjys rz4wbd8a qt6c0cv9 a8nywdso i1ao9s8h esuyzwwr f1sip0of lzcic4wl py34i1dx gpro0wi8\" tabindex=\"0\" role=\"link\" href=\"httpsss:\/\/l.facebook.com\/l.php?u=httpsss%3A%2F%2Fyoutu.be%2FrhUO5YPOa9g%3Ffbclid%3DIwAR0a_Pkyz8f9a8mUq09J6_L47-LsoUUjLcjxdI6Nnnz1Xas3B46XLkWeUhU&amp;h=AT3VpT1mlepbQgqMnfiMHBZUlh7uST-qo0mlHEAdBMbPCKfvnNSNMb2FZpZsQxzik9OZ9jf2itw00i-YlbNwcMRJFT9afFhD83xdxE0r6CEVZalAu0w-O5wojgKcYxhQ4Bl16J2HkAJ4vaHrjFD4&amp;__tn__=-UK-R&amp;c[0]=AT0CMDq6AtxfWfW1q_5uOM4Q7KxuYU7nq2XEC2WAGhikiV9rP4ZKfzsQM03yhbbkLGehCN-GuxnAkSZN1DoUkG3LGu-u3d6a3aJkUuJbd-1R6Y9GlooWKA0qWI8tyiXRZ4vhmFnUMROyjV19RgskkorsTjvzaQ\" target=\"_blank\" rel=\"nofollow noopener\">httpsss:\/\/youtu.be\/rhUO5YPOa9g<\/a><\/div>\t\t\t\t\t\t<\/div>\n\t\t\t\t<\/div>\n\t\t\t\t\t<\/div>\n\t\t<\/div>\n\t\t\t\t\t\t\t<\/div>\n\t\t<\/section>\n\t\t\t\t<section class=\"elementor-section elementor-top-section elementor-element elementor-element-ddd503b elementor-section-boxed elementor-section-height-default elementor-section-height-default\" data-id=\"ddd503b\" data-element_type=\"section\">\n\t\t\t\t\t\t<div class=\"elementor-container elementor-column-gap-default\">\n\t\t\t\t\t<div class=\"elementor-column elementor-col-100 elementor-top-column elementor-element elementor-element-85368f5\" data-id=\"85368f5\" data-element_type=\"column\">\n\t\t\t<div class=\"elementor-widget-wrap elementor-element-populated\">\n\t\t\t\t\t\t\t\t<div class=\"elementor-element elementor-element-6c32546 elementor-widget elementor-widget-text-editor\" data-id=\"6c32546\" data-element_type=\"widget\" data-widget_type=\"text-editor.default\">\n\t\t\t\t<div class=\"elementor-widget-container\">\n\t\t\t\t\t\t\t<p>\u00a0O Departamento de Educa\u00e7\u00e3o &#8211; DEDUC, do Centro de Ensino Superior do Serid\u00f3-CERES, institu\u00eddo pela Resolu\u00e7\u00e3o de n\u00ba 005\/2008-CONSUNI, de 29 de agosto de 2008, \u00e9 respons\u00e1vel pelas atividades de ensino, pesquisa e extens\u00e3o, ligadas ao Curso de Pedagogia, bem como, aquelas atividades que envolvem os demais cursos do Centro, particularmente no que diz respeito \u00e0 oferta de disciplinas pedag\u00f3gicas e\/ou espec\u00edficas, relativas \u00e0s licenciaturas. Desde a cria\u00e7\u00e3o do DEDUC milhares de alunos receberam uma forma\u00e7\u00e3o humana e de qualidade. Nosso corpo docente conta com pesquisadores que se precupam em estar constantemente em processo de forma\u00e7\u00e3o e apredizagem. E isso \u00e9 refletido nas pesquisas realizadas que englobam diversas \u00e1reas do conhecimento. Conhe\u00e7a mais as nossas linhas de pesquisa!<\/p><p>fonte: <a href=\"httpsss:\/\/sigaa.ufrn.br\/sigaa\/public\/departamento\/portal.jsf?id=4880\">httpsss:\/\/sigaa.ufrn.br\/sigaa\/public\/departamento\/portal.jsf?id=4880<\/a><\/p>\t\t\t\t\t\t<\/div>\n\t\t\t\t<\/div>\n\t\t\t\t\t<\/div>\n\t\t<\/div>\n\t\t\t\t\t\t\t<\/div>\n\t\t<\/section>\n\t\t\t\t\t\t\t<\/div>\n\t\t","protected":false},"excerpt":{"rendered":"<p>ConviteI Jornada Online de Educa\u00e7\u00e3o do DEDUC &#8211; UFRN.Participe em Mesa Redonda. Ter\u00e7a-feira, 15hs.Contribui\u00e7\u00f5es Africanas para a Educa\u00e7\u00e3o.link httpsss:\/\/youtu.be\/rhUO5YPOa9g &nbsp;O Departamento de Educa\u00e7\u00e3o &#8211; DEDUC, do Centro de Ensino Superior [&hellip;]<\/p>\n","protected":false},"author":1,"featured_media":1101,"comment_status":"open","ping_status":"open","sticky":false,"template":"","format":"standard","meta":{"content-type":"","footnotes":""},"categories":[48],"tags":[],"palavra-chave":[],"class_list":["post-1100","post","type-post","status-publish","format-standard","has-post-thumbnail","hentry","category-sem-categoria","entry","has-media"],"aioseo_notices":[],"yoast_head":"<!-- This site is optimized with the Yoast SEO plugin v20.13 - https:\/\/yoast.com\/wordpress\/plugins\/seo\/ -->\n<title>Contribui\u00e7\u00f5es Africanas para a Educa\u00e7\u00e3o - atlasgeoculturalafricaatual.com<\/title>\n<meta name=\"robots\" content=\"index, follow, max-snippet:-1, max-image-preview:large, max-video-preview:-1\" \/>\n<link rel=\"canonical\" href=\"https:\/\/atlasgeoculturalafricaatual.com\/index.php\/2020\/06\/12\/contribuicoes-africanas-para-a-educacao\/\" \/>\n<meta property=\"og:locale\" content=\"pt_BR\" \/>\n<meta property=\"og:type\" content=\"article\" \/>\n<meta property=\"og:title\" content=\"Contribui\u00e7\u00f5es Africanas para a Educa\u00e7\u00e3o - atlasgeoculturalafricaatual.com\" \/>\n<meta property=\"og:description\" content=\"ConviteI Jornada Online de Educa\u00e7\u00e3o do DEDUC &#8211; UFRN.Participe em Mesa Redonda. Ter\u00e7a-feira, 15hs.Contribui\u00e7\u00f5es Africanas para a Educa\u00e7\u00e3o.link httpsss:\/\/youtu.be\/rhUO5YPOa9g &nbsp;O Departamento de Educa\u00e7\u00e3o &#8211; DEDUC, do Centro de Ensino Superior [&hellip;]\" \/>\n<meta property=\"og:url\" content=\"https:\/\/atlasgeoculturalafricaatual.com\/index.php\/2020\/06\/12\/contribuicoes-africanas-para-a-educacao\/\" \/>\n<meta property=\"og:site_name\" content=\"atlasgeoculturalafricaatual.com\" \/>\n<meta property=\"article:published_time\" content=\"2020-06-12T13:03:41+00:00\" \/>\n<meta name=\"author\" content=\"atlasgeoculturalafricaatual.com\" \/>\n<meta name=\"twitter:card\" content=\"summary_large_image\" \/>\n<meta name=\"twitter:label1\" content=\"Escrito por\" \/>\n\t<meta name=\"twitter:data1\" content=\"atlasgeoculturalafricaatual.com\" \/>\n\t<meta name=\"twitter:label2\" content=\"Est. tempo de leitura\" \/>\n\t<meta name=\"twitter:data2\" content=\"1 minuto\" \/>\n<script type=\"application\/ld+json\" class=\"yoast-schema-graph\">{\"@context\":\"https:\/\/schema.org\",\"@graph\":[{\"@type\":\"Article\",\"@id\":\"https:\/\/atlasgeoculturalafricaatual.com\/index.php\/2020\/06\/12\/contribuicoes-africanas-para-a-educacao\/#article\",\"isPartOf\":{\"@id\":\"https:\/\/atlasgeoculturalafricaatual.com\/index.php\/2020\/06\/12\/contribuicoes-africanas-para-a-educacao\/\"},\"author\":{\"name\":\"atlasgeoculturalafricaatual.com\",\"@id\":\"https:\/\/atlasgeoculturalafricaatual.com\/#\/schema\/person\/eeee269288097965a8c6f963043e4062\"},\"headline\":\"Contribui\u00e7\u00f5es Africanas para a Educa\u00e7\u00e3o\",\"datePublished\":\"2020-06-12T13:03:41+00:00\",\"dateModified\":\"2020-06-12T13:03:41+00:00\",\"mainEntityOfPage\":{\"@id\":\"https:\/\/atlasgeoculturalafricaatual.com\/index.php\/2020\/06\/12\/contribuicoes-africanas-para-a-educacao\/\"},\"wordCount\":176,\"commentCount\":1,\"publisher\":{\"@id\":\"https:\/\/atlasgeoculturalafricaatual.com\/#organization\"},\"articleSection\":[\"A Africa\"],\"inLanguage\":\"pt-BR\",\"potentialAction\":[{\"@type\":\"CommentAction\",\"name\":\"Comment\",\"target\":[\"https:\/\/atlasgeoculturalafricaatual.com\/index.php\/2020\/06\/12\/contribuicoes-africanas-para-a-educacao\/#respond\"]}]},{\"@type\":\"WebPage\",\"@id\":\"https:\/\/atlasgeoculturalafricaatual.com\/index.php\/2020\/06\/12\/contribuicoes-africanas-para-a-educacao\/\",\"url\":\"https:\/\/atlasgeoculturalafricaatual.com\/index.php\/2020\/06\/12\/contribuicoes-africanas-para-a-educacao\/\",\"name\":\"Contribui\u00e7\u00f5es Africanas para a Educa\u00e7\u00e3o - atlasgeoculturalafricaatual.com\",\"isPartOf\":{\"@id\":\"https:\/\/atlasgeoculturalafricaatual.com\/#website\"},\"datePublished\":\"2020-06-12T13:03:41+00:00\",\"dateModified\":\"2020-06-12T13:03:41+00:00\",\"breadcrumb\":{\"@id\":\"https:\/\/atlasgeoculturalafricaatual.com\/index.php\/2020\/06\/12\/contribuicoes-africanas-para-a-educacao\/#breadcrumb\"},\"inLanguage\":\"pt-BR\",\"potentialAction\":[{\"@type\":\"ReadAction\",\"target\":[\"https:\/\/atlasgeoculturalafricaatual.com\/index.php\/2020\/06\/12\/contribuicoes-africanas-para-a-educacao\/\"]}]},{\"@type\":\"BreadcrumbList\",\"@id\":\"https:\/\/atlasgeoculturalafricaatual.com\/index.php\/2020\/06\/12\/contribuicoes-africanas-para-a-educacao\/#breadcrumb\",\"itemListElement\":[{\"@type\":\"ListItem\",\"position\":1,\"name\":\"In\u00edcio\",\"item\":\"https:\/\/atlasgeoculturalafricaatual.com\/\"},{\"@type\":\"ListItem\",\"position\":2,\"name\":\"Contribui\u00e7\u00f5es Africanas para a Educa\u00e7\u00e3o\"}]},{\"@type\":\"WebSite\",\"@id\":\"https:\/\/atlasgeoculturalafricaatual.com\/#website\",\"url\":\"https:\/\/atlasgeoculturalafricaatual.com\/\",\"name\":\"atlasgeoculturalafricaatual.com\",\"description\":\"O Atlas Geocultural da \u00c1frica \u00e9 um rico material de leitura e pesquisa, que visa apresentar de forma atual os pa\u00edses africanos, ainda t\u00e3o pouco conhecidos.\",\"publisher\":{\"@id\":\"https:\/\/atlasgeoculturalafricaatual.com\/#organization\"},\"potentialAction\":[{\"@type\":\"SearchAction\",\"target\":{\"@type\":\"EntryPoint\",\"urlTemplate\":\"https:\/\/atlasgeoculturalafricaatual.com\/?s={search_term_string}\"},\"query-input\":\"required name=search_term_string\"}],\"inLanguage\":\"pt-BR\"},{\"@type\":\"Organization\",\"@id\":\"https:\/\/atlasgeoculturalafricaatual.com\/#organization\",\"name\":\"atlasgeoculturalafricaatual.com\",\"url\":\"https:\/\/atlasgeoculturalafricaatual.com\/\",\"logo\":{\"@type\":\"ImageObject\",\"inLanguage\":\"pt-BR\",\"@id\":\"https:\/\/atlasgeoculturalafricaatual.com\/#\/schema\/logo\/image\/\",\"url\":\"http:\/\/atlasgeoculturalafricaatual.com\/wp-content\/uploads\/2023\/06\/LOGOEIROS_Prancheta-1-tipo-preto.png\",\"contentUrl\":\"http:\/\/atlasgeoculturalafricaatual.com\/wp-content\/uploads\/2023\/06\/LOGOEIROS_Prancheta-1-tipo-preto.png\",\"width\":1667,\"height\":730,\"caption\":\"atlasgeoculturalafricaatual.com\"},\"image\":{\"@id\":\"https:\/\/atlasgeoculturalafricaatual.com\/#\/schema\/logo\/image\/\"}},{\"@type\":\"Person\",\"@id\":\"https:\/\/atlasgeoculturalafricaatual.com\/#\/schema\/person\/eeee269288097965a8c6f963043e4062\",\"name\":\"atlasgeoculturalafricaatual.com\",\"image\":{\"@type\":\"ImageObject\",\"inLanguage\":\"pt-BR\",\"@id\":\"https:\/\/atlasgeoculturalafricaatual.com\/#\/schema\/person\/image\/\",\"url\":\"https:\/\/secure.gravatar.com\/avatar\/7af55f21031d350b316a54060d50821f?s=96&d=mm&r=g\",\"contentUrl\":\"https:\/\/secure.gravatar.com\/avatar\/7af55f21031d350b316a54060d50821f?s=96&d=mm&r=g\",\"caption\":\"atlasgeoculturalafricaatual.com\"},\"sameAs\":[\"http:\/\/atlasgeoculturalafricaatual.com\"],\"url\":\"https:\/\/atlasgeoculturalafricaatual.com\/index.php\/author\/atlasgeoculturalafricaatual-com\/\"}]}<\/script>\n<!-- \/ Yoast SEO plugin. -->","yoast_head_json":{"title":"Contribui\u00e7\u00f5es Africanas para a Educa\u00e7\u00e3o - atlasgeoculturalafricaatual.com","robots":{"index":"index","follow":"follow","max-snippet":"max-snippet:-1","max-image-preview":"max-image-preview:large","max-video-preview":"max-video-preview:-1"},"canonical":"https:\/\/atlasgeoculturalafricaatual.com\/index.php\/2020\/06\/12\/contribuicoes-africanas-para-a-educacao\/","og_locale":"pt_BR","og_type":"article","og_title":"Contribui\u00e7\u00f5es Africanas para a Educa\u00e7\u00e3o - atlasgeoculturalafricaatual.com","og_description":"ConviteI Jornada Online de Educa\u00e7\u00e3o do DEDUC &#8211; UFRN.Participe em Mesa Redonda. Ter\u00e7a-feira, 15hs.Contribui\u00e7\u00f5es Africanas para a Educa\u00e7\u00e3o.link httpsss:\/\/youtu.be\/rhUO5YPOa9g &nbsp;O Departamento de Educa\u00e7\u00e3o &#8211; DEDUC, do Centro de Ensino Superior [&hellip;]","og_url":"https:\/\/atlasgeoculturalafricaatual.com\/index.php\/2020\/06\/12\/contribuicoes-africanas-para-a-educacao\/","og_site_name":"atlasgeoculturalafricaatual.com","article_published_time":"2020-06-12T13:03:41+00:00","author":"atlasgeoculturalafricaatual.com","twitter_card":"summary_large_image","twitter_misc":{"Escrito por":"atlasgeoculturalafricaatual.com","Est. tempo de leitura":"1 minuto"},"schema":{"@context":"https:\/\/schema.org","@graph":[{"@type":"Article","@id":"https:\/\/atlasgeoculturalafricaatual.com\/index.php\/2020\/06\/12\/contribuicoes-africanas-para-a-educacao\/#article","isPartOf":{"@id":"https:\/\/atlasgeoculturalafricaatual.com\/index.php\/2020\/06\/12\/contribuicoes-africanas-para-a-educacao\/"},"author":{"name":"atlasgeoculturalafricaatual.com","@id":"https:\/\/atlasgeoculturalafricaatual.com\/#\/schema\/person\/eeee269288097965a8c6f963043e4062"},"headline":"Contribui\u00e7\u00f5es Africanas para a Educa\u00e7\u00e3o","datePublished":"2020-06-12T13:03:41+00:00","dateModified":"2020-06-12T13:03:41+00:00","mainEntityOfPage":{"@id":"https:\/\/atlasgeoculturalafricaatual.com\/index.php\/2020\/06\/12\/contribuicoes-africanas-para-a-educacao\/"},"wordCount":176,"commentCount":1,"publisher":{"@id":"https:\/\/atlasgeoculturalafricaatual.com\/#organization"},"articleSection":["A Africa"],"inLanguage":"pt-BR","potentialAction":[{"@type":"CommentAction","name":"Comment","target":["https:\/\/atlasgeoculturalafricaatual.com\/index.php\/2020\/06\/12\/contribuicoes-africanas-para-a-educacao\/#respond"]}]},{"@type":"WebPage","@id":"https:\/\/atlasgeoculturalafricaatual.com\/index.php\/2020\/06\/12\/contribuicoes-africanas-para-a-educacao\/","url":"https:\/\/atlasgeoculturalafricaatual.com\/index.php\/2020\/06\/12\/contribuicoes-africanas-para-a-educacao\/","name":"Contribui\u00e7\u00f5es Africanas para a Educa\u00e7\u00e3o - atlasgeoculturalafricaatual.com","isPartOf":{"@id":"https:\/\/atlasgeoculturalafricaatual.com\/#website"},"datePublished":"2020-06-12T13:03:41+00:00","dateModified":"2020-06-12T13:03:41+00:00","breadcrumb":{"@id":"https:\/\/atlasgeoculturalafricaatual.com\/index.php\/2020\/06\/12\/contribuicoes-africanas-para-a-educacao\/#breadcrumb"},"inLanguage":"pt-BR","potentialAction":[{"@type":"ReadAction","target":["https:\/\/atlasgeoculturalafricaatual.com\/index.php\/2020\/06\/12\/contribuicoes-africanas-para-a-educacao\/"]}]},{"@type":"BreadcrumbList","@id":"https:\/\/atlasgeoculturalafricaatual.com\/index.php\/2020\/06\/12\/contribuicoes-africanas-para-a-educacao\/#breadcrumb","itemListElement":[{"@type":"ListItem","position":1,"name":"In\u00edcio","item":"https:\/\/atlasgeoculturalafricaatual.com\/"},{"@type":"ListItem","position":2,"name":"Contribui\u00e7\u00f5es Africanas para a Educa\u00e7\u00e3o"}]},{"@type":"WebSite","@id":"https:\/\/atlasgeoculturalafricaatual.com\/#website","url":"https:\/\/atlasgeoculturalafricaatual.com\/","name":"atlasgeoculturalafricaatual.com","description":"O Atlas Geocultural da \u00c1frica \u00e9 um rico material de leitura e pesquisa, que visa apresentar de forma atual os pa\u00edses africanos, ainda t\u00e3o pouco conhecidos.","publisher":{"@id":"https:\/\/atlasgeoculturalafricaatual.com\/#organization"},"potentialAction":[{"@type":"SearchAction","target":{"@type":"EntryPoint","urlTemplate":"https:\/\/atlasgeoculturalafricaatual.com\/?s={search_term_string}"},"query-input":"required name=search_term_string"}],"inLanguage":"pt-BR"},{"@type":"Organization","@id":"https:\/\/atlasgeoculturalafricaatual.com\/#organization","name":"atlasgeoculturalafricaatual.com","url":"https:\/\/atlasgeoculturalafricaatual.com\/","logo":{"@type":"ImageObject","inLanguage":"pt-BR","@id":"https:\/\/atlasgeoculturalafricaatual.com\/#\/schema\/logo\/image\/","url":"http:\/\/atlasgeoculturalafricaatual.com\/wp-content\/uploads\/2023\/06\/LOGOEIROS_Prancheta-1-tipo-preto.png","contentUrl":"http:\/\/atlasgeoculturalafricaatual.com\/wp-content\/uploads\/2023\/06\/LOGOEIROS_Prancheta-1-tipo-preto.png","width":1667,"height":730,"caption":"atlasgeoculturalafricaatual.com"},"image":{"@id":"https:\/\/atlasgeoculturalafricaatual.com\/#\/schema\/logo\/image\/"}},{"@type":"Person","@id":"https:\/\/atlasgeoculturalafricaatual.com\/#\/schema\/person\/eeee269288097965a8c6f963043e4062","name":"atlasgeoculturalafricaatual.com","image":{"@type":"ImageObject","inLanguage":"pt-BR","@id":"https:\/\/atlasgeoculturalafricaatual.com\/#\/schema\/person\/image\/","url":"https:\/\/secure.gravatar.com\/avatar\/7af55f21031d350b316a54060d50821f?s=96&d=mm&r=g","contentUrl":"https:\/\/secure.gravatar.com\/avatar\/7af55f21031d350b316a54060d50821f?s=96&d=mm&r=g","caption":"atlasgeoculturalafricaatual.com"},"sameAs":["http:\/\/atlasgeoculturalafricaatual.com"],"url":"https:\/\/atlasgeoculturalafricaatual.com\/index.php\/author\/atlasgeoculturalafricaatual-com\/"}]}},"_links":{"self":[{"href":"https:\/\/atlasgeoculturalafricaatual.com\/index.php\/wp-json\/wp\/v2\/posts\/1100","targetHints":{"allow":["GET"]}}],"collection":[{"href":"https:\/\/atlasgeoculturalafricaatual.com\/index.php\/wp-json\/wp\/v2\/posts"}],"about":[{"href":"https:\/\/atlasgeoculturalafricaatual.com\/index.php\/wp-json\/wp\/v2\/types\/post"}],"author":[{"embeddable":true,"href":"https:\/\/atlasgeoculturalafricaatual.com\/index.php\/wp-json\/wp\/v2\/users\/1"}],"replies":[{"embeddable":true,"href":"https:\/\/atlasgeoculturalafricaatual.com\/index.php\/wp-json\/wp\/v2\/comments?post=1100"}],"version-history":[{"count":0,"href":"https:\/\/atlasgeoculturalafricaatual.com\/index.php\/wp-json\/wp\/v2\/posts\/1100\/revisions"}],"wp:featuredmedia":[{"embeddable":true,"href":"https:\/\/atlasgeoculturalafricaatual.com\/index.php\/wp-json\/wp\/v2\/media\/1101"}],"wp:attachment":[{"href":"https:\/\/atlasgeoculturalafricaatual.com\/index.php\/wp-json\/wp\/v2\/media?parent=1100"}],"wp:term":[{"taxonomy":"category","embeddable":true,"href":"https:\/\/atlasgeoculturalafricaatual.com\/index.php\/wp-json\/wp\/v2\/categories?post=1100"},{"taxonomy":"post_tag","embeddable":true,"href":"https:\/\/atlasgeoculturalafricaatual.com\/index.php\/wp-json\/wp\/v2\/tags?post=1100"},{"taxonomy":"palavra-chave","embeddable":true,"href":"https:\/\/atlasgeoculturalafricaatual.com\/index.php\/wp-json\/wp\/v2\/palavra-chave?post=1100"}],"curies":[{"name":"wp","href":"https:\/\/api.w.org\/{rel}","templated":true}]}}